{"id":34483,"date":"2025-04-02T13:38:37","date_gmt":"2025-04-02T16:38:37","guid":{"rendered":"https:\/\/jornaltimoneiro.com.br\/?p=34483"},"modified":"2025-04-02T13:38:37","modified_gmt":"2025-04-02T16:38:37","slug":"defesa-civil-e-orgaos-estaduais-atuam-na-preparacao-e-resposta-aos-temporais-no-rs","status":"publish","type":"post","link":"https:\/\/jornaltimoneiro.com.br\/index.php\/2025\/04\/02\/defesa-civil-e-orgaos-estaduais-atuam-na-preparacao-e-resposta-aos-temporais-no-rs\/","title":{"rendered":"Defesa Civil e \u00f3rg\u00e3os estaduais atuam na prepara\u00e7\u00e3o e resposta aos temporais no RS"},"content":{"rendered":"<p>Diante dos eventos meteorol\u00f3gicos que atingiram diversas regi\u00f5es do Estado na segunda-feira, 31, o Governo do Rio Grande do Sul est\u00e1 atuando com prioridade em garantir a seguran\u00e7a da popula\u00e7\u00e3o. Desde o s\u00e1bado, 29, a Defesa Civil emitiu avisos para os munic\u00edpios potencialmente afetados, intensificando os comunicados at\u00e9 a segunda, e as for\u00e7as de seguran\u00e7a estavam mobilizadas.<\/p>\n<p>Com o temporal que atingiu diversas regi\u00f5es do Estado, e com impacto significativo na regi\u00e3o metropolitana de Porto Alegre, a Secretaria de Seguran\u00e7a P\u00fablica (SSP) mobilizou mais de 570 policiais militares.<\/p>\n<p>Os \u00f3rg\u00e3os integrantes do Conselho Estadual de Prote\u00e7\u00e3o e Defesa Civil tamb\u00e9m foram acionados, e receberam informa\u00e7\u00f5es preliminares para que mantivessem em prontid\u00e3o suas equipes nas \u00e1reas da sa\u00fade e do fornecimento de energia el\u00e9trica e \u00e1gua, al\u00e9m de outras \u00e1reas essenciais.<\/p>\n<p>No domingo , 30, os avisos da Defesa Civil classificaram diversas regi\u00f5es em status de alerta (laranja) \u2013 incluindo Oeste, Miss\u00f5es, Norte, Noroeste, Serra, Regi\u00e3o Metropolitana de Porto Alegre (RMPOA), Vales, Litoral Norte e partes do Centro e da Campanha. O restante do Estado permaneceu sob status de aten\u00e7\u00e3o (amarelo).<\/p>\n<h4>Previs\u00f5es<\/h4>\n<p>As previs\u00f5es indicavam a passagem de uma frente fria, com possibilidade de temporais e chuvas intensas, acompanhadas de rajadas de vento que poderiam atingir 80 km\/h.\u00a0De acordo com o Centro Nacional de Monitoramento e Alertas de Desastres Naturais (Cemaden), Porto Alegre registrou o maior volume de chuvas, com 60,4 mm.<\/p>\n<p>Em Soledade, segundo o Instituto Nacional de Meteorologia (Inmet), o acumulado foi de 48,2 mm. As cidades de Tr\u00eas de Maio e Cerro Largo registraram 47 mm cada, conforme dados da Ag\u00eancia Nacional de \u00c1guas (ANA).<\/p>\n<p>A capital do Estado tamb\u00e9m apresentou as maiores rajadas de vento, chegando a 111 km\/h. Em Canoas, na Regi\u00e3o Metropolitana, os ventos alcan\u00e7aram 100 km\/h, segundo a Rede de Meteorologia do Comando da Aeron\u00e1utica (Redemet).<\/p>\n<h4>Orienta\u00e7\u00f5es \u00e0 popula\u00e7\u00e3o<\/h4>\n<p>Para minimizar os impactos dos temporais, a Defesa Civil divulgou orienta\u00e7\u00f5es essenciais, como buscar locais seguros e evitar o uso de equipamentos eletroeletr\u00f4nicos durante as tempestades. Ao longo da segunda-feira, alertas continuaram sendo enviados a moradores cadastrados no servi\u00e7o de avisos da Defesa Civil, especialmente \u00e0queles das \u00e1reas com risco identificado. Para receber os alertas, basta enviar o CEP da resid\u00eancia para o n\u00famero 40199, de forma gratuita.<\/p>\n<p>Al\u00e9m dos avisos meteorol\u00f3gicos, tamb\u00e9m foram emitidos alertas de riscos hidrol\u00f3gicos, informando sobre a possibilidade de alagamentos em zonas urbanas e o r\u00e1pido aumento do n\u00edvel de rios, arroios e c\u00f3rregos. A Defesa Civil refor\u00e7ou a recomenda\u00e7\u00e3o para que a popula\u00e7\u00e3o evite atravessar \u00e1reas inundadas, tanto a p\u00e9 quanto de carro.<\/p>\n<p>At\u00e9 o momento, dez munic\u00edpios relataram danos e ocorr\u00eancias, principalmente destelhamentos de resid\u00eancias e pr\u00e9dios p\u00fablicos, al\u00e9m da queda de \u00e1rvores. Os coordenadores regionais da Defesa Civil est\u00e3o oferecendo suporte constante aos munic\u00edpios afetados, seja no diagn\u00f3stico dos locais afetados ou na entrega de ajuda humanit\u00e1ria.<\/p>\n<p>Equipes estiveram hoje em alguns munic\u00edpios, como em Eldorado do Sul, onde foram prestar apoio no levantamento dos danos com o emprego de drones.<\/p>\n<p>Para auxiliar no atendimento das ocorr\u00eancias, a SSP mobilizou efetivos da Brigada Militar e do Corpo de Bombeiros Militar. Em Porto Alegre, 570 policiais militares atenderam a 456 chamados, atuando na gest\u00e3o do tr\u00e2nsito e no patrulhamento de \u00e1reas afetadas.<\/p>\n<p>A Brigada Militar deu apoio \u00e0 gest\u00e3o do tr\u00e2nsito, com equipes posicionadas em v\u00e1rios pontos estrat\u00e9gicos para garantir a seguran\u00e7a de ve\u00edculos e pedestres. Al\u00e9m disso, foi realizado patrulhamento nas imedia\u00e7\u00f5es de esta\u00e7\u00f5es da Trensurb e em paradas de \u00f4nibus.<\/p>\n<p>O Corpo de Bombeiros Militar prestou assist\u00eancia em dez munic\u00edpios, realizado sete salvamentos de pessoas (cinco em Porto Alegre e duas em Viam\u00e3o), cortando 27 \u00e1rvores para desobstruir vias e fios el\u00e9tricos (15 em Porto Alegre), vistoriando riscos estruturais e distribuindo lonas para cobertura de edifica\u00e7\u00f5es destelhadas.<\/p>\n<p>Durante a noite de segunda e a madrugada da ter\u00e7a-feira , 1\u00ba, a Pol\u00edcia Civil refor\u00e7ou a seguran\u00e7a em bairros sem fornecimento de energia el\u00e9trica. O patrulhamento se estendeu por toda a cidade com o objetivo de prevenir delitos, com foco na redu\u00e7\u00e3o de roubos e furtos em um cen\u00e1rio de emerg\u00eancia.<\/p>\n","protected":false},"excerpt":{"rendered":"<p>Diante dos eventos meteorol\u00f3gicos que atingiram diversas regi\u00f5es do Estado na segunda-feira, 31, o Governo do Rio Grande do Sul est\u00e1 atuando com prioridade em garantir a seguran\u00e7a da popula\u00e7\u00e3o. Desde o s\u00e1bado, 29, a Defesa Civil emitiu avisos para os munic\u00edpios potencialmente afetados, intensificando os comunicados at\u00e9 a segunda, e as for\u00e7as de seguran\u00e7a [&hellip;]<\/p>\n","protected":false},"author":2,"featured_media":34484,"comment_status":"open","ping_status":"open","sticky":false,"template":"","format":"standard","meta":{"amp_status":"","footnotes":""},"categories":[2193],"tags":[389,1350,213],"class_list":["post-34483","post","type-post","status-publish","format-standard","has-post-thumbnail","hentry","category-clima","tag-defesa-civil","tag-prevencao","tag-rio-grande-do-sul"],"yoast_head":"<!-- This site is optimized with the Yoast SEO plugin v20.5 - https:\/\/yoast.com\/wordpress\/plugins\/seo\/ -->\n<title>Defesa Civil e \u00f3rg\u00e3os estaduais atuam na prepara\u00e7\u00e3o e resposta aos temporais no RS - O Timoneiro Jornal Canoas RS<\/title>\n<meta name=\"description\" content=\"Diante dos eventos meteorol\u00f3gicos que atingiram o Estado, o Governo do Rio Grande do Sul est\u00e1 atuando com prioridade em garantir a seguran\u00e7a\" \/>\n<meta name=\"robots\" content=\"index, follow, max-snippet:-1, max-image-preview:large, max-video-preview:-1\" \/>\n<link rel=\"canonical\" href=\"https:\/\/jornaltimoneiro.com.br\/index.php\/2025\/04\/02\/defesa-civil-e-orgaos-estaduais-atuam-na-preparacao-e-resposta-aos-temporais-no-rs\/\" \/>\n<meta property=\"og:locale\" content=\"pt_BR\" \/>\n<meta property=\"og:type\" content=\"article\" \/>\n<meta property=\"og:title\" content=\"Defesa Civil e \u00f3rg\u00e3os estaduais atuam na prepara\u00e7\u00e3o e resposta aos temporais no RS - O Timoneiro Jornal Canoas RS\" \/>\n<meta property=\"og:description\" content=\"Diante dos eventos meteorol\u00f3gicos que atingiram o Estado, o Governo do Rio Grande do Sul est\u00e1 atuando com prioridade em garantir a seguran\u00e7a\" \/>\n<meta property=\"og:url\" content=\"https:\/\/jornaltimoneiro.com.br\/index.php\/2025\/04\/02\/defesa-civil-e-orgaos-estaduais-atuam-na-preparacao-e-resposta-aos-temporais-no-rs\/\" \/>\n<meta property=\"og:site_name\" content=\"O Timoneiro Jornal Canoas RS\" \/>\n<meta property=\"article:publisher\" content=\"https:\/\/www.facebook.com\/jornaltimoneiro\" \/>\n<meta property=\"article:published_time\" content=\"2025-04-02T16:38:37+00:00\" \/>\n<meta property=\"og:image\" content=\"https:\/\/jornaltimoneiro.com.br\/wp-content\/uploads\/2025\/04\/WhatsApp-Image-2025-04-02-at-13.37.53.jpeg\" \/>\n\t<meta property=\"og:image:width\" content=\"800\" \/>\n\t<meta property=\"og:image:height\" content=\"450\" \/>\n\t<meta property=\"og:image:type\" content=\"image\/jpeg\" \/>\n<meta name=\"author\" content=\"Reda\u00e7\u00e3o\" \/>\n<meta name=\"twitter:card\" content=\"summary_large_image\" \/>\n<meta name=\"twitter:creator\" content=\"@_OTimoneiro\" \/>\n<meta name=\"twitter:site\" content=\"@_OTimoneiro\" \/>\n<meta name=\"twitter:label1\" content=\"Escrito por\" \/>\n\t<meta name=\"twitter:data1\" content=\"Reda\u00e7\u00e3o\" \/>\n\t<meta name=\"twitter:label2\" content=\"Est. tempo de leitura\" \/>\n\t<meta name=\"twitter:data2\" content=\"4 minutos\" \/>\n<script type=\"application\/ld+json\" class=\"yoast-schema-graph\">{\"@context\":\"https:\/\/schema.org\",\"@graph\":[{\"@type\":\"Article\",\"@id\":\"https:\/\/jornaltimoneiro.com.br\/index.php\/2025\/04\/02\/defesa-civil-e-orgaos-estaduais-atuam-na-preparacao-e-resposta-aos-temporais-no-rs\/#article\",\"isPartOf\":{\"@id\":\"https:\/\/jornaltimoneiro.com.br\/index.php\/2025\/04\/02\/defesa-civil-e-orgaos-estaduais-atuam-na-preparacao-e-resposta-aos-temporais-no-rs\/\"},\"author\":{\"name\":\"Reda\u00e7\u00e3o\",\"@id\":\"https:\/\/jornaltimoneiro.com.br\/#\/schema\/person\/f63482f1a02b1a9592707865e509ab40\"},\"headline\":\"Defesa Civil e \u00f3rg\u00e3os estaduais atuam na prepara\u00e7\u00e3o e resposta aos temporais no RS\",\"datePublished\":\"2025-04-02T16:38:37+00:00\",\"dateModified\":\"2025-04-02T16:38:37+00:00\",\"mainEntityOfPage\":{\"@id\":\"https:\/\/jornaltimoneiro.com.br\/index.php\/2025\/04\/02\/defesa-civil-e-orgaos-estaduais-atuam-na-preparacao-e-resposta-aos-temporais-no-rs\/\"},\"wordCount\":757,\"commentCount\":0,\"publisher\":{\"@id\":\"https:\/\/jornaltimoneiro.com.br\/#organization\"},\"keywords\":[\"defesa civil\",\"preven\u00e7\u00e3o\",\"rio grande do sul\"],\"articleSection\":[\"Clima\"],\"inLanguage\":\"pt-BR\",\"potentialAction\":[{\"@type\":\"CommentAction\",\"name\":\"Comment\",\"target\":[\"https:\/\/jornaltimoneiro.com.br\/index.php\/2025\/04\/02\/defesa-civil-e-orgaos-estaduais-atuam-na-preparacao-e-resposta-aos-temporais-no-rs\/#respond\"]}]},{\"@type\":\"WebPage\",\"@id\":\"https:\/\/jornaltimoneiro.com.br\/index.php\/2025\/04\/02\/defesa-civil-e-orgaos-estaduais-atuam-na-preparacao-e-resposta-aos-temporais-no-rs\/\",\"url\":\"https:\/\/jornaltimoneiro.com.br\/index.php\/2025\/04\/02\/defesa-civil-e-orgaos-estaduais-atuam-na-preparacao-e-resposta-aos-temporais-no-rs\/\",\"name\":\"Defesa Civil e \u00f3rg\u00e3os estaduais atuam na prepara\u00e7\u00e3o e resposta aos temporais no RS - O Timoneiro Jornal Canoas RS\",\"isPartOf\":{\"@id\":\"https:\/\/jornaltimoneiro.com.br\/#website\"},\"datePublished\":\"2025-04-02T16:38:37+00:00\",\"dateModified\":\"2025-04-02T16:38:37+00:00\",\"description\":\"Diante dos eventos meteorol\u00f3gicos que atingiram o Estado, o Governo do Rio Grande do Sul est\u00e1 atuando com prioridade em garantir a seguran\u00e7a\",\"breadcrumb\":{\"@id\":\"https:\/\/jornaltimoneiro.com.br\/index.php\/2025\/04\/02\/defesa-civil-e-orgaos-estaduais-atuam-na-preparacao-e-resposta-aos-temporais-no-rs\/#breadcrumb\"},\"inLanguage\":\"pt-BR\",\"potentialAction\":[{\"@type\":\"ReadAction\",\"target\":[\"https:\/\/jornaltimoneiro.com.br\/index.php\/2025\/04\/02\/defesa-civil-e-orgaos-estaduais-atuam-na-preparacao-e-resposta-aos-temporais-no-rs\/\"]}]},{\"@type\":\"BreadcrumbList\",\"@id\":\"https:\/\/jornaltimoneiro.com.br\/index.php\/2025\/04\/02\/defesa-civil-e-orgaos-estaduais-atuam-na-preparacao-e-resposta-aos-temporais-no-rs\/#breadcrumb\",\"itemListElement\":[{\"@type\":\"ListItem\",\"position\":1,\"name\":\"In\u00edcio\",\"item\":\"https:\/\/jornaltimoneiro.com.br\/\"},{\"@type\":\"ListItem\",\"position\":2,\"name\":\"Defesa Civil e \u00f3rg\u00e3os estaduais atuam na prepara\u00e7\u00e3o e resposta aos temporais no RS\"}]},{\"@type\":\"WebSite\",\"@id\":\"https:\/\/jornaltimoneiro.com.br\/#website\",\"url\":\"https:\/\/jornaltimoneiro.com.br\/\",\"name\":\"Jornal Timoneiro Canoas RS\",\"description\":\"Jornal O Timoneiro, o verdadeiro jornal de Canoas\",\"publisher\":{\"@id\":\"https:\/\/jornaltimoneiro.com.br\/#organization\"},\"potentialAction\":[{\"@type\":\"SearchAction\",\"target\":{\"@type\":\"EntryPoint\",\"urlTemplate\":\"https:\/\/jornaltimoneiro.com.br\/?s={search_term_string}\"},\"query-input\":\"required name=search_term_string\"}],\"inLanguage\":\"pt-BR\"},{\"@type\":\"Organization\",\"@id\":\"https:\/\/jornaltimoneiro.com.br\/#organization\",\"name\":\"Jornal Timoneiro Canoas RS\",\"url\":\"https:\/\/jornaltimoneiro.com.br\/\",\"logo\":{\"@type\":\"ImageObject\",\"inLanguage\":\"pt-BR\",\"@id\":\"https:\/\/jornaltimoneiro.com.br\/#\/schema\/logo\/image\/\",\"url\":\"https:\/\/jornaltimoneiro.com.br\/wp-content\/uploads\/2023\/03\/logonovo.png\",\"contentUrl\":\"https:\/\/jornaltimoneiro.com.br\/wp-content\/uploads\/2023\/03\/logonovo.png\",\"width\":\"469\",\"height\":\"171\",\"caption\":\"Jornal Timoneiro Canoas RS\"},\"image\":{\"@id\":\"https:\/\/jornaltimoneiro.com.br\/#\/schema\/logo\/image\/\"},\"sameAs\":[\"https:\/\/www.facebook.com\/jornaltimoneiro\",\"https:\/\/twitter.com\/_OTimoneiro\",\"https:\/\/www.instagram.com\/jornaltimoneirocanoas\/\",\"https:\/\/www.youtube.com\/@jornalotimoneiro7927\"]},{\"@type\":\"Person\",\"@id\":\"https:\/\/jornaltimoneiro.com.br\/#\/schema\/person\/f63482f1a02b1a9592707865e509ab40\",\"name\":\"Reda\u00e7\u00e3o\",\"image\":{\"@type\":\"ImageObject\",\"inLanguage\":\"pt-BR\",\"@id\":\"https:\/\/jornaltimoneiro.com.br\/#\/schema\/person\/image\/\",\"url\":\"https:\/\/jornaltimoneiro.com.br\/wp-content\/uploads\/2023\/03\/download.jpeg\",\"contentUrl\":\"https:\/\/jornaltimoneiro.com.br\/wp-content\/uploads\/2023\/03\/download.jpeg\",\"caption\":\"Reda\u00e7\u00e3o\"},\"url\":\"https:\/\/jornaltimoneiro.com.br\/index.php\/author\/simone-dutra\/\"}]}<\/script>\n<!-- \/ Yoast SEO plugin. -->","yoast_head_json":{"title":"Defesa Civil e \u00f3rg\u00e3os estaduais atuam na prepara\u00e7\u00e3o e resposta aos temporais no RS - O Timoneiro Jornal Canoas RS","description":"Diante dos eventos meteorol\u00f3gicos que atingiram o Estado, o Governo do Rio Grande do Sul est\u00e1 atuando com prioridade em garantir a seguran\u00e7a","robots":{"index":"index","follow":"follow","max-snippet":"max-snippet:-1","max-image-preview":"max-image-preview:large","max-video-preview":"max-video-preview:-1"},"canonical":"https:\/\/jornaltimoneiro.com.br\/index.php\/2025\/04\/02\/defesa-civil-e-orgaos-estaduais-atuam-na-preparacao-e-resposta-aos-temporais-no-rs\/","og_locale":"pt_BR","og_type":"article","og_title":"Defesa Civil e \u00f3rg\u00e3os estaduais atuam na prepara\u00e7\u00e3o e resposta aos temporais no RS - O Timoneiro Jornal Canoas RS","og_description":"Diante dos eventos meteorol\u00f3gicos que atingiram o Estado, o Governo do Rio Grande do Sul est\u00e1 atuando com prioridade em garantir a seguran\u00e7a","og_url":"https:\/\/jornaltimoneiro.com.br\/index.php\/2025\/04\/02\/defesa-civil-e-orgaos-estaduais-atuam-na-preparacao-e-resposta-aos-temporais-no-rs\/","og_site_name":"O Timoneiro Jornal Canoas RS","article_publisher":"https:\/\/www.facebook.com\/jornaltimoneiro","article_published_time":"2025-04-02T16:38:37+00:00","og_image":[{"width":"800","height":"450","url":"https:\/\/jornaltimoneiro.com.br\/wp-content\/uploads\/2025\/04\/WhatsApp-Image-2025-04-02-at-13.37.53.jpeg","type":"image\/jpeg"}],"author":"Reda\u00e7\u00e3o","twitter_card":"summary_large_image","twitter_creator":"@_OTimoneiro","twitter_site":"@_OTimoneiro","twitter_misc":{"Escrito por":"Reda\u00e7\u00e3o","Est. tempo de leitura":"4 minutos"},"schema":{"@context":"https:\/\/schema.org","@graph":[{"@type":"Article","@id":"https:\/\/jornaltimoneiro.com.br\/index.php\/2025\/04\/02\/defesa-civil-e-orgaos-estaduais-atuam-na-preparacao-e-resposta-aos-temporais-no-rs\/#article","isPartOf":{"@id":"https:\/\/jornaltimoneiro.com.br\/index.php\/2025\/04\/02\/defesa-civil-e-orgaos-estaduais-atuam-na-preparacao-e-resposta-aos-temporais-no-rs\/"},"author":{"name":"Reda\u00e7\u00e3o","@id":"https:\/\/jornaltimoneiro.com.br\/#\/schema\/person\/f63482f1a02b1a9592707865e509ab40"},"headline":"Defesa Civil e \u00f3rg\u00e3os estaduais atuam na prepara\u00e7\u00e3o e resposta aos temporais no RS","datePublished":"2025-04-02T16:38:37+00:00","dateModified":"2025-04-02T16:38:37+00:00","mainEntityOfPage":{"@id":"https:\/\/jornaltimoneiro.com.br\/index.php\/2025\/04\/02\/defesa-civil-e-orgaos-estaduais-atuam-na-preparacao-e-resposta-aos-temporais-no-rs\/"},"wordCount":757,"commentCount":0,"publisher":{"@id":"https:\/\/jornaltimoneiro.com.br\/#organization"},"keywords":["defesa civil","preven\u00e7\u00e3o","rio grande do sul"],"articleSection":["Clima"],"inLanguage":"pt-BR","potentialAction":[{"@type":"CommentAction","name":"Comment","target":["https:\/\/jornaltimoneiro.com.br\/index.php\/2025\/04\/02\/defesa-civil-e-orgaos-estaduais-atuam-na-preparacao-e-resposta-aos-temporais-no-rs\/#respond"]}]},{"@type":"WebPage","@id":"https:\/\/jornaltimoneiro.com.br\/index.php\/2025\/04\/02\/defesa-civil-e-orgaos-estaduais-atuam-na-preparacao-e-resposta-aos-temporais-no-rs\/","url":"https:\/\/jornaltimoneiro.com.br\/index.php\/2025\/04\/02\/defesa-civil-e-orgaos-estaduais-atuam-na-preparacao-e-resposta-aos-temporais-no-rs\/","name":"Defesa Civil e \u00f3rg\u00e3os estaduais atuam na prepara\u00e7\u00e3o e resposta aos temporais no RS - O Timoneiro Jornal Canoas RS","isPartOf":{"@id":"https:\/\/jornaltimoneiro.com.br\/#website"},"datePublished":"2025-04-02T16:38:37+00:00","dateModified":"2025-04-02T16:38:37+00:00","description":"Diante dos eventos meteorol\u00f3gicos que atingiram o Estado, o Governo do Rio Grande do Sul est\u00e1 atuando com prioridade em garantir a seguran\u00e7a","breadcrumb":{"@id":"https:\/\/jornaltimoneiro.com.br\/index.php\/2025\/04\/02\/defesa-civil-e-orgaos-estaduais-atuam-na-preparacao-e-resposta-aos-temporais-no-rs\/#breadcrumb"},"inLanguage":"pt-BR","potentialAction":[{"@type":"ReadAction","target":["https:\/\/jornaltimoneiro.com.br\/index.php\/2025\/04\/02\/defesa-civil-e-orgaos-estaduais-atuam-na-preparacao-e-resposta-aos-temporais-no-rs\/"]}]},{"@type":"BreadcrumbList","@id":"https:\/\/jornaltimoneiro.com.br\/index.php\/2025\/04\/02\/defesa-civil-e-orgaos-estaduais-atuam-na-preparacao-e-resposta-aos-temporais-no-rs\/#breadcrumb","itemListElement":[{"@type":"ListItem","position":1,"name":"In\u00edcio","item":"https:\/\/jornaltimoneiro.com.br\/"},{"@type":"ListItem","position":2,"name":"Defesa Civil e \u00f3rg\u00e3os estaduais atuam na prepara\u00e7\u00e3o e resposta aos temporais no RS"}]},{"@type":"WebSite","@id":"https:\/\/jornaltimoneiro.com.br\/#website","url":"https:\/\/jornaltimoneiro.com.br\/","name":"Jornal Timoneiro Canoas RS","description":"Jornal O Timoneiro, o verdadeiro jornal de Canoas","publisher":{"@id":"https:\/\/jornaltimoneiro.com.br\/#organization"},"potentialAction":[{"@type":"SearchAction","target":{"@type":"EntryPoint","urlTemplate":"https:\/\/jornaltimoneiro.com.br\/?s={search_term_string}"},"query-input":"required name=search_term_string"}],"inLanguage":"pt-BR"},{"@type":"Organization","@id":"https:\/\/jornaltimoneiro.com.br\/#organization","name":"Jornal Timoneiro Canoas RS","url":"https:\/\/jornaltimoneiro.com.br\/","logo":{"@type":"ImageObject","inLanguage":"pt-BR","@id":"https:\/\/jornaltimoneiro.com.br\/#\/schema\/logo\/image\/","url":"https:\/\/jornaltimoneiro.com.br\/wp-content\/uploads\/2023\/03\/logonovo.png","contentUrl":"https:\/\/jornaltimoneiro.com.br\/wp-content\/uploads\/2023\/03\/logonovo.png","width":"469","height":"171","caption":"Jornal Timoneiro Canoas RS"},"image":{"@id":"https:\/\/jornaltimoneiro.com.br\/#\/schema\/logo\/image\/"},"sameAs":["https:\/\/www.facebook.com\/jornaltimoneiro","https:\/\/twitter.com\/_OTimoneiro","https:\/\/www.instagram.com\/jornaltimoneirocanoas\/","https:\/\/www.youtube.com\/@jornalotimoneiro7927"]},{"@type":"Person","@id":"https:\/\/jornaltimoneiro.com.br\/#\/schema\/person\/f63482f1a02b1a9592707865e509ab40","name":"Reda\u00e7\u00e3o","image":{"@type":"ImageObject","inLanguage":"pt-BR","@id":"https:\/\/jornaltimoneiro.com.br\/#\/schema\/person\/image\/","url":"https:\/\/jornaltimoneiro.com.br\/wp-content\/uploads\/2023\/03\/download.jpeg","contentUrl":"https:\/\/jornaltimoneiro.com.br\/wp-content\/uploads\/2023\/03\/download.jpeg","caption":"Reda\u00e7\u00e3o"},"url":"https:\/\/jornaltimoneiro.com.br\/index.php\/author\/simone-dutra\/"}]}},"_links":{"self":[{"href":"https:\/\/jornaltimoneiro.com.br\/index.php\/wp-json\/wp\/v2\/posts\/34483"}],"collection":[{"href":"https:\/\/jornaltimoneiro.com.br\/index.php\/wp-json\/wp\/v2\/posts"}],"about":[{"href":"https:\/\/jornaltimoneiro.com.br\/index.php\/wp-json\/wp\/v2\/types\/post"}],"author":[{"embeddable":true,"href":"https:\/\/jornaltimoneiro.com.br\/index.php\/wp-json\/wp\/v2\/users\/2"}],"replies":[{"embeddable":true,"href":"https:\/\/jornaltimoneiro.com.br\/index.php\/wp-json\/wp\/v2\/comments?post=34483"}],"version-history":[{"count":1,"href":"https:\/\/jornaltimoneiro.com.br\/index.php\/wp-json\/wp\/v2\/posts\/34483\/revisions"}],"predecessor-version":[{"id":34485,"href":"https:\/\/jornaltimoneiro.com.br\/index.php\/wp-json\/wp\/v2\/posts\/34483\/revisions\/34485"}],"wp:featuredmedia":[{"embeddable":true,"href":"https:\/\/jornaltimoneiro.com.br\/index.php\/wp-json\/wp\/v2\/media\/34484"}],"wp:attachment":[{"href":"https:\/\/jornaltimoneiro.com.br\/index.php\/wp-json\/wp\/v2\/media?parent=34483"}],"wp:term":[{"taxonomy":"category","embeddable":true,"href":"https:\/\/jornaltimoneiro.com.br\/index.php\/wp-json\/wp\/v2\/categories?post=34483"},{"taxonomy":"post_tag","embeddable":true,"href":"https:\/\/jornaltimoneiro.com.br\/index.php\/wp-json\/wp\/v2\/tags?post=34483"}],"curies":[{"name":"wp","href":"https:\/\/api.w.org\/{rel}","templated":true}]}}