{"id":34380,"date":"2025-03-26T13:30:08","date_gmt":"2025-03-26T16:30:08","guid":{"rendered":"https:\/\/jornaltimoneiro.com.br\/?p=34380"},"modified":"2025-03-26T13:30:44","modified_gmt":"2025-03-26T16:30:44","slug":"stf-decide-e-bolsonaro-e-mais-7-viram-reus-por-tramar-golpe","status":"publish","type":"post","link":"https:\/\/jornaltimoneiro.com.br\/index.php\/2025\/03\/26\/stf-decide-e-bolsonaro-e-mais-7-viram-reus-por-tramar-golpe\/","title":{"rendered":"STF decide e Bolsonaro e mais 7 viram r\u00e9us por tramar golpe"},"content":{"rendered":"<p class=\"\" data-start=\"0\" data-end=\"368\">O Supremo Tribunal Federal (STF) decidiu, por unanimidade, nesta quarta-feira , 26, tornar r\u00e9u o ex-presidente Jair Bolsonaro (PL) e sete de seus aliados. O relator do caso, ministro Alexandre de Moraes, acatou integralmente a den\u00fancia da Procuradoria-Geral da Rep\u00fablica (PGR), sendo acompanhado pelos ministros Fl\u00e1vio Dino, Luiz Fux, C\u00e1rmen L\u00facia e Cristiano Zanin.<\/p>\n<p class=\"\" data-start=\"370\" data-end=\"633\">Os acusados s\u00e3o investigados por estarem envolvidos em uma alegada conspira\u00e7\u00e3o para manter Bolsonaro no poder ap\u00f3s as elei\u00e7\u00f5es de 2022. O processo come\u00e7ou a ser analisado na ter\u00e7a-feira , 25, e foi retomado na quarta-feira com o voto do relator, ministro Moraes.<\/p>\n<p class=\"\" data-start=\"635\" data-end=\"899\">Com a aceita\u00e7\u00e3o da den\u00fancia, inicia-se a fase de instru\u00e7\u00e3o processual, onde ser\u00e3o colhidos depoimentos de testemunhas e r\u00e9us, al\u00e9m da apresenta\u00e7\u00e3o de provas. Ap\u00f3s essa etapa, o STF realizar\u00e1 um novo julgamento para decidir se os acusados s\u00e3o culpados ou inocentes.<\/p>\n<p class=\"\" data-start=\"901\" data-end=\"1228\">No in\u00edcio de seu voto, Moraes destacou que a Procuradoria-Geral da Rep\u00fablica descreveu de maneira clara os fatos e as circunst\u00e2ncias dos crimes, proporcionando amplo conhecimento aos acusados sobre as acusa\u00e7\u00f5es. Para ele, Bolsonaro e seus aliados foram respons\u00e1veis por uma \u201ctentativa de golpe de Estado extremamente violenta\u201d.<\/p>\n<p class=\"\" data-start=\"1230\" data-end=\"1676\">Moraes explicou que os crimes previstos no artigo 359 M do C\u00f3digo Penal, que tratam da tentativa de depor o governo leg\u00edtimo por meio de viol\u00eancia ou grave amea\u00e7a, se concretizaram atrav\u00e9s de uma s\u00e9rie de atos com o intuito de interromper o processo sucess\u00f3rio eleitoral. O ministro tamb\u00e9m apontou ataques recorrentes ao processo eleitoral, manipula\u00e7\u00e3o indevida das for\u00e7as de seguran\u00e7a e tentativas de obter apoio militar para formalizar o golpe.<\/p>\n<p class=\"\" data-start=\"1678\" data-end=\"1980\">Em seu voto, Moraes citou epis\u00f3dios de 2023, incluindo ataques \u00e0 sede da Pol\u00edcia Federal e a descoberta de explosivos perto do Aeroporto, para mostrar que esses eventos fazem parte de uma sequ\u00eancia de a\u00e7\u00f5es golpistas. Para ele, o 8 de janeiro de 2023 foi um dia desastroso para a democracia brasileira.<\/p>\n<p class=\"\" data-start=\"1982\" data-end=\"2257\">O ministro ainda afirmou que h\u00e1 ind\u00edcios razo\u00e1veis de que Bolsonaro foi o l\u00edder da organiza\u00e7\u00e3o criminosa e que sua participa\u00e7\u00e3o no plano de desinforma\u00e7\u00e3o e ataques ao sistema eleitoral remonta a 2021, quando iniciou a divulga\u00e7\u00e3o de not\u00edcias falsas sobre as urnas eletr\u00f4nicas.<\/p>\n<p class=\"\" data-start=\"2259\" data-end=\"2634\">A acusa\u00e7\u00e3o contra o ex-presidente inclui crimes como lideran\u00e7a de organiza\u00e7\u00e3o criminosa, tentativa de aboli\u00e7\u00e3o violenta do Estado Democr\u00e1tico de Direito, golpe de Estado, danos ao patrim\u00f4nio da Uni\u00e3o e destrui\u00e7\u00e3o de patrim\u00f4nio tombado. A den\u00fancia foi refor\u00e7ada ap\u00f3s as defesas dos denunciados, que tentaram refutar as acusa\u00e7\u00f5es, mas a PGR se manteve firme em seus argumentos.<\/p>\n<p class=\"\" data-start=\"2636\" data-end=\"2820\">O julgamento prosseguiu com os votos dos ministros Fl\u00e1vio Dino, Luiz Fux, C\u00e1rmen L\u00facia e Cristiano Zanin, que acompanharam o relator, formando uma maioria de 4 a 0 a favor da den\u00fancia.<\/p>\n<p class=\"\" data-start=\"2822\" data-end=\"3089\">Os principais denunciados nesta fase do processo incluem Jair Bolsonaro, ex-ministro da Justi\u00e7a Anderson Torres, o ex-ministro da Defesa Paulo S\u00e9rgio Nogueira, o ex-ministro da Casa Civil Walter Braga Netto, e outros membros do governo Bolsonaro e das for\u00e7as armadas.<\/p>\n<p class=\"\" data-start=\"3091\" data-end=\"3246\">Agora, com a aceita\u00e7\u00e3o da den\u00fancia, o caso segue para a fase seguinte, onde os r\u00e9us enfrentar\u00e3o novas audi\u00eancias e decis\u00f5es do STF sobre sua culpabilidade.<\/p>\n","protected":false},"excerpt":{"rendered":"<p>O Supremo Tribunal Federal (STF) decidiu, por unanimidade, nesta quarta-feira , 26, tornar r\u00e9u o ex-presidente Jair Bolsonaro (PL) e sete de seus aliados. O relator do caso, ministro Alexandre de Moraes, acatou integralmente a den\u00fancia da Procuradoria-Geral da Rep\u00fablica (PGR), sendo acompanhado pelos ministros Fl\u00e1vio Dino, Luiz Fux, C\u00e1rmen L\u00facia e Cristiano Zanin. Os [&hellip;]<\/p>\n","protected":false},"author":2,"featured_media":34381,"comment_status":"open","ping_status":"open","sticky":false,"template":"","format":"standard","meta":{"amp_status":"","footnotes":""},"categories":[2139],"tags":[1024,225,190,3886,1027],"class_list":["post-34380","post","type-post","status-publish","format-standard","has-post-thumbnail","hentry","category-justica","tag-bolsonaro","tag-brasil","tag-featured","tag-golpe","tag-stf"],"yoast_head":"<!-- This site is optimized with the Yoast SEO plugin v20.5 - https:\/\/yoast.com\/wordpress\/plugins\/seo\/ -->\n<title>STF decide e Bolsonaro e mais 7 viram r\u00e9us por tramar golpe - O Timoneiro Jornal Canoas RS<\/title>\n<meta name=\"description\" content=\"O Supremo Tribunal Federal (STF) decidiu, por unanimidade, nesta quarta-feira , 26, tornar r\u00e9u o ex-presidente Jair Bolsonaro (PL)\" \/>\n<meta name=\"robots\" content=\"index, follow, max-snippet:-1, max-image-preview:large, max-video-preview:-1\" \/>\n<link rel=\"canonical\" href=\"https:\/\/jornaltimoneiro.com.br\/index.php\/2025\/03\/26\/stf-decide-e-bolsonaro-e-mais-7-viram-reus-por-tramar-golpe\/\" \/>\n<meta property=\"og:locale\" content=\"pt_BR\" \/>\n<meta property=\"og:type\" content=\"article\" \/>\n<meta property=\"og:title\" content=\"STF decide e Bolsonaro e mais 7 viram r\u00e9us por tramar golpe - O Timoneiro Jornal Canoas RS\" \/>\n<meta property=\"og:description\" content=\"O Supremo Tribunal Federal (STF) decidiu, por unanimidade, nesta quarta-feira , 26, tornar r\u00e9u o ex-presidente Jair Bolsonaro (PL)\" \/>\n<meta property=\"og:url\" content=\"https:\/\/jornaltimoneiro.com.br\/index.php\/2025\/03\/26\/stf-decide-e-bolsonaro-e-mais-7-viram-reus-por-tramar-golpe\/\" \/>\n<meta property=\"og:site_name\" content=\"O Timoneiro Jornal Canoas RS\" \/>\n<meta property=\"article:publisher\" content=\"https:\/\/www.facebook.com\/jornaltimoneiro\" \/>\n<meta property=\"article:published_time\" content=\"2025-03-26T16:30:08+00:00\" \/>\n<meta property=\"article:modified_time\" content=\"2025-03-26T16:30:44+00:00\" \/>\n<meta property=\"og:image\" content=\"https:\/\/jornaltimoneiro.com.br\/wp-content\/uploads\/2025\/03\/STF-decide-e-Bolsonaro-e-mais-7-viram-reus-por-tramar-golpe.jpeg\" \/>\n\t<meta property=\"og:image:width\" content=\"676\" \/>\n\t<meta property=\"og:image:height\" content=\"450\" \/>\n\t<meta property=\"og:image:type\" content=\"image\/jpeg\" \/>\n<meta name=\"author\" content=\"Reda\u00e7\u00e3o\" \/>\n<meta name=\"twitter:card\" content=\"summary_large_image\" \/>\n<meta name=\"twitter:creator\" content=\"@_OTimoneiro\" \/>\n<meta name=\"twitter:site\" content=\"@_OTimoneiro\" \/>\n<meta name=\"twitter:label1\" content=\"Escrito por\" \/>\n\t<meta name=\"twitter:data1\" content=\"Reda\u00e7\u00e3o\" \/>\n\t<meta name=\"twitter:label2\" content=\"Est. tempo de leitura\" \/>\n\t<meta name=\"twitter:data2\" content=\"3 minutos\" \/>\n<script type=\"application\/ld+json\" class=\"yoast-schema-graph\">{\"@context\":\"https:\/\/schema.org\",\"@graph\":[{\"@type\":\"Article\",\"@id\":\"https:\/\/jornaltimoneiro.com.br\/index.php\/2025\/03\/26\/stf-decide-e-bolsonaro-e-mais-7-viram-reus-por-tramar-golpe\/#article\",\"isPartOf\":{\"@id\":\"https:\/\/jornaltimoneiro.com.br\/index.php\/2025\/03\/26\/stf-decide-e-bolsonaro-e-mais-7-viram-reus-por-tramar-golpe\/\"},\"author\":{\"name\":\"Reda\u00e7\u00e3o\",\"@id\":\"https:\/\/jornaltimoneiro.com.br\/#\/schema\/person\/f63482f1a02b1a9592707865e509ab40\"},\"headline\":\"STF decide e Bolsonaro e mais 7 viram r\u00e9us por tramar golpe\",\"datePublished\":\"2025-03-26T16:30:08+00:00\",\"dateModified\":\"2025-03-26T16:30:44+00:00\",\"mainEntityOfPage\":{\"@id\":\"https:\/\/jornaltimoneiro.com.br\/index.php\/2025\/03\/26\/stf-decide-e-bolsonaro-e-mais-7-viram-reus-por-tramar-golpe\/\"},\"wordCount\":584,\"commentCount\":0,\"publisher\":{\"@id\":\"https:\/\/jornaltimoneiro.com.br\/#organization\"},\"keywords\":[\"bolsonaro\",\"Brasil\",\"featured\",\"golpe\",\"STF\"],\"articleSection\":[\"Justi\u00e7a\"],\"inLanguage\":\"pt-BR\",\"potentialAction\":[{\"@type\":\"CommentAction\",\"name\":\"Comment\",\"target\":[\"https:\/\/jornaltimoneiro.com.br\/index.php\/2025\/03\/26\/stf-decide-e-bolsonaro-e-mais-7-viram-reus-por-tramar-golpe\/#respond\"]}]},{\"@type\":\"WebPage\",\"@id\":\"https:\/\/jornaltimoneiro.com.br\/index.php\/2025\/03\/26\/stf-decide-e-bolsonaro-e-mais-7-viram-reus-por-tramar-golpe\/\",\"url\":\"https:\/\/jornaltimoneiro.com.br\/index.php\/2025\/03\/26\/stf-decide-e-bolsonaro-e-mais-7-viram-reus-por-tramar-golpe\/\",\"name\":\"STF decide e Bolsonaro e mais 7 viram r\u00e9us por tramar golpe - O Timoneiro Jornal Canoas RS\",\"isPartOf\":{\"@id\":\"https:\/\/jornaltimoneiro.com.br\/#website\"},\"datePublished\":\"2025-03-26T16:30:08+00:00\",\"dateModified\":\"2025-03-26T16:30:44+00:00\",\"description\":\"O Supremo Tribunal Federal (STF) decidiu, por unanimidade, nesta quarta-feira , 26, tornar r\u00e9u o ex-presidente Jair Bolsonaro (PL)\",\"breadcrumb\":{\"@id\":\"https:\/\/jornaltimoneiro.com.br\/index.php\/2025\/03\/26\/stf-decide-e-bolsonaro-e-mais-7-viram-reus-por-tramar-golpe\/#breadcrumb\"},\"inLanguage\":\"pt-BR\",\"potentialAction\":[{\"@type\":\"ReadAction\",\"target\":[\"https:\/\/jornaltimoneiro.com.br\/index.php\/2025\/03\/26\/stf-decide-e-bolsonaro-e-mais-7-viram-reus-por-tramar-golpe\/\"]}]},{\"@type\":\"BreadcrumbList\",\"@id\":\"https:\/\/jornaltimoneiro.com.br\/index.php\/2025\/03\/26\/stf-decide-e-bolsonaro-e-mais-7-viram-reus-por-tramar-golpe\/#breadcrumb\",\"itemListElement\":[{\"@type\":\"ListItem\",\"position\":1,\"name\":\"In\u00edcio\",\"item\":\"https:\/\/jornaltimoneiro.com.br\/\"},{\"@type\":\"ListItem\",\"position\":2,\"name\":\"STF decide e Bolsonaro e mais 7 viram r\u00e9us por tramar golpe\"}]},{\"@type\":\"WebSite\",\"@id\":\"https:\/\/jornaltimoneiro.com.br\/#website\",\"url\":\"https:\/\/jornaltimoneiro.com.br\/\",\"name\":\"Jornal Timoneiro Canoas RS\",\"description\":\"Jornal O Timoneiro, o verdadeiro jornal de Canoas\",\"publisher\":{\"@id\":\"https:\/\/jornaltimoneiro.com.br\/#organization\"},\"potentialAction\":[{\"@type\":\"SearchAction\",\"target\":{\"@type\":\"EntryPoint\",\"urlTemplate\":\"https:\/\/jornaltimoneiro.com.br\/?s={search_term_string}\"},\"query-input\":\"required name=search_term_string\"}],\"inLanguage\":\"pt-BR\"},{\"@type\":\"Organization\",\"@id\":\"https:\/\/jornaltimoneiro.com.br\/#organization\",\"name\":\"Jornal Timoneiro Canoas RS\",\"url\":\"https:\/\/jornaltimoneiro.com.br\/\",\"logo\":{\"@type\":\"ImageObject\",\"inLanguage\":\"pt-BR\",\"@id\":\"https:\/\/jornaltimoneiro.com.br\/#\/schema\/logo\/image\/\",\"url\":\"https:\/\/jornaltimoneiro.com.br\/wp-content\/uploads\/2023\/03\/logonovo.png\",\"contentUrl\":\"https:\/\/jornaltimoneiro.com.br\/wp-content\/uploads\/2023\/03\/logonovo.png\",\"width\":\"469\",\"height\":\"171\",\"caption\":\"Jornal Timoneiro Canoas RS\"},\"image\":{\"@id\":\"https:\/\/jornaltimoneiro.com.br\/#\/schema\/logo\/image\/\"},\"sameAs\":[\"https:\/\/www.facebook.com\/jornaltimoneiro\",\"https:\/\/twitter.com\/_OTimoneiro\",\"https:\/\/www.instagram.com\/jornaltimoneirocanoas\/\",\"https:\/\/www.youtube.com\/@jornalotimoneiro7927\"]},{\"@type\":\"Person\",\"@id\":\"https:\/\/jornaltimoneiro.com.br\/#\/schema\/person\/f63482f1a02b1a9592707865e509ab40\",\"name\":\"Reda\u00e7\u00e3o\",\"image\":{\"@type\":\"ImageObject\",\"inLanguage\":\"pt-BR\",\"@id\":\"https:\/\/jornaltimoneiro.com.br\/#\/schema\/person\/image\/\",\"url\":\"https:\/\/jornaltimoneiro.com.br\/wp-content\/uploads\/2023\/03\/download.jpeg\",\"contentUrl\":\"https:\/\/jornaltimoneiro.com.br\/wp-content\/uploads\/2023\/03\/download.jpeg\",\"caption\":\"Reda\u00e7\u00e3o\"},\"url\":\"https:\/\/jornaltimoneiro.com.br\/index.php\/author\/simone-dutra\/\"}]}<\/script>\n<!-- \/ Yoast SEO plugin. -->","yoast_head_json":{"title":"STF decide e Bolsonaro e mais 7 viram r\u00e9us por tramar golpe - O Timoneiro Jornal Canoas RS","description":"O Supremo Tribunal Federal (STF) decidiu, por unanimidade, nesta quarta-feira , 26, tornar r\u00e9u o ex-presidente Jair Bolsonaro (PL)","robots":{"index":"index","follow":"follow","max-snippet":"max-snippet:-1","max-image-preview":"max-image-preview:large","max-video-preview":"max-video-preview:-1"},"canonical":"https:\/\/jornaltimoneiro.com.br\/index.php\/2025\/03\/26\/stf-decide-e-bolsonaro-e-mais-7-viram-reus-por-tramar-golpe\/","og_locale":"pt_BR","og_type":"article","og_title":"STF decide e Bolsonaro e mais 7 viram r\u00e9us por tramar golpe - O Timoneiro Jornal Canoas RS","og_description":"O Supremo Tribunal Federal (STF) decidiu, por unanimidade, nesta quarta-feira , 26, tornar r\u00e9u o ex-presidente Jair Bolsonaro (PL)","og_url":"https:\/\/jornaltimoneiro.com.br\/index.php\/2025\/03\/26\/stf-decide-e-bolsonaro-e-mais-7-viram-reus-por-tramar-golpe\/","og_site_name":"O Timoneiro Jornal Canoas RS","article_publisher":"https:\/\/www.facebook.com\/jornaltimoneiro","article_published_time":"2025-03-26T16:30:08+00:00","article_modified_time":"2025-03-26T16:30:44+00:00","og_image":[{"width":"676","height":"450","url":"https:\/\/jornaltimoneiro.com.br\/wp-content\/uploads\/2025\/03\/STF-decide-e-Bolsonaro-e-mais-7-viram-reus-por-tramar-golpe.jpeg","type":"image\/jpeg"}],"author":"Reda\u00e7\u00e3o","twitter_card":"summary_large_image","twitter_creator":"@_OTimoneiro","twitter_site":"@_OTimoneiro","twitter_misc":{"Escrito por":"Reda\u00e7\u00e3o","Est. tempo de leitura":"3 minutos"},"schema":{"@context":"https:\/\/schema.org","@graph":[{"@type":"Article","@id":"https:\/\/jornaltimoneiro.com.br\/index.php\/2025\/03\/26\/stf-decide-e-bolsonaro-e-mais-7-viram-reus-por-tramar-golpe\/#article","isPartOf":{"@id":"https:\/\/jornaltimoneiro.com.br\/index.php\/2025\/03\/26\/stf-decide-e-bolsonaro-e-mais-7-viram-reus-por-tramar-golpe\/"},"author":{"name":"Reda\u00e7\u00e3o","@id":"https:\/\/jornaltimoneiro.com.br\/#\/schema\/person\/f63482f1a02b1a9592707865e509ab40"},"headline":"STF decide e Bolsonaro e mais 7 viram r\u00e9us por tramar golpe","datePublished":"2025-03-26T16:30:08+00:00","dateModified":"2025-03-26T16:30:44+00:00","mainEntityOfPage":{"@id":"https:\/\/jornaltimoneiro.com.br\/index.php\/2025\/03\/26\/stf-decide-e-bolsonaro-e-mais-7-viram-reus-por-tramar-golpe\/"},"wordCount":584,"commentCount":0,"publisher":{"@id":"https:\/\/jornaltimoneiro.com.br\/#organization"},"keywords":["bolsonaro","Brasil","featured","golpe","STF"],"articleSection":["Justi\u00e7a"],"inLanguage":"pt-BR","potentialAction":[{"@type":"CommentAction","name":"Comment","target":["https:\/\/jornaltimoneiro.com.br\/index.php\/2025\/03\/26\/stf-decide-e-bolsonaro-e-mais-7-viram-reus-por-tramar-golpe\/#respond"]}]},{"@type":"WebPage","@id":"https:\/\/jornaltimoneiro.com.br\/index.php\/2025\/03\/26\/stf-decide-e-bolsonaro-e-mais-7-viram-reus-por-tramar-golpe\/","url":"https:\/\/jornaltimoneiro.com.br\/index.php\/2025\/03\/26\/stf-decide-e-bolsonaro-e-mais-7-viram-reus-por-tramar-golpe\/","name":"STF decide e Bolsonaro e mais 7 viram r\u00e9us por tramar golpe - O Timoneiro Jornal Canoas RS","isPartOf":{"@id":"https:\/\/jornaltimoneiro.com.br\/#website"},"datePublished":"2025-03-26T16:30:08+00:00","dateModified":"2025-03-26T16:30:44+00:00","description":"O Supremo Tribunal Federal (STF) decidiu, por unanimidade, nesta quarta-feira , 26, tornar r\u00e9u o ex-presidente Jair Bolsonaro (PL)","breadcrumb":{"@id":"https:\/\/jornaltimoneiro.com.br\/index.php\/2025\/03\/26\/stf-decide-e-bolsonaro-e-mais-7-viram-reus-por-tramar-golpe\/#breadcrumb"},"inLanguage":"pt-BR","potentialAction":[{"@type":"ReadAction","target":["https:\/\/jornaltimoneiro.com.br\/index.php\/2025\/03\/26\/stf-decide-e-bolsonaro-e-mais-7-viram-reus-por-tramar-golpe\/"]}]},{"@type":"BreadcrumbList","@id":"https:\/\/jornaltimoneiro.com.br\/index.php\/2025\/03\/26\/stf-decide-e-bolsonaro-e-mais-7-viram-reus-por-tramar-golpe\/#breadcrumb","itemListElement":[{"@type":"ListItem","position":1,"name":"In\u00edcio","item":"https:\/\/jornaltimoneiro.com.br\/"},{"@type":"ListItem","position":2,"name":"STF decide e Bolsonaro e mais 7 viram r\u00e9us por tramar golpe"}]},{"@type":"WebSite","@id":"https:\/\/jornaltimoneiro.com.br\/#website","url":"https:\/\/jornaltimoneiro.com.br\/","name":"Jornal Timoneiro Canoas RS","description":"Jornal O Timoneiro, o verdadeiro jornal de Canoas","publisher":{"@id":"https:\/\/jornaltimoneiro.com.br\/#organization"},"potentialAction":[{"@type":"SearchAction","target":{"@type":"EntryPoint","urlTemplate":"https:\/\/jornaltimoneiro.com.br\/?s={search_term_string}"},"query-input":"required name=search_term_string"}],"inLanguage":"pt-BR"},{"@type":"Organization","@id":"https:\/\/jornaltimoneiro.com.br\/#organization","name":"Jornal Timoneiro Canoas RS","url":"https:\/\/jornaltimoneiro.com.br\/","logo":{"@type":"ImageObject","inLanguage":"pt-BR","@id":"https:\/\/jornaltimoneiro.com.br\/#\/schema\/logo\/image\/","url":"https:\/\/jornaltimoneiro.com.br\/wp-content\/uploads\/2023\/03\/logonovo.png","contentUrl":"https:\/\/jornaltimoneiro.com.br\/wp-content\/uploads\/2023\/03\/logonovo.png","width":"469","height":"171","caption":"Jornal Timoneiro Canoas RS"},"image":{"@id":"https:\/\/jornaltimoneiro.com.br\/#\/schema\/logo\/image\/"},"sameAs":["https:\/\/www.facebook.com\/jornaltimoneiro","https:\/\/twitter.com\/_OTimoneiro","https:\/\/www.instagram.com\/jornaltimoneirocanoas\/","https:\/\/www.youtube.com\/@jornalotimoneiro7927"]},{"@type":"Person","@id":"https:\/\/jornaltimoneiro.com.br\/#\/schema\/person\/f63482f1a02b1a9592707865e509ab40","name":"Reda\u00e7\u00e3o","image":{"@type":"ImageObject","inLanguage":"pt-BR","@id":"https:\/\/jornaltimoneiro.com.br\/#\/schema\/person\/image\/","url":"https:\/\/jornaltimoneiro.com.br\/wp-content\/uploads\/2023\/03\/download.jpeg","contentUrl":"https:\/\/jornaltimoneiro.com.br\/wp-content\/uploads\/2023\/03\/download.jpeg","caption":"Reda\u00e7\u00e3o"},"url":"https:\/\/jornaltimoneiro.com.br\/index.php\/author\/simone-dutra\/"}]}},"_links":{"self":[{"href":"https:\/\/jornaltimoneiro.com.br\/index.php\/wp-json\/wp\/v2\/posts\/34380"}],"collection":[{"href":"https:\/\/jornaltimoneiro.com.br\/index.php\/wp-json\/wp\/v2\/posts"}],"about":[{"href":"https:\/\/jornaltimoneiro.com.br\/index.php\/wp-json\/wp\/v2\/types\/post"}],"author":[{"embeddable":true,"href":"https:\/\/jornaltimoneiro.com.br\/index.php\/wp-json\/wp\/v2\/users\/2"}],"replies":[{"embeddable":true,"href":"https:\/\/jornaltimoneiro.com.br\/index.php\/wp-json\/wp\/v2\/comments?post=34380"}],"version-history":[{"count":2,"href":"https:\/\/jornaltimoneiro.com.br\/index.php\/wp-json\/wp\/v2\/posts\/34380\/revisions"}],"predecessor-version":[{"id":34383,"href":"https:\/\/jornaltimoneiro.com.br\/index.php\/wp-json\/wp\/v2\/posts\/34380\/revisions\/34383"}],"wp:featuredmedia":[{"embeddable":true,"href":"https:\/\/jornaltimoneiro.com.br\/index.php\/wp-json\/wp\/v2\/media\/34381"}],"wp:attachment":[{"href":"https:\/\/jornaltimoneiro.com.br\/index.php\/wp-json\/wp\/v2\/media?parent=34380"}],"wp:term":[{"taxonomy":"category","embeddable":true,"href":"https:\/\/jornaltimoneiro.com.br\/index.php\/wp-json\/wp\/v2\/categories?post=34380"},{"taxonomy":"post_tag","embeddable":true,"href":"https:\/\/jornaltimoneiro.com.br\/index.php\/wp-json\/wp\/v2\/tags?post=34380"}],"curies":[{"name":"wp","href":"https:\/\/api.w.org\/{rel}","templated":true}]}}