{"id":34368,"date":"2025-03-25T14:15:15","date_gmt":"2025-03-25T17:15:15","guid":{"rendered":"https:\/\/jornaltimoneiro.com.br\/?p=34368"},"modified":"2025-03-25T14:15:15","modified_gmt":"2025-03-25T17:15:15","slug":"educacao-de-maos-dadas-com-a-danca-cultura-para-o-mundo-vai-reunir-apresentacoes-oficinas-e-bate-papo","status":"publish","type":"post","link":"https:\/\/jornaltimoneiro.com.br\/index.php\/2025\/03\/25\/educacao-de-maos-dadas-com-a-danca-cultura-para-o-mundo-vai-reunir-apresentacoes-oficinas-e-bate-papo\/","title":{"rendered":"Educa\u00e7\u00e3o de m\u00e3os dadas com a dan\u00e7a: Cultura para o Mundo vai reunir apresenta\u00e7\u00f5es, oficinas e bate-papo"},"content":{"rendered":"<p>Canoas mais uma vez vai ser palco da dan\u00e7a com participa\u00e7\u00f5es nacionais e convidado internacional. Vem a\u00ed o projeto Cultura para o Mundo, que traz diferentes linguagens coreogr\u00e1ficas nos dias 5 e 6 de abril, no Col\u00e9gio Estadual Marechal Rondon, o conhecido Col\u00e9gio Rondon.<\/p>\n<p>Iniciativa do C\u00edrculo de Pais e Mestre (CPM) da institui\u00e7\u00e3o de ensino, a programa\u00e7\u00e3o cultural vai reunir dez bailarinos, oito deles s\u00e3o ex-alunos do Rondon: Alice Sales, Alisson Goularte, Carol Foss\u00e1, Cec\u00edlia Diez, Gabriela Santos, Nicolas Velleda, Tay Mendes, e Renann Fontoura, que atualmente mora na Fran\u00e7a e participar\u00e1 como um dos tr\u00eas profissionais convidados.<\/p>\n<p>Estudante do Col\u00e9gio Marechal Rondon da pr\u00e9-escola at\u00e9 o fim do Ensino M\u00e9dio, Renann Fontoura aprendeu a enxergar a dan\u00e7a de uma forma diferente com a professora Tina Colares.<\/p>\n<blockquote><p>\u201cNo Rondon, em 2007, tive o primeiro contato com a dan\u00e7a, como informa\u00e7\u00e3o organizada e n\u00e3o apenas como express\u00e3o popular\u201d, contou o bailarino que foi criado no bairro Guajuviras, em Canoas, e atualmente mora em Montpellier, na Fran\u00e7a.<\/p><\/blockquote>\n<p>Profissional de dan\u00e7as urbanas, em especial, o hip hop dance, atualmente o canoense trabalha com a Cia Malka e cursa mestrado.<\/p>\n<blockquote><p>Ao participar do Cultura para o Mundo, a minha expectativa \u00e9 conhecer e incentivar a nova gera\u00e7\u00e3o de artistas de Canoas. Tamb\u00e9m mostrar que \u00e9 poss\u00edvel viver a arte e viver de arte, de dan\u00e7a, e que com muita dedica\u00e7\u00e3o e trabalho voc\u00ea pode alcan\u00e7ar espa\u00e7os que parecem inalcan\u00e7\u00e1veis\u201d, salienta Renann.<\/p>\n<p>Ele ainda acrescenta: \u201ca arte muda vidas, constr\u00f3i cidad\u00e3os melhores, e o hip hop em especial tem um poder de alterar n\u00e3o s\u00f3 a perspectiva com que vemos o mundo, mas de alterar a realidade em si\u201d.<\/p><\/blockquote>\n<p>Brian Soares, canoense que est\u00e1 se formando em ballet cl\u00e1ssico na Escola Bolshoi em Joinville, e Kristian Galv\u00e3o, profissional de dan\u00e7ar \u00e1rabes canoense que reside atualmente em Salvador, na Bahia, fazem parte do elenco de bailarinos convidados ao lado de Renann Fontoura.<\/p>\n<p>Com 25 anos de experi\u00eancia em aulas de dan\u00e7a no Col\u00e9gio Rondon, a professora Tina Colares, adianta que \u00e9 uma alegria participar deste momento de celebra\u00e7\u00e3o da dan\u00e7a na escola.<\/p>\n<blockquote><p>\u201cReceber ex-alunos, reconhecidos nacionalmente e internacionalmente pelo seu talento, \u00e9 oportunizar a viv\u00eancia e a reflex\u00e3o da arte da dan\u00e7a no contexto escolar\u201d, salienta.<\/p><\/blockquote>\n<p>Para Tina \u00e9 fundamental fortalecer essa hist\u00f3ria para n\u00e3o deixar cair no esquecimento cada trajet\u00f3ria destes jovens profissionais.<\/p>\n<blockquote><p>\u201cVai ser um super encontr\u00e3o de artistas de diferentes linguagens, com apresenta\u00e7\u00f5es, oficinas gratuitas e bate-papo\u201d, adianta uma das organizadoras.<\/p><\/blockquote>\n<p>Financiado pelo Edital 282\/2023 do Programa de Incentivo \u00e0 Cultura (PIC) de Canoas, o Cultura para o Mundo conta com a produ\u00e7\u00e3o e coordena\u00e7\u00e3o art\u00edstica da bailarina Carini Pereira, que tamb\u00e9m foi aluna do Col\u00e9gio Rondon, e de Rosane Brasil, presidenta do CPM e tamb\u00e9m ex-aluna.<\/p>\n<h4>Inscri\u00e7\u00f5es abertas para oficinas de ballet cl\u00e1ssico, dan\u00e7as orientais e urbanas<\/h4>\n<p>Alunos do Col\u00e9gio Rondon e comunidade interessada podem participar das oficinas do evento Cultura para o Mundo. A programa\u00e7\u00e3o est\u00e1 agendada para o dia 5 de abril, a partir das 9h, com as modalidades de Ballet Cl\u00e1ssico, Dan\u00e7as Orientais e de Dan\u00e7as Urbanas.<\/p>\n<p>As inscri\u00e7\u00f5es s\u00e3o gratuitas e limitadas, 20 vagas cada. Interessados devem reservar a sua participa\u00e7\u00e3o formul\u00e1rio na bio @dancarondon Mais informa\u00e7\u00f5es no perfil do Instagram: @dancarondon e pelo fone: 51- 98419-3993.<\/p>\n<h4>Reflex\u00f5es sobre perspectivas e alcance da dan\u00e7a<\/h4>\n<p>Al\u00e9m de apresenta\u00e7\u00f5es de dan\u00e7a e oficinas com bailarinos convidados, o Cultura para o Mundo do Rondon prev\u00ea tamb\u00e9m uma rodada de bate-papo. No dia 6 abril, \u00e0s 15 horas, acontece uma roda de conversa que vai refletir sobre Carreira na Dan\u00e7a: perspectivas e alcance. Toda a programa\u00e7\u00e3o \u00e9 gratuita e abre as celebra\u00e7\u00f5es alusivas ao m\u00eas da dan\u00e7a, antecipando a 13\u00aa Semana da Dan\u00e7a de Canoas, que acontece de 24 a 29 de abril.<\/p>\n<h4>Cronograma do Cultura Para o Mundo:<\/h4>\n<p><strong>S\u00e1bado 5\/04<\/strong><br \/>\n9h &#8211; Oficina de Ballet Cl\u00e1ssico o profissional Brian Soares<br \/>\n10h30 &#8211; Oficina de Dan\u00e7as Orientais com o profissional Kristian Galv\u00e3o<br \/>\n12h &#8211; Oficina de Dan\u00e7as Urbanas com o profissional Renann Fontoura<\/p>\n<p>19h &#8211; In\u00edcio das apresenta\u00e7\u00f5es<br \/>\nLocal: pavilh\u00e3o do col\u00e9gio Rondon (Rua Santini Longoni, 147, bairro Marechal Rondon, em Canoas). Capacidade para um p\u00fablico de at\u00e9 400 pessoas, por ordem de chegada. Entrada gratuita.<\/p>\n<p><strong>Domingo \u2013 6 de abril<\/strong><br \/>\n15h \u2013 Bate-papo\/roda de conversas: Carreira na Dan\u00e7a: Perspectivas e Alcances.<br \/>\n16h30 &#8211; Encerramento<\/p>\n<h4>Conhe\u00e7a tr\u00eas bailarinos convidados participantes:<\/h4>\n<p><strong>Brian dos Santos<\/strong><br \/>\nBrian Gilson Soares dos Santos come\u00e7ou a dan\u00e7ar no Studio Attitude Canoas (bairro Rio Branco). Dan\u00e7ou nos espet\u00e1culos: 2016 &#8211; Volta ao Mundo \/ Dom Quixote \/ Mostra de Dan\u00e7a; 2017 Floresta encantada\/ Mostra de Dan\u00e7a e na Escola Bolshoi em Joinville dan\u00e7ou: Dom Quixote Valsa das Flores, Ciganos, Cinderella e Quebra nozes. E neste momento estuda em Joinville -SC.<\/p>\n<p><strong>Kristian Galv\u00e3o<\/strong><br \/>\nKristian Galv\u00e3o \u00e9 bailarino, core\u00f3grafo e professor de dan\u00e7as \u00e1rabes, suas atividades tiveram in\u00edcio em 1996. Em outubro de 2006, Kristian passou na avalia\u00e7\u00e3o das internacionalmente conhecidas bellydancers, Jillina e Saida e a grande bailarina eg\u00edpcia Randa Kamel, tal t\u00edtulo faz dele o \u00fanico profissional masculino de Dan\u00e7a do Ventre com o Certificado internacional Luxor. Campe\u00e3o brasileiro e Sul americano de Dan\u00e7as \u00c1rabes.<\/p>\n<p>Renann Fontoura<br \/>\nTeve seus primeiros contatos com a dan\u00e7a em 2008 no col\u00e9gio estadual Marechal Rondon. Se aprofundou nos estudos das dan\u00e7as que comp\u00f5em o termo conhecido como Dan\u00e7as Urbanas. Sempre com grande foco na investiga\u00e7\u00e3o da improvisa\u00e7\u00e3o corporal, tendo como maiores bases o HipHop Dance e algumas t\u00e9cnicas da dan\u00e7a Popping.<\/p>\n<p>Em 2014 entrou para a companhia Grupo de Rua de Niter\u00f3i (GRN), dirigida por Bruno Beltr\u00e3o, trabalhando como int\u00e9rprete nas pe\u00e7as H3 e Cracks. Em 2016, come\u00e7ou um trabalho com a companhia Francesa RAMa, dirigida por Fabrice Ramalingom, atuando como Int\u00e9rprete Criador na pe\u00e7a \u201c N\u00f3s, Tupi or not Tupi ?\u201d. Renann tamb\u00e9m j\u00e1 ministrou aulas em diferentes pa\u00edses, tais como Brasil, Col\u00f4mbia, Fran\u00e7a e Portugal.<\/p>\n","protected":false},"excerpt":{"rendered":"<p>Canoas mais uma vez vai ser palco da dan\u00e7a com participa\u00e7\u00f5es nacionais e convidado internacional. Vem a\u00ed o projeto Cultura para o Mundo, que traz diferentes linguagens coreogr\u00e1ficas nos dias 5 e 6 de abril, no Col\u00e9gio Estadual Marechal Rondon, o conhecido Col\u00e9gio Rondon. Iniciativa do C\u00edrculo de Pais e Mestre (CPM) da institui\u00e7\u00e3o de [&hellip;]<\/p>\n","protected":false},"author":2,"featured_media":34369,"comment_status":"open","ping_status":"open","sticky":false,"template":"","format":"standard","meta":{"amp_status":"","footnotes":""},"categories":[76],"tags":[31,1125,116,1340,1646],"class_list":["post-34368","post","type-post","status-publish","format-standard","has-post-thumbnail","hentry","category-cultura","tag-canoas","tag-copa-do-mundo-2023","tag-cultura","tag-danca","tag-mundo"],"yoast_head":"<!-- This site is optimized with the Yoast SEO plugin v20.5 - https:\/\/yoast.com\/wordpress\/plugins\/seo\/ -->\n<title>Educa\u00e7\u00e3o de m\u00e3os dadas com a dan\u00e7a: Cultura para o Mundo vai reunir apresenta\u00e7\u00f5es, oficinas e bate-papo - O Timoneiro Jornal Canoas RS<\/title>\n<meta name=\"description\" content=\"Canoas mais uma vez vai ser palco da dan\u00e7a com participa\u00e7\u00f5es nacionais e convidado internacional. Vem a\u00ed o projeto Cultura para o Mundo\" \/>\n<meta name=\"robots\" content=\"index, follow, max-snippet:-1, max-image-preview:large, max-video-preview:-1\" \/>\n<link rel=\"canonical\" href=\"https:\/\/jornaltimoneiro.com.br\/index.php\/2025\/03\/25\/educacao-de-maos-dadas-com-a-danca-cultura-para-o-mundo-vai-reunir-apresentacoes-oficinas-e-bate-papo\/\" \/>\n<meta property=\"og:locale\" content=\"pt_BR\" \/>\n<meta property=\"og:type\" content=\"article\" \/>\n<meta property=\"og:title\" content=\"Educa\u00e7\u00e3o de m\u00e3os dadas com a dan\u00e7a: Cultura para o Mundo vai reunir apresenta\u00e7\u00f5es, oficinas e bate-papo - O Timoneiro Jornal Canoas RS\" \/>\n<meta property=\"og:description\" content=\"Canoas mais uma vez vai ser palco da dan\u00e7a com participa\u00e7\u00f5es nacionais e convidado internacional. Vem a\u00ed o projeto Cultura para o Mundo\" \/>\n<meta property=\"og:url\" content=\"https:\/\/jornaltimoneiro.com.br\/index.php\/2025\/03\/25\/educacao-de-maos-dadas-com-a-danca-cultura-para-o-mundo-vai-reunir-apresentacoes-oficinas-e-bate-papo\/\" \/>\n<meta property=\"og:site_name\" content=\"O Timoneiro Jornal Canoas RS\" \/>\n<meta property=\"article:publisher\" content=\"https:\/\/www.facebook.com\/jornaltimoneiro\" \/>\n<meta property=\"article:published_time\" content=\"2025-03-25T17:15:15+00:00\" \/>\n<meta property=\"og:image\" content=\"https:\/\/jornaltimoneiro.com.br\/wp-content\/uploads\/2025\/03\/Educacao-de-maos-dadas-com-a-danca-Cultura-para-o-Mundo-vai-reunir-apresentacoes-oficinas-e-bate-papo.jpeg\" \/>\n\t<meta property=\"og:image:width\" content=\"1064\" \/>\n\t<meta property=\"og:image:height\" content=\"972\" \/>\n\t<meta property=\"og:image:type\" content=\"image\/jpeg\" \/>\n<meta name=\"author\" content=\"Reda\u00e7\u00e3o\" \/>\n<meta name=\"twitter:card\" content=\"summary_large_image\" \/>\n<meta name=\"twitter:creator\" content=\"@_OTimoneiro\" \/>\n<meta name=\"twitter:site\" content=\"@_OTimoneiro\" \/>\n<meta name=\"twitter:label1\" content=\"Escrito por\" \/>\n\t<meta name=\"twitter:data1\" content=\"Reda\u00e7\u00e3o\" \/>\n\t<meta name=\"twitter:label2\" content=\"Est. tempo de leitura\" \/>\n\t<meta name=\"twitter:data2\" content=\"6 minutos\" \/>\n<script type=\"application\/ld+json\" class=\"yoast-schema-graph\">{\"@context\":\"https:\/\/schema.org\",\"@graph\":[{\"@type\":\"Article\",\"@id\":\"https:\/\/jornaltimoneiro.com.br\/index.php\/2025\/03\/25\/educacao-de-maos-dadas-com-a-danca-cultura-para-o-mundo-vai-reunir-apresentacoes-oficinas-e-bate-papo\/#article\",\"isPartOf\":{\"@id\":\"https:\/\/jornaltimoneiro.com.br\/index.php\/2025\/03\/25\/educacao-de-maos-dadas-com-a-danca-cultura-para-o-mundo-vai-reunir-apresentacoes-oficinas-e-bate-papo\/\"},\"author\":{\"name\":\"Reda\u00e7\u00e3o\",\"@id\":\"https:\/\/jornaltimoneiro.com.br\/#\/schema\/person\/f63482f1a02b1a9592707865e509ab40\"},\"headline\":\"Educa\u00e7\u00e3o de m\u00e3os dadas com a dan\u00e7a: Cultura para o Mundo vai reunir apresenta\u00e7\u00f5es, oficinas e bate-papo\",\"datePublished\":\"2025-03-25T17:15:15+00:00\",\"dateModified\":\"2025-03-25T17:15:15+00:00\",\"mainEntityOfPage\":{\"@id\":\"https:\/\/jornaltimoneiro.com.br\/index.php\/2025\/03\/25\/educacao-de-maos-dadas-com-a-danca-cultura-para-o-mundo-vai-reunir-apresentacoes-oficinas-e-bate-papo\/\"},\"wordCount\":1082,\"commentCount\":0,\"publisher\":{\"@id\":\"https:\/\/jornaltimoneiro.com.br\/#organization\"},\"keywords\":[\"canoas\",\"copa do mundo 2023\",\"cultura\",\"dan\u00e7a\",\"mundo\"],\"articleSection\":[\"Cultura\"],\"inLanguage\":\"pt-BR\",\"potentialAction\":[{\"@type\":\"CommentAction\",\"name\":\"Comment\",\"target\":[\"https:\/\/jornaltimoneiro.com.br\/index.php\/2025\/03\/25\/educacao-de-maos-dadas-com-a-danca-cultura-para-o-mundo-vai-reunir-apresentacoes-oficinas-e-bate-papo\/#respond\"]}]},{\"@type\":\"WebPage\",\"@id\":\"https:\/\/jornaltimoneiro.com.br\/index.php\/2025\/03\/25\/educacao-de-maos-dadas-com-a-danca-cultura-para-o-mundo-vai-reunir-apresentacoes-oficinas-e-bate-papo\/\",\"url\":\"https:\/\/jornaltimoneiro.com.br\/index.php\/2025\/03\/25\/educacao-de-maos-dadas-com-a-danca-cultura-para-o-mundo-vai-reunir-apresentacoes-oficinas-e-bate-papo\/\",\"name\":\"Educa\u00e7\u00e3o de m\u00e3os dadas com a dan\u00e7a: Cultura para o Mundo vai reunir apresenta\u00e7\u00f5es, oficinas e bate-papo - O Timoneiro Jornal Canoas RS\",\"isPartOf\":{\"@id\":\"https:\/\/jornaltimoneiro.com.br\/#website\"},\"datePublished\":\"2025-03-25T17:15:15+00:00\",\"dateModified\":\"2025-03-25T17:15:15+00:00\",\"description\":\"Canoas mais uma vez vai ser palco da dan\u00e7a com participa\u00e7\u00f5es nacionais e convidado internacional. Vem a\u00ed o projeto Cultura para o Mundo\",\"breadcrumb\":{\"@id\":\"https:\/\/jornaltimoneiro.com.br\/index.php\/2025\/03\/25\/educacao-de-maos-dadas-com-a-danca-cultura-para-o-mundo-vai-reunir-apresentacoes-oficinas-e-bate-papo\/#breadcrumb\"},\"inLanguage\":\"pt-BR\",\"potentialAction\":[{\"@type\":\"ReadAction\",\"target\":[\"https:\/\/jornaltimoneiro.com.br\/index.php\/2025\/03\/25\/educacao-de-maos-dadas-com-a-danca-cultura-para-o-mundo-vai-reunir-apresentacoes-oficinas-e-bate-papo\/\"]}]},{\"@type\":\"BreadcrumbList\",\"@id\":\"https:\/\/jornaltimoneiro.com.br\/index.php\/2025\/03\/25\/educacao-de-maos-dadas-com-a-danca-cultura-para-o-mundo-vai-reunir-apresentacoes-oficinas-e-bate-papo\/#breadcrumb\",\"itemListElement\":[{\"@type\":\"ListItem\",\"position\":1,\"name\":\"In\u00edcio\",\"item\":\"https:\/\/jornaltimoneiro.com.br\/\"},{\"@type\":\"ListItem\",\"position\":2,\"name\":\"Educa\u00e7\u00e3o de m\u00e3os dadas com a dan\u00e7a: Cultura para o Mundo vai reunir apresenta\u00e7\u00f5es, oficinas e bate-papo\"}]},{\"@type\":\"WebSite\",\"@id\":\"https:\/\/jornaltimoneiro.com.br\/#website\",\"url\":\"https:\/\/jornaltimoneiro.com.br\/\",\"name\":\"Jornal Timoneiro Canoas RS\",\"description\":\"Jornal O Timoneiro, o verdadeiro jornal de Canoas\",\"publisher\":{\"@id\":\"https:\/\/jornaltimoneiro.com.br\/#organization\"},\"potentialAction\":[{\"@type\":\"SearchAction\",\"target\":{\"@type\":\"EntryPoint\",\"urlTemplate\":\"https:\/\/jornaltimoneiro.com.br\/?s={search_term_string}\"},\"query-input\":\"required name=search_term_string\"}],\"inLanguage\":\"pt-BR\"},{\"@type\":\"Organization\",\"@id\":\"https:\/\/jornaltimoneiro.com.br\/#organization\",\"name\":\"Jornal Timoneiro Canoas RS\",\"url\":\"https:\/\/jornaltimoneiro.com.br\/\",\"logo\":{\"@type\":\"ImageObject\",\"inLanguage\":\"pt-BR\",\"@id\":\"https:\/\/jornaltimoneiro.com.br\/#\/schema\/logo\/image\/\",\"url\":\"https:\/\/jornaltimoneiro.com.br\/wp-content\/uploads\/2023\/03\/logonovo.png\",\"contentUrl\":\"https:\/\/jornaltimoneiro.com.br\/wp-content\/uploads\/2023\/03\/logonovo.png\",\"width\":\"469\",\"height\":\"171\",\"caption\":\"Jornal Timoneiro Canoas RS\"},\"image\":{\"@id\":\"https:\/\/jornaltimoneiro.com.br\/#\/schema\/logo\/image\/\"},\"sameAs\":[\"https:\/\/www.facebook.com\/jornaltimoneiro\",\"https:\/\/twitter.com\/_OTimoneiro\",\"https:\/\/www.instagram.com\/jornaltimoneirocanoas\/\",\"https:\/\/www.youtube.com\/@jornalotimoneiro7927\"]},{\"@type\":\"Person\",\"@id\":\"https:\/\/jornaltimoneiro.com.br\/#\/schema\/person\/f63482f1a02b1a9592707865e509ab40\",\"name\":\"Reda\u00e7\u00e3o\",\"image\":{\"@type\":\"ImageObject\",\"inLanguage\":\"pt-BR\",\"@id\":\"https:\/\/jornaltimoneiro.com.br\/#\/schema\/person\/image\/\",\"url\":\"https:\/\/jornaltimoneiro.com.br\/wp-content\/uploads\/2023\/03\/download.jpeg\",\"contentUrl\":\"https:\/\/jornaltimoneiro.com.br\/wp-content\/uploads\/2023\/03\/download.jpeg\",\"caption\":\"Reda\u00e7\u00e3o\"},\"url\":\"https:\/\/jornaltimoneiro.com.br\/index.php\/author\/simone-dutra\/\"}]}<\/script>\n<!-- \/ Yoast SEO plugin. -->","yoast_head_json":{"title":"Educa\u00e7\u00e3o de m\u00e3os dadas com a dan\u00e7a: Cultura para o Mundo vai reunir apresenta\u00e7\u00f5es, oficinas e bate-papo - O Timoneiro Jornal Canoas RS","description":"Canoas mais uma vez vai ser palco da dan\u00e7a com participa\u00e7\u00f5es nacionais e convidado internacional. Vem a\u00ed o projeto Cultura para o Mundo","robots":{"index":"index","follow":"follow","max-snippet":"max-snippet:-1","max-image-preview":"max-image-preview:large","max-video-preview":"max-video-preview:-1"},"canonical":"https:\/\/jornaltimoneiro.com.br\/index.php\/2025\/03\/25\/educacao-de-maos-dadas-com-a-danca-cultura-para-o-mundo-vai-reunir-apresentacoes-oficinas-e-bate-papo\/","og_locale":"pt_BR","og_type":"article","og_title":"Educa\u00e7\u00e3o de m\u00e3os dadas com a dan\u00e7a: Cultura para o Mundo vai reunir apresenta\u00e7\u00f5es, oficinas e bate-papo - O Timoneiro Jornal Canoas RS","og_description":"Canoas mais uma vez vai ser palco da dan\u00e7a com participa\u00e7\u00f5es nacionais e convidado internacional. Vem a\u00ed o projeto Cultura para o Mundo","og_url":"https:\/\/jornaltimoneiro.com.br\/index.php\/2025\/03\/25\/educacao-de-maos-dadas-com-a-danca-cultura-para-o-mundo-vai-reunir-apresentacoes-oficinas-e-bate-papo\/","og_site_name":"O Timoneiro Jornal Canoas RS","article_publisher":"https:\/\/www.facebook.com\/jornaltimoneiro","article_published_time":"2025-03-25T17:15:15+00:00","og_image":[{"width":"1064","height":"972","url":"https:\/\/jornaltimoneiro.com.br\/wp-content\/uploads\/2025\/03\/Educacao-de-maos-dadas-com-a-danca-Cultura-para-o-Mundo-vai-reunir-apresentacoes-oficinas-e-bate-papo.jpeg","type":"image\/jpeg"}],"author":"Reda\u00e7\u00e3o","twitter_card":"summary_large_image","twitter_creator":"@_OTimoneiro","twitter_site":"@_OTimoneiro","twitter_misc":{"Escrito por":"Reda\u00e7\u00e3o","Est. tempo de leitura":"6 minutos"},"schema":{"@context":"https:\/\/schema.org","@graph":[{"@type":"Article","@id":"https:\/\/jornaltimoneiro.com.br\/index.php\/2025\/03\/25\/educacao-de-maos-dadas-com-a-danca-cultura-para-o-mundo-vai-reunir-apresentacoes-oficinas-e-bate-papo\/#article","isPartOf":{"@id":"https:\/\/jornaltimoneiro.com.br\/index.php\/2025\/03\/25\/educacao-de-maos-dadas-com-a-danca-cultura-para-o-mundo-vai-reunir-apresentacoes-oficinas-e-bate-papo\/"},"author":{"name":"Reda\u00e7\u00e3o","@id":"https:\/\/jornaltimoneiro.com.br\/#\/schema\/person\/f63482f1a02b1a9592707865e509ab40"},"headline":"Educa\u00e7\u00e3o de m\u00e3os dadas com a dan\u00e7a: Cultura para o Mundo vai reunir apresenta\u00e7\u00f5es, oficinas e bate-papo","datePublished":"2025-03-25T17:15:15+00:00","dateModified":"2025-03-25T17:15:15+00:00","mainEntityOfPage":{"@id":"https:\/\/jornaltimoneiro.com.br\/index.php\/2025\/03\/25\/educacao-de-maos-dadas-com-a-danca-cultura-para-o-mundo-vai-reunir-apresentacoes-oficinas-e-bate-papo\/"},"wordCount":1082,"commentCount":0,"publisher":{"@id":"https:\/\/jornaltimoneiro.com.br\/#organization"},"keywords":["canoas","copa do mundo 2023","cultura","dan\u00e7a","mundo"],"articleSection":["Cultura"],"inLanguage":"pt-BR","potentialAction":[{"@type":"CommentAction","name":"Comment","target":["https:\/\/jornaltimoneiro.com.br\/index.php\/2025\/03\/25\/educacao-de-maos-dadas-com-a-danca-cultura-para-o-mundo-vai-reunir-apresentacoes-oficinas-e-bate-papo\/#respond"]}]},{"@type":"WebPage","@id":"https:\/\/jornaltimoneiro.com.br\/index.php\/2025\/03\/25\/educacao-de-maos-dadas-com-a-danca-cultura-para-o-mundo-vai-reunir-apresentacoes-oficinas-e-bate-papo\/","url":"https:\/\/jornaltimoneiro.com.br\/index.php\/2025\/03\/25\/educacao-de-maos-dadas-com-a-danca-cultura-para-o-mundo-vai-reunir-apresentacoes-oficinas-e-bate-papo\/","name":"Educa\u00e7\u00e3o de m\u00e3os dadas com a dan\u00e7a: Cultura para o Mundo vai reunir apresenta\u00e7\u00f5es, oficinas e bate-papo - O Timoneiro Jornal Canoas RS","isPartOf":{"@id":"https:\/\/jornaltimoneiro.com.br\/#website"},"datePublished":"2025-03-25T17:15:15+00:00","dateModified":"2025-03-25T17:15:15+00:00","description":"Canoas mais uma vez vai ser palco da dan\u00e7a com participa\u00e7\u00f5es nacionais e convidado internacional. Vem a\u00ed o projeto Cultura para o Mundo","breadcrumb":{"@id":"https:\/\/jornaltimoneiro.com.br\/index.php\/2025\/03\/25\/educacao-de-maos-dadas-com-a-danca-cultura-para-o-mundo-vai-reunir-apresentacoes-oficinas-e-bate-papo\/#breadcrumb"},"inLanguage":"pt-BR","potentialAction":[{"@type":"ReadAction","target":["https:\/\/jornaltimoneiro.com.br\/index.php\/2025\/03\/25\/educacao-de-maos-dadas-com-a-danca-cultura-para-o-mundo-vai-reunir-apresentacoes-oficinas-e-bate-papo\/"]}]},{"@type":"BreadcrumbList","@id":"https:\/\/jornaltimoneiro.com.br\/index.php\/2025\/03\/25\/educacao-de-maos-dadas-com-a-danca-cultura-para-o-mundo-vai-reunir-apresentacoes-oficinas-e-bate-papo\/#breadcrumb","itemListElement":[{"@type":"ListItem","position":1,"name":"In\u00edcio","item":"https:\/\/jornaltimoneiro.com.br\/"},{"@type":"ListItem","position":2,"name":"Educa\u00e7\u00e3o de m\u00e3os dadas com a dan\u00e7a: Cultura para o Mundo vai reunir apresenta\u00e7\u00f5es, oficinas e bate-papo"}]},{"@type":"WebSite","@id":"https:\/\/jornaltimoneiro.com.br\/#website","url":"https:\/\/jornaltimoneiro.com.br\/","name":"Jornal Timoneiro Canoas RS","description":"Jornal O Timoneiro, o verdadeiro jornal de Canoas","publisher":{"@id":"https:\/\/jornaltimoneiro.com.br\/#organization"},"potentialAction":[{"@type":"SearchAction","target":{"@type":"EntryPoint","urlTemplate":"https:\/\/jornaltimoneiro.com.br\/?s={search_term_string}"},"query-input":"required name=search_term_string"}],"inLanguage":"pt-BR"},{"@type":"Organization","@id":"https:\/\/jornaltimoneiro.com.br\/#organization","name":"Jornal Timoneiro Canoas RS","url":"https:\/\/jornaltimoneiro.com.br\/","logo":{"@type":"ImageObject","inLanguage":"pt-BR","@id":"https:\/\/jornaltimoneiro.com.br\/#\/schema\/logo\/image\/","url":"https:\/\/jornaltimoneiro.com.br\/wp-content\/uploads\/2023\/03\/logonovo.png","contentUrl":"https:\/\/jornaltimoneiro.com.br\/wp-content\/uploads\/2023\/03\/logonovo.png","width":"469","height":"171","caption":"Jornal Timoneiro Canoas RS"},"image":{"@id":"https:\/\/jornaltimoneiro.com.br\/#\/schema\/logo\/image\/"},"sameAs":["https:\/\/www.facebook.com\/jornaltimoneiro","https:\/\/twitter.com\/_OTimoneiro","https:\/\/www.instagram.com\/jornaltimoneirocanoas\/","https:\/\/www.youtube.com\/@jornalotimoneiro7927"]},{"@type":"Person","@id":"https:\/\/jornaltimoneiro.com.br\/#\/schema\/person\/f63482f1a02b1a9592707865e509ab40","name":"Reda\u00e7\u00e3o","image":{"@type":"ImageObject","inLanguage":"pt-BR","@id":"https:\/\/jornaltimoneiro.com.br\/#\/schema\/person\/image\/","url":"https:\/\/jornaltimoneiro.com.br\/wp-content\/uploads\/2023\/03\/download.jpeg","contentUrl":"https:\/\/jornaltimoneiro.com.br\/wp-content\/uploads\/2023\/03\/download.jpeg","caption":"Reda\u00e7\u00e3o"},"url":"https:\/\/jornaltimoneiro.com.br\/index.php\/author\/simone-dutra\/"}]}},"_links":{"self":[{"href":"https:\/\/jornaltimoneiro.com.br\/index.php\/wp-json\/wp\/v2\/posts\/34368"}],"collection":[{"href":"https:\/\/jornaltimoneiro.com.br\/index.php\/wp-json\/wp\/v2\/posts"}],"about":[{"href":"https:\/\/jornaltimoneiro.com.br\/index.php\/wp-json\/wp\/v2\/types\/post"}],"author":[{"embeddable":true,"href":"https:\/\/jornaltimoneiro.com.br\/index.php\/wp-json\/wp\/v2\/users\/2"}],"replies":[{"embeddable":true,"href":"https:\/\/jornaltimoneiro.com.br\/index.php\/wp-json\/wp\/v2\/comments?post=34368"}],"version-history":[{"count":1,"href":"https:\/\/jornaltimoneiro.com.br\/index.php\/wp-json\/wp\/v2\/posts\/34368\/revisions"}],"predecessor-version":[{"id":34370,"href":"https:\/\/jornaltimoneiro.com.br\/index.php\/wp-json\/wp\/v2\/posts\/34368\/revisions\/34370"}],"wp:featuredmedia":[{"embeddable":true,"href":"https:\/\/jornaltimoneiro.com.br\/index.php\/wp-json\/wp\/v2\/media\/34369"}],"wp:attachment":[{"href":"https:\/\/jornaltimoneiro.com.br\/index.php\/wp-json\/wp\/v2\/media?parent=34368"}],"wp:term":[{"taxonomy":"category","embeddable":true,"href":"https:\/\/jornaltimoneiro.com.br\/index.php\/wp-json\/wp\/v2\/categories?post=34368"},{"taxonomy":"post_tag","embeddable":true,"href":"https:\/\/jornaltimoneiro.com.br\/index.php\/wp-json\/wp\/v2\/tags?post=34368"}],"curies":[{"name":"wp","href":"https:\/\/api.w.org\/{rel}","templated":true}]}}