{"id":34365,"date":"2025-03-25T14:09:22","date_gmt":"2025-03-25T17:09:22","guid":{"rendered":"https:\/\/jornaltimoneiro.com.br\/?p=34365"},"modified":"2025-03-25T14:09:22","modified_gmt":"2025-03-25T17:09:22","slug":"semana-de-economia-solidaria-acontece-no-calcadao-de-canoas-confira-programacao","status":"publish","type":"post","link":"https:\/\/jornaltimoneiro.com.br\/index.php\/2025\/03\/25\/semana-de-economia-solidaria-acontece-no-calcadao-de-canoas-confira-programacao\/","title":{"rendered":"Semana de Economia Solid\u00e1ria acontece no Cal\u00e7ad\u00e3o de Canoas; confira programa\u00e7\u00e3o"},"content":{"rendered":"<p>A Prefeitura de Canoas, por meio da Secretaria Municipal de Desenvolvimento Econ\u00f4mico e Inova\u00e7\u00e3o (SMDEI), promove a Semana de Economia Solid\u00e1ria. A programa\u00e7\u00e3o teve in\u00edcio na tarde de segunda-feira, 24, no Cal\u00e7ad\u00e3o do Centro, com a divulga\u00e7\u00e3o e exposi\u00e7\u00e3o de produtos da Ecosol.<\/p>\n<p>Ainda foram entregues mimos \u00e0 comunidade que transitava naquela regi\u00e3o da cidade. A iniciativa possui ainda duas palestras agendadas \u2013 uma delas sobre Comunica\u00e7\u00e3o e Vendas, na ter\u00e7a; e outra de Empreendedorismo Digital, na quarta-feira. O \u00faltimo dia de programa\u00e7\u00e3o ocorre na quinta-feira (27) com roda de conversa e entrega de certificado de participa\u00e7\u00e3o \u2013 mediante 75% de frequ\u00eancia nos eventos com folha de presen\u00e7a assinada.<\/p>\n<p>O secret\u00e1rio adjunto da SMDEI, Odavir de Melo J\u00fanior, o Juninho, destaca a import\u00e2ncia da programa\u00e7\u00e3o.<\/p>\n<blockquote><p>\u201cA Semana da Economia Solid\u00e1ria \u00e9 um evento que visa incentivar, capacitar e fomentar o empreendedorismo, promover a inclus\u00e3o social, gerar emprego e renda, assim como fortalecer e dinamizar a economia popular e solid\u00e1ria. Uma forma de fomento e com o objetivo de levar a todos os canoenses essa nossa cultura, que \u00e9 de um trabalho t\u00e3o \u00fanico e singular das artes\u00e3s e tamb\u00e9m das cozinheiras da Economia Solid\u00e1ria\u201d, disse.<\/p><\/blockquote>\n<h4>Programa\u00e7\u00e3o:<\/h4>\n<p>Segunda-feira (24)<br \/>\n14h \u00e0s 17h \u2013 Divulga\u00e7\u00e3o da ECOSOL e exposi\u00e7\u00e3o dos produtos, e distribui\u00e7\u00e3o de mimos<br \/>\nLocal: Cal\u00e7ad\u00e3o<\/p>\n<p><strong>Ter\u00e7a-feira (25)<\/strong><br \/>\n15h \u2013 Palestra Venda com arte \u2013 Dominando a comunica\u00e7\u00e3o nas vendas de artesanato.<br \/>\nPalestrante: C\u00edntia Miguel Kaefer<br \/>\nLocal: Biblioteca Unilasalle, no 4\u00ba andar<\/p>\n<p><strong>Quarta-feira (26)<\/strong>:<br \/>\n15h \u2013 Recep\u00e7\u00e3o: caf\u00e9 e bolachas<br \/>\n16h \u2013 Palestra: Empreendedorismo Digital<br \/>\nPalestrante: Lucas Vital.<br \/>\nLocal: Uniasselvi (Polo Cal\u00e7ad\u00e3o)<br \/>\nCom certificado e sorteio de brindes<\/p>\n<p><strong>Quinta-feira (27):<\/strong><br \/>\n14h \u2013 Roda de Conversa. Liga do C\u00e2ncer de Mama de Canoas e da Economia Solid\u00e1ria.<br \/>\nEntrega de certificado de participa\u00e7\u00e3o na Semana.<br \/>\n15h \u2013 Encerramento da Semana da Economia Solid\u00e1ria de Canoas e coffee break<br \/>\nLocal: Audit\u00f3rio Sady Schwitz (Prefeitura)<\/p>\n","protected":false},"excerpt":{"rendered":"<p>A Prefeitura de Canoas, por meio da Secretaria Municipal de Desenvolvimento Econ\u00f4mico e Inova\u00e7\u00e3o (SMDEI), promove a Semana de Economia Solid\u00e1ria. A programa\u00e7\u00e3o teve in\u00edcio na tarde de segunda-feira, 24, no Cal\u00e7ad\u00e3o do Centro, com a divulga\u00e7\u00e3o e exposi\u00e7\u00e3o de produtos da Ecosol. Ainda foram entregues mimos \u00e0 comunidade que transitava naquela regi\u00e3o da cidade. [&hellip;]<\/p>\n","protected":false},"author":2,"featured_media":34366,"comment_status":"open","ping_status":"open","sticky":false,"template":"","format":"standard","meta":{"amp_status":"","footnotes":""},"categories":[1854],"tags":[1198,1480,31,4091,190,4092],"class_list":["post-34365","post","type-post","status-publish","format-standard","has-post-thumbnail","hentry","category-economia","tag-artesanato","tag-calcadao","tag-canoas","tag-e3conomia-solidaria","tag-featured","tag-secretaria-municipal-de-desenvolvimento-economico"],"yoast_head":"<!-- This site is optimized with the Yoast SEO plugin v20.5 - https:\/\/yoast.com\/wordpress\/plugins\/seo\/ -->\n<title>Semana de Economia Solid\u00e1ria acontece no Cal\u00e7ad\u00e3o de Canoas; confira programa\u00e7\u00e3o - O Timoneiro Jornal Canoas RS<\/title>\n<meta name=\"description\" content=\"A Prefeitura de Canoas, por meio da Secretaria Municipal de Desenvolvimento Econ\u00f4mico e Inova\u00e7\u00e3o promove a Semana de Economia Solid\u00e1ria\" \/>\n<meta name=\"robots\" content=\"index, follow, max-snippet:-1, max-image-preview:large, max-video-preview:-1\" \/>\n<link rel=\"canonical\" href=\"https:\/\/jornaltimoneiro.com.br\/index.php\/2025\/03\/25\/semana-de-economia-solidaria-acontece-no-calcadao-de-canoas-confira-programacao\/\" \/>\n<meta property=\"og:locale\" content=\"pt_BR\" \/>\n<meta property=\"og:type\" content=\"article\" \/>\n<meta property=\"og:title\" content=\"Semana de Economia Solid\u00e1ria acontece no Cal\u00e7ad\u00e3o de Canoas; confira programa\u00e7\u00e3o - O Timoneiro Jornal Canoas RS\" \/>\n<meta property=\"og:description\" content=\"A Prefeitura de Canoas, por meio da Secretaria Municipal de Desenvolvimento Econ\u00f4mico e Inova\u00e7\u00e3o promove a Semana de Economia Solid\u00e1ria\" \/>\n<meta property=\"og:url\" content=\"https:\/\/jornaltimoneiro.com.br\/index.php\/2025\/03\/25\/semana-de-economia-solidaria-acontece-no-calcadao-de-canoas-confira-programacao\/\" \/>\n<meta property=\"og:site_name\" content=\"O Timoneiro Jornal Canoas RS\" \/>\n<meta property=\"article:publisher\" content=\"https:\/\/www.facebook.com\/jornaltimoneiro\" \/>\n<meta property=\"article:published_time\" content=\"2025-03-25T17:09:22+00:00\" \/>\n<meta property=\"og:image\" content=\"https:\/\/jornaltimoneiro.com.br\/wp-content\/uploads\/2025\/03\/Semana-de-Economia-Solidaria-acontece-no-Calcadao-de-Canoas-confira-programacao.jpg\" \/>\n\t<meta property=\"og:image:width\" content=\"1080\" \/>\n\t<meta property=\"og:image:height\" content=\"607\" \/>\n\t<meta property=\"og:image:type\" content=\"image\/jpeg\" \/>\n<meta name=\"author\" content=\"Reda\u00e7\u00e3o\" \/>\n<meta name=\"twitter:card\" content=\"summary_large_image\" \/>\n<meta name=\"twitter:creator\" content=\"@_OTimoneiro\" \/>\n<meta name=\"twitter:site\" content=\"@_OTimoneiro\" \/>\n<meta name=\"twitter:label1\" content=\"Escrito por\" \/>\n\t<meta name=\"twitter:data1\" content=\"Reda\u00e7\u00e3o\" \/>\n\t<meta name=\"twitter:label2\" content=\"Est. tempo de leitura\" \/>\n\t<meta name=\"twitter:data2\" content=\"2 minutos\" \/>\n<script type=\"application\/ld+json\" class=\"yoast-schema-graph\">{\"@context\":\"https:\/\/schema.org\",\"@graph\":[{\"@type\":\"Article\",\"@id\":\"https:\/\/jornaltimoneiro.com.br\/index.php\/2025\/03\/25\/semana-de-economia-solidaria-acontece-no-calcadao-de-canoas-confira-programacao\/#article\",\"isPartOf\":{\"@id\":\"https:\/\/jornaltimoneiro.com.br\/index.php\/2025\/03\/25\/semana-de-economia-solidaria-acontece-no-calcadao-de-canoas-confira-programacao\/\"},\"author\":{\"name\":\"Reda\u00e7\u00e3o\",\"@id\":\"https:\/\/jornaltimoneiro.com.br\/#\/schema\/person\/f63482f1a02b1a9592707865e509ab40\"},\"headline\":\"Semana de Economia Solid\u00e1ria acontece no Cal\u00e7ad\u00e3o de Canoas; confira programa\u00e7\u00e3o\",\"datePublished\":\"2025-03-25T17:09:22+00:00\",\"dateModified\":\"2025-03-25T17:09:22+00:00\",\"mainEntityOfPage\":{\"@id\":\"https:\/\/jornaltimoneiro.com.br\/index.php\/2025\/03\/25\/semana-de-economia-solidaria-acontece-no-calcadao-de-canoas-confira-programacao\/\"},\"wordCount\":349,\"commentCount\":0,\"publisher\":{\"@id\":\"https:\/\/jornaltimoneiro.com.br\/#organization\"},\"keywords\":[\"artesanato\",\"cal\u00e7ad\u00e3o\",\"canoas\",\"e3conomia solid\u00e1ria\",\"featured\",\"secretaria municipal de desenvolvimento econ\u00f4mico\"],\"articleSection\":[\"Economia\"],\"inLanguage\":\"pt-BR\",\"potentialAction\":[{\"@type\":\"CommentAction\",\"name\":\"Comment\",\"target\":[\"https:\/\/jornaltimoneiro.com.br\/index.php\/2025\/03\/25\/semana-de-economia-solidaria-acontece-no-calcadao-de-canoas-confira-programacao\/#respond\"]}]},{\"@type\":\"WebPage\",\"@id\":\"https:\/\/jornaltimoneiro.com.br\/index.php\/2025\/03\/25\/semana-de-economia-solidaria-acontece-no-calcadao-de-canoas-confira-programacao\/\",\"url\":\"https:\/\/jornaltimoneiro.com.br\/index.php\/2025\/03\/25\/semana-de-economia-solidaria-acontece-no-calcadao-de-canoas-confira-programacao\/\",\"name\":\"Semana de Economia Solid\u00e1ria acontece no Cal\u00e7ad\u00e3o de Canoas; confira programa\u00e7\u00e3o - O Timoneiro Jornal Canoas RS\",\"isPartOf\":{\"@id\":\"https:\/\/jornaltimoneiro.com.br\/#website\"},\"datePublished\":\"2025-03-25T17:09:22+00:00\",\"dateModified\":\"2025-03-25T17:09:22+00:00\",\"description\":\"A Prefeitura de Canoas, por meio da Secretaria Municipal de Desenvolvimento Econ\u00f4mico e Inova\u00e7\u00e3o promove a Semana de Economia Solid\u00e1ria\",\"breadcrumb\":{\"@id\":\"https:\/\/jornaltimoneiro.com.br\/index.php\/2025\/03\/25\/semana-de-economia-solidaria-acontece-no-calcadao-de-canoas-confira-programacao\/#breadcrumb\"},\"inLanguage\":\"pt-BR\",\"potentialAction\":[{\"@type\":\"ReadAction\",\"target\":[\"https:\/\/jornaltimoneiro.com.br\/index.php\/2025\/03\/25\/semana-de-economia-solidaria-acontece-no-calcadao-de-canoas-confira-programacao\/\"]}]},{\"@type\":\"BreadcrumbList\",\"@id\":\"https:\/\/jornaltimoneiro.com.br\/index.php\/2025\/03\/25\/semana-de-economia-solidaria-acontece-no-calcadao-de-canoas-confira-programacao\/#breadcrumb\",\"itemListElement\":[{\"@type\":\"ListItem\",\"position\":1,\"name\":\"In\u00edcio\",\"item\":\"https:\/\/jornaltimoneiro.com.br\/\"},{\"@type\":\"ListItem\",\"position\":2,\"name\":\"Semana de Economia Solid\u00e1ria acontece no Cal\u00e7ad\u00e3o de Canoas; confira programa\u00e7\u00e3o\"}]},{\"@type\":\"WebSite\",\"@id\":\"https:\/\/jornaltimoneiro.com.br\/#website\",\"url\":\"https:\/\/jornaltimoneiro.com.br\/\",\"name\":\"Jornal Timoneiro Canoas RS\",\"description\":\"Jornal O Timoneiro, o verdadeiro jornal de Canoas\",\"publisher\":{\"@id\":\"https:\/\/jornaltimoneiro.com.br\/#organization\"},\"potentialAction\":[{\"@type\":\"SearchAction\",\"target\":{\"@type\":\"EntryPoint\",\"urlTemplate\":\"https:\/\/jornaltimoneiro.com.br\/?s={search_term_string}\"},\"query-input\":\"required name=search_term_string\"}],\"inLanguage\":\"pt-BR\"},{\"@type\":\"Organization\",\"@id\":\"https:\/\/jornaltimoneiro.com.br\/#organization\",\"name\":\"Jornal Timoneiro Canoas RS\",\"url\":\"https:\/\/jornaltimoneiro.com.br\/\",\"logo\":{\"@type\":\"ImageObject\",\"inLanguage\":\"pt-BR\",\"@id\":\"https:\/\/jornaltimoneiro.com.br\/#\/schema\/logo\/image\/\",\"url\":\"https:\/\/jornaltimoneiro.com.br\/wp-content\/uploads\/2023\/03\/logonovo.png\",\"contentUrl\":\"https:\/\/jornaltimoneiro.com.br\/wp-content\/uploads\/2023\/03\/logonovo.png\",\"width\":\"469\",\"height\":\"171\",\"caption\":\"Jornal Timoneiro Canoas RS\"},\"image\":{\"@id\":\"https:\/\/jornaltimoneiro.com.br\/#\/schema\/logo\/image\/\"},\"sameAs\":[\"https:\/\/www.facebook.com\/jornaltimoneiro\",\"https:\/\/twitter.com\/_OTimoneiro\",\"https:\/\/www.instagram.com\/jornaltimoneirocanoas\/\",\"https:\/\/www.youtube.com\/@jornalotimoneiro7927\"]},{\"@type\":\"Person\",\"@id\":\"https:\/\/jornaltimoneiro.com.br\/#\/schema\/person\/f63482f1a02b1a9592707865e509ab40\",\"name\":\"Reda\u00e7\u00e3o\",\"image\":{\"@type\":\"ImageObject\",\"inLanguage\":\"pt-BR\",\"@id\":\"https:\/\/jornaltimoneiro.com.br\/#\/schema\/person\/image\/\",\"url\":\"https:\/\/jornaltimoneiro.com.br\/wp-content\/uploads\/2023\/03\/download.jpeg\",\"contentUrl\":\"https:\/\/jornaltimoneiro.com.br\/wp-content\/uploads\/2023\/03\/download.jpeg\",\"caption\":\"Reda\u00e7\u00e3o\"},\"url\":\"https:\/\/jornaltimoneiro.com.br\/index.php\/author\/simone-dutra\/\"}]}<\/script>\n<!-- \/ Yoast SEO plugin. -->","yoast_head_json":{"title":"Semana de Economia Solid\u00e1ria acontece no Cal\u00e7ad\u00e3o de Canoas; confira programa\u00e7\u00e3o - O Timoneiro Jornal Canoas RS","description":"A Prefeitura de Canoas, por meio da Secretaria Municipal de Desenvolvimento Econ\u00f4mico e Inova\u00e7\u00e3o promove a Semana de Economia Solid\u00e1ria","robots":{"index":"index","follow":"follow","max-snippet":"max-snippet:-1","max-image-preview":"max-image-preview:large","max-video-preview":"max-video-preview:-1"},"canonical":"https:\/\/jornaltimoneiro.com.br\/index.php\/2025\/03\/25\/semana-de-economia-solidaria-acontece-no-calcadao-de-canoas-confira-programacao\/","og_locale":"pt_BR","og_type":"article","og_title":"Semana de Economia Solid\u00e1ria acontece no Cal\u00e7ad\u00e3o de Canoas; confira programa\u00e7\u00e3o - O Timoneiro Jornal Canoas RS","og_description":"A Prefeitura de Canoas, por meio da Secretaria Municipal de Desenvolvimento Econ\u00f4mico e Inova\u00e7\u00e3o promove a Semana de Economia Solid\u00e1ria","og_url":"https:\/\/jornaltimoneiro.com.br\/index.php\/2025\/03\/25\/semana-de-economia-solidaria-acontece-no-calcadao-de-canoas-confira-programacao\/","og_site_name":"O Timoneiro Jornal Canoas RS","article_publisher":"https:\/\/www.facebook.com\/jornaltimoneiro","article_published_time":"2025-03-25T17:09:22+00:00","og_image":[{"width":1080,"height":607,"url":"https:\/\/jornaltimoneiro.com.br\/wp-content\/uploads\/2025\/03\/Semana-de-Economia-Solidaria-acontece-no-Calcadao-de-Canoas-confira-programacao.jpg","type":"image\/jpeg"}],"author":"Reda\u00e7\u00e3o","twitter_card":"summary_large_image","twitter_creator":"@_OTimoneiro","twitter_site":"@_OTimoneiro","twitter_misc":{"Escrito por":"Reda\u00e7\u00e3o","Est. tempo de leitura":"2 minutos"},"schema":{"@context":"https:\/\/schema.org","@graph":[{"@type":"Article","@id":"https:\/\/jornaltimoneiro.com.br\/index.php\/2025\/03\/25\/semana-de-economia-solidaria-acontece-no-calcadao-de-canoas-confira-programacao\/#article","isPartOf":{"@id":"https:\/\/jornaltimoneiro.com.br\/index.php\/2025\/03\/25\/semana-de-economia-solidaria-acontece-no-calcadao-de-canoas-confira-programacao\/"},"author":{"name":"Reda\u00e7\u00e3o","@id":"https:\/\/jornaltimoneiro.com.br\/#\/schema\/person\/f63482f1a02b1a9592707865e509ab40"},"headline":"Semana de Economia Solid\u00e1ria acontece no Cal\u00e7ad\u00e3o de Canoas; confira programa\u00e7\u00e3o","datePublished":"2025-03-25T17:09:22+00:00","dateModified":"2025-03-25T17:09:22+00:00","mainEntityOfPage":{"@id":"https:\/\/jornaltimoneiro.com.br\/index.php\/2025\/03\/25\/semana-de-economia-solidaria-acontece-no-calcadao-de-canoas-confira-programacao\/"},"wordCount":349,"commentCount":0,"publisher":{"@id":"https:\/\/jornaltimoneiro.com.br\/#organization"},"keywords":["artesanato","cal\u00e7ad\u00e3o","canoas","e3conomia solid\u00e1ria","featured","secretaria municipal de desenvolvimento econ\u00f4mico"],"articleSection":["Economia"],"inLanguage":"pt-BR","potentialAction":[{"@type":"CommentAction","name":"Comment","target":["https:\/\/jornaltimoneiro.com.br\/index.php\/2025\/03\/25\/semana-de-economia-solidaria-acontece-no-calcadao-de-canoas-confira-programacao\/#respond"]}]},{"@type":"WebPage","@id":"https:\/\/jornaltimoneiro.com.br\/index.php\/2025\/03\/25\/semana-de-economia-solidaria-acontece-no-calcadao-de-canoas-confira-programacao\/","url":"https:\/\/jornaltimoneiro.com.br\/index.php\/2025\/03\/25\/semana-de-economia-solidaria-acontece-no-calcadao-de-canoas-confira-programacao\/","name":"Semana de Economia Solid\u00e1ria acontece no Cal\u00e7ad\u00e3o de Canoas; confira programa\u00e7\u00e3o - O Timoneiro Jornal Canoas RS","isPartOf":{"@id":"https:\/\/jornaltimoneiro.com.br\/#website"},"datePublished":"2025-03-25T17:09:22+00:00","dateModified":"2025-03-25T17:09:22+00:00","description":"A Prefeitura de Canoas, por meio da Secretaria Municipal de Desenvolvimento Econ\u00f4mico e Inova\u00e7\u00e3o promove a Semana de Economia Solid\u00e1ria","breadcrumb":{"@id":"https:\/\/jornaltimoneiro.com.br\/index.php\/2025\/03\/25\/semana-de-economia-solidaria-acontece-no-calcadao-de-canoas-confira-programacao\/#breadcrumb"},"inLanguage":"pt-BR","potentialAction":[{"@type":"ReadAction","target":["https:\/\/jornaltimoneiro.com.br\/index.php\/2025\/03\/25\/semana-de-economia-solidaria-acontece-no-calcadao-de-canoas-confira-programacao\/"]}]},{"@type":"BreadcrumbList","@id":"https:\/\/jornaltimoneiro.com.br\/index.php\/2025\/03\/25\/semana-de-economia-solidaria-acontece-no-calcadao-de-canoas-confira-programacao\/#breadcrumb","itemListElement":[{"@type":"ListItem","position":1,"name":"In\u00edcio","item":"https:\/\/jornaltimoneiro.com.br\/"},{"@type":"ListItem","position":2,"name":"Semana de Economia Solid\u00e1ria acontece no Cal\u00e7ad\u00e3o de Canoas; confira programa\u00e7\u00e3o"}]},{"@type":"WebSite","@id":"https:\/\/jornaltimoneiro.com.br\/#website","url":"https:\/\/jornaltimoneiro.com.br\/","name":"Jornal Timoneiro Canoas RS","description":"Jornal O Timoneiro, o verdadeiro jornal de Canoas","publisher":{"@id":"https:\/\/jornaltimoneiro.com.br\/#organization"},"potentialAction":[{"@type":"SearchAction","target":{"@type":"EntryPoint","urlTemplate":"https:\/\/jornaltimoneiro.com.br\/?s={search_term_string}"},"query-input":"required name=search_term_string"}],"inLanguage":"pt-BR"},{"@type":"Organization","@id":"https:\/\/jornaltimoneiro.com.br\/#organization","name":"Jornal Timoneiro Canoas RS","url":"https:\/\/jornaltimoneiro.com.br\/","logo":{"@type":"ImageObject","inLanguage":"pt-BR","@id":"https:\/\/jornaltimoneiro.com.br\/#\/schema\/logo\/image\/","url":"https:\/\/jornaltimoneiro.com.br\/wp-content\/uploads\/2023\/03\/logonovo.png","contentUrl":"https:\/\/jornaltimoneiro.com.br\/wp-content\/uploads\/2023\/03\/logonovo.png","width":"469","height":"171","caption":"Jornal Timoneiro Canoas RS"},"image":{"@id":"https:\/\/jornaltimoneiro.com.br\/#\/schema\/logo\/image\/"},"sameAs":["https:\/\/www.facebook.com\/jornaltimoneiro","https:\/\/twitter.com\/_OTimoneiro","https:\/\/www.instagram.com\/jornaltimoneirocanoas\/","https:\/\/www.youtube.com\/@jornalotimoneiro7927"]},{"@type":"Person","@id":"https:\/\/jornaltimoneiro.com.br\/#\/schema\/person\/f63482f1a02b1a9592707865e509ab40","name":"Reda\u00e7\u00e3o","image":{"@type":"ImageObject","inLanguage":"pt-BR","@id":"https:\/\/jornaltimoneiro.com.br\/#\/schema\/person\/image\/","url":"https:\/\/jornaltimoneiro.com.br\/wp-content\/uploads\/2023\/03\/download.jpeg","contentUrl":"https:\/\/jornaltimoneiro.com.br\/wp-content\/uploads\/2023\/03\/download.jpeg","caption":"Reda\u00e7\u00e3o"},"url":"https:\/\/jornaltimoneiro.com.br\/index.php\/author\/simone-dutra\/"}]}},"_links":{"self":[{"href":"https:\/\/jornaltimoneiro.com.br\/index.php\/wp-json\/wp\/v2\/posts\/34365"}],"collection":[{"href":"https:\/\/jornaltimoneiro.com.br\/index.php\/wp-json\/wp\/v2\/posts"}],"about":[{"href":"https:\/\/jornaltimoneiro.com.br\/index.php\/wp-json\/wp\/v2\/types\/post"}],"author":[{"embeddable":true,"href":"https:\/\/jornaltimoneiro.com.br\/index.php\/wp-json\/wp\/v2\/users\/2"}],"replies":[{"embeddable":true,"href":"https:\/\/jornaltimoneiro.com.br\/index.php\/wp-json\/wp\/v2\/comments?post=34365"}],"version-history":[{"count":1,"href":"https:\/\/jornaltimoneiro.com.br\/index.php\/wp-json\/wp\/v2\/posts\/34365\/revisions"}],"predecessor-version":[{"id":34367,"href":"https:\/\/jornaltimoneiro.com.br\/index.php\/wp-json\/wp\/v2\/posts\/34365\/revisions\/34367"}],"wp:featuredmedia":[{"embeddable":true,"href":"https:\/\/jornaltimoneiro.com.br\/index.php\/wp-json\/wp\/v2\/media\/34366"}],"wp:attachment":[{"href":"https:\/\/jornaltimoneiro.com.br\/index.php\/wp-json\/wp\/v2\/media?parent=34365"}],"wp:term":[{"taxonomy":"category","embeddable":true,"href":"https:\/\/jornaltimoneiro.com.br\/index.php\/wp-json\/wp\/v2\/categories?post=34365"},{"taxonomy":"post_tag","embeddable":true,"href":"https:\/\/jornaltimoneiro.com.br\/index.php\/wp-json\/wp\/v2\/tags?post=34365"}],"curies":[{"name":"wp","href":"https:\/\/api.w.org\/{rel}","templated":true}]}}