{"id":34337,"date":"2025-03-21T17:26:20","date_gmt":"2025-03-21T20:26:20","guid":{"rendered":"https:\/\/jornaltimoneiro.com.br\/?p=34337"},"modified":"2025-03-21T17:26:20","modified_gmt":"2025-03-21T20:26:20","slug":"porto-alegre-comemora-aniversario-de-253-anos-com-programacao-diversificada","status":"publish","type":"post","link":"https:\/\/jornaltimoneiro.com.br\/index.php\/2025\/03\/21\/porto-alegre-comemora-aniversario-de-253-anos-com-programacao-diversificada\/","title":{"rendered":"Porto Alegre comemora anivers\u00e1rio de 253 anos com programa\u00e7\u00e3o diversificada"},"content":{"rendered":"<p>Porto Alegre celebra 253 anos em 26 de mar\u00e7o com uma programa\u00e7\u00e3o diversificada. Nos pr\u00f3ximos dias, est\u00e3o previstos shows musicais, exposi\u00e7\u00f5es de arte, corridas, eventos esportivos e o tradicional Baile da Cidade, que ir\u00e1 acontecer no s\u00e1bado, 29, no Parque da Reden\u00e7\u00e3o, com 15 atra\u00e7\u00f5es.<\/p>\n<p>Um dos destaques \u00e9 o circuito do Carnaval de Rua, com mais blocos desfilando na Orla, Lomba do Pinheiro, Cruzeiro e Restinga por meio de edital do Fumproarte.<\/p>\n<h4><a href=\"https:\/\/prefeitura.poa.br\/aniverpoa\"><strong>Programa\u00e7\u00e3o &#8211; 253 anos de Porto Alegre<\/strong><\/a><br \/>\n* programa\u00e7\u00e3o sujeita a altera\u00e7\u00f5es<\/h4>\n<p><strong>Sexta-feira, 21, a domingo, 30:<\/strong><br \/>\nSTU Pro Tour, no trecho 3 da Orla<\/p>\n<p><strong>S\u00e1bado, 22 a 29 de mar\u00e7o<\/strong>\u00a0&#8211;\u00a0<strong>Atividades ambientais promovidas pela Smamus<\/strong>.\u00a0<strong><a href=\"https:\/\/prefeitura.poa.br\/smamus\/noticias\/atividades-sobre-o-meio-ambiente-celebram-o-aniversario-de-porto-alegre\">Saiba mais aqui<\/a>.<\/strong><\/p>\n<p><strong>Domingo, 23:<br \/>\n8h &#8211;\u00a0Corrida do Anivers\u00e1rio de Porto Alegre (parceria com Sesc-RS)<\/strong><br \/>\nLocal: em frente ao Pa\u00e7o Municipal &#8211; Pra\u00e7a Montevid\u00e9u, 10, bairro Centro Hist\u00f3rico;<\/p>\n<p><strong>8h &#8211; Pedal das Chamin\u00e9s<\/strong>: em parceria com o Shopping Total, ciclistas ir\u00e3o do shopping at\u00e9 a usina (ida e volta);<\/p>\n<p><strong>9h30 &#8211;\u00a047 anos do Brique da Reden\u00e7\u00e3o<\/strong><br \/>\nExposi\u00e7\u00e3o de carros antigos, que sair\u00e3o do Shopping Total at\u00e9 o brique;<\/p>\n<p><strong>18h &#8211; Tributo a Elis<\/strong>\u00a0\u2013 show com a cantora Marguerite Silva Santos<br \/>\nLocal: Est\u00e1tua de Elis Regina na Orla do Gua\u00edba;<\/p>\n<p><strong>Segunda-feira, 24:<br \/>\n10h30 &#8211; Dan\u00e7a Comunidade<\/strong><br \/>\nLocal: Centro Municipal de Cultura &#8211;\u00a0avenida \u00c9rico Ver\u00edssimo, 307 &#8211; Menino Deus<\/p>\n<p><strong>Ter\u00e7a-feira, 25:<br \/>\n12h &#8211; Churrasco Solid\u00e1rio<\/strong><br \/>\nLocal: Largo Gl\u00eanio Peres, em frente ao Mercado P\u00fablico, bairro Centro Hist\u00f3rico;<\/p>\n<p><strong>Quarta-feira, 26:<br \/>\n8h30<\/strong>\u00a0&#8211; A\u00e7\u00e3o educativa cultural com alunos de escolas da rede p\u00fablica de ensino para 150 Crian\u00e7as.<br \/>\nLocal: Museu Joaquim Jos\u00e9 Felizardo \u2013 rua Jo\u00e3o Alfredo, 582, bairro Cidade Baixa;<\/p>\n<p><strong>11h\u00a0<\/strong>&#8211; Encontro da Cultura com pessoas que circulam pelo Centro para cantar o \u201cParab\u00e9ns a voc\u00ea\u201d pelos 253 anos de Porto Alegre.<br \/>\nLocal: Museu de Arte do Pa\u00e7o (Pra\u00e7a Montevid\u00e9u, 10 &#8211; Centro Hist\u00f3rico)<br \/>\nPalco inclusivo dispon\u00edvel para apresenta\u00e7\u00f5es art\u00edsticas e culturais.<\/p>\n<p><strong>Quinta-feira, 27<\/strong>:<br \/>\n<strong>18h<\/strong>\u00a0&#8211;\u00a0<strong>Exposi\u00e7\u00e3o Paisagens de Porto Alegre na pintura de \u00c9rico Santos<\/strong>\u00a0\u2013 Museu de Arte do Pa\u00e7o (Pra\u00e7a Montevid\u00e9o, 10), bairro Centro Hist\u00f3rico;<\/p>\n<p><strong>20h<\/strong>\u00a0&#8211;\u00a0<strong>Anivers\u00e1rio da Cinemateca Capit\u00f3lio<\/strong>\u00a0com sess\u00e3o gratuita do filme A Mulher de todos, de Rog\u00e9rio Sganzerla &#8211;\u00a0rua Dem\u00e9trio Ribeiro, 1.085, bairro Centro Hist\u00f3rico;<\/p>\n<p><strong>19h &#8211;<\/strong>\u00a0<strong>Cerim\u00f4nia de premia\u00e7\u00e3o do A\u00e7orianos de Teatro Adulto, Circo e Tibicuera de Teatro Infantojuvenil<\/strong>\u00a0&#8211; Teatro de C\u00e2mara T\u00falio Piva: rua da Rep\u00fablica, 575, bairro Cidade Baixa;<\/p>\n<p><strong>Sexta-feira, 28:<br \/>\n19h\u00a0&#8211;\u00a0Cerim\u00f4nia de Premia\u00e7\u00e3o do A\u00e7orianos de Artes Visuais<\/strong>\u00a0&#8211; Teatro de C\u00e2mara T\u00falio Piva: rua da Rep\u00fablica, 575, bairro Cidade Baixa;<\/p>\n<p><strong>S\u00e1bado, 29:<br \/>\n14h &#8211; Exposi\u00e7\u00e3o Road Sense I<\/strong>: na Biblioteca Municipal Josu\u00e9 Guimar\u00e3es \u2013 avenida Erico Verissimo, 307, bairro Cidade Baixa;<\/p>\n<p><strong>15h &#8211; Baile da Cidade, no Parque da Reden\u00e7\u00e3o;<\/strong><br \/>\nAtra\u00e7\u00f5es:\u00a0DJ Carol; Roda de Capoeira; Cl\u00e1udia Quadros; Conjunto de Folclore Internacional Os Ga\u00fachos; Nego Izolino; CTG Est\u00e2ncia da Azenha; Xandele; Alma Gaud\u00e9ria; Negra Jack; Banda Municipal 100 anos; Tributo a Charlie Brown; escolas de samba Mocidade da Lomba do Pinheiro, Uni\u00e3o da Tinga e Imperadores do Samba; Papas da L\u00edngua.<\/p>\n<p><strong>S\u00e1bado, 29: Carnaval de Rua<\/strong><br \/>\n12h &#8211; Circuito de Blocos da Orla &#8211; Edital Fumproarte<br \/>\nLocal: avenida Augusto de Carvalho, no Centro Hist\u00f3rico;<\/p>\n<p>16h &#8211; Desfile do Bloco Areal da Baronesa<br \/>\nLocal: Pra\u00e7a Garibaldi, no bairro Cidade Baixa;<\/p>\n<p>17h &#8211; Circuito de Blocos Zona Norte &#8211; Edital Fumproarte<br \/>\nLocal: Pra\u00e7a M\u00e9xico, no bairro Rubem Berta;<\/p>\n<p><strong>Piquenique Cultural Porto Alegre 253 anos &#8211; Mem\u00f3ria &amp; Identidade<\/strong><br \/>\n17h &#8211; Aula aberta: uma experi\u00eancia de aprendizagem com os profissionais da mem\u00f3ria da Prefeitura de Porto Alegre e convidados (alunos e professores dos cursos de Museologia, Arquivologia e Biblioteconomia da UFRGS).<br \/>\nLocal:\u00a0Museu Joaquim Jos\u00e9 Felizardo, na rua Jo\u00e3o Alfredo 582<\/p>\n<p><strong>Domingo, 30: Carnaval de Rua<\/strong><br \/>\n12h &#8211; Circuito de Blocos Leste &#8211; Edital Fumproarte<br \/>\nLocal: Pra\u00e7a da Juventude &#8211; Parada 12 A, bairro Lomba do Pinheiro;<\/p>\n<p>15h &#8211; FavelaFolia &#8211; Apresenta\u00e7\u00e3o de Blocos Carnavalescos \u2013 AMAVTRON<br \/>\nLocal: avenida Cruzeiro do Sul &#8211; Esplanada da Grande Cruzeiro;<\/p>\n<p>17h &#8211; Carnaval de Rua nas Ilhas &#8211; apresenta\u00e7\u00e3o de escolas de samba e blocos<br \/>\nLocal: Col\u00f4nia de Pescadores Z5, Ilha da Pintada;<\/p>\n<p>17h &#8211; Carnaval de Rua &#8211; Circuito de Blocos Zona Sul &#8211; Edital Fumproarte<br \/>\nLocal: Pra\u00e7a Maced\u00f4nia, no bairro Restinga;<\/p>\n<p><strong>Domingo, 30:<br \/>\n12h \u2013 Apresenta\u00e7\u00e3o de Rodrigo Almada e banda<\/strong><br \/>\nLocal: Pra\u00e7a Nelson Marchezan \u2013 bairro Cohab Costa e Silva;<\/p>\n","protected":false},"excerpt":{"rendered":"<p>Porto Alegre celebra 253 anos em 26 de mar\u00e7o com uma programa\u00e7\u00e3o diversificada. Nos pr\u00f3ximos dias, est\u00e3o previstos shows musicais, exposi\u00e7\u00f5es de arte, corridas, eventos esportivos e o tradicional Baile da Cidade, que ir\u00e1 acontecer no s\u00e1bado, 29, no Parque da Reden\u00e7\u00e3o, com 15 atra\u00e7\u00f5es. Um dos destaques \u00e9 o circuito do Carnaval de Rua, [&hellip;]<\/p>\n","protected":false},"author":2,"featured_media":34338,"comment_status":"open","ping_status":"open","sticky":false,"template":"","format":"standard","meta":{"amp_status":"","footnotes":""},"categories":[76],"tags":[4083,307,479,116,121,213,3385],"class_list":["post-34337","post","type-post","status-publish","format-standard","has-post-thumbnail","hentry","category-cultura","tag-253-anos","tag-aniversario","tag-capital","tag-cultura","tag-porto-alegre","tag-rio-grande-do-sul","tag-shows"],"yoast_head":"<!-- This site is optimized with the Yoast SEO plugin v20.5 - https:\/\/yoast.com\/wordpress\/plugins\/seo\/ -->\n<title>Porto Alegre comemora anivers\u00e1rio de 253 anos com programa\u00e7\u00e3o diversificada - O Timoneiro Jornal Canoas RS<\/title>\n<meta name=\"description\" content=\"Porto Alegre celebra 253 anos em 26 de mar\u00e7o com uma programa\u00e7\u00e3o diversificada. Nos pr\u00f3ximos dias, est\u00e3o previstos shows musicais\" \/>\n<meta name=\"robots\" content=\"index, follow, max-snippet:-1, max-image-preview:large, max-video-preview:-1\" \/>\n<link rel=\"canonical\" href=\"https:\/\/jornaltimoneiro.com.br\/index.php\/2025\/03\/21\/porto-alegre-comemora-aniversario-de-253-anos-com-programacao-diversificada\/\" \/>\n<meta property=\"og:locale\" content=\"pt_BR\" \/>\n<meta property=\"og:type\" content=\"article\" \/>\n<meta property=\"og:title\" content=\"Porto Alegre comemora anivers\u00e1rio de 253 anos com programa\u00e7\u00e3o diversificada - O Timoneiro Jornal Canoas RS\" \/>\n<meta property=\"og:description\" content=\"Porto Alegre celebra 253 anos em 26 de mar\u00e7o com uma programa\u00e7\u00e3o diversificada. Nos pr\u00f3ximos dias, est\u00e3o previstos shows musicais\" \/>\n<meta property=\"og:url\" content=\"https:\/\/jornaltimoneiro.com.br\/index.php\/2025\/03\/21\/porto-alegre-comemora-aniversario-de-253-anos-com-programacao-diversificada\/\" \/>\n<meta property=\"og:site_name\" content=\"O Timoneiro Jornal Canoas RS\" \/>\n<meta property=\"article:publisher\" content=\"https:\/\/www.facebook.com\/jornaltimoneiro\" \/>\n<meta property=\"article:published_time\" content=\"2025-03-21T20:26:20+00:00\" \/>\n<meta property=\"og:image\" content=\"https:\/\/jornaltimoneiro.com.br\/wp-content\/uploads\/2025\/03\/Porto-Alegre-comemora-aniversario-de-253-anos-com-programacao-diversificada.jpeg\" \/>\n\t<meta property=\"og:image:width\" content=\"750\" \/>\n\t<meta property=\"og:image:height\" content=\"500\" \/>\n\t<meta property=\"og:image:type\" content=\"image\/jpeg\" \/>\n<meta name=\"author\" content=\"Reda\u00e7\u00e3o\" \/>\n<meta name=\"twitter:card\" content=\"summary_large_image\" \/>\n<meta name=\"twitter:creator\" content=\"@_OTimoneiro\" \/>\n<meta name=\"twitter:site\" content=\"@_OTimoneiro\" \/>\n<meta name=\"twitter:label1\" content=\"Escrito por\" \/>\n\t<meta name=\"twitter:data1\" content=\"Reda\u00e7\u00e3o\" \/>\n\t<meta name=\"twitter:label2\" content=\"Est. tempo de leitura\" \/>\n\t<meta name=\"twitter:data2\" content=\"4 minutos\" \/>\n<script type=\"application\/ld+json\" class=\"yoast-schema-graph\">{\"@context\":\"https:\/\/schema.org\",\"@graph\":[{\"@type\":\"Article\",\"@id\":\"https:\/\/jornaltimoneiro.com.br\/index.php\/2025\/03\/21\/porto-alegre-comemora-aniversario-de-253-anos-com-programacao-diversificada\/#article\",\"isPartOf\":{\"@id\":\"https:\/\/jornaltimoneiro.com.br\/index.php\/2025\/03\/21\/porto-alegre-comemora-aniversario-de-253-anos-com-programacao-diversificada\/\"},\"author\":{\"name\":\"Reda\u00e7\u00e3o\",\"@id\":\"https:\/\/jornaltimoneiro.com.br\/#\/schema\/person\/f63482f1a02b1a9592707865e509ab40\"},\"headline\":\"Porto Alegre comemora anivers\u00e1rio de 253 anos com programa\u00e7\u00e3o diversificada\",\"datePublished\":\"2025-03-21T20:26:20+00:00\",\"dateModified\":\"2025-03-21T20:26:20+00:00\",\"mainEntityOfPage\":{\"@id\":\"https:\/\/jornaltimoneiro.com.br\/index.php\/2025\/03\/21\/porto-alegre-comemora-aniversario-de-253-anos-com-programacao-diversificada\/\"},\"wordCount\":778,\"commentCount\":0,\"publisher\":{\"@id\":\"https:\/\/jornaltimoneiro.com.br\/#organization\"},\"keywords\":[\"253 anos\",\"anivers\u00e1rio\",\"capital\",\"cultura\",\"Porto Alegre\",\"rio grande do sul\",\"shows\"],\"articleSection\":[\"Cultura\"],\"inLanguage\":\"pt-BR\",\"potentialAction\":[{\"@type\":\"CommentAction\",\"name\":\"Comment\",\"target\":[\"https:\/\/jornaltimoneiro.com.br\/index.php\/2025\/03\/21\/porto-alegre-comemora-aniversario-de-253-anos-com-programacao-diversificada\/#respond\"]}]},{\"@type\":\"WebPage\",\"@id\":\"https:\/\/jornaltimoneiro.com.br\/index.php\/2025\/03\/21\/porto-alegre-comemora-aniversario-de-253-anos-com-programacao-diversificada\/\",\"url\":\"https:\/\/jornaltimoneiro.com.br\/index.php\/2025\/03\/21\/porto-alegre-comemora-aniversario-de-253-anos-com-programacao-diversificada\/\",\"name\":\"Porto Alegre comemora anivers\u00e1rio de 253 anos com programa\u00e7\u00e3o diversificada - O Timoneiro Jornal Canoas RS\",\"isPartOf\":{\"@id\":\"https:\/\/jornaltimoneiro.com.br\/#website\"},\"datePublished\":\"2025-03-21T20:26:20+00:00\",\"dateModified\":\"2025-03-21T20:26:20+00:00\",\"description\":\"Porto Alegre celebra 253 anos em 26 de mar\u00e7o com uma programa\u00e7\u00e3o diversificada. Nos pr\u00f3ximos dias, est\u00e3o previstos shows musicais\",\"breadcrumb\":{\"@id\":\"https:\/\/jornaltimoneiro.com.br\/index.php\/2025\/03\/21\/porto-alegre-comemora-aniversario-de-253-anos-com-programacao-diversificada\/#breadcrumb\"},\"inLanguage\":\"pt-BR\",\"potentialAction\":[{\"@type\":\"ReadAction\",\"target\":[\"https:\/\/jornaltimoneiro.com.br\/index.php\/2025\/03\/21\/porto-alegre-comemora-aniversario-de-253-anos-com-programacao-diversificada\/\"]}]},{\"@type\":\"BreadcrumbList\",\"@id\":\"https:\/\/jornaltimoneiro.com.br\/index.php\/2025\/03\/21\/porto-alegre-comemora-aniversario-de-253-anos-com-programacao-diversificada\/#breadcrumb\",\"itemListElement\":[{\"@type\":\"ListItem\",\"position\":1,\"name\":\"In\u00edcio\",\"item\":\"https:\/\/jornaltimoneiro.com.br\/\"},{\"@type\":\"ListItem\",\"position\":2,\"name\":\"Porto Alegre comemora anivers\u00e1rio de 253 anos com programa\u00e7\u00e3o diversificada\"}]},{\"@type\":\"WebSite\",\"@id\":\"https:\/\/jornaltimoneiro.com.br\/#website\",\"url\":\"https:\/\/jornaltimoneiro.com.br\/\",\"name\":\"Jornal Timoneiro Canoas RS\",\"description\":\"Jornal O Timoneiro, o verdadeiro jornal de Canoas\",\"publisher\":{\"@id\":\"https:\/\/jornaltimoneiro.com.br\/#organization\"},\"potentialAction\":[{\"@type\":\"SearchAction\",\"target\":{\"@type\":\"EntryPoint\",\"urlTemplate\":\"https:\/\/jornaltimoneiro.com.br\/?s={search_term_string}\"},\"query-input\":\"required name=search_term_string\"}],\"inLanguage\":\"pt-BR\"},{\"@type\":\"Organization\",\"@id\":\"https:\/\/jornaltimoneiro.com.br\/#organization\",\"name\":\"Jornal Timoneiro Canoas RS\",\"url\":\"https:\/\/jornaltimoneiro.com.br\/\",\"logo\":{\"@type\":\"ImageObject\",\"inLanguage\":\"pt-BR\",\"@id\":\"https:\/\/jornaltimoneiro.com.br\/#\/schema\/logo\/image\/\",\"url\":\"https:\/\/jornaltimoneiro.com.br\/wp-content\/uploads\/2023\/03\/logonovo.png\",\"contentUrl\":\"https:\/\/jornaltimoneiro.com.br\/wp-content\/uploads\/2023\/03\/logonovo.png\",\"width\":\"469\",\"height\":\"171\",\"caption\":\"Jornal Timoneiro Canoas RS\"},\"image\":{\"@id\":\"https:\/\/jornaltimoneiro.com.br\/#\/schema\/logo\/image\/\"},\"sameAs\":[\"https:\/\/www.facebook.com\/jornaltimoneiro\",\"https:\/\/twitter.com\/_OTimoneiro\",\"https:\/\/www.instagram.com\/jornaltimoneirocanoas\/\",\"https:\/\/www.youtube.com\/@jornalotimoneiro7927\"]},{\"@type\":\"Person\",\"@id\":\"https:\/\/jornaltimoneiro.com.br\/#\/schema\/person\/f63482f1a02b1a9592707865e509ab40\",\"name\":\"Reda\u00e7\u00e3o\",\"image\":{\"@type\":\"ImageObject\",\"inLanguage\":\"pt-BR\",\"@id\":\"https:\/\/jornaltimoneiro.com.br\/#\/schema\/person\/image\/\",\"url\":\"https:\/\/jornaltimoneiro.com.br\/wp-content\/uploads\/2023\/03\/download.jpeg\",\"contentUrl\":\"https:\/\/jornaltimoneiro.com.br\/wp-content\/uploads\/2023\/03\/download.jpeg\",\"caption\":\"Reda\u00e7\u00e3o\"},\"url\":\"https:\/\/jornaltimoneiro.com.br\/index.php\/author\/simone-dutra\/\"}]}<\/script>\n<!-- \/ Yoast SEO plugin. -->","yoast_head_json":{"title":"Porto Alegre comemora anivers\u00e1rio de 253 anos com programa\u00e7\u00e3o diversificada - O Timoneiro Jornal Canoas RS","description":"Porto Alegre celebra 253 anos em 26 de mar\u00e7o com uma programa\u00e7\u00e3o diversificada. Nos pr\u00f3ximos dias, est\u00e3o previstos shows musicais","robots":{"index":"index","follow":"follow","max-snippet":"max-snippet:-1","max-image-preview":"max-image-preview:large","max-video-preview":"max-video-preview:-1"},"canonical":"https:\/\/jornaltimoneiro.com.br\/index.php\/2025\/03\/21\/porto-alegre-comemora-aniversario-de-253-anos-com-programacao-diversificada\/","og_locale":"pt_BR","og_type":"article","og_title":"Porto Alegre comemora anivers\u00e1rio de 253 anos com programa\u00e7\u00e3o diversificada - O Timoneiro Jornal Canoas RS","og_description":"Porto Alegre celebra 253 anos em 26 de mar\u00e7o com uma programa\u00e7\u00e3o diversificada. Nos pr\u00f3ximos dias, est\u00e3o previstos shows musicais","og_url":"https:\/\/jornaltimoneiro.com.br\/index.php\/2025\/03\/21\/porto-alegre-comemora-aniversario-de-253-anos-com-programacao-diversificada\/","og_site_name":"O Timoneiro Jornal Canoas RS","article_publisher":"https:\/\/www.facebook.com\/jornaltimoneiro","article_published_time":"2025-03-21T20:26:20+00:00","og_image":[{"width":750,"height":500,"url":"https:\/\/jornaltimoneiro.com.br\/wp-content\/uploads\/2025\/03\/Porto-Alegre-comemora-aniversario-de-253-anos-com-programacao-diversificada.jpeg","type":"image\/jpeg"}],"author":"Reda\u00e7\u00e3o","twitter_card":"summary_large_image","twitter_creator":"@_OTimoneiro","twitter_site":"@_OTimoneiro","twitter_misc":{"Escrito por":"Reda\u00e7\u00e3o","Est. tempo de leitura":"4 minutos"},"schema":{"@context":"https:\/\/schema.org","@graph":[{"@type":"Article","@id":"https:\/\/jornaltimoneiro.com.br\/index.php\/2025\/03\/21\/porto-alegre-comemora-aniversario-de-253-anos-com-programacao-diversificada\/#article","isPartOf":{"@id":"https:\/\/jornaltimoneiro.com.br\/index.php\/2025\/03\/21\/porto-alegre-comemora-aniversario-de-253-anos-com-programacao-diversificada\/"},"author":{"name":"Reda\u00e7\u00e3o","@id":"https:\/\/jornaltimoneiro.com.br\/#\/schema\/person\/f63482f1a02b1a9592707865e509ab40"},"headline":"Porto Alegre comemora anivers\u00e1rio de 253 anos com programa\u00e7\u00e3o diversificada","datePublished":"2025-03-21T20:26:20+00:00","dateModified":"2025-03-21T20:26:20+00:00","mainEntityOfPage":{"@id":"https:\/\/jornaltimoneiro.com.br\/index.php\/2025\/03\/21\/porto-alegre-comemora-aniversario-de-253-anos-com-programacao-diversificada\/"},"wordCount":778,"commentCount":0,"publisher":{"@id":"https:\/\/jornaltimoneiro.com.br\/#organization"},"keywords":["253 anos","anivers\u00e1rio","capital","cultura","Porto Alegre","rio grande do sul","shows"],"articleSection":["Cultura"],"inLanguage":"pt-BR","potentialAction":[{"@type":"CommentAction","name":"Comment","target":["https:\/\/jornaltimoneiro.com.br\/index.php\/2025\/03\/21\/porto-alegre-comemora-aniversario-de-253-anos-com-programacao-diversificada\/#respond"]}]},{"@type":"WebPage","@id":"https:\/\/jornaltimoneiro.com.br\/index.php\/2025\/03\/21\/porto-alegre-comemora-aniversario-de-253-anos-com-programacao-diversificada\/","url":"https:\/\/jornaltimoneiro.com.br\/index.php\/2025\/03\/21\/porto-alegre-comemora-aniversario-de-253-anos-com-programacao-diversificada\/","name":"Porto Alegre comemora anivers\u00e1rio de 253 anos com programa\u00e7\u00e3o diversificada - O Timoneiro Jornal Canoas RS","isPartOf":{"@id":"https:\/\/jornaltimoneiro.com.br\/#website"},"datePublished":"2025-03-21T20:26:20+00:00","dateModified":"2025-03-21T20:26:20+00:00","description":"Porto Alegre celebra 253 anos em 26 de mar\u00e7o com uma programa\u00e7\u00e3o diversificada. Nos pr\u00f3ximos dias, est\u00e3o previstos shows musicais","breadcrumb":{"@id":"https:\/\/jornaltimoneiro.com.br\/index.php\/2025\/03\/21\/porto-alegre-comemora-aniversario-de-253-anos-com-programacao-diversificada\/#breadcrumb"},"inLanguage":"pt-BR","potentialAction":[{"@type":"ReadAction","target":["https:\/\/jornaltimoneiro.com.br\/index.php\/2025\/03\/21\/porto-alegre-comemora-aniversario-de-253-anos-com-programacao-diversificada\/"]}]},{"@type":"BreadcrumbList","@id":"https:\/\/jornaltimoneiro.com.br\/index.php\/2025\/03\/21\/porto-alegre-comemora-aniversario-de-253-anos-com-programacao-diversificada\/#breadcrumb","itemListElement":[{"@type":"ListItem","position":1,"name":"In\u00edcio","item":"https:\/\/jornaltimoneiro.com.br\/"},{"@type":"ListItem","position":2,"name":"Porto Alegre comemora anivers\u00e1rio de 253 anos com programa\u00e7\u00e3o diversificada"}]},{"@type":"WebSite","@id":"https:\/\/jornaltimoneiro.com.br\/#website","url":"https:\/\/jornaltimoneiro.com.br\/","name":"Jornal Timoneiro Canoas RS","description":"Jornal O Timoneiro, o verdadeiro jornal de Canoas","publisher":{"@id":"https:\/\/jornaltimoneiro.com.br\/#organization"},"potentialAction":[{"@type":"SearchAction","target":{"@type":"EntryPoint","urlTemplate":"https:\/\/jornaltimoneiro.com.br\/?s={search_term_string}"},"query-input":"required name=search_term_string"}],"inLanguage":"pt-BR"},{"@type":"Organization","@id":"https:\/\/jornaltimoneiro.com.br\/#organization","name":"Jornal Timoneiro Canoas RS","url":"https:\/\/jornaltimoneiro.com.br\/","logo":{"@type":"ImageObject","inLanguage":"pt-BR","@id":"https:\/\/jornaltimoneiro.com.br\/#\/schema\/logo\/image\/","url":"https:\/\/jornaltimoneiro.com.br\/wp-content\/uploads\/2023\/03\/logonovo.png","contentUrl":"https:\/\/jornaltimoneiro.com.br\/wp-content\/uploads\/2023\/03\/logonovo.png","width":"469","height":"171","caption":"Jornal Timoneiro Canoas RS"},"image":{"@id":"https:\/\/jornaltimoneiro.com.br\/#\/schema\/logo\/image\/"},"sameAs":["https:\/\/www.facebook.com\/jornaltimoneiro","https:\/\/twitter.com\/_OTimoneiro","https:\/\/www.instagram.com\/jornaltimoneirocanoas\/","https:\/\/www.youtube.com\/@jornalotimoneiro7927"]},{"@type":"Person","@id":"https:\/\/jornaltimoneiro.com.br\/#\/schema\/person\/f63482f1a02b1a9592707865e509ab40","name":"Reda\u00e7\u00e3o","image":{"@type":"ImageObject","inLanguage":"pt-BR","@id":"https:\/\/jornaltimoneiro.com.br\/#\/schema\/person\/image\/","url":"https:\/\/jornaltimoneiro.com.br\/wp-content\/uploads\/2023\/03\/download.jpeg","contentUrl":"https:\/\/jornaltimoneiro.com.br\/wp-content\/uploads\/2023\/03\/download.jpeg","caption":"Reda\u00e7\u00e3o"},"url":"https:\/\/jornaltimoneiro.com.br\/index.php\/author\/simone-dutra\/"}]}},"_links":{"self":[{"href":"https:\/\/jornaltimoneiro.com.br\/index.php\/wp-json\/wp\/v2\/posts\/34337"}],"collection":[{"href":"https:\/\/jornaltimoneiro.com.br\/index.php\/wp-json\/wp\/v2\/posts"}],"about":[{"href":"https:\/\/jornaltimoneiro.com.br\/index.php\/wp-json\/wp\/v2\/types\/post"}],"author":[{"embeddable":true,"href":"https:\/\/jornaltimoneiro.com.br\/index.php\/wp-json\/wp\/v2\/users\/2"}],"replies":[{"embeddable":true,"href":"https:\/\/jornaltimoneiro.com.br\/index.php\/wp-json\/wp\/v2\/comments?post=34337"}],"version-history":[{"count":1,"href":"https:\/\/jornaltimoneiro.com.br\/index.php\/wp-json\/wp\/v2\/posts\/34337\/revisions"}],"predecessor-version":[{"id":34339,"href":"https:\/\/jornaltimoneiro.com.br\/index.php\/wp-json\/wp\/v2\/posts\/34337\/revisions\/34339"}],"wp:featuredmedia":[{"embeddable":true,"href":"https:\/\/jornaltimoneiro.com.br\/index.php\/wp-json\/wp\/v2\/media\/34338"}],"wp:attachment":[{"href":"https:\/\/jornaltimoneiro.com.br\/index.php\/wp-json\/wp\/v2\/media?parent=34337"}],"wp:term":[{"taxonomy":"category","embeddable":true,"href":"https:\/\/jornaltimoneiro.com.br\/index.php\/wp-json\/wp\/v2\/categories?post=34337"},{"taxonomy":"post_tag","embeddable":true,"href":"https:\/\/jornaltimoneiro.com.br\/index.php\/wp-json\/wp\/v2\/tags?post=34337"}],"curies":[{"name":"wp","href":"https:\/\/api.w.org\/{rel}","templated":true}]}}