{"id":34326,"date":"2025-03-21T14:09:30","date_gmt":"2025-03-21T17:09:30","guid":{"rendered":"https:\/\/jornaltimoneiro.com.br\/?p=34326"},"modified":"2025-03-21T14:09:30","modified_gmt":"2025-03-21T17:09:30","slug":"proxima-caravana-de-empregos-de-canoas-ocorre-no-senai-com-1-450-vagas","status":"publish","type":"post","link":"https:\/\/jornaltimoneiro.com.br\/index.php\/2025\/03\/21\/proxima-caravana-de-empregos-de-canoas-ocorre-no-senai-com-1-450-vagas\/","title":{"rendered":"Pr\u00f3xima Caravana de Empregos de Canoas ocorre no Senai com 1.450 vagas"},"content":{"rendered":"<p>A pr\u00f3xima Caravana de Empregos ser\u00e1 realizada na ter\u00e7a-feira, 25, com uma oferta de 1.450 vagas distribu\u00eddas em 30 empresas participantes confirmadas at\u00e9 o momento. Promovido pela Secretaria Municipal de Desenvolvimento Econ\u00f4mico e Inova\u00e7\u00e3o (SMDEI), o evento desta vez acontece nas depend\u00eancias do Senai (Rua das Hort\u00eancias, 400), no bairro Igara, das 13h 30 \u00e0s 17 horas. Destaque para a diversidade das ofertadas dispon\u00edveis nesta edi\u00e7\u00e3o.<\/p>\n<p>Para concorrer as vagas, o candidato deve apresentar um documento de identifica\u00e7\u00e3o com foto. \u00c9 recomendado ter curr\u00edculo profissional atualizado e at\u00e9 mesmo mais de uma c\u00f3pia em m\u00e3os. Caso a pessoa n\u00e3o tenha um hist\u00f3rico de experi\u00eancia profissional elaborado, os atendentes ajudam no preenchimento de uma ficha no pr\u00f3prio local. Os atendimentos ocorrer\u00e3o por ordem de chegada.<\/p>\n<h4>Confira a diversidade de vagas:<\/h4>\n<p>Almoxarife, analista manuten\u00e7\u00e3o, analista produto aplica\u00e7\u00e3o, aprendiz\/Ciee, assistente administrativo, assistente administrativo frota, assistente cont\u00e1bil, assistente de produ\u00e7\u00e3o, assistente log\u00edstica, atendente (restaurante), auxiliar administrativo, auxiliar de a\u00e7ougue, auxiliar de caldeiraria, auxiliar de carga e descarga, auxiliar de carga e descarga jr, auxiliar de cq, auxiliar de cozinha, auxiliar de educa\u00e7\u00e3o infantil\/atendimento e administrativo, auxiliar de expedi\u00e7\u00e3o, auxiliar de fiscal, auxiliar de limpeza, auxiliar de montagem, auxiliar de monitoramento, auxiliar de padaria, auxiliar de perec\u00edveis (latic\u00ednios congelados), auxiliar de pintura, auxiliar de preven\u00e7\u00e3o, auxiliar de produ\u00e7\u00e3o de reciclados, auxiliar de seguran\u00e7a, auxiliar de servi\u00e7os gerais, auxiliar de solda, auxiliar fiscal, auxiliar manuten\u00e7\u00e3o, auxiliar meio ambiente, auxiliar pintura, balanceiro, balconista, caixa\/frentista, camareira, call center \u2013 ativo, caldeireiro, carpinteiro, conferente, conferente de loja, coordenador compras, coordenador manuten\u00e7\u00e3o utilidades, coordenador processos, cozinheira, distribuidores de mercadorias, eletricista, eletromec\u00e2nico, encanador (hidr\u00e1ulico), engenheiro seguran\u00e7a jr, especialista manuten\u00e7\u00e3o forjaria, est\u00e1gio auditoria, est\u00e1gio jur\u00eddico, est\u00e1gio marketing, estagi\u00e1rio engenharia p&amp;d, estagi\u00e1rio fiscal, estagi\u00e1rio forjaria, estagi\u00e1rio gest\u00e3o qualidade, estagi\u00e1rio laborat\u00f3rio metal\u00fargico, estagi\u00e1rio laborat\u00f3rio testes mec\u00e2nicos, estagi\u00e1rio manuten\u00e7\u00e3o, estagi\u00e1rio planejamento e controle da produ\u00e7\u00e3o, executivo vendas sr, ferramenteiro, ferramenteiro especializado, inspetor de controle de qualidade, jatista, jornalismo, l\u00edder de atendimento (restaurante), l\u00edder de pintura, mec\u00e2nico de suspens\u00e3o, mec\u00e2nico industrial, mec\u00e2nico manuten\u00e7\u00e3o, mec\u00e2nico montador, montador, montador de andaime, motorista, motorista\/auxiliar, motorista carreteiro, motorista de caminh\u00e3o cat. d, motorista de truck, operador caixa, operador centro usinagem cnc, operador corte a laser, operador de comboio (abastecedor), operador de droty, operador de empilhadeira, operador de entreposto, operador de forja, operador de guincho traseiro, operador de guindaste (30ton, 60ton e 100ton), operador de hortifruti, operador de m\u00e1quinas, operador de m\u00e1quinas forjaria, operador de m\u00e1quinas usinagem, operador de munck, operador de perec\u00edveis, operador de pipa, operador de ponte rolante, operador de plataforma, operador log\u00edstico, operador m\u00e1quinas, operador munck, operador perec\u00edveis, operador sxa, operador telemarketing (pessoas acima de 50 anos), oper.centro usinagem-ferramentaria, padeiro, pedreiro, pintor industrial, pintor patrimonial, pintor produ\u00e7\u00e3o, processos gerenciais, projetista, retificador, repositor, separador, separadores de mercadorias, servente, sinaleiro\/auxiliar de movimenta\u00e7\u00e3o de carga, soldador, supervisor operacional mov. cargas, t\u00e9cnico de seguran\u00e7a do trabalho, t\u00e9cnico manuten\u00e7\u00e3o eletr\u00f4nica, t\u00e9cnico preset, t\u00e9cnico seguran\u00e7a do trabalho jr.<\/p>\n","protected":false},"excerpt":{"rendered":"<p>A pr\u00f3xima Caravana de Empregos ser\u00e1 realizada na ter\u00e7a-feira, 25, com uma oferta de 1.450 vagas distribu\u00eddas em 30 empresas participantes confirmadas at\u00e9 o momento. Promovido pela Secretaria Municipal de Desenvolvimento Econ\u00f4mico e Inova\u00e7\u00e3o (SMDEI), o evento desta vez acontece nas depend\u00eancias do Senai (Rua das Hort\u00eancias, 400), no bairro Igara, das 13h 30 \u00e0s [&hellip;]<\/p>\n","protected":false},"author":2,"featured_media":30135,"comment_status":"open","ping_status":"open","sticky":false,"template":"","format":"standard","meta":{"amp_status":"","footnotes":""},"categories":[2092],"tags":[31,4080,554,190,404],"class_list":["post-34326","post","type-post","status-publish","format-standard","has-post-thumbnail","hentry","category-emprego","tag-canoas","tag-caravana-de-empregos","tag-empresas","tag-featured","tag-vagas"],"yoast_head":"<!-- This site is optimized with the Yoast SEO plugin v20.5 - https:\/\/yoast.com\/wordpress\/plugins\/seo\/ -->\n<title>Pr\u00f3xima Caravana de Empregos de Canoas ocorre no Senai com 1.450 vagas - O Timoneiro Jornal Canoas RS<\/title>\n<meta name=\"description\" content=\"A pr\u00f3xima Caravana de Empregos ser\u00e1 realizada na ter\u00e7a-feira, 25, com uma oferta de 1.450 vagas distribu\u00eddas em 30 empresas participantes\" \/>\n<meta name=\"robots\" content=\"index, follow, max-snippet:-1, max-image-preview:large, max-video-preview:-1\" \/>\n<link rel=\"canonical\" href=\"https:\/\/jornaltimoneiro.com.br\/index.php\/2025\/03\/21\/proxima-caravana-de-empregos-de-canoas-ocorre-no-senai-com-1-450-vagas\/\" \/>\n<meta property=\"og:locale\" content=\"pt_BR\" \/>\n<meta property=\"og:type\" content=\"article\" \/>\n<meta property=\"og:title\" content=\"Pr\u00f3xima Caravana de Empregos de Canoas ocorre no Senai com 1.450 vagas - O Timoneiro Jornal Canoas RS\" \/>\n<meta property=\"og:description\" content=\"A pr\u00f3xima Caravana de Empregos ser\u00e1 realizada na ter\u00e7a-feira, 25, com uma oferta de 1.450 vagas distribu\u00eddas em 30 empresas participantes\" \/>\n<meta property=\"og:url\" content=\"https:\/\/jornaltimoneiro.com.br\/index.php\/2025\/03\/21\/proxima-caravana-de-empregos-de-canoas-ocorre-no-senai-com-1-450-vagas\/\" \/>\n<meta property=\"og:site_name\" content=\"O Timoneiro Jornal Canoas RS\" \/>\n<meta property=\"article:publisher\" content=\"https:\/\/www.facebook.com\/jornaltimoneiro\" \/>\n<meta property=\"article:published_time\" content=\"2025-03-21T17:09:30+00:00\" \/>\n<meta property=\"og:image\" content=\"https:\/\/jornaltimoneiro.com.br\/wp-content\/uploads\/2024\/06\/REDUZIDAS_11.06.2024-FEIRAO-DE-EMPREGOS-SUB-SULDESTE-5-scaled.jpg\" \/>\n\t<meta property=\"og:image:width\" content=\"2560\" \/>\n\t<meta property=\"og:image:height\" content=\"1707\" \/>\n\t<meta property=\"og:image:type\" content=\"image\/jpeg\" \/>\n<meta name=\"author\" content=\"Reda\u00e7\u00e3o\" \/>\n<meta name=\"twitter:card\" content=\"summary_large_image\" \/>\n<meta name=\"twitter:creator\" content=\"@_OTimoneiro\" \/>\n<meta name=\"twitter:site\" content=\"@_OTimoneiro\" \/>\n<meta name=\"twitter:label1\" content=\"Escrito por\" \/>\n\t<meta name=\"twitter:data1\" content=\"Reda\u00e7\u00e3o\" \/>\n\t<meta name=\"twitter:label2\" content=\"Est. tempo de leitura\" \/>\n\t<meta name=\"twitter:data2\" content=\"3 minutos\" \/>\n<script type=\"application\/ld+json\" class=\"yoast-schema-graph\">{\"@context\":\"https:\/\/schema.org\",\"@graph\":[{\"@type\":\"Article\",\"@id\":\"https:\/\/jornaltimoneiro.com.br\/index.php\/2025\/03\/21\/proxima-caravana-de-empregos-de-canoas-ocorre-no-senai-com-1-450-vagas\/#article\",\"isPartOf\":{\"@id\":\"https:\/\/jornaltimoneiro.com.br\/index.php\/2025\/03\/21\/proxima-caravana-de-empregos-de-canoas-ocorre-no-senai-com-1-450-vagas\/\"},\"author\":{\"name\":\"Reda\u00e7\u00e3o\",\"@id\":\"https:\/\/jornaltimoneiro.com.br\/#\/schema\/person\/f63482f1a02b1a9592707865e509ab40\"},\"headline\":\"Pr\u00f3xima Caravana de Empregos de Canoas ocorre no Senai com 1.450 vagas\",\"datePublished\":\"2025-03-21T17:09:30+00:00\",\"dateModified\":\"2025-03-21T17:09:30+00:00\",\"mainEntityOfPage\":{\"@id\":\"https:\/\/jornaltimoneiro.com.br\/index.php\/2025\/03\/21\/proxima-caravana-de-empregos-de-canoas-ocorre-no-senai-com-1-450-vagas\/\"},\"wordCount\":568,\"commentCount\":0,\"publisher\":{\"@id\":\"https:\/\/jornaltimoneiro.com.br\/#organization\"},\"keywords\":[\"canoas\",\"caravana de empregos\",\"empresas\",\"featured\",\"vagas\"],\"articleSection\":[\"Emprego\"],\"inLanguage\":\"pt-BR\",\"potentialAction\":[{\"@type\":\"CommentAction\",\"name\":\"Comment\",\"target\":[\"https:\/\/jornaltimoneiro.com.br\/index.php\/2025\/03\/21\/proxima-caravana-de-empregos-de-canoas-ocorre-no-senai-com-1-450-vagas\/#respond\"]}]},{\"@type\":\"WebPage\",\"@id\":\"https:\/\/jornaltimoneiro.com.br\/index.php\/2025\/03\/21\/proxima-caravana-de-empregos-de-canoas-ocorre-no-senai-com-1-450-vagas\/\",\"url\":\"https:\/\/jornaltimoneiro.com.br\/index.php\/2025\/03\/21\/proxima-caravana-de-empregos-de-canoas-ocorre-no-senai-com-1-450-vagas\/\",\"name\":\"Pr\u00f3xima Caravana de Empregos de Canoas ocorre no Senai com 1.450 vagas - O Timoneiro Jornal Canoas RS\",\"isPartOf\":{\"@id\":\"https:\/\/jornaltimoneiro.com.br\/#website\"},\"datePublished\":\"2025-03-21T17:09:30+00:00\",\"dateModified\":\"2025-03-21T17:09:30+00:00\",\"description\":\"A pr\u00f3xima Caravana de Empregos ser\u00e1 realizada na ter\u00e7a-feira, 25, com uma oferta de 1.450 vagas distribu\u00eddas em 30 empresas participantes\",\"breadcrumb\":{\"@id\":\"https:\/\/jornaltimoneiro.com.br\/index.php\/2025\/03\/21\/proxima-caravana-de-empregos-de-canoas-ocorre-no-senai-com-1-450-vagas\/#breadcrumb\"},\"inLanguage\":\"pt-BR\",\"potentialAction\":[{\"@type\":\"ReadAction\",\"target\":[\"https:\/\/jornaltimoneiro.com.br\/index.php\/2025\/03\/21\/proxima-caravana-de-empregos-de-canoas-ocorre-no-senai-com-1-450-vagas\/\"]}]},{\"@type\":\"BreadcrumbList\",\"@id\":\"https:\/\/jornaltimoneiro.com.br\/index.php\/2025\/03\/21\/proxima-caravana-de-empregos-de-canoas-ocorre-no-senai-com-1-450-vagas\/#breadcrumb\",\"itemListElement\":[{\"@type\":\"ListItem\",\"position\":1,\"name\":\"In\u00edcio\",\"item\":\"https:\/\/jornaltimoneiro.com.br\/\"},{\"@type\":\"ListItem\",\"position\":2,\"name\":\"Pr\u00f3xima Caravana de Empregos de Canoas ocorre no Senai com 1.450 vagas\"}]},{\"@type\":\"WebSite\",\"@id\":\"https:\/\/jornaltimoneiro.com.br\/#website\",\"url\":\"https:\/\/jornaltimoneiro.com.br\/\",\"name\":\"Jornal Timoneiro Canoas RS\",\"description\":\"Jornal O Timoneiro, o verdadeiro jornal de Canoas\",\"publisher\":{\"@id\":\"https:\/\/jornaltimoneiro.com.br\/#organization\"},\"potentialAction\":[{\"@type\":\"SearchAction\",\"target\":{\"@type\":\"EntryPoint\",\"urlTemplate\":\"https:\/\/jornaltimoneiro.com.br\/?s={search_term_string}\"},\"query-input\":\"required name=search_term_string\"}],\"inLanguage\":\"pt-BR\"},{\"@type\":\"Organization\",\"@id\":\"https:\/\/jornaltimoneiro.com.br\/#organization\",\"name\":\"Jornal Timoneiro Canoas RS\",\"url\":\"https:\/\/jornaltimoneiro.com.br\/\",\"logo\":{\"@type\":\"ImageObject\",\"inLanguage\":\"pt-BR\",\"@id\":\"https:\/\/jornaltimoneiro.com.br\/#\/schema\/logo\/image\/\",\"url\":\"https:\/\/jornaltimoneiro.com.br\/wp-content\/uploads\/2023\/03\/logonovo.png\",\"contentUrl\":\"https:\/\/jornaltimoneiro.com.br\/wp-content\/uploads\/2023\/03\/logonovo.png\",\"width\":\"469\",\"height\":\"171\",\"caption\":\"Jornal Timoneiro Canoas RS\"},\"image\":{\"@id\":\"https:\/\/jornaltimoneiro.com.br\/#\/schema\/logo\/image\/\"},\"sameAs\":[\"https:\/\/www.facebook.com\/jornaltimoneiro\",\"https:\/\/twitter.com\/_OTimoneiro\",\"https:\/\/www.instagram.com\/jornaltimoneirocanoas\/\",\"https:\/\/www.youtube.com\/@jornalotimoneiro7927\"]},{\"@type\":\"Person\",\"@id\":\"https:\/\/jornaltimoneiro.com.br\/#\/schema\/person\/f63482f1a02b1a9592707865e509ab40\",\"name\":\"Reda\u00e7\u00e3o\",\"image\":{\"@type\":\"ImageObject\",\"inLanguage\":\"pt-BR\",\"@id\":\"https:\/\/jornaltimoneiro.com.br\/#\/schema\/person\/image\/\",\"url\":\"https:\/\/jornaltimoneiro.com.br\/wp-content\/uploads\/2023\/03\/download.jpeg\",\"contentUrl\":\"https:\/\/jornaltimoneiro.com.br\/wp-content\/uploads\/2023\/03\/download.jpeg\",\"caption\":\"Reda\u00e7\u00e3o\"},\"url\":\"https:\/\/jornaltimoneiro.com.br\/index.php\/author\/simone-dutra\/\"}]}<\/script>\n<!-- \/ Yoast SEO plugin. -->","yoast_head_json":{"title":"Pr\u00f3xima Caravana de Empregos de Canoas ocorre no Senai com 1.450 vagas - O Timoneiro Jornal Canoas RS","description":"A pr\u00f3xima Caravana de Empregos ser\u00e1 realizada na ter\u00e7a-feira, 25, com uma oferta de 1.450 vagas distribu\u00eddas em 30 empresas participantes","robots":{"index":"index","follow":"follow","max-snippet":"max-snippet:-1","max-image-preview":"max-image-preview:large","max-video-preview":"max-video-preview:-1"},"canonical":"https:\/\/jornaltimoneiro.com.br\/index.php\/2025\/03\/21\/proxima-caravana-de-empregos-de-canoas-ocorre-no-senai-com-1-450-vagas\/","og_locale":"pt_BR","og_type":"article","og_title":"Pr\u00f3xima Caravana de Empregos de Canoas ocorre no Senai com 1.450 vagas - O Timoneiro Jornal Canoas RS","og_description":"A pr\u00f3xima Caravana de Empregos ser\u00e1 realizada na ter\u00e7a-feira, 25, com uma oferta de 1.450 vagas distribu\u00eddas em 30 empresas participantes","og_url":"https:\/\/jornaltimoneiro.com.br\/index.php\/2025\/03\/21\/proxima-caravana-de-empregos-de-canoas-ocorre-no-senai-com-1-450-vagas\/","og_site_name":"O Timoneiro Jornal Canoas RS","article_publisher":"https:\/\/www.facebook.com\/jornaltimoneiro","article_published_time":"2025-03-21T17:09:30+00:00","og_image":[{"width":2560,"height":1707,"url":"https:\/\/jornaltimoneiro.com.br\/wp-content\/uploads\/2024\/06\/REDUZIDAS_11.06.2024-FEIRAO-DE-EMPREGOS-SUB-SULDESTE-5-scaled.jpg","type":"image\/jpeg"}],"author":"Reda\u00e7\u00e3o","twitter_card":"summary_large_image","twitter_creator":"@_OTimoneiro","twitter_site":"@_OTimoneiro","twitter_misc":{"Escrito por":"Reda\u00e7\u00e3o","Est. tempo de leitura":"3 minutos"},"schema":{"@context":"https:\/\/schema.org","@graph":[{"@type":"Article","@id":"https:\/\/jornaltimoneiro.com.br\/index.php\/2025\/03\/21\/proxima-caravana-de-empregos-de-canoas-ocorre-no-senai-com-1-450-vagas\/#article","isPartOf":{"@id":"https:\/\/jornaltimoneiro.com.br\/index.php\/2025\/03\/21\/proxima-caravana-de-empregos-de-canoas-ocorre-no-senai-com-1-450-vagas\/"},"author":{"name":"Reda\u00e7\u00e3o","@id":"https:\/\/jornaltimoneiro.com.br\/#\/schema\/person\/f63482f1a02b1a9592707865e509ab40"},"headline":"Pr\u00f3xima Caravana de Empregos de Canoas ocorre no Senai com 1.450 vagas","datePublished":"2025-03-21T17:09:30+00:00","dateModified":"2025-03-21T17:09:30+00:00","mainEntityOfPage":{"@id":"https:\/\/jornaltimoneiro.com.br\/index.php\/2025\/03\/21\/proxima-caravana-de-empregos-de-canoas-ocorre-no-senai-com-1-450-vagas\/"},"wordCount":568,"commentCount":0,"publisher":{"@id":"https:\/\/jornaltimoneiro.com.br\/#organization"},"keywords":["canoas","caravana de empregos","empresas","featured","vagas"],"articleSection":["Emprego"],"inLanguage":"pt-BR","potentialAction":[{"@type":"CommentAction","name":"Comment","target":["https:\/\/jornaltimoneiro.com.br\/index.php\/2025\/03\/21\/proxima-caravana-de-empregos-de-canoas-ocorre-no-senai-com-1-450-vagas\/#respond"]}]},{"@type":"WebPage","@id":"https:\/\/jornaltimoneiro.com.br\/index.php\/2025\/03\/21\/proxima-caravana-de-empregos-de-canoas-ocorre-no-senai-com-1-450-vagas\/","url":"https:\/\/jornaltimoneiro.com.br\/index.php\/2025\/03\/21\/proxima-caravana-de-empregos-de-canoas-ocorre-no-senai-com-1-450-vagas\/","name":"Pr\u00f3xima Caravana de Empregos de Canoas ocorre no Senai com 1.450 vagas - O Timoneiro Jornal Canoas RS","isPartOf":{"@id":"https:\/\/jornaltimoneiro.com.br\/#website"},"datePublished":"2025-03-21T17:09:30+00:00","dateModified":"2025-03-21T17:09:30+00:00","description":"A pr\u00f3xima Caravana de Empregos ser\u00e1 realizada na ter\u00e7a-feira, 25, com uma oferta de 1.450 vagas distribu\u00eddas em 30 empresas participantes","breadcrumb":{"@id":"https:\/\/jornaltimoneiro.com.br\/index.php\/2025\/03\/21\/proxima-caravana-de-empregos-de-canoas-ocorre-no-senai-com-1-450-vagas\/#breadcrumb"},"inLanguage":"pt-BR","potentialAction":[{"@type":"ReadAction","target":["https:\/\/jornaltimoneiro.com.br\/index.php\/2025\/03\/21\/proxima-caravana-de-empregos-de-canoas-ocorre-no-senai-com-1-450-vagas\/"]}]},{"@type":"BreadcrumbList","@id":"https:\/\/jornaltimoneiro.com.br\/index.php\/2025\/03\/21\/proxima-caravana-de-empregos-de-canoas-ocorre-no-senai-com-1-450-vagas\/#breadcrumb","itemListElement":[{"@type":"ListItem","position":1,"name":"In\u00edcio","item":"https:\/\/jornaltimoneiro.com.br\/"},{"@type":"ListItem","position":2,"name":"Pr\u00f3xima Caravana de Empregos de Canoas ocorre no Senai com 1.450 vagas"}]},{"@type":"WebSite","@id":"https:\/\/jornaltimoneiro.com.br\/#website","url":"https:\/\/jornaltimoneiro.com.br\/","name":"Jornal Timoneiro Canoas RS","description":"Jornal O Timoneiro, o verdadeiro jornal de Canoas","publisher":{"@id":"https:\/\/jornaltimoneiro.com.br\/#organization"},"potentialAction":[{"@type":"SearchAction","target":{"@type":"EntryPoint","urlTemplate":"https:\/\/jornaltimoneiro.com.br\/?s={search_term_string}"},"query-input":"required name=search_term_string"}],"inLanguage":"pt-BR"},{"@type":"Organization","@id":"https:\/\/jornaltimoneiro.com.br\/#organization","name":"Jornal Timoneiro Canoas RS","url":"https:\/\/jornaltimoneiro.com.br\/","logo":{"@type":"ImageObject","inLanguage":"pt-BR","@id":"https:\/\/jornaltimoneiro.com.br\/#\/schema\/logo\/image\/","url":"https:\/\/jornaltimoneiro.com.br\/wp-content\/uploads\/2023\/03\/logonovo.png","contentUrl":"https:\/\/jornaltimoneiro.com.br\/wp-content\/uploads\/2023\/03\/logonovo.png","width":"469","height":"171","caption":"Jornal Timoneiro Canoas RS"},"image":{"@id":"https:\/\/jornaltimoneiro.com.br\/#\/schema\/logo\/image\/"},"sameAs":["https:\/\/www.facebook.com\/jornaltimoneiro","https:\/\/twitter.com\/_OTimoneiro","https:\/\/www.instagram.com\/jornaltimoneirocanoas\/","https:\/\/www.youtube.com\/@jornalotimoneiro7927"]},{"@type":"Person","@id":"https:\/\/jornaltimoneiro.com.br\/#\/schema\/person\/f63482f1a02b1a9592707865e509ab40","name":"Reda\u00e7\u00e3o","image":{"@type":"ImageObject","inLanguage":"pt-BR","@id":"https:\/\/jornaltimoneiro.com.br\/#\/schema\/person\/image\/","url":"https:\/\/jornaltimoneiro.com.br\/wp-content\/uploads\/2023\/03\/download.jpeg","contentUrl":"https:\/\/jornaltimoneiro.com.br\/wp-content\/uploads\/2023\/03\/download.jpeg","caption":"Reda\u00e7\u00e3o"},"url":"https:\/\/jornaltimoneiro.com.br\/index.php\/author\/simone-dutra\/"}]}},"_links":{"self":[{"href":"https:\/\/jornaltimoneiro.com.br\/index.php\/wp-json\/wp\/v2\/posts\/34326"}],"collection":[{"href":"https:\/\/jornaltimoneiro.com.br\/index.php\/wp-json\/wp\/v2\/posts"}],"about":[{"href":"https:\/\/jornaltimoneiro.com.br\/index.php\/wp-json\/wp\/v2\/types\/post"}],"author":[{"embeddable":true,"href":"https:\/\/jornaltimoneiro.com.br\/index.php\/wp-json\/wp\/v2\/users\/2"}],"replies":[{"embeddable":true,"href":"https:\/\/jornaltimoneiro.com.br\/index.php\/wp-json\/wp\/v2\/comments?post=34326"}],"version-history":[{"count":1,"href":"https:\/\/jornaltimoneiro.com.br\/index.php\/wp-json\/wp\/v2\/posts\/34326\/revisions"}],"predecessor-version":[{"id":34327,"href":"https:\/\/jornaltimoneiro.com.br\/index.php\/wp-json\/wp\/v2\/posts\/34326\/revisions\/34327"}],"wp:featuredmedia":[{"embeddable":true,"href":"https:\/\/jornaltimoneiro.com.br\/index.php\/wp-json\/wp\/v2\/media\/30135"}],"wp:attachment":[{"href":"https:\/\/jornaltimoneiro.com.br\/index.php\/wp-json\/wp\/v2\/media?parent=34326"}],"wp:term":[{"taxonomy":"category","embeddable":true,"href":"https:\/\/jornaltimoneiro.com.br\/index.php\/wp-json\/wp\/v2\/categories?post=34326"},{"taxonomy":"post_tag","embeddable":true,"href":"https:\/\/jornaltimoneiro.com.br\/index.php\/wp-json\/wp\/v2\/tags?post=34326"}],"curies":[{"name":"wp","href":"https:\/\/api.w.org\/{rel}","templated":true}]}}