{"id":34295,"date":"2025-03-19T14:54:49","date_gmt":"2025-03-19T17:54:49","guid":{"rendered":"https:\/\/jornaltimoneiro.com.br\/?p=34295"},"modified":"2025-03-19T14:54:49","modified_gmt":"2025-03-19T17:54:49","slug":"dragagem-de-canais-assoreados-pela-enchente-de-2024-e-iniciada","status":"publish","type":"post","link":"https:\/\/jornaltimoneiro.com.br\/index.php\/2025\/03\/19\/dragagem-de-canais-assoreados-pela-enchente-de-2024-e-iniciada\/","title":{"rendered":"Dragagem de canais assoreados pela enchente de 2024 \u00e9 iniciada"},"content":{"rendered":"<p>O governador Eduardo Leite participou, na ter\u00e7a-feira, 18, de um ato que marcou o in\u00edcio da dragagem dos canais Furadinho, Pedras Brancas, Leit\u00e3o e S\u00e3o Gon\u00e7alo, assoreados devido \u00e0s enchentes de maio de 2024. O evento foi realizado no Porto de Porto Alegre e contou com as participa\u00e7\u00f5es dos secret\u00e1rios de Log\u00edstica e Transportes, Juvir Costella, e de Desenvolvimento Econ\u00f4mico, Ernani Polo, al\u00e9m do presidente da Portos RS, Cristiano Klinger.<\/p>\n<p>A obra, que ir\u00e1 restabelecer o calado operacional, se caracteriza como um avan\u00e7o estrat\u00e9gico para a infraestrutura hidrovi\u00e1ria do Rio Grande do Sul, fortalecendo o transporte de cargas por meio desse modal. A recupera\u00e7\u00e3o dos canais de navega\u00e7\u00e3o tamb\u00e9m trar\u00e1 mais seguran\u00e7a para o tr\u00e1fego de embarca\u00e7\u00f5es e continuar\u00e1 contribuindo para o desenvolvimento econ\u00f4mico sustent\u00e1vel da Regi\u00e3o Metropolitana e do complexo portu\u00e1rio da capital.<\/p>\n<p>O governador Eduardo Leite mencionou os investimentos do Estado em a\u00e7\u00f5es de dragagem e na contrata\u00e7\u00e3o de maquin\u00e1rios para os munic\u00edpios.<\/p>\n<blockquote><p>\u201cUm bilh\u00e3o de reais est\u00e1 sendo investido pelo governo em dragagem e desassoreamento, a\u00e7\u00f5es que buscam garantir a navega\u00e7\u00e3o e melhorar o fluxo das \u00e1guas. Trata-se de um investimento muito relevante e estrat\u00e9gico para o Rio Grande do Sul\u201d, disse.<\/p><\/blockquote>\n<p>Os recursos para as a\u00e7\u00f5es s\u00e3o do Fundo do Plano Rio Grande, que destinou R$ 691 milh\u00f5es para dragagem e R$ 40 milh\u00f5es para infraestrutura e equipamentos de seguran\u00e7a e controle. As cinco embarca\u00e7\u00f5es que ser\u00e3o utilizadas pertencem \u00e0 empresa Ster Engenharia, vencedora da licita\u00e7\u00e3o realizada pela Autoridade Portu\u00e1ria. A companhia j\u00e1 vem atuando no desassoreamento do Canal de Itapu\u00e3.<\/p>\n<p>O presidente da Portos RS destacou a import\u00e2ncia da dragagem e detalhou como ser\u00e1 o ritmo de trabalho.<\/p>\n<blockquote><p>\u201c\u00c9 uma obra que tem previs\u00e3o de 150 dias para estar conclu\u00edda. Ser\u00e3o utilizados cinco equipamentos, que trabalhar\u00e3o de forma simult\u00e2nea. Isso nos d\u00e1 uma perspectiva de redu\u00e7\u00e3o do prazo de entrega\u201d.<\/p><\/blockquote>\n<p>Klinger tamb\u00e9m relatou que a Autoridade Portu\u00e1ria recebeu, na semana passada, os dados dos levantamentos batim\u00e9tricos em outros oito canais que comp\u00f5em a infraestrutura da hidrovia.<\/p>\n<blockquote><p>\u201cA equipe agora est\u00e1 trabalhando na constru\u00e7\u00e3o do Termo de Refer\u00eancia para executarmos mais uma licita\u00e7\u00e3o. Trata-se de uma a\u00e7\u00e3o que ir\u00e1 favorecer a log\u00edstica de quem se utiliza do Porto de Porto Alegre\u201d, concluiu.<\/p><\/blockquote>\n<p>Costella salientou a agilidade do governo do Estado para colocar em execu\u00e7\u00e3o uma obra de tamanha import\u00e2ncia para o Rio Grande do Sul.<\/p>\n<blockquote><p>\u201cPoderemos chegar a um pouco mais de seis metros de profundidade, permitindo que a hidrovia retorne \u00e0 sua normalidade. Isso contribuir\u00e1 com a retomada do crescimento e do desenvolvimento do Estado\u201d, disse.<\/p><\/blockquote>\n<p>A previs\u00e3o \u00e9 que sejam retirados 1,65 bilh\u00e3o de metros c\u00fabicos de sedimentos\u00a0dos canais dragados.<\/p>\n","protected":false},"excerpt":{"rendered":"<p>O governador Eduardo Leite participou, na ter\u00e7a-feira, 18, de um ato que marcou o in\u00edcio da dragagem dos canais Furadinho, Pedras Brancas, Leit\u00e3o e S\u00e3o Gon\u00e7alo, assoreados devido \u00e0s enchentes de maio de 2024. O evento foi realizado no Porto de Porto Alegre e contou com as participa\u00e7\u00f5es dos secret\u00e1rios de Log\u00edstica e Transportes, Juvir [&hellip;]<\/p>\n","protected":false},"author":2,"featured_media":34296,"comment_status":"open","ping_status":"open","sticky":false,"template":"","format":"standard","meta":{"amp_status":"","footnotes":""},"categories":[23],"tags":[4068,665,2499,2449,121],"class_list":["post-34295","post","type-post","status-publish","format-standard","has-post-thumbnail","hentry","category-geral","tag-dragagem-rio-guaiba","tag-eduardo-leite","tag-enchente-24","tag-governador","tag-porto-alegre"],"yoast_head":"<!-- This site is optimized with the Yoast SEO plugin v20.5 - https:\/\/yoast.com\/wordpress\/plugins\/seo\/ -->\n<title>Dragagem de canais assoreados pela enchente de 2024 \u00e9 iniciada - O Timoneiro Jornal Canoas RS<\/title>\n<meta name=\"description\" content=\"Eduardo Leite participou de ato que marcou o in\u00edcio da dragagem dos canais Furadinho assoreados devido \u00e0s enchentes de maio de 2024\" \/>\n<meta name=\"robots\" content=\"index, follow, max-snippet:-1, max-image-preview:large, max-video-preview:-1\" \/>\n<link rel=\"canonical\" href=\"https:\/\/jornaltimoneiro.com.br\/index.php\/2025\/03\/19\/dragagem-de-canais-assoreados-pela-enchente-de-2024-e-iniciada\/\" \/>\n<meta property=\"og:locale\" content=\"pt_BR\" \/>\n<meta property=\"og:type\" content=\"article\" \/>\n<meta property=\"og:title\" content=\"Dragagem de canais assoreados pela enchente de 2024 \u00e9 iniciada - O Timoneiro Jornal Canoas RS\" \/>\n<meta property=\"og:description\" content=\"Eduardo Leite participou de ato que marcou o in\u00edcio da dragagem dos canais Furadinho assoreados devido \u00e0s enchentes de maio de 2024\" \/>\n<meta property=\"og:url\" content=\"https:\/\/jornaltimoneiro.com.br\/index.php\/2025\/03\/19\/dragagem-de-canais-assoreados-pela-enchente-de-2024-e-iniciada\/\" \/>\n<meta property=\"og:site_name\" content=\"O Timoneiro Jornal Canoas RS\" \/>\n<meta property=\"article:publisher\" content=\"https:\/\/www.facebook.com\/jornaltimoneiro\" \/>\n<meta property=\"article:published_time\" content=\"2025-03-19T17:54:49+00:00\" \/>\n<meta property=\"og:image\" content=\"https:\/\/jornaltimoneiro.com.br\/wp-content\/uploads\/2025\/03\/WhatsApp-Image-2025-03-19-at-14.42.56-1.jpeg\" \/>\n\t<meta property=\"og:image:width\" content=\"945\" \/>\n\t<meta property=\"og:image:height\" content=\"650\" \/>\n\t<meta property=\"og:image:type\" content=\"image\/jpeg\" \/>\n<meta name=\"author\" content=\"Reda\u00e7\u00e3o\" \/>\n<meta name=\"twitter:card\" content=\"summary_large_image\" \/>\n<meta name=\"twitter:creator\" content=\"@_OTimoneiro\" \/>\n<meta name=\"twitter:site\" content=\"@_OTimoneiro\" \/>\n<meta name=\"twitter:label1\" content=\"Escrito por\" \/>\n\t<meta name=\"twitter:data1\" content=\"Reda\u00e7\u00e3o\" \/>\n\t<meta name=\"twitter:label2\" content=\"Est. tempo de leitura\" \/>\n\t<meta name=\"twitter:data2\" content=\"3 minutos\" \/>\n<script type=\"application\/ld+json\" class=\"yoast-schema-graph\">{\"@context\":\"https:\/\/schema.org\",\"@graph\":[{\"@type\":\"Article\",\"@id\":\"https:\/\/jornaltimoneiro.com.br\/index.php\/2025\/03\/19\/dragagem-de-canais-assoreados-pela-enchente-de-2024-e-iniciada\/#article\",\"isPartOf\":{\"@id\":\"https:\/\/jornaltimoneiro.com.br\/index.php\/2025\/03\/19\/dragagem-de-canais-assoreados-pela-enchente-de-2024-e-iniciada\/\"},\"author\":{\"name\":\"Reda\u00e7\u00e3o\",\"@id\":\"https:\/\/jornaltimoneiro.com.br\/#\/schema\/person\/f63482f1a02b1a9592707865e509ab40\"},\"headline\":\"Dragagem de canais assoreados pela enchente de 2024 \u00e9 iniciada\",\"datePublished\":\"2025-03-19T17:54:49+00:00\",\"dateModified\":\"2025-03-19T17:54:49+00:00\",\"mainEntityOfPage\":{\"@id\":\"https:\/\/jornaltimoneiro.com.br\/index.php\/2025\/03\/19\/dragagem-de-canais-assoreados-pela-enchente-de-2024-e-iniciada\/\"},\"wordCount\":496,\"commentCount\":0,\"publisher\":{\"@id\":\"https:\/\/jornaltimoneiro.com.br\/#organization\"},\"keywords\":[\"dragagem. rio gua\u00edba\",\"eduardo leite\",\"enchente 24\",\"governador\",\"Porto Alegre\"],\"articleSection\":[\"Geral\"],\"inLanguage\":\"pt-BR\",\"potentialAction\":[{\"@type\":\"CommentAction\",\"name\":\"Comment\",\"target\":[\"https:\/\/jornaltimoneiro.com.br\/index.php\/2025\/03\/19\/dragagem-de-canais-assoreados-pela-enchente-de-2024-e-iniciada\/#respond\"]}]},{\"@type\":\"WebPage\",\"@id\":\"https:\/\/jornaltimoneiro.com.br\/index.php\/2025\/03\/19\/dragagem-de-canais-assoreados-pela-enchente-de-2024-e-iniciada\/\",\"url\":\"https:\/\/jornaltimoneiro.com.br\/index.php\/2025\/03\/19\/dragagem-de-canais-assoreados-pela-enchente-de-2024-e-iniciada\/\",\"name\":\"Dragagem de canais assoreados pela enchente de 2024 \u00e9 iniciada - O Timoneiro Jornal Canoas RS\",\"isPartOf\":{\"@id\":\"https:\/\/jornaltimoneiro.com.br\/#website\"},\"datePublished\":\"2025-03-19T17:54:49+00:00\",\"dateModified\":\"2025-03-19T17:54:49+00:00\",\"description\":\"Eduardo Leite participou de ato que marcou o in\u00edcio da dragagem dos canais Furadinho assoreados devido \u00e0s enchentes de maio de 2024\",\"breadcrumb\":{\"@id\":\"https:\/\/jornaltimoneiro.com.br\/index.php\/2025\/03\/19\/dragagem-de-canais-assoreados-pela-enchente-de-2024-e-iniciada\/#breadcrumb\"},\"inLanguage\":\"pt-BR\",\"potentialAction\":[{\"@type\":\"ReadAction\",\"target\":[\"https:\/\/jornaltimoneiro.com.br\/index.php\/2025\/03\/19\/dragagem-de-canais-assoreados-pela-enchente-de-2024-e-iniciada\/\"]}]},{\"@type\":\"BreadcrumbList\",\"@id\":\"https:\/\/jornaltimoneiro.com.br\/index.php\/2025\/03\/19\/dragagem-de-canais-assoreados-pela-enchente-de-2024-e-iniciada\/#breadcrumb\",\"itemListElement\":[{\"@type\":\"ListItem\",\"position\":1,\"name\":\"In\u00edcio\",\"item\":\"https:\/\/jornaltimoneiro.com.br\/\"},{\"@type\":\"ListItem\",\"position\":2,\"name\":\"Dragagem de canais assoreados pela enchente de 2024 \u00e9 iniciada\"}]},{\"@type\":\"WebSite\",\"@id\":\"https:\/\/jornaltimoneiro.com.br\/#website\",\"url\":\"https:\/\/jornaltimoneiro.com.br\/\",\"name\":\"Jornal Timoneiro Canoas RS\",\"description\":\"Jornal O Timoneiro, o verdadeiro jornal de Canoas\",\"publisher\":{\"@id\":\"https:\/\/jornaltimoneiro.com.br\/#organization\"},\"potentialAction\":[{\"@type\":\"SearchAction\",\"target\":{\"@type\":\"EntryPoint\",\"urlTemplate\":\"https:\/\/jornaltimoneiro.com.br\/?s={search_term_string}\"},\"query-input\":\"required name=search_term_string\"}],\"inLanguage\":\"pt-BR\"},{\"@type\":\"Organization\",\"@id\":\"https:\/\/jornaltimoneiro.com.br\/#organization\",\"name\":\"Jornal Timoneiro Canoas RS\",\"url\":\"https:\/\/jornaltimoneiro.com.br\/\",\"logo\":{\"@type\":\"ImageObject\",\"inLanguage\":\"pt-BR\",\"@id\":\"https:\/\/jornaltimoneiro.com.br\/#\/schema\/logo\/image\/\",\"url\":\"https:\/\/jornaltimoneiro.com.br\/wp-content\/uploads\/2023\/03\/logonovo.png\",\"contentUrl\":\"https:\/\/jornaltimoneiro.com.br\/wp-content\/uploads\/2023\/03\/logonovo.png\",\"width\":\"469\",\"height\":\"171\",\"caption\":\"Jornal Timoneiro Canoas RS\"},\"image\":{\"@id\":\"https:\/\/jornaltimoneiro.com.br\/#\/schema\/logo\/image\/\"},\"sameAs\":[\"https:\/\/www.facebook.com\/jornaltimoneiro\",\"https:\/\/twitter.com\/_OTimoneiro\",\"https:\/\/www.instagram.com\/jornaltimoneirocanoas\/\",\"https:\/\/www.youtube.com\/@jornalotimoneiro7927\"]},{\"@type\":\"Person\",\"@id\":\"https:\/\/jornaltimoneiro.com.br\/#\/schema\/person\/f63482f1a02b1a9592707865e509ab40\",\"name\":\"Reda\u00e7\u00e3o\",\"image\":{\"@type\":\"ImageObject\",\"inLanguage\":\"pt-BR\",\"@id\":\"https:\/\/jornaltimoneiro.com.br\/#\/schema\/person\/image\/\",\"url\":\"https:\/\/jornaltimoneiro.com.br\/wp-content\/uploads\/2023\/03\/download.jpeg\",\"contentUrl\":\"https:\/\/jornaltimoneiro.com.br\/wp-content\/uploads\/2023\/03\/download.jpeg\",\"caption\":\"Reda\u00e7\u00e3o\"},\"url\":\"https:\/\/jornaltimoneiro.com.br\/index.php\/author\/simone-dutra\/\"}]}<\/script>\n<!-- \/ Yoast SEO plugin. -->","yoast_head_json":{"title":"Dragagem de canais assoreados pela enchente de 2024 \u00e9 iniciada - O Timoneiro Jornal Canoas RS","description":"Eduardo Leite participou de ato que marcou o in\u00edcio da dragagem dos canais Furadinho assoreados devido \u00e0s enchentes de maio de 2024","robots":{"index":"index","follow":"follow","max-snippet":"max-snippet:-1","max-image-preview":"max-image-preview:large","max-video-preview":"max-video-preview:-1"},"canonical":"https:\/\/jornaltimoneiro.com.br\/index.php\/2025\/03\/19\/dragagem-de-canais-assoreados-pela-enchente-de-2024-e-iniciada\/","og_locale":"pt_BR","og_type":"article","og_title":"Dragagem de canais assoreados pela enchente de 2024 \u00e9 iniciada - O Timoneiro Jornal Canoas RS","og_description":"Eduardo Leite participou de ato que marcou o in\u00edcio da dragagem dos canais Furadinho assoreados devido \u00e0s enchentes de maio de 2024","og_url":"https:\/\/jornaltimoneiro.com.br\/index.php\/2025\/03\/19\/dragagem-de-canais-assoreados-pela-enchente-de-2024-e-iniciada\/","og_site_name":"O Timoneiro Jornal Canoas RS","article_publisher":"https:\/\/www.facebook.com\/jornaltimoneiro","article_published_time":"2025-03-19T17:54:49+00:00","og_image":[{"width":"945","height":"650","url":"https:\/\/jornaltimoneiro.com.br\/wp-content\/uploads\/2025\/03\/WhatsApp-Image-2025-03-19-at-14.42.56-1.jpeg","type":"image\/jpeg"}],"author":"Reda\u00e7\u00e3o","twitter_card":"summary_large_image","twitter_creator":"@_OTimoneiro","twitter_site":"@_OTimoneiro","twitter_misc":{"Escrito por":"Reda\u00e7\u00e3o","Est. tempo de leitura":"3 minutos"},"schema":{"@context":"https:\/\/schema.org","@graph":[{"@type":"Article","@id":"https:\/\/jornaltimoneiro.com.br\/index.php\/2025\/03\/19\/dragagem-de-canais-assoreados-pela-enchente-de-2024-e-iniciada\/#article","isPartOf":{"@id":"https:\/\/jornaltimoneiro.com.br\/index.php\/2025\/03\/19\/dragagem-de-canais-assoreados-pela-enchente-de-2024-e-iniciada\/"},"author":{"name":"Reda\u00e7\u00e3o","@id":"https:\/\/jornaltimoneiro.com.br\/#\/schema\/person\/f63482f1a02b1a9592707865e509ab40"},"headline":"Dragagem de canais assoreados pela enchente de 2024 \u00e9 iniciada","datePublished":"2025-03-19T17:54:49+00:00","dateModified":"2025-03-19T17:54:49+00:00","mainEntityOfPage":{"@id":"https:\/\/jornaltimoneiro.com.br\/index.php\/2025\/03\/19\/dragagem-de-canais-assoreados-pela-enchente-de-2024-e-iniciada\/"},"wordCount":496,"commentCount":0,"publisher":{"@id":"https:\/\/jornaltimoneiro.com.br\/#organization"},"keywords":["dragagem. rio gua\u00edba","eduardo leite","enchente 24","governador","Porto Alegre"],"articleSection":["Geral"],"inLanguage":"pt-BR","potentialAction":[{"@type":"CommentAction","name":"Comment","target":["https:\/\/jornaltimoneiro.com.br\/index.php\/2025\/03\/19\/dragagem-de-canais-assoreados-pela-enchente-de-2024-e-iniciada\/#respond"]}]},{"@type":"WebPage","@id":"https:\/\/jornaltimoneiro.com.br\/index.php\/2025\/03\/19\/dragagem-de-canais-assoreados-pela-enchente-de-2024-e-iniciada\/","url":"https:\/\/jornaltimoneiro.com.br\/index.php\/2025\/03\/19\/dragagem-de-canais-assoreados-pela-enchente-de-2024-e-iniciada\/","name":"Dragagem de canais assoreados pela enchente de 2024 \u00e9 iniciada - O Timoneiro Jornal Canoas RS","isPartOf":{"@id":"https:\/\/jornaltimoneiro.com.br\/#website"},"datePublished":"2025-03-19T17:54:49+00:00","dateModified":"2025-03-19T17:54:49+00:00","description":"Eduardo Leite participou de ato que marcou o in\u00edcio da dragagem dos canais Furadinho assoreados devido \u00e0s enchentes de maio de 2024","breadcrumb":{"@id":"https:\/\/jornaltimoneiro.com.br\/index.php\/2025\/03\/19\/dragagem-de-canais-assoreados-pela-enchente-de-2024-e-iniciada\/#breadcrumb"},"inLanguage":"pt-BR","potentialAction":[{"@type":"ReadAction","target":["https:\/\/jornaltimoneiro.com.br\/index.php\/2025\/03\/19\/dragagem-de-canais-assoreados-pela-enchente-de-2024-e-iniciada\/"]}]},{"@type":"BreadcrumbList","@id":"https:\/\/jornaltimoneiro.com.br\/index.php\/2025\/03\/19\/dragagem-de-canais-assoreados-pela-enchente-de-2024-e-iniciada\/#breadcrumb","itemListElement":[{"@type":"ListItem","position":1,"name":"In\u00edcio","item":"https:\/\/jornaltimoneiro.com.br\/"},{"@type":"ListItem","position":2,"name":"Dragagem de canais assoreados pela enchente de 2024 \u00e9 iniciada"}]},{"@type":"WebSite","@id":"https:\/\/jornaltimoneiro.com.br\/#website","url":"https:\/\/jornaltimoneiro.com.br\/","name":"Jornal Timoneiro Canoas RS","description":"Jornal O Timoneiro, o verdadeiro jornal de Canoas","publisher":{"@id":"https:\/\/jornaltimoneiro.com.br\/#organization"},"potentialAction":[{"@type":"SearchAction","target":{"@type":"EntryPoint","urlTemplate":"https:\/\/jornaltimoneiro.com.br\/?s={search_term_string}"},"query-input":"required name=search_term_string"}],"inLanguage":"pt-BR"},{"@type":"Organization","@id":"https:\/\/jornaltimoneiro.com.br\/#organization","name":"Jornal Timoneiro Canoas RS","url":"https:\/\/jornaltimoneiro.com.br\/","logo":{"@type":"ImageObject","inLanguage":"pt-BR","@id":"https:\/\/jornaltimoneiro.com.br\/#\/schema\/logo\/image\/","url":"https:\/\/jornaltimoneiro.com.br\/wp-content\/uploads\/2023\/03\/logonovo.png","contentUrl":"https:\/\/jornaltimoneiro.com.br\/wp-content\/uploads\/2023\/03\/logonovo.png","width":"469","height":"171","caption":"Jornal Timoneiro Canoas RS"},"image":{"@id":"https:\/\/jornaltimoneiro.com.br\/#\/schema\/logo\/image\/"},"sameAs":["https:\/\/www.facebook.com\/jornaltimoneiro","https:\/\/twitter.com\/_OTimoneiro","https:\/\/www.instagram.com\/jornaltimoneirocanoas\/","https:\/\/www.youtube.com\/@jornalotimoneiro7927"]},{"@type":"Person","@id":"https:\/\/jornaltimoneiro.com.br\/#\/schema\/person\/f63482f1a02b1a9592707865e509ab40","name":"Reda\u00e7\u00e3o","image":{"@type":"ImageObject","inLanguage":"pt-BR","@id":"https:\/\/jornaltimoneiro.com.br\/#\/schema\/person\/image\/","url":"https:\/\/jornaltimoneiro.com.br\/wp-content\/uploads\/2023\/03\/download.jpeg","contentUrl":"https:\/\/jornaltimoneiro.com.br\/wp-content\/uploads\/2023\/03\/download.jpeg","caption":"Reda\u00e7\u00e3o"},"url":"https:\/\/jornaltimoneiro.com.br\/index.php\/author\/simone-dutra\/"}]}},"_links":{"self":[{"href":"https:\/\/jornaltimoneiro.com.br\/index.php\/wp-json\/wp\/v2\/posts\/34295"}],"collection":[{"href":"https:\/\/jornaltimoneiro.com.br\/index.php\/wp-json\/wp\/v2\/posts"}],"about":[{"href":"https:\/\/jornaltimoneiro.com.br\/index.php\/wp-json\/wp\/v2\/types\/post"}],"author":[{"embeddable":true,"href":"https:\/\/jornaltimoneiro.com.br\/index.php\/wp-json\/wp\/v2\/users\/2"}],"replies":[{"embeddable":true,"href":"https:\/\/jornaltimoneiro.com.br\/index.php\/wp-json\/wp\/v2\/comments?post=34295"}],"version-history":[{"count":1,"href":"https:\/\/jornaltimoneiro.com.br\/index.php\/wp-json\/wp\/v2\/posts\/34295\/revisions"}],"predecessor-version":[{"id":34297,"href":"https:\/\/jornaltimoneiro.com.br\/index.php\/wp-json\/wp\/v2\/posts\/34295\/revisions\/34297"}],"wp:featuredmedia":[{"embeddable":true,"href":"https:\/\/jornaltimoneiro.com.br\/index.php\/wp-json\/wp\/v2\/media\/34296"}],"wp:attachment":[{"href":"https:\/\/jornaltimoneiro.com.br\/index.php\/wp-json\/wp\/v2\/media?parent=34295"}],"wp:term":[{"taxonomy":"category","embeddable":true,"href":"https:\/\/jornaltimoneiro.com.br\/index.php\/wp-json\/wp\/v2\/categories?post=34295"},{"taxonomy":"post_tag","embeddable":true,"href":"https:\/\/jornaltimoneiro.com.br\/index.php\/wp-json\/wp\/v2\/tags?post=34295"}],"curies":[{"name":"wp","href":"https:\/\/api.w.org\/{rel}","templated":true}]}}