{"id":34261,"date":"2025-03-17T10:46:03","date_gmt":"2025-03-17T13:46:03","guid":{"rendered":"https:\/\/jornaltimoneiro.com.br\/?p=34261"},"modified":"2025-03-17T13:55:09","modified_gmt":"2025-03-17T16:55:09","slug":"comissao-da-camara-dos-deputados-visita-dique-em-canoas","status":"publish","type":"post","link":"https:\/\/jornaltimoneiro.com.br\/index.php\/2025\/03\/17\/comissao-da-camara-dos-deputados-visita-dique-em-canoas\/","title":{"rendered":"Comiss\u00e3o da C\u00e2mara dos Deputados visita dique em Canoas"},"content":{"rendered":"<p class=\"single-title custom-post-type-title\"><span style=\"font-size: 16px;\">O prefeito em exerc\u00edcio Rodrigo Busato, acompanhado de secret\u00e1rios municipais, adjuntos e vereadores, recebeu na manh\u00e3 de s\u00e1bado, 15, deputados federais integrantes da Comiss\u00e3o Especial Sobre Preven\u00e7\u00e3o e Aux\u00edlio a Desastres e Calamidades Naturais para uma reuni\u00e3o e visita t\u00e9cnica de apresenta\u00e7\u00e3o dos equipamentos de prote\u00e7\u00e3o do Munic\u00edpio contra enchentes.<\/span><\/p>\n<div class=\"single-image-desc\">\n<p>O grupo coletou informa\u00e7\u00f5es sobre a resposta de Canoas \u00e0 enchente de maio de 2024, os desdobramentos da calamidade e a reconstru\u00e7\u00e3o da cidade, escutou do vice-prefeito, secret\u00e1rios e vereadores relatos sobre as necessidades do Munic\u00edpio e posteriormente visitou a Casa de Bombas n.\u00b0 6, no bairro Mathias Velho, e as obras do dique de conten\u00e7\u00e3o contra as cheias no ponto em que a estrutura rompeu-se parcialmente na enchente do ano passado.<\/p>\n<p>Participaram da reuni\u00e3o e das visitas o presidente da comiss\u00e3o, Leo Prates (BA), o relator Gilson Daniel (ES), e os deputados federais ga\u00fachos Luiz Carlos Busato e Bibo Nunes. Os vereadores Alexandre Duarte, Daurinei Alt, Neuza Rufatto, Heider Couto e Dario Francisco da Silveira tamb\u00e9m estiveram presentes.<\/p>\n<p>Na reuni\u00e3o e nas visitas, o prefeito em exerc\u00edcio Rodrigo Busato reiterou a necessidade de que haja mais agilidade na libera\u00e7\u00e3o de recursos j\u00e1 aprovados para a reconstru\u00e7\u00e3o da cidade e melhorias nos equipamentos de prote\u00e7\u00e3o contra as cheias.<\/p>\n<blockquote><p>\u201cCanoas tem pressa para essa reconstru\u00e7\u00e3o\u201d, argumentou Rodrigo Busato, que destacou ainda a import\u00e2ncia das a\u00e7\u00f5es de preven\u00e7\u00e3o para que calamidades como a de 2024 n\u00e3o se repitam.<\/p><\/blockquote>\n<p>Por videochamada, o prefeito Airton Souza, que est\u00e1 em viagem de trabalho, pediu o apoio da comiss\u00e3o para sensibilizar o governo federal a liberar recursos com mais agilidade para o Munic\u00edpio.<\/p>\n<blockquote><p>\u201cPrecisamos que nos ajudem para que o governo reconhe\u00e7a a licita\u00e7\u00e3o que foi feita, os contratos, porque a verba j\u00e1 existe\u201d, pediu o prefeito, referindo-se \u00e0s obras de reformas e constru\u00e7\u00e3o dos diques da cidade. \u201cE que a parte que compete a Canoas seja destinada para Canoas administrar.\u201d<\/p><\/blockquote>\n<p>Os deputados se solidarizaram com os pedidos e receberam sugest\u00f5es que ser\u00e3o inclu\u00eddas no relat\u00f3rio final da comiss\u00e3o.<\/p>\n<blockquote><p>\u201cQuando passa o desastre, os problemas ficam, e quisemos ver as sequelas desse desastre no Rio Grande do Sul e como a gente pode colaborar\u201d, disse o deputado federal Leo Prates.<\/p>\n<p>\u201cNosso objetivo \u00e9 criar um Sistema Nacional de Desastres. Queremos melhorar a legisla\u00e7\u00e3o para que as respostas sejam muito mais r\u00e1pidas. A gente precisa estar muito mais preparado\u201d, completou.<\/p>\n<p>\u201cEssa visita nos d\u00e1 condi\u00e7\u00f5es de ver de perto o sentimento das pessoas, o que est\u00e1 dando certo e o que est\u00e1 dando errado. A gente est\u00e1 vendo que os recursos n\u00e3o est\u00e3o chegando\u201d, comentou o relator da comiss\u00e3o, deputado Gilson Daniel, que lembrou ainda que a import\u00e2ncia da preven\u00e7\u00e3o de desastres ainda n\u00e3o se reflete no or\u00e7amento federal. \u201cTemos um or\u00e7amento aprovado na Uni\u00e3o que n\u00e3o possui recursos para preven\u00e7\u00e3o. Isso \u00e9 um erro do poder p\u00fablico\u201d<\/p><\/blockquote>\n<h4><strong>Deputados ga\u00fachos defendem a import\u00e2ncia da preven\u00e7\u00e3o<\/strong><\/h4>\n<p>O deputado Luiz Carlos Busato somou-se \u00e0 cobran\u00e7a por mais agilidade na libera\u00e7\u00e3o de recursos para os munic\u00edpios afetados pelas enchentes, e defendeu que \u00e9 preciso dar a devida import\u00e2ncia para a preven\u00e7\u00e3o de desastres semelhantes.<\/p>\n<blockquote><p>\u201cAp\u00f3s as enchentes de maio, em Canoas foi criada uma consci\u00eancia para a preven\u00e7\u00e3o e o Munic\u00edpio est\u00e1 trabalhando\u201d, disse Busato. \u201cMas foram muitos recursos anunciados, muitas a\u00e7\u00f5es promovidas pelo governo federal, e muito pouco foi efetivado. N\u00f3s estamos novamente enfrentando o problema recorrente que \u00e9 a demora.\u201d<\/p><\/blockquote>\n<p>O deputado Bibo Nunes destacou que tramita no Senado Federal a Proposta de Emenda \u00e0 Constitui\u00e7\u00e3o n.\u00b0 44, que visa destinar parte dos recursos das emendas parlamentares e do or\u00e7amento da Uni\u00e3o a a\u00e7\u00f5es de preven\u00e7\u00e3o, mitiga\u00e7\u00e3o, prepara\u00e7\u00e3o, resposta e recupera\u00e7\u00e3o de desastres, al\u00e9m de incluir a aloca\u00e7\u00e3o de recursos ao Fundo Nacional para Calamidades P\u00fablicas, Prote\u00e7\u00e3o e Defesa Civil (Funcap) e criar regras para a transfer\u00eancia direta de recursos aos Estados, ao Distrito Federal e aos Munic\u00edpios.<\/p>\n<p>E lembrou que Canoas foi a cidade mais afetada pelas enchentes do ano passado. \u201cCanoas \u00e9 uma cidade que tem que ter todo o apoio\u201d, declarou o deputado.<\/p>\n<blockquote><p>\u201cFico muito grato que os deputados tenham vindo ao Rio Grande do Sul para essa demonstra\u00e7\u00e3o de apoio.\u201d<\/p><\/blockquote>\n<\/div>\n","protected":false},"excerpt":{"rendered":"<p>O prefeito em exerc\u00edcio Rodrigo Busato, acompanhado de secret\u00e1rios municipais, adjuntos e vereadores, recebeu na manh\u00e3 de s\u00e1bado, 15, deputados federais integrantes da Comiss\u00e3o Especial Sobre Preven\u00e7\u00e3o e Aux\u00edlio a Desastres e Calamidades Naturais para uma reuni\u00e3o e visita t\u00e9cnica de apresenta\u00e7\u00e3o dos equipamentos de prote\u00e7\u00e3o do Munic\u00edpio contra enchentes. O grupo coletou informa\u00e7\u00f5es sobre [&hellip;]<\/p>\n","protected":false},"author":2,"featured_media":34262,"comment_status":"open","ping_status":"open","sticky":false,"template":"","format":"standard","meta":{"amp_status":"","footnotes":""},"categories":[23],"tags":[31,2578,190,1037,44,3679,113],"class_list":["post-34261","post","type-post","status-publish","format-standard","has-post-thumbnail","hentry","category-geral","tag-canoas","tag-dique","tag-featured","tag-mathias-velho","tag-prefeitura-de-canoas","tag-rodrigo-busato","tag-vereadores"],"yoast_head":"<!-- This site is optimized with the Yoast SEO plugin v20.5 - https:\/\/yoast.com\/wordpress\/plugins\/seo\/ -->\n<title>Comiss\u00e3o da C\u00e2mara dos Deputados visita dique em Canoas - O Timoneiro Jornal Canoas RS<\/title>\n<meta name=\"description\" content=\"O prefeito em exerc\u00edcio Rodrigo Busato, acompanhado de secret\u00e1rios municipais, adjuntos e vereadores, recebeu na manh\u00e3 de s\u00e1bado, 15\" \/>\n<meta name=\"robots\" content=\"index, follow, max-snippet:-1, max-image-preview:large, max-video-preview:-1\" \/>\n<link rel=\"canonical\" href=\"https:\/\/jornaltimoneiro.com.br\/index.php\/2025\/03\/17\/comissao-da-camara-dos-deputados-visita-dique-em-canoas\/\" \/>\n<meta property=\"og:locale\" content=\"pt_BR\" \/>\n<meta property=\"og:type\" content=\"article\" \/>\n<meta property=\"og:title\" content=\"Comiss\u00e3o da C\u00e2mara dos Deputados visita dique em Canoas - O Timoneiro Jornal Canoas RS\" \/>\n<meta property=\"og:description\" content=\"O prefeito em exerc\u00edcio Rodrigo Busato, acompanhado de secret\u00e1rios municipais, adjuntos e vereadores, recebeu na manh\u00e3 de s\u00e1bado, 15\" \/>\n<meta property=\"og:url\" content=\"https:\/\/jornaltimoneiro.com.br\/index.php\/2025\/03\/17\/comissao-da-camara-dos-deputados-visita-dique-em-canoas\/\" \/>\n<meta property=\"og:site_name\" content=\"O Timoneiro Jornal Canoas RS\" \/>\n<meta property=\"article:publisher\" content=\"https:\/\/www.facebook.com\/jornaltimoneiro\" \/>\n<meta property=\"article:published_time\" content=\"2025-03-17T13:46:03+00:00\" \/>\n<meta property=\"article:modified_time\" content=\"2025-03-17T16:55:09+00:00\" \/>\n<meta property=\"og:image\" content=\"https:\/\/jornaltimoneiro.com.br\/wp-content\/uploads\/2025\/03\/15-03-25-VISITA-DIQUE-MATHIAS-COM-DEPUTADOS-VINICIUS-MEDEIROS-52-1024x683.jpg\" \/>\n\t<meta property=\"og:image:width\" content=\"1024\" \/>\n\t<meta property=\"og:image:height\" content=\"683\" \/>\n\t<meta property=\"og:image:type\" content=\"image\/jpeg\" \/>\n<meta name=\"author\" content=\"Reda\u00e7\u00e3o\" \/>\n<meta name=\"twitter:card\" content=\"summary_large_image\" \/>\n<meta name=\"twitter:creator\" content=\"@_OTimoneiro\" \/>\n<meta name=\"twitter:site\" content=\"@_OTimoneiro\" \/>\n<meta name=\"twitter:label1\" content=\"Escrito por\" \/>\n\t<meta name=\"twitter:data1\" content=\"Reda\u00e7\u00e3o\" \/>\n\t<meta name=\"twitter:label2\" content=\"Est. tempo de leitura\" \/>\n\t<meta name=\"twitter:data2\" content=\"4 minutos\" \/>\n<script type=\"application\/ld+json\" class=\"yoast-schema-graph\">{\"@context\":\"https:\/\/schema.org\",\"@graph\":[{\"@type\":\"Article\",\"@id\":\"https:\/\/jornaltimoneiro.com.br\/index.php\/2025\/03\/17\/comissao-da-camara-dos-deputados-visita-dique-em-canoas\/#article\",\"isPartOf\":{\"@id\":\"https:\/\/jornaltimoneiro.com.br\/index.php\/2025\/03\/17\/comissao-da-camara-dos-deputados-visita-dique-em-canoas\/\"},\"author\":{\"name\":\"Reda\u00e7\u00e3o\",\"@id\":\"https:\/\/jornaltimoneiro.com.br\/#\/schema\/person\/f63482f1a02b1a9592707865e509ab40\"},\"headline\":\"Comiss\u00e3o da C\u00e2mara dos Deputados visita dique em Canoas\",\"datePublished\":\"2025-03-17T13:46:03+00:00\",\"dateModified\":\"2025-03-17T16:55:09+00:00\",\"mainEntityOfPage\":{\"@id\":\"https:\/\/jornaltimoneiro.com.br\/index.php\/2025\/03\/17\/comissao-da-camara-dos-deputados-visita-dique-em-canoas\/\"},\"wordCount\":768,\"commentCount\":0,\"publisher\":{\"@id\":\"https:\/\/jornaltimoneiro.com.br\/#organization\"},\"keywords\":[\"canoas\",\"dique\",\"featured\",\"mathias velho\",\"Prefeitura de Canoas\",\"rodrigo busato\",\"Vereadores\"],\"articleSection\":[\"Geral\"],\"inLanguage\":\"pt-BR\",\"potentialAction\":[{\"@type\":\"CommentAction\",\"name\":\"Comment\",\"target\":[\"https:\/\/jornaltimoneiro.com.br\/index.php\/2025\/03\/17\/comissao-da-camara-dos-deputados-visita-dique-em-canoas\/#respond\"]}]},{\"@type\":\"WebPage\",\"@id\":\"https:\/\/jornaltimoneiro.com.br\/index.php\/2025\/03\/17\/comissao-da-camara-dos-deputados-visita-dique-em-canoas\/\",\"url\":\"https:\/\/jornaltimoneiro.com.br\/index.php\/2025\/03\/17\/comissao-da-camara-dos-deputados-visita-dique-em-canoas\/\",\"name\":\"Comiss\u00e3o da C\u00e2mara dos Deputados visita dique em Canoas - O Timoneiro Jornal Canoas RS\",\"isPartOf\":{\"@id\":\"https:\/\/jornaltimoneiro.com.br\/#website\"},\"datePublished\":\"2025-03-17T13:46:03+00:00\",\"dateModified\":\"2025-03-17T16:55:09+00:00\",\"description\":\"O prefeito em exerc\u00edcio Rodrigo Busato, acompanhado de secret\u00e1rios municipais, adjuntos e vereadores, recebeu na manh\u00e3 de s\u00e1bado, 15\",\"breadcrumb\":{\"@id\":\"https:\/\/jornaltimoneiro.com.br\/index.php\/2025\/03\/17\/comissao-da-camara-dos-deputados-visita-dique-em-canoas\/#breadcrumb\"},\"inLanguage\":\"pt-BR\",\"potentialAction\":[{\"@type\":\"ReadAction\",\"target\":[\"https:\/\/jornaltimoneiro.com.br\/index.php\/2025\/03\/17\/comissao-da-camara-dos-deputados-visita-dique-em-canoas\/\"]}]},{\"@type\":\"BreadcrumbList\",\"@id\":\"https:\/\/jornaltimoneiro.com.br\/index.php\/2025\/03\/17\/comissao-da-camara-dos-deputados-visita-dique-em-canoas\/#breadcrumb\",\"itemListElement\":[{\"@type\":\"ListItem\",\"position\":1,\"name\":\"In\u00edcio\",\"item\":\"https:\/\/jornaltimoneiro.com.br\/\"},{\"@type\":\"ListItem\",\"position\":2,\"name\":\"Comiss\u00e3o da C\u00e2mara dos Deputados visita dique em Canoas\"}]},{\"@type\":\"WebSite\",\"@id\":\"https:\/\/jornaltimoneiro.com.br\/#website\",\"url\":\"https:\/\/jornaltimoneiro.com.br\/\",\"name\":\"Jornal Timoneiro Canoas RS\",\"description\":\"Jornal O Timoneiro, o verdadeiro jornal de Canoas\",\"publisher\":{\"@id\":\"https:\/\/jornaltimoneiro.com.br\/#organization\"},\"potentialAction\":[{\"@type\":\"SearchAction\",\"target\":{\"@type\":\"EntryPoint\",\"urlTemplate\":\"https:\/\/jornaltimoneiro.com.br\/?s={search_term_string}\"},\"query-input\":\"required name=search_term_string\"}],\"inLanguage\":\"pt-BR\"},{\"@type\":\"Organization\",\"@id\":\"https:\/\/jornaltimoneiro.com.br\/#organization\",\"name\":\"Jornal Timoneiro Canoas RS\",\"url\":\"https:\/\/jornaltimoneiro.com.br\/\",\"logo\":{\"@type\":\"ImageObject\",\"inLanguage\":\"pt-BR\",\"@id\":\"https:\/\/jornaltimoneiro.com.br\/#\/schema\/logo\/image\/\",\"url\":\"https:\/\/jornaltimoneiro.com.br\/wp-content\/uploads\/2023\/03\/logonovo.png\",\"contentUrl\":\"https:\/\/jornaltimoneiro.com.br\/wp-content\/uploads\/2023\/03\/logonovo.png\",\"width\":\"469\",\"height\":\"171\",\"caption\":\"Jornal Timoneiro Canoas RS\"},\"image\":{\"@id\":\"https:\/\/jornaltimoneiro.com.br\/#\/schema\/logo\/image\/\"},\"sameAs\":[\"https:\/\/www.facebook.com\/jornaltimoneiro\",\"https:\/\/twitter.com\/_OTimoneiro\",\"https:\/\/www.instagram.com\/jornaltimoneirocanoas\/\",\"https:\/\/www.youtube.com\/@jornalotimoneiro7927\"]},{\"@type\":\"Person\",\"@id\":\"https:\/\/jornaltimoneiro.com.br\/#\/schema\/person\/f63482f1a02b1a9592707865e509ab40\",\"name\":\"Reda\u00e7\u00e3o\",\"image\":{\"@type\":\"ImageObject\",\"inLanguage\":\"pt-BR\",\"@id\":\"https:\/\/jornaltimoneiro.com.br\/#\/schema\/person\/image\/\",\"url\":\"https:\/\/jornaltimoneiro.com.br\/wp-content\/uploads\/2023\/03\/download.jpeg\",\"contentUrl\":\"https:\/\/jornaltimoneiro.com.br\/wp-content\/uploads\/2023\/03\/download.jpeg\",\"caption\":\"Reda\u00e7\u00e3o\"},\"url\":\"https:\/\/jornaltimoneiro.com.br\/index.php\/author\/simone-dutra\/\"}]}<\/script>\n<!-- \/ Yoast SEO plugin. -->","yoast_head_json":{"title":"Comiss\u00e3o da C\u00e2mara dos Deputados visita dique em Canoas - O Timoneiro Jornal Canoas RS","description":"O prefeito em exerc\u00edcio Rodrigo Busato, acompanhado de secret\u00e1rios municipais, adjuntos e vereadores, recebeu na manh\u00e3 de s\u00e1bado, 15","robots":{"index":"index","follow":"follow","max-snippet":"max-snippet:-1","max-image-preview":"max-image-preview:large","max-video-preview":"max-video-preview:-1"},"canonical":"https:\/\/jornaltimoneiro.com.br\/index.php\/2025\/03\/17\/comissao-da-camara-dos-deputados-visita-dique-em-canoas\/","og_locale":"pt_BR","og_type":"article","og_title":"Comiss\u00e3o da C\u00e2mara dos Deputados visita dique em Canoas - O Timoneiro Jornal Canoas RS","og_description":"O prefeito em exerc\u00edcio Rodrigo Busato, acompanhado de secret\u00e1rios municipais, adjuntos e vereadores, recebeu na manh\u00e3 de s\u00e1bado, 15","og_url":"https:\/\/jornaltimoneiro.com.br\/index.php\/2025\/03\/17\/comissao-da-camara-dos-deputados-visita-dique-em-canoas\/","og_site_name":"O Timoneiro Jornal Canoas RS","article_publisher":"https:\/\/www.facebook.com\/jornaltimoneiro","article_published_time":"2025-03-17T13:46:03+00:00","article_modified_time":"2025-03-17T16:55:09+00:00","og_image":[{"width":"1024","height":"683","url":"https:\/\/jornaltimoneiro.com.br\/wp-content\/uploads\/2025\/03\/15-03-25-VISITA-DIQUE-MATHIAS-COM-DEPUTADOS-VINICIUS-MEDEIROS-52-1024x683.jpg","type":"image\/jpeg"}],"author":"Reda\u00e7\u00e3o","twitter_card":"summary_large_image","twitter_creator":"@_OTimoneiro","twitter_site":"@_OTimoneiro","twitter_misc":{"Escrito por":"Reda\u00e7\u00e3o","Est. tempo de leitura":"4 minutos"},"schema":{"@context":"https:\/\/schema.org","@graph":[{"@type":"Article","@id":"https:\/\/jornaltimoneiro.com.br\/index.php\/2025\/03\/17\/comissao-da-camara-dos-deputados-visita-dique-em-canoas\/#article","isPartOf":{"@id":"https:\/\/jornaltimoneiro.com.br\/index.php\/2025\/03\/17\/comissao-da-camara-dos-deputados-visita-dique-em-canoas\/"},"author":{"name":"Reda\u00e7\u00e3o","@id":"https:\/\/jornaltimoneiro.com.br\/#\/schema\/person\/f63482f1a02b1a9592707865e509ab40"},"headline":"Comiss\u00e3o da C\u00e2mara dos Deputados visita dique em Canoas","datePublished":"2025-03-17T13:46:03+00:00","dateModified":"2025-03-17T16:55:09+00:00","mainEntityOfPage":{"@id":"https:\/\/jornaltimoneiro.com.br\/index.php\/2025\/03\/17\/comissao-da-camara-dos-deputados-visita-dique-em-canoas\/"},"wordCount":768,"commentCount":0,"publisher":{"@id":"https:\/\/jornaltimoneiro.com.br\/#organization"},"keywords":["canoas","dique","featured","mathias velho","Prefeitura de Canoas","rodrigo busato","Vereadores"],"articleSection":["Geral"],"inLanguage":"pt-BR","potentialAction":[{"@type":"CommentAction","name":"Comment","target":["https:\/\/jornaltimoneiro.com.br\/index.php\/2025\/03\/17\/comissao-da-camara-dos-deputados-visita-dique-em-canoas\/#respond"]}]},{"@type":"WebPage","@id":"https:\/\/jornaltimoneiro.com.br\/index.php\/2025\/03\/17\/comissao-da-camara-dos-deputados-visita-dique-em-canoas\/","url":"https:\/\/jornaltimoneiro.com.br\/index.php\/2025\/03\/17\/comissao-da-camara-dos-deputados-visita-dique-em-canoas\/","name":"Comiss\u00e3o da C\u00e2mara dos Deputados visita dique em Canoas - O Timoneiro Jornal Canoas RS","isPartOf":{"@id":"https:\/\/jornaltimoneiro.com.br\/#website"},"datePublished":"2025-03-17T13:46:03+00:00","dateModified":"2025-03-17T16:55:09+00:00","description":"O prefeito em exerc\u00edcio Rodrigo Busato, acompanhado de secret\u00e1rios municipais, adjuntos e vereadores, recebeu na manh\u00e3 de s\u00e1bado, 15","breadcrumb":{"@id":"https:\/\/jornaltimoneiro.com.br\/index.php\/2025\/03\/17\/comissao-da-camara-dos-deputados-visita-dique-em-canoas\/#breadcrumb"},"inLanguage":"pt-BR","potentialAction":[{"@type":"ReadAction","target":["https:\/\/jornaltimoneiro.com.br\/index.php\/2025\/03\/17\/comissao-da-camara-dos-deputados-visita-dique-em-canoas\/"]}]},{"@type":"BreadcrumbList","@id":"https:\/\/jornaltimoneiro.com.br\/index.php\/2025\/03\/17\/comissao-da-camara-dos-deputados-visita-dique-em-canoas\/#breadcrumb","itemListElement":[{"@type":"ListItem","position":1,"name":"In\u00edcio","item":"https:\/\/jornaltimoneiro.com.br\/"},{"@type":"ListItem","position":2,"name":"Comiss\u00e3o da C\u00e2mara dos Deputados visita dique em Canoas"}]},{"@type":"WebSite","@id":"https:\/\/jornaltimoneiro.com.br\/#website","url":"https:\/\/jornaltimoneiro.com.br\/","name":"Jornal Timoneiro Canoas RS","description":"Jornal O Timoneiro, o verdadeiro jornal de Canoas","publisher":{"@id":"https:\/\/jornaltimoneiro.com.br\/#organization"},"potentialAction":[{"@type":"SearchAction","target":{"@type":"EntryPoint","urlTemplate":"https:\/\/jornaltimoneiro.com.br\/?s={search_term_string}"},"query-input":"required name=search_term_string"}],"inLanguage":"pt-BR"},{"@type":"Organization","@id":"https:\/\/jornaltimoneiro.com.br\/#organization","name":"Jornal Timoneiro Canoas RS","url":"https:\/\/jornaltimoneiro.com.br\/","logo":{"@type":"ImageObject","inLanguage":"pt-BR","@id":"https:\/\/jornaltimoneiro.com.br\/#\/schema\/logo\/image\/","url":"https:\/\/jornaltimoneiro.com.br\/wp-content\/uploads\/2023\/03\/logonovo.png","contentUrl":"https:\/\/jornaltimoneiro.com.br\/wp-content\/uploads\/2023\/03\/logonovo.png","width":"469","height":"171","caption":"Jornal Timoneiro Canoas RS"},"image":{"@id":"https:\/\/jornaltimoneiro.com.br\/#\/schema\/logo\/image\/"},"sameAs":["https:\/\/www.facebook.com\/jornaltimoneiro","https:\/\/twitter.com\/_OTimoneiro","https:\/\/www.instagram.com\/jornaltimoneirocanoas\/","https:\/\/www.youtube.com\/@jornalotimoneiro7927"]},{"@type":"Person","@id":"https:\/\/jornaltimoneiro.com.br\/#\/schema\/person\/f63482f1a02b1a9592707865e509ab40","name":"Reda\u00e7\u00e3o","image":{"@type":"ImageObject","inLanguage":"pt-BR","@id":"https:\/\/jornaltimoneiro.com.br\/#\/schema\/person\/image\/","url":"https:\/\/jornaltimoneiro.com.br\/wp-content\/uploads\/2023\/03\/download.jpeg","contentUrl":"https:\/\/jornaltimoneiro.com.br\/wp-content\/uploads\/2023\/03\/download.jpeg","caption":"Reda\u00e7\u00e3o"},"url":"https:\/\/jornaltimoneiro.com.br\/index.php\/author\/simone-dutra\/"}]}},"_links":{"self":[{"href":"https:\/\/jornaltimoneiro.com.br\/index.php\/wp-json\/wp\/v2\/posts\/34261"}],"collection":[{"href":"https:\/\/jornaltimoneiro.com.br\/index.php\/wp-json\/wp\/v2\/posts"}],"about":[{"href":"https:\/\/jornaltimoneiro.com.br\/index.php\/wp-json\/wp\/v2\/types\/post"}],"author":[{"embeddable":true,"href":"https:\/\/jornaltimoneiro.com.br\/index.php\/wp-json\/wp\/v2\/users\/2"}],"replies":[{"embeddable":true,"href":"https:\/\/jornaltimoneiro.com.br\/index.php\/wp-json\/wp\/v2\/comments?post=34261"}],"version-history":[{"count":1,"href":"https:\/\/jornaltimoneiro.com.br\/index.php\/wp-json\/wp\/v2\/posts\/34261\/revisions"}],"predecessor-version":[{"id":34263,"href":"https:\/\/jornaltimoneiro.com.br\/index.php\/wp-json\/wp\/v2\/posts\/34261\/revisions\/34263"}],"wp:featuredmedia":[{"embeddable":true,"href":"https:\/\/jornaltimoneiro.com.br\/index.php\/wp-json\/wp\/v2\/media\/34262"}],"wp:attachment":[{"href":"https:\/\/jornaltimoneiro.com.br\/index.php\/wp-json\/wp\/v2\/media?parent=34261"}],"wp:term":[{"taxonomy":"category","embeddable":true,"href":"https:\/\/jornaltimoneiro.com.br\/index.php\/wp-json\/wp\/v2\/categories?post=34261"},{"taxonomy":"post_tag","embeddable":true,"href":"https:\/\/jornaltimoneiro.com.br\/index.php\/wp-json\/wp\/v2\/tags?post=34261"}],"curies":[{"name":"wp","href":"https:\/\/api.w.org\/{rel}","templated":true}]}}