{"id":34249,"date":"2025-03-14T15:40:29","date_gmt":"2025-03-14T18:40:29","guid":{"rendered":"https:\/\/jornaltimoneiro.com.br\/?p=34249"},"modified":"2025-03-14T15:40:29","modified_gmt":"2025-03-14T18:40:29","slug":"prefeitura-de-canoas-anuncia-inicio-das-obras-do-muro-da-cassol","status":"publish","type":"post","link":"https:\/\/jornaltimoneiro.com.br\/index.php\/2025\/03\/14\/prefeitura-de-canoas-anuncia-inicio-das-obras-do-muro-da-cassol\/","title":{"rendered":"Prefeitura de Canoas anuncia in\u00edcio das obras do Muro da Cassol"},"content":{"rendered":"<p>Na pr\u00f3xima segunda-feira, 17, \u00e0s 14 horas, a Prefeitura de Canoas, atrav\u00e9s da Secretaria Municipal de Obras e Reconstru\u00e7\u00e3o, inicia a constru\u00e7\u00e3o do muro de prote\u00e7\u00e3o contra cheias junto \u00e0 distribuidora Cassol, na avenida Guilherme Schell, pr\u00f3ximo ao n\u00famero 130.<\/p>\n<p>Durante a cat\u00e1strofe clim\u00e1tica de maio de 2024, o antigo muro que existia no local, e que n\u00e3o era pr\u00f3prio para conten\u00e7\u00e3o de enchentes, se rompeu e foi o primeiro ponto por onde as \u00e1guas come\u00e7aram a entrar na cidade.<\/p>\n<p>Na ocasi\u00e3o, estar\u00e3o presentes o secret\u00e1rio Municipal de Obras e Reconstru\u00e7\u00e3o, engenheiro Victor Hampel, o prefeito Airton Souza, e o vice-prefeito Rodrigo Busato.<\/p>\n<p>&nbsp;<\/p>\n","protected":false},"excerpt":{"rendered":"<p>Na pr\u00f3xima segunda-feira, 17, \u00e0s 14 horas, a Prefeitura de Canoas, atrav\u00e9s da Secretaria Municipal de Obras e Reconstru\u00e7\u00e3o, inicia a constru\u00e7\u00e3o do muro de prote\u00e7\u00e3o contra cheias junto \u00e0 distribuidora Cassol, na avenida Guilherme Schell, pr\u00f3ximo ao n\u00famero 130. Durante a cat\u00e1strofe clim\u00e1tica de maio de 2024, o antigo muro que existia no local, [&hellip;]<\/p>\n","protected":false},"author":2,"featured_media":34250,"comment_status":"open","ping_status":"open","sticky":false,"template":"","format":"standard","meta":{"amp_status":"","footnotes":""},"categories":[2443],"tags":[31,791,190,4054,4055],"class_list":["post-34249","post","type-post","status-publish","format-standard","has-post-thumbnail","hentry","category-enchente-2024-canoas","tag-canoas","tag-enchente","tag-featured","tag-muro-da-cassol","tag-protecao-cheias"],"yoast_head":"<!-- This site is optimized with the Yoast SEO plugin v20.5 - https:\/\/yoast.com\/wordpress\/plugins\/seo\/ -->\n<title>Prefeitura de Canoas anuncia in\u00edcio das obras do Muro da Cassol - O Timoneiro Jornal Canoas RS<\/title>\n<meta name=\"description\" content=\"A Prefeitura de Canoas inicia a constru\u00e7\u00e3o do muro de prote\u00e7\u00e3o contra cheias junto \u00e0 distribuidora Cassol, na AV Guilherme Schell\" \/>\n<meta name=\"robots\" content=\"index, follow, max-snippet:-1, max-image-preview:large, max-video-preview:-1\" \/>\n<link rel=\"canonical\" href=\"https:\/\/jornaltimoneiro.com.br\/index.php\/2025\/03\/14\/prefeitura-de-canoas-anuncia-inicio-das-obras-do-muro-da-cassol\/\" \/>\n<meta property=\"og:locale\" content=\"pt_BR\" \/>\n<meta property=\"og:type\" content=\"article\" \/>\n<meta property=\"og:title\" content=\"Prefeitura de Canoas anuncia in\u00edcio das obras do Muro da Cassol - O Timoneiro Jornal Canoas RS\" \/>\n<meta property=\"og:description\" content=\"A Prefeitura de Canoas inicia a constru\u00e7\u00e3o do muro de prote\u00e7\u00e3o contra cheias junto \u00e0 distribuidora Cassol, na AV Guilherme Schell\" \/>\n<meta property=\"og:url\" content=\"https:\/\/jornaltimoneiro.com.br\/index.php\/2025\/03\/14\/prefeitura-de-canoas-anuncia-inicio-das-obras-do-muro-da-cassol\/\" \/>\n<meta property=\"og:site_name\" content=\"O Timoneiro Jornal Canoas RS\" \/>\n<meta property=\"article:publisher\" content=\"https:\/\/www.facebook.com\/jornaltimoneiro\" \/>\n<meta property=\"article:published_time\" content=\"2025-03-14T18:40:29+00:00\" \/>\n<meta property=\"og:image\" content=\"https:\/\/jornaltimoneiro.com.br\/wp-content\/uploads\/2025\/03\/Prefeitura-de-Canoas-anuncia-inicio-das-obras-do-Muro-da-Cassol.jpeg\" \/>\n\t<meta property=\"og:image:width\" content=\"1080\" \/>\n\t<meta property=\"og:image:height\" content=\"810\" \/>\n\t<meta property=\"og:image:type\" content=\"image\/jpeg\" \/>\n<meta name=\"author\" content=\"Reda\u00e7\u00e3o\" \/>\n<meta name=\"twitter:card\" content=\"summary_large_image\" \/>\n<meta name=\"twitter:creator\" content=\"@_OTimoneiro\" \/>\n<meta name=\"twitter:site\" content=\"@_OTimoneiro\" \/>\n<meta name=\"twitter:label1\" content=\"Escrito por\" \/>\n\t<meta name=\"twitter:data1\" content=\"Reda\u00e7\u00e3o\" \/>\n\t<meta name=\"twitter:label2\" content=\"Est. tempo de leitura\" \/>\n\t<meta name=\"twitter:data2\" content=\"1 minuto\" \/>\n<script type=\"application\/ld+json\" class=\"yoast-schema-graph\">{\"@context\":\"https:\/\/schema.org\",\"@graph\":[{\"@type\":\"Article\",\"@id\":\"https:\/\/jornaltimoneiro.com.br\/index.php\/2025\/03\/14\/prefeitura-de-canoas-anuncia-inicio-das-obras-do-muro-da-cassol\/#article\",\"isPartOf\":{\"@id\":\"https:\/\/jornaltimoneiro.com.br\/index.php\/2025\/03\/14\/prefeitura-de-canoas-anuncia-inicio-das-obras-do-muro-da-cassol\/\"},\"author\":{\"name\":\"Reda\u00e7\u00e3o\",\"@id\":\"https:\/\/jornaltimoneiro.com.br\/#\/schema\/person\/f63482f1a02b1a9592707865e509ab40\"},\"headline\":\"Prefeitura de Canoas anuncia in\u00edcio das obras do Muro da Cassol\",\"datePublished\":\"2025-03-14T18:40:29+00:00\",\"dateModified\":\"2025-03-14T18:40:29+00:00\",\"mainEntityOfPage\":{\"@id\":\"https:\/\/jornaltimoneiro.com.br\/index.php\/2025\/03\/14\/prefeitura-de-canoas-anuncia-inicio-das-obras-do-muro-da-cassol\/\"},\"wordCount\":128,\"commentCount\":0,\"publisher\":{\"@id\":\"https:\/\/jornaltimoneiro.com.br\/#organization\"},\"keywords\":[\"canoas\",\"enchente\",\"featured\",\"muro da cassol\",\"prote\u00e7\u00e3o cheias\"],\"articleSection\":[\"Enchente 2024 Canoas\"],\"inLanguage\":\"pt-BR\",\"potentialAction\":[{\"@type\":\"CommentAction\",\"name\":\"Comment\",\"target\":[\"https:\/\/jornaltimoneiro.com.br\/index.php\/2025\/03\/14\/prefeitura-de-canoas-anuncia-inicio-das-obras-do-muro-da-cassol\/#respond\"]}]},{\"@type\":\"WebPage\",\"@id\":\"https:\/\/jornaltimoneiro.com.br\/index.php\/2025\/03\/14\/prefeitura-de-canoas-anuncia-inicio-das-obras-do-muro-da-cassol\/\",\"url\":\"https:\/\/jornaltimoneiro.com.br\/index.php\/2025\/03\/14\/prefeitura-de-canoas-anuncia-inicio-das-obras-do-muro-da-cassol\/\",\"name\":\"Prefeitura de Canoas anuncia in\u00edcio das obras do Muro da Cassol - O Timoneiro Jornal Canoas RS\",\"isPartOf\":{\"@id\":\"https:\/\/jornaltimoneiro.com.br\/#website\"},\"datePublished\":\"2025-03-14T18:40:29+00:00\",\"dateModified\":\"2025-03-14T18:40:29+00:00\",\"description\":\"A Prefeitura de Canoas inicia a constru\u00e7\u00e3o do muro de prote\u00e7\u00e3o contra cheias junto \u00e0 distribuidora Cassol, na AV Guilherme Schell\",\"breadcrumb\":{\"@id\":\"https:\/\/jornaltimoneiro.com.br\/index.php\/2025\/03\/14\/prefeitura-de-canoas-anuncia-inicio-das-obras-do-muro-da-cassol\/#breadcrumb\"},\"inLanguage\":\"pt-BR\",\"potentialAction\":[{\"@type\":\"ReadAction\",\"target\":[\"https:\/\/jornaltimoneiro.com.br\/index.php\/2025\/03\/14\/prefeitura-de-canoas-anuncia-inicio-das-obras-do-muro-da-cassol\/\"]}]},{\"@type\":\"BreadcrumbList\",\"@id\":\"https:\/\/jornaltimoneiro.com.br\/index.php\/2025\/03\/14\/prefeitura-de-canoas-anuncia-inicio-das-obras-do-muro-da-cassol\/#breadcrumb\",\"itemListElement\":[{\"@type\":\"ListItem\",\"position\":1,\"name\":\"In\u00edcio\",\"item\":\"https:\/\/jornaltimoneiro.com.br\/\"},{\"@type\":\"ListItem\",\"position\":2,\"name\":\"Prefeitura de Canoas anuncia in\u00edcio das obras do Muro da Cassol\"}]},{\"@type\":\"WebSite\",\"@id\":\"https:\/\/jornaltimoneiro.com.br\/#website\",\"url\":\"https:\/\/jornaltimoneiro.com.br\/\",\"name\":\"Jornal Timoneiro Canoas RS\",\"description\":\"Jornal O Timoneiro, o verdadeiro jornal de Canoas\",\"publisher\":{\"@id\":\"https:\/\/jornaltimoneiro.com.br\/#organization\"},\"potentialAction\":[{\"@type\":\"SearchAction\",\"target\":{\"@type\":\"EntryPoint\",\"urlTemplate\":\"https:\/\/jornaltimoneiro.com.br\/?s={search_term_string}\"},\"query-input\":\"required name=search_term_string\"}],\"inLanguage\":\"pt-BR\"},{\"@type\":\"Organization\",\"@id\":\"https:\/\/jornaltimoneiro.com.br\/#organization\",\"name\":\"Jornal Timoneiro Canoas RS\",\"url\":\"https:\/\/jornaltimoneiro.com.br\/\",\"logo\":{\"@type\":\"ImageObject\",\"inLanguage\":\"pt-BR\",\"@id\":\"https:\/\/jornaltimoneiro.com.br\/#\/schema\/logo\/image\/\",\"url\":\"https:\/\/jornaltimoneiro.com.br\/wp-content\/uploads\/2023\/03\/logonovo.png\",\"contentUrl\":\"https:\/\/jornaltimoneiro.com.br\/wp-content\/uploads\/2023\/03\/logonovo.png\",\"width\":\"469\",\"height\":\"171\",\"caption\":\"Jornal Timoneiro Canoas RS\"},\"image\":{\"@id\":\"https:\/\/jornaltimoneiro.com.br\/#\/schema\/logo\/image\/\"},\"sameAs\":[\"https:\/\/www.facebook.com\/jornaltimoneiro\",\"https:\/\/twitter.com\/_OTimoneiro\",\"https:\/\/www.instagram.com\/jornaltimoneirocanoas\/\",\"https:\/\/www.youtube.com\/@jornalotimoneiro7927\"]},{\"@type\":\"Person\",\"@id\":\"https:\/\/jornaltimoneiro.com.br\/#\/schema\/person\/f63482f1a02b1a9592707865e509ab40\",\"name\":\"Reda\u00e7\u00e3o\",\"image\":{\"@type\":\"ImageObject\",\"inLanguage\":\"pt-BR\",\"@id\":\"https:\/\/jornaltimoneiro.com.br\/#\/schema\/person\/image\/\",\"url\":\"https:\/\/jornaltimoneiro.com.br\/wp-content\/uploads\/2023\/03\/download.jpeg\",\"contentUrl\":\"https:\/\/jornaltimoneiro.com.br\/wp-content\/uploads\/2023\/03\/download.jpeg\",\"caption\":\"Reda\u00e7\u00e3o\"},\"url\":\"https:\/\/jornaltimoneiro.com.br\/index.php\/author\/simone-dutra\/\"}]}<\/script>\n<!-- \/ Yoast SEO plugin. -->","yoast_head_json":{"title":"Prefeitura de Canoas anuncia in\u00edcio das obras do Muro da Cassol - O Timoneiro Jornal Canoas RS","description":"A Prefeitura de Canoas inicia a constru\u00e7\u00e3o do muro de prote\u00e7\u00e3o contra cheias junto \u00e0 distribuidora Cassol, na AV Guilherme Schell","robots":{"index":"index","follow":"follow","max-snippet":"max-snippet:-1","max-image-preview":"max-image-preview:large","max-video-preview":"max-video-preview:-1"},"canonical":"https:\/\/jornaltimoneiro.com.br\/index.php\/2025\/03\/14\/prefeitura-de-canoas-anuncia-inicio-das-obras-do-muro-da-cassol\/","og_locale":"pt_BR","og_type":"article","og_title":"Prefeitura de Canoas anuncia in\u00edcio das obras do Muro da Cassol - O Timoneiro Jornal Canoas RS","og_description":"A Prefeitura de Canoas inicia a constru\u00e7\u00e3o do muro de prote\u00e7\u00e3o contra cheias junto \u00e0 distribuidora Cassol, na AV Guilherme Schell","og_url":"https:\/\/jornaltimoneiro.com.br\/index.php\/2025\/03\/14\/prefeitura-de-canoas-anuncia-inicio-das-obras-do-muro-da-cassol\/","og_site_name":"O Timoneiro Jornal Canoas RS","article_publisher":"https:\/\/www.facebook.com\/jornaltimoneiro","article_published_time":"2025-03-14T18:40:29+00:00","og_image":[{"width":1080,"height":810,"url":"https:\/\/jornaltimoneiro.com.br\/wp-content\/uploads\/2025\/03\/Prefeitura-de-Canoas-anuncia-inicio-das-obras-do-Muro-da-Cassol.jpeg","type":"image\/jpeg"}],"author":"Reda\u00e7\u00e3o","twitter_card":"summary_large_image","twitter_creator":"@_OTimoneiro","twitter_site":"@_OTimoneiro","twitter_misc":{"Escrito por":"Reda\u00e7\u00e3o","Est. tempo de leitura":"1 minuto"},"schema":{"@context":"https:\/\/schema.org","@graph":[{"@type":"Article","@id":"https:\/\/jornaltimoneiro.com.br\/index.php\/2025\/03\/14\/prefeitura-de-canoas-anuncia-inicio-das-obras-do-muro-da-cassol\/#article","isPartOf":{"@id":"https:\/\/jornaltimoneiro.com.br\/index.php\/2025\/03\/14\/prefeitura-de-canoas-anuncia-inicio-das-obras-do-muro-da-cassol\/"},"author":{"name":"Reda\u00e7\u00e3o","@id":"https:\/\/jornaltimoneiro.com.br\/#\/schema\/person\/f63482f1a02b1a9592707865e509ab40"},"headline":"Prefeitura de Canoas anuncia in\u00edcio das obras do Muro da Cassol","datePublished":"2025-03-14T18:40:29+00:00","dateModified":"2025-03-14T18:40:29+00:00","mainEntityOfPage":{"@id":"https:\/\/jornaltimoneiro.com.br\/index.php\/2025\/03\/14\/prefeitura-de-canoas-anuncia-inicio-das-obras-do-muro-da-cassol\/"},"wordCount":128,"commentCount":0,"publisher":{"@id":"https:\/\/jornaltimoneiro.com.br\/#organization"},"keywords":["canoas","enchente","featured","muro da cassol","prote\u00e7\u00e3o cheias"],"articleSection":["Enchente 2024 Canoas"],"inLanguage":"pt-BR","potentialAction":[{"@type":"CommentAction","name":"Comment","target":["https:\/\/jornaltimoneiro.com.br\/index.php\/2025\/03\/14\/prefeitura-de-canoas-anuncia-inicio-das-obras-do-muro-da-cassol\/#respond"]}]},{"@type":"WebPage","@id":"https:\/\/jornaltimoneiro.com.br\/index.php\/2025\/03\/14\/prefeitura-de-canoas-anuncia-inicio-das-obras-do-muro-da-cassol\/","url":"https:\/\/jornaltimoneiro.com.br\/index.php\/2025\/03\/14\/prefeitura-de-canoas-anuncia-inicio-das-obras-do-muro-da-cassol\/","name":"Prefeitura de Canoas anuncia in\u00edcio das obras do Muro da Cassol - O Timoneiro Jornal Canoas RS","isPartOf":{"@id":"https:\/\/jornaltimoneiro.com.br\/#website"},"datePublished":"2025-03-14T18:40:29+00:00","dateModified":"2025-03-14T18:40:29+00:00","description":"A Prefeitura de Canoas inicia a constru\u00e7\u00e3o do muro de prote\u00e7\u00e3o contra cheias junto \u00e0 distribuidora Cassol, na AV Guilherme Schell","breadcrumb":{"@id":"https:\/\/jornaltimoneiro.com.br\/index.php\/2025\/03\/14\/prefeitura-de-canoas-anuncia-inicio-das-obras-do-muro-da-cassol\/#breadcrumb"},"inLanguage":"pt-BR","potentialAction":[{"@type":"ReadAction","target":["https:\/\/jornaltimoneiro.com.br\/index.php\/2025\/03\/14\/prefeitura-de-canoas-anuncia-inicio-das-obras-do-muro-da-cassol\/"]}]},{"@type":"BreadcrumbList","@id":"https:\/\/jornaltimoneiro.com.br\/index.php\/2025\/03\/14\/prefeitura-de-canoas-anuncia-inicio-das-obras-do-muro-da-cassol\/#breadcrumb","itemListElement":[{"@type":"ListItem","position":1,"name":"In\u00edcio","item":"https:\/\/jornaltimoneiro.com.br\/"},{"@type":"ListItem","position":2,"name":"Prefeitura de Canoas anuncia in\u00edcio das obras do Muro da Cassol"}]},{"@type":"WebSite","@id":"https:\/\/jornaltimoneiro.com.br\/#website","url":"https:\/\/jornaltimoneiro.com.br\/","name":"Jornal Timoneiro Canoas RS","description":"Jornal O Timoneiro, o verdadeiro jornal de Canoas","publisher":{"@id":"https:\/\/jornaltimoneiro.com.br\/#organization"},"potentialAction":[{"@type":"SearchAction","target":{"@type":"EntryPoint","urlTemplate":"https:\/\/jornaltimoneiro.com.br\/?s={search_term_string}"},"query-input":"required name=search_term_string"}],"inLanguage":"pt-BR"},{"@type":"Organization","@id":"https:\/\/jornaltimoneiro.com.br\/#organization","name":"Jornal Timoneiro Canoas RS","url":"https:\/\/jornaltimoneiro.com.br\/","logo":{"@type":"ImageObject","inLanguage":"pt-BR","@id":"https:\/\/jornaltimoneiro.com.br\/#\/schema\/logo\/image\/","url":"https:\/\/jornaltimoneiro.com.br\/wp-content\/uploads\/2023\/03\/logonovo.png","contentUrl":"https:\/\/jornaltimoneiro.com.br\/wp-content\/uploads\/2023\/03\/logonovo.png","width":"469","height":"171","caption":"Jornal Timoneiro Canoas RS"},"image":{"@id":"https:\/\/jornaltimoneiro.com.br\/#\/schema\/logo\/image\/"},"sameAs":["https:\/\/www.facebook.com\/jornaltimoneiro","https:\/\/twitter.com\/_OTimoneiro","https:\/\/www.instagram.com\/jornaltimoneirocanoas\/","https:\/\/www.youtube.com\/@jornalotimoneiro7927"]},{"@type":"Person","@id":"https:\/\/jornaltimoneiro.com.br\/#\/schema\/person\/f63482f1a02b1a9592707865e509ab40","name":"Reda\u00e7\u00e3o","image":{"@type":"ImageObject","inLanguage":"pt-BR","@id":"https:\/\/jornaltimoneiro.com.br\/#\/schema\/person\/image\/","url":"https:\/\/jornaltimoneiro.com.br\/wp-content\/uploads\/2023\/03\/download.jpeg","contentUrl":"https:\/\/jornaltimoneiro.com.br\/wp-content\/uploads\/2023\/03\/download.jpeg","caption":"Reda\u00e7\u00e3o"},"url":"https:\/\/jornaltimoneiro.com.br\/index.php\/author\/simone-dutra\/"}]}},"_links":{"self":[{"href":"https:\/\/jornaltimoneiro.com.br\/index.php\/wp-json\/wp\/v2\/posts\/34249"}],"collection":[{"href":"https:\/\/jornaltimoneiro.com.br\/index.php\/wp-json\/wp\/v2\/posts"}],"about":[{"href":"https:\/\/jornaltimoneiro.com.br\/index.php\/wp-json\/wp\/v2\/types\/post"}],"author":[{"embeddable":true,"href":"https:\/\/jornaltimoneiro.com.br\/index.php\/wp-json\/wp\/v2\/users\/2"}],"replies":[{"embeddable":true,"href":"https:\/\/jornaltimoneiro.com.br\/index.php\/wp-json\/wp\/v2\/comments?post=34249"}],"version-history":[{"count":1,"href":"https:\/\/jornaltimoneiro.com.br\/index.php\/wp-json\/wp\/v2\/posts\/34249\/revisions"}],"predecessor-version":[{"id":34251,"href":"https:\/\/jornaltimoneiro.com.br\/index.php\/wp-json\/wp\/v2\/posts\/34249\/revisions\/34251"}],"wp:featuredmedia":[{"embeddable":true,"href":"https:\/\/jornaltimoneiro.com.br\/index.php\/wp-json\/wp\/v2\/media\/34250"}],"wp:attachment":[{"href":"https:\/\/jornaltimoneiro.com.br\/index.php\/wp-json\/wp\/v2\/media?parent=34249"}],"wp:term":[{"taxonomy":"category","embeddable":true,"href":"https:\/\/jornaltimoneiro.com.br\/index.php\/wp-json\/wp\/v2\/categories?post=34249"},{"taxonomy":"post_tag","embeddable":true,"href":"https:\/\/jornaltimoneiro.com.br\/index.php\/wp-json\/wp\/v2\/tags?post=34249"}],"curies":[{"name":"wp","href":"https:\/\/api.w.org\/{rel}","templated":true}]}}