{"id":34237,"date":"2025-03-14T12:59:47","date_gmt":"2025-03-14T15:59:47","guid":{"rendered":"https:\/\/jornaltimoneiro.com.br\/?p=34237"},"modified":"2025-03-14T13:12:29","modified_gmt":"2025-03-14T16:12:29","slug":"skatista-canoense-maria-lucia-participa-de-stu-pro-tour-em-porto-alegre-entre-dias-21-e-23","status":"publish","type":"post","link":"https:\/\/jornaltimoneiro.com.br\/index.php\/2025\/03\/14\/skatista-canoense-maria-lucia-participa-de-stu-pro-tour-em-porto-alegre-entre-dias-21-e-23\/","title":{"rendered":"Skatista canoense Maria L\u00facia participa de STU Pro Tour em Porto Alegre entre dias 21 e 23"},"content":{"rendered":"<p>A canoense Maria L\u00facia, campe\u00e3 brasileira, vai participar do STU Pro Tour, evento internacional que acontecer\u00e1 na pista da Orla do Gas\u00f4metro, em Porto Alegre.<\/p>\n<p>O evento rola entre 21 e 23 de mar\u00e7o e tem presen\u00e7a confirmada de v\u00e1rios skatistas ol\u00edmpicos, inclusive medalhistas.<\/p>\n","protected":false},"excerpt":{"rendered":"<p>A canoense Maria L\u00facia, campe\u00e3 brasileira, vai participar do STU Pro Tour, evento internacional que acontecer\u00e1 na pista da Orla do Gas\u00f4metro, em Porto Alegre. O evento rola entre 21 e 23 de mar\u00e7o e tem presen\u00e7a confirmada de v\u00e1rios skatistas ol\u00edmpicos, inclusive medalhistas.<\/p>\n","protected":false},"author":2,"featured_media":34238,"comment_status":"open","ping_status":"open","sticky":false,"template":"","format":"standard","meta":{"amp_status":"","footnotes":""},"categories":[24],"tags":[31,234,302,121,300,4045],"class_list":["post-34237","post","type-post","status-publish","format-standard","has-post-thumbnail","hentry","category-esporte","tag-canoas","tag-esporte","tag-maria-lucia","tag-porto-alegre","tag-skate","tag-stu-pro-tour"],"yoast_head":"<!-- This site is optimized with the Yoast SEO plugin v20.5 - https:\/\/yoast.com\/wordpress\/plugins\/seo\/ -->\n<title>Skatista canoense Maria L\u00facia participa de STU Pro Tour em Porto Alegre entre dias 21 e 23 - O Timoneiro Jornal Canoas RS<\/title>\n<meta name=\"description\" content=\"A canoense Maria L\u00facia, campe\u00e3 brasileira, vai participar do STU Pro Tour, evento internacional que acontecer\u00e1 na pista da Orla do Gas\u00f4metr\" \/>\n<meta name=\"robots\" content=\"index, follow, max-snippet:-1, max-image-preview:large, max-video-preview:-1\" \/>\n<link rel=\"canonical\" href=\"https:\/\/jornaltimoneiro.com.br\/index.php\/2025\/03\/14\/skatista-canoense-maria-lucia-participa-de-stu-pro-tour-em-porto-alegre-entre-dias-21-e-23\/\" \/>\n<meta property=\"og:locale\" content=\"pt_BR\" \/>\n<meta property=\"og:type\" content=\"article\" \/>\n<meta property=\"og:title\" content=\"Skatista canoense Maria L\u00facia participa de STU Pro Tour em Porto Alegre entre dias 21 e 23 - O Timoneiro Jornal Canoas RS\" \/>\n<meta property=\"og:description\" content=\"A canoense Maria L\u00facia, campe\u00e3 brasileira, vai participar do STU Pro Tour, evento internacional que acontecer\u00e1 na pista da Orla do Gas\u00f4metr\" \/>\n<meta property=\"og:url\" content=\"https:\/\/jornaltimoneiro.com.br\/index.php\/2025\/03\/14\/skatista-canoense-maria-lucia-participa-de-stu-pro-tour-em-porto-alegre-entre-dias-21-e-23\/\" \/>\n<meta property=\"og:site_name\" content=\"O Timoneiro Jornal Canoas RS\" \/>\n<meta property=\"article:publisher\" content=\"https:\/\/www.facebook.com\/jornaltimoneiro\" \/>\n<meta property=\"article:published_time\" content=\"2025-03-14T15:59:47+00:00\" \/>\n<meta property=\"article:modified_time\" content=\"2025-03-14T16:12:29+00:00\" \/>\n<meta property=\"og:image\" content=\"https:\/\/jornaltimoneiro.com.br\/wp-content\/uploads\/2025\/03\/Skatista-canoense-Maria-Lucia-participa-de-STU-Pro-Tour-em-Porto-Alegre-entre-dias-21-e-23.jpeg\" \/>\n\t<meta property=\"og:image:width\" content=\"548\" \/>\n\t<meta property=\"og:image:height\" content=\"566\" \/>\n\t<meta property=\"og:image:type\" content=\"image\/jpeg\" \/>\n<meta name=\"author\" content=\"Reda\u00e7\u00e3o\" \/>\n<meta name=\"twitter:card\" content=\"summary_large_image\" \/>\n<meta name=\"twitter:creator\" content=\"@_OTimoneiro\" \/>\n<meta name=\"twitter:site\" content=\"@_OTimoneiro\" \/>\n<meta name=\"twitter:label1\" content=\"Escrito por\" \/>\n\t<meta name=\"twitter:data1\" content=\"Reda\u00e7\u00e3o\" \/>\n\t<meta name=\"twitter:label2\" content=\"Est. tempo de leitura\" \/>\n\t<meta name=\"twitter:data2\" content=\"1 minuto\" \/>\n<script type=\"application\/ld+json\" class=\"yoast-schema-graph\">{\"@context\":\"https:\/\/schema.org\",\"@graph\":[{\"@type\":\"Article\",\"@id\":\"https:\/\/jornaltimoneiro.com.br\/index.php\/2025\/03\/14\/skatista-canoense-maria-lucia-participa-de-stu-pro-tour-em-porto-alegre-entre-dias-21-e-23\/#article\",\"isPartOf\":{\"@id\":\"https:\/\/jornaltimoneiro.com.br\/index.php\/2025\/03\/14\/skatista-canoense-maria-lucia-participa-de-stu-pro-tour-em-porto-alegre-entre-dias-21-e-23\/\"},\"author\":{\"name\":\"Reda\u00e7\u00e3o\",\"@id\":\"https:\/\/jornaltimoneiro.com.br\/#\/schema\/person\/f63482f1a02b1a9592707865e509ab40\"},\"headline\":\"Skatista canoense Maria L\u00facia participa de STU Pro Tour em Porto Alegre entre dias 21 e 23\",\"datePublished\":\"2025-03-14T15:59:47+00:00\",\"dateModified\":\"2025-03-14T16:12:29+00:00\",\"mainEntityOfPage\":{\"@id\":\"https:\/\/jornaltimoneiro.com.br\/index.php\/2025\/03\/14\/skatista-canoense-maria-lucia-participa-de-stu-pro-tour-em-porto-alegre-entre-dias-21-e-23\/\"},\"wordCount\":64,\"commentCount\":0,\"publisher\":{\"@id\":\"https:\/\/jornaltimoneiro.com.br\/#organization\"},\"keywords\":[\"canoas\",\"esporte\",\"maria lucia\",\"Porto Alegre\",\"skate\",\"stu pro tour\"],\"articleSection\":[\"Esporte\"],\"inLanguage\":\"pt-BR\",\"potentialAction\":[{\"@type\":\"CommentAction\",\"name\":\"Comment\",\"target\":[\"https:\/\/jornaltimoneiro.com.br\/index.php\/2025\/03\/14\/skatista-canoense-maria-lucia-participa-de-stu-pro-tour-em-porto-alegre-entre-dias-21-e-23\/#respond\"]}]},{\"@type\":\"WebPage\",\"@id\":\"https:\/\/jornaltimoneiro.com.br\/index.php\/2025\/03\/14\/skatista-canoense-maria-lucia-participa-de-stu-pro-tour-em-porto-alegre-entre-dias-21-e-23\/\",\"url\":\"https:\/\/jornaltimoneiro.com.br\/index.php\/2025\/03\/14\/skatista-canoense-maria-lucia-participa-de-stu-pro-tour-em-porto-alegre-entre-dias-21-e-23\/\",\"name\":\"Skatista canoense Maria L\u00facia participa de STU Pro Tour em Porto Alegre entre dias 21 e 23 - O Timoneiro Jornal Canoas RS\",\"isPartOf\":{\"@id\":\"https:\/\/jornaltimoneiro.com.br\/#website\"},\"datePublished\":\"2025-03-14T15:59:47+00:00\",\"dateModified\":\"2025-03-14T16:12:29+00:00\",\"description\":\"A canoense Maria L\u00facia, campe\u00e3 brasileira, vai participar do STU Pro Tour, evento internacional que acontecer\u00e1 na pista da Orla do Gas\u00f4metr\",\"breadcrumb\":{\"@id\":\"https:\/\/jornaltimoneiro.com.br\/index.php\/2025\/03\/14\/skatista-canoense-maria-lucia-participa-de-stu-pro-tour-em-porto-alegre-entre-dias-21-e-23\/#breadcrumb\"},\"inLanguage\":\"pt-BR\",\"potentialAction\":[{\"@type\":\"ReadAction\",\"target\":[\"https:\/\/jornaltimoneiro.com.br\/index.php\/2025\/03\/14\/skatista-canoense-maria-lucia-participa-de-stu-pro-tour-em-porto-alegre-entre-dias-21-e-23\/\"]}]},{\"@type\":\"BreadcrumbList\",\"@id\":\"https:\/\/jornaltimoneiro.com.br\/index.php\/2025\/03\/14\/skatista-canoense-maria-lucia-participa-de-stu-pro-tour-em-porto-alegre-entre-dias-21-e-23\/#breadcrumb\",\"itemListElement\":[{\"@type\":\"ListItem\",\"position\":1,\"name\":\"In\u00edcio\",\"item\":\"https:\/\/jornaltimoneiro.com.br\/\"},{\"@type\":\"ListItem\",\"position\":2,\"name\":\"Skatista canoense Maria L\u00facia participa de STU Pro Tour em Porto Alegre entre dias 21 e 23\"}]},{\"@type\":\"WebSite\",\"@id\":\"https:\/\/jornaltimoneiro.com.br\/#website\",\"url\":\"https:\/\/jornaltimoneiro.com.br\/\",\"name\":\"Jornal Timoneiro Canoas RS\",\"description\":\"Jornal O Timoneiro, o verdadeiro jornal de Canoas\",\"publisher\":{\"@id\":\"https:\/\/jornaltimoneiro.com.br\/#organization\"},\"potentialAction\":[{\"@type\":\"SearchAction\",\"target\":{\"@type\":\"EntryPoint\",\"urlTemplate\":\"https:\/\/jornaltimoneiro.com.br\/?s={search_term_string}\"},\"query-input\":\"required name=search_term_string\"}],\"inLanguage\":\"pt-BR\"},{\"@type\":\"Organization\",\"@id\":\"https:\/\/jornaltimoneiro.com.br\/#organization\",\"name\":\"Jornal Timoneiro Canoas RS\",\"url\":\"https:\/\/jornaltimoneiro.com.br\/\",\"logo\":{\"@type\":\"ImageObject\",\"inLanguage\":\"pt-BR\",\"@id\":\"https:\/\/jornaltimoneiro.com.br\/#\/schema\/logo\/image\/\",\"url\":\"https:\/\/jornaltimoneiro.com.br\/wp-content\/uploads\/2023\/03\/logonovo.png\",\"contentUrl\":\"https:\/\/jornaltimoneiro.com.br\/wp-content\/uploads\/2023\/03\/logonovo.png\",\"width\":\"469\",\"height\":\"171\",\"caption\":\"Jornal Timoneiro Canoas RS\"},\"image\":{\"@id\":\"https:\/\/jornaltimoneiro.com.br\/#\/schema\/logo\/image\/\"},\"sameAs\":[\"https:\/\/www.facebook.com\/jornaltimoneiro\",\"https:\/\/twitter.com\/_OTimoneiro\",\"https:\/\/www.instagram.com\/jornaltimoneirocanoas\/\",\"https:\/\/www.youtube.com\/@jornalotimoneiro7927\"]},{\"@type\":\"Person\",\"@id\":\"https:\/\/jornaltimoneiro.com.br\/#\/schema\/person\/f63482f1a02b1a9592707865e509ab40\",\"name\":\"Reda\u00e7\u00e3o\",\"image\":{\"@type\":\"ImageObject\",\"inLanguage\":\"pt-BR\",\"@id\":\"https:\/\/jornaltimoneiro.com.br\/#\/schema\/person\/image\/\",\"url\":\"https:\/\/jornaltimoneiro.com.br\/wp-content\/uploads\/2023\/03\/download.jpeg\",\"contentUrl\":\"https:\/\/jornaltimoneiro.com.br\/wp-content\/uploads\/2023\/03\/download.jpeg\",\"caption\":\"Reda\u00e7\u00e3o\"},\"url\":\"https:\/\/jornaltimoneiro.com.br\/index.php\/author\/simone-dutra\/\"}]}<\/script>\n<!-- \/ Yoast SEO plugin. -->","yoast_head_json":{"title":"Skatista canoense Maria L\u00facia participa de STU Pro Tour em Porto Alegre entre dias 21 e 23 - O Timoneiro Jornal Canoas RS","description":"A canoense Maria L\u00facia, campe\u00e3 brasileira, vai participar do STU Pro Tour, evento internacional que acontecer\u00e1 na pista da Orla do Gas\u00f4metr","robots":{"index":"index","follow":"follow","max-snippet":"max-snippet:-1","max-image-preview":"max-image-preview:large","max-video-preview":"max-video-preview:-1"},"canonical":"https:\/\/jornaltimoneiro.com.br\/index.php\/2025\/03\/14\/skatista-canoense-maria-lucia-participa-de-stu-pro-tour-em-porto-alegre-entre-dias-21-e-23\/","og_locale":"pt_BR","og_type":"article","og_title":"Skatista canoense Maria L\u00facia participa de STU Pro Tour em Porto Alegre entre dias 21 e 23 - O Timoneiro Jornal Canoas RS","og_description":"A canoense Maria L\u00facia, campe\u00e3 brasileira, vai participar do STU Pro Tour, evento internacional que acontecer\u00e1 na pista da Orla do Gas\u00f4metr","og_url":"https:\/\/jornaltimoneiro.com.br\/index.php\/2025\/03\/14\/skatista-canoense-maria-lucia-participa-de-stu-pro-tour-em-porto-alegre-entre-dias-21-e-23\/","og_site_name":"O Timoneiro Jornal Canoas RS","article_publisher":"https:\/\/www.facebook.com\/jornaltimoneiro","article_published_time":"2025-03-14T15:59:47+00:00","article_modified_time":"2025-03-14T16:12:29+00:00","og_image":[{"width":"548","height":"566","url":"https:\/\/jornaltimoneiro.com.br\/wp-content\/uploads\/2025\/03\/Skatista-canoense-Maria-Lucia-participa-de-STU-Pro-Tour-em-Porto-Alegre-entre-dias-21-e-23.jpeg","type":"image\/jpeg"}],"author":"Reda\u00e7\u00e3o","twitter_card":"summary_large_image","twitter_creator":"@_OTimoneiro","twitter_site":"@_OTimoneiro","twitter_misc":{"Escrito por":"Reda\u00e7\u00e3o","Est. tempo de leitura":"1 minuto"},"schema":{"@context":"https:\/\/schema.org","@graph":[{"@type":"Article","@id":"https:\/\/jornaltimoneiro.com.br\/index.php\/2025\/03\/14\/skatista-canoense-maria-lucia-participa-de-stu-pro-tour-em-porto-alegre-entre-dias-21-e-23\/#article","isPartOf":{"@id":"https:\/\/jornaltimoneiro.com.br\/index.php\/2025\/03\/14\/skatista-canoense-maria-lucia-participa-de-stu-pro-tour-em-porto-alegre-entre-dias-21-e-23\/"},"author":{"name":"Reda\u00e7\u00e3o","@id":"https:\/\/jornaltimoneiro.com.br\/#\/schema\/person\/f63482f1a02b1a9592707865e509ab40"},"headline":"Skatista canoense Maria L\u00facia participa de STU Pro Tour em Porto Alegre entre dias 21 e 23","datePublished":"2025-03-14T15:59:47+00:00","dateModified":"2025-03-14T16:12:29+00:00","mainEntityOfPage":{"@id":"https:\/\/jornaltimoneiro.com.br\/index.php\/2025\/03\/14\/skatista-canoense-maria-lucia-participa-de-stu-pro-tour-em-porto-alegre-entre-dias-21-e-23\/"},"wordCount":64,"commentCount":0,"publisher":{"@id":"https:\/\/jornaltimoneiro.com.br\/#organization"},"keywords":["canoas","esporte","maria lucia","Porto Alegre","skate","stu pro tour"],"articleSection":["Esporte"],"inLanguage":"pt-BR","potentialAction":[{"@type":"CommentAction","name":"Comment","target":["https:\/\/jornaltimoneiro.com.br\/index.php\/2025\/03\/14\/skatista-canoense-maria-lucia-participa-de-stu-pro-tour-em-porto-alegre-entre-dias-21-e-23\/#respond"]}]},{"@type":"WebPage","@id":"https:\/\/jornaltimoneiro.com.br\/index.php\/2025\/03\/14\/skatista-canoense-maria-lucia-participa-de-stu-pro-tour-em-porto-alegre-entre-dias-21-e-23\/","url":"https:\/\/jornaltimoneiro.com.br\/index.php\/2025\/03\/14\/skatista-canoense-maria-lucia-participa-de-stu-pro-tour-em-porto-alegre-entre-dias-21-e-23\/","name":"Skatista canoense Maria L\u00facia participa de STU Pro Tour em Porto Alegre entre dias 21 e 23 - O Timoneiro Jornal Canoas RS","isPartOf":{"@id":"https:\/\/jornaltimoneiro.com.br\/#website"},"datePublished":"2025-03-14T15:59:47+00:00","dateModified":"2025-03-14T16:12:29+00:00","description":"A canoense Maria L\u00facia, campe\u00e3 brasileira, vai participar do STU Pro Tour, evento internacional que acontecer\u00e1 na pista da Orla do Gas\u00f4metr","breadcrumb":{"@id":"https:\/\/jornaltimoneiro.com.br\/index.php\/2025\/03\/14\/skatista-canoense-maria-lucia-participa-de-stu-pro-tour-em-porto-alegre-entre-dias-21-e-23\/#breadcrumb"},"inLanguage":"pt-BR","potentialAction":[{"@type":"ReadAction","target":["https:\/\/jornaltimoneiro.com.br\/index.php\/2025\/03\/14\/skatista-canoense-maria-lucia-participa-de-stu-pro-tour-em-porto-alegre-entre-dias-21-e-23\/"]}]},{"@type":"BreadcrumbList","@id":"https:\/\/jornaltimoneiro.com.br\/index.php\/2025\/03\/14\/skatista-canoense-maria-lucia-participa-de-stu-pro-tour-em-porto-alegre-entre-dias-21-e-23\/#breadcrumb","itemListElement":[{"@type":"ListItem","position":1,"name":"In\u00edcio","item":"https:\/\/jornaltimoneiro.com.br\/"},{"@type":"ListItem","position":2,"name":"Skatista canoense Maria L\u00facia participa de STU Pro Tour em Porto Alegre entre dias 21 e 23"}]},{"@type":"WebSite","@id":"https:\/\/jornaltimoneiro.com.br\/#website","url":"https:\/\/jornaltimoneiro.com.br\/","name":"Jornal Timoneiro Canoas RS","description":"Jornal O Timoneiro, o verdadeiro jornal de Canoas","publisher":{"@id":"https:\/\/jornaltimoneiro.com.br\/#organization"},"potentialAction":[{"@type":"SearchAction","target":{"@type":"EntryPoint","urlTemplate":"https:\/\/jornaltimoneiro.com.br\/?s={search_term_string}"},"query-input":"required name=search_term_string"}],"inLanguage":"pt-BR"},{"@type":"Organization","@id":"https:\/\/jornaltimoneiro.com.br\/#organization","name":"Jornal Timoneiro Canoas RS","url":"https:\/\/jornaltimoneiro.com.br\/","logo":{"@type":"ImageObject","inLanguage":"pt-BR","@id":"https:\/\/jornaltimoneiro.com.br\/#\/schema\/logo\/image\/","url":"https:\/\/jornaltimoneiro.com.br\/wp-content\/uploads\/2023\/03\/logonovo.png","contentUrl":"https:\/\/jornaltimoneiro.com.br\/wp-content\/uploads\/2023\/03\/logonovo.png","width":"469","height":"171","caption":"Jornal Timoneiro Canoas RS"},"image":{"@id":"https:\/\/jornaltimoneiro.com.br\/#\/schema\/logo\/image\/"},"sameAs":["https:\/\/www.facebook.com\/jornaltimoneiro","https:\/\/twitter.com\/_OTimoneiro","https:\/\/www.instagram.com\/jornaltimoneirocanoas\/","https:\/\/www.youtube.com\/@jornalotimoneiro7927"]},{"@type":"Person","@id":"https:\/\/jornaltimoneiro.com.br\/#\/schema\/person\/f63482f1a02b1a9592707865e509ab40","name":"Reda\u00e7\u00e3o","image":{"@type":"ImageObject","inLanguage":"pt-BR","@id":"https:\/\/jornaltimoneiro.com.br\/#\/schema\/person\/image\/","url":"https:\/\/jornaltimoneiro.com.br\/wp-content\/uploads\/2023\/03\/download.jpeg","contentUrl":"https:\/\/jornaltimoneiro.com.br\/wp-content\/uploads\/2023\/03\/download.jpeg","caption":"Reda\u00e7\u00e3o"},"url":"https:\/\/jornaltimoneiro.com.br\/index.php\/author\/simone-dutra\/"}]}},"_links":{"self":[{"href":"https:\/\/jornaltimoneiro.com.br\/index.php\/wp-json\/wp\/v2\/posts\/34237"}],"collection":[{"href":"https:\/\/jornaltimoneiro.com.br\/index.php\/wp-json\/wp\/v2\/posts"}],"about":[{"href":"https:\/\/jornaltimoneiro.com.br\/index.php\/wp-json\/wp\/v2\/types\/post"}],"author":[{"embeddable":true,"href":"https:\/\/jornaltimoneiro.com.br\/index.php\/wp-json\/wp\/v2\/users\/2"}],"replies":[{"embeddable":true,"href":"https:\/\/jornaltimoneiro.com.br\/index.php\/wp-json\/wp\/v2\/comments?post=34237"}],"version-history":[{"count":1,"href":"https:\/\/jornaltimoneiro.com.br\/index.php\/wp-json\/wp\/v2\/posts\/34237\/revisions"}],"predecessor-version":[{"id":34239,"href":"https:\/\/jornaltimoneiro.com.br\/index.php\/wp-json\/wp\/v2\/posts\/34237\/revisions\/34239"}],"wp:featuredmedia":[{"embeddable":true,"href":"https:\/\/jornaltimoneiro.com.br\/index.php\/wp-json\/wp\/v2\/media\/34238"}],"wp:attachment":[{"href":"https:\/\/jornaltimoneiro.com.br\/index.php\/wp-json\/wp\/v2\/media?parent=34237"}],"wp:term":[{"taxonomy":"category","embeddable":true,"href":"https:\/\/jornaltimoneiro.com.br\/index.php\/wp-json\/wp\/v2\/categories?post=34237"},{"taxonomy":"post_tag","embeddable":true,"href":"https:\/\/jornaltimoneiro.com.br\/index.php\/wp-json\/wp\/v2\/tags?post=34237"}],"curies":[{"name":"wp","href":"https:\/\/api.w.org\/{rel}","templated":true}]}}