{"id":34115,"date":"2025-03-10T13:42:18","date_gmt":"2025-03-10T16:42:18","guid":{"rendered":"https:\/\/jornaltimoneiro.com.br\/?p=34115"},"modified":"2025-03-10T13:42:18","modified_gmt":"2025-03-10T16:42:18","slug":"visitadoras-do-programa-infancia-melhor-recebem-qualificacao-para-atenderem-bebes-vitimas-das-enchentes","status":"publish","type":"post","link":"https:\/\/jornaltimoneiro.com.br\/index.php\/2025\/03\/10\/visitadoras-do-programa-infancia-melhor-recebem-qualificacao-para-atenderem-bebes-vitimas-das-enchentes\/","title":{"rendered":"Visitadoras do Programa Inf\u00e2ncia Melhor recebem qualifica\u00e7\u00e3o para atenderem beb\u00eas v\u00edtimas das enchentes"},"content":{"rendered":"<p>Uma a\u00e7\u00e3o conjunta das secretarias municipais de Sa\u00fade, Educa\u00e7\u00e3o, Assist\u00eancia Social, Esporte e Lazer e Cultura e Turismo e da Secretaria Estadual da Sa\u00fade, em parceria com a Organiza\u00e7\u00e3o Mundial para a Educa\u00e7\u00e3o Pr\u00e9-escolar (Omep) \u2013 Novo Hamburgo e a Zelo Consultoria, realizou na sexta-feira, 7, o 1.\u00ba Encontro Formativo \u201cAtua\u00e7\u00e3o para a Garantia dos Direitos dos Beb\u00eas e suas Fam\u00edlias Atingidas pelas Enchentes de Maio de 2024\u201d.<\/p>\n<p>A atividade, voltada nesta edi\u00e7\u00e3o para visitadoras do Programa Inf\u00e2ncia Melhor (PIM) de Canoas, foi organizada para qualificar a atua\u00e7\u00e3o destas profissionais e outros trabalhadores que atuam em articula\u00e7\u00e3o com o PIM, para promover o desenvolvimento integral de beb\u00eas diretamente afetados pelas enchentes por meio do fortalecimento das rela\u00e7\u00f5es entre cuidadores e beb\u00eas e da qualifica\u00e7\u00e3o da experi\u00eancia de brincar.<\/p>\n<p>As visitadoras do PIM participantes da qualifica\u00e7\u00e3o receberam informa\u00e7\u00f5es sobre o cuidado especializado para beb\u00eas e suas fam\u00edlias v\u00edtimas das enchentes, em especial aquelas que ainda n\u00e3o conseguiram voltar para as suas casas, e obtiveram orienta\u00e7\u00f5es sobre a organiza\u00e7\u00e3o de espa\u00e7os para brincadeiras e atividades e aspectos importantes do desenvolvimento da crian\u00e7a nesta fase da vida.<\/p>\n<blockquote><p>\u201cCrian\u00e7a \u00e9 prioridade absoluta. Se a gente pode mudar o come\u00e7o da vida de uma crian\u00e7a, a gente pode mudar a vida inteira\u201d, defendeu a professora e psicomotricista Rosane Romanini, representante da Omep no encontro.<\/p><\/blockquote>\n<p>O secret\u00e1rio adjunto da Aten\u00e7\u00e3o Prim\u00e1ria e Especializada da Secretaria Municipal da Sa\u00fade, Favio Telis, destacou a import\u00e2ncia do olhar humanizado para as crian\u00e7as e suas fam\u00edlias face os acontecimentos traum\u00e1ticos dos \u00faltimos anos.<\/p>\n<blockquote><p>\u201cHoje, cada vez mais, a gente sabe o quanto \u00e9 necess\u00e1rio esse olhar diferenciado, principalmente para as crian\u00e7as, por causa de tudo o que a gente est\u00e1 vivendo, n\u00e3o s\u00f3 a enchente, mas tamb\u00e9m a pandemia, coisas que desestruturaram fam\u00edlias inteiras\u201d<\/p><\/blockquote>\n","protected":false},"excerpt":{"rendered":"<p>Uma a\u00e7\u00e3o conjunta das secretarias municipais de Sa\u00fade, Educa\u00e7\u00e3o, Assist\u00eancia Social, Esporte e Lazer e Cultura e Turismo e da Secretaria Estadual da Sa\u00fade, em parceria com a Organiza\u00e7\u00e3o Mundial para a Educa\u00e7\u00e3o Pr\u00e9-escolar (Omep) \u2013 Novo Hamburgo e a Zelo Consultoria, realizou na sexta-feira, 7, o 1.\u00ba Encontro Formativo \u201cAtua\u00e7\u00e3o para a Garantia dos [&hellip;]<\/p>\n","protected":false},"author":2,"featured_media":34116,"comment_status":"open","ping_status":"open","sticky":false,"template":"","format":"standard","meta":{"amp_status":"","footnotes":""},"categories":[2443],"tags":[3639,31,791,4025,189],"class_list":["post-34115","post","type-post","status-publish","format-standard","has-post-thumbnail","hentry","category-enchente-2024-canoas","tag-bebes","tag-canoas","tag-enchente","tag-programa-infancia-melhor","tag-saude"],"yoast_head":"<!-- This site is optimized with the Yoast SEO plugin v20.5 - https:\/\/yoast.com\/wordpress\/plugins\/seo\/ -->\n<title>Visitadoras do Programa Inf\u00e2ncia Melhor recebem qualifica\u00e7\u00e3o para atenderem beb\u00eas v\u00edtimas das enchentes - O Timoneiro Jornal Canoas RS<\/title>\n<meta name=\"description\" content=\"1.\u00ba Encontro Formativo \u201cAtua\u00e7\u00e3o para a Garantia dos Direitos dos Beb\u00eas e suas Fam\u00edlias Atingidas pelas Enchentes de Maio de 2024\u201d\" \/>\n<meta name=\"robots\" content=\"index, follow, max-snippet:-1, max-image-preview:large, max-video-preview:-1\" \/>\n<link rel=\"canonical\" href=\"https:\/\/jornaltimoneiro.com.br\/index.php\/2025\/03\/10\/visitadoras-do-programa-infancia-melhor-recebem-qualificacao-para-atenderem-bebes-vitimas-das-enchentes\/\" \/>\n<meta property=\"og:locale\" content=\"pt_BR\" \/>\n<meta property=\"og:type\" content=\"article\" \/>\n<meta property=\"og:title\" content=\"Visitadoras do Programa Inf\u00e2ncia Melhor recebem qualifica\u00e7\u00e3o para atenderem beb\u00eas v\u00edtimas das enchentes - O Timoneiro Jornal Canoas RS\" \/>\n<meta property=\"og:description\" content=\"1.\u00ba Encontro Formativo \u201cAtua\u00e7\u00e3o para a Garantia dos Direitos dos Beb\u00eas e suas Fam\u00edlias Atingidas pelas Enchentes de Maio de 2024\u201d\" \/>\n<meta property=\"og:url\" content=\"https:\/\/jornaltimoneiro.com.br\/index.php\/2025\/03\/10\/visitadoras-do-programa-infancia-melhor-recebem-qualificacao-para-atenderem-bebes-vitimas-das-enchentes\/\" \/>\n<meta property=\"og:site_name\" content=\"O Timoneiro Jornal Canoas RS\" \/>\n<meta property=\"article:publisher\" content=\"https:\/\/www.facebook.com\/jornaltimoneiro\" \/>\n<meta property=\"article:published_time\" content=\"2025-03-10T16:42:18+00:00\" \/>\n<meta property=\"og:image\" content=\"https:\/\/jornaltimoneiro.com.br\/wp-content\/uploads\/2025\/03\/Visitadoras-do-Programa-Infancia-Melhor-recebem-qualificacao-para-atenderem-bebes-vitimas-das-enchentes.jpg\" \/>\n\t<meta property=\"og:image:width\" content=\"1080\" \/>\n\t<meta property=\"og:image:height\" content=\"719\" \/>\n\t<meta property=\"og:image:type\" content=\"image\/jpeg\" \/>\n<meta name=\"author\" content=\"Reda\u00e7\u00e3o\" \/>\n<meta name=\"twitter:card\" content=\"summary_large_image\" \/>\n<meta name=\"twitter:creator\" content=\"@_OTimoneiro\" \/>\n<meta name=\"twitter:site\" content=\"@_OTimoneiro\" \/>\n<meta name=\"twitter:label1\" content=\"Escrito por\" \/>\n\t<meta name=\"twitter:data1\" content=\"Reda\u00e7\u00e3o\" \/>\n\t<meta name=\"twitter:label2\" content=\"Est. tempo de leitura\" \/>\n\t<meta name=\"twitter:data2\" content=\"2 minutos\" \/>\n<script type=\"application\/ld+json\" class=\"yoast-schema-graph\">{\"@context\":\"https:\/\/schema.org\",\"@graph\":[{\"@type\":\"Article\",\"@id\":\"https:\/\/jornaltimoneiro.com.br\/index.php\/2025\/03\/10\/visitadoras-do-programa-infancia-melhor-recebem-qualificacao-para-atenderem-bebes-vitimas-das-enchentes\/#article\",\"isPartOf\":{\"@id\":\"https:\/\/jornaltimoneiro.com.br\/index.php\/2025\/03\/10\/visitadoras-do-programa-infancia-melhor-recebem-qualificacao-para-atenderem-bebes-vitimas-das-enchentes\/\"},\"author\":{\"name\":\"Reda\u00e7\u00e3o\",\"@id\":\"https:\/\/jornaltimoneiro.com.br\/#\/schema\/person\/f63482f1a02b1a9592707865e509ab40\"},\"headline\":\"Visitadoras do Programa Inf\u00e2ncia Melhor recebem qualifica\u00e7\u00e3o para atenderem beb\u00eas v\u00edtimas das enchentes\",\"datePublished\":\"2025-03-10T16:42:18+00:00\",\"dateModified\":\"2025-03-10T16:42:18+00:00\",\"mainEntityOfPage\":{\"@id\":\"https:\/\/jornaltimoneiro.com.br\/index.php\/2025\/03\/10\/visitadoras-do-programa-infancia-melhor-recebem-qualificacao-para-atenderem-bebes-vitimas-das-enchentes\/\"},\"wordCount\":351,\"commentCount\":0,\"publisher\":{\"@id\":\"https:\/\/jornaltimoneiro.com.br\/#organization\"},\"keywords\":[\"beb\u00eas\",\"canoas\",\"enchente\",\"programa inf\u00e2ncia melhor\",\"sa\u00fade\"],\"articleSection\":[\"Enchente 2024 Canoas\"],\"inLanguage\":\"pt-BR\",\"potentialAction\":[{\"@type\":\"CommentAction\",\"name\":\"Comment\",\"target\":[\"https:\/\/jornaltimoneiro.com.br\/index.php\/2025\/03\/10\/visitadoras-do-programa-infancia-melhor-recebem-qualificacao-para-atenderem-bebes-vitimas-das-enchentes\/#respond\"]}]},{\"@type\":\"WebPage\",\"@id\":\"https:\/\/jornaltimoneiro.com.br\/index.php\/2025\/03\/10\/visitadoras-do-programa-infancia-melhor-recebem-qualificacao-para-atenderem-bebes-vitimas-das-enchentes\/\",\"url\":\"https:\/\/jornaltimoneiro.com.br\/index.php\/2025\/03\/10\/visitadoras-do-programa-infancia-melhor-recebem-qualificacao-para-atenderem-bebes-vitimas-das-enchentes\/\",\"name\":\"Visitadoras do Programa Inf\u00e2ncia Melhor recebem qualifica\u00e7\u00e3o para atenderem beb\u00eas v\u00edtimas das enchentes - O Timoneiro Jornal Canoas RS\",\"isPartOf\":{\"@id\":\"https:\/\/jornaltimoneiro.com.br\/#website\"},\"datePublished\":\"2025-03-10T16:42:18+00:00\",\"dateModified\":\"2025-03-10T16:42:18+00:00\",\"description\":\"1.\u00ba Encontro Formativo \u201cAtua\u00e7\u00e3o para a Garantia dos Direitos dos Beb\u00eas e suas Fam\u00edlias Atingidas pelas Enchentes de Maio de 2024\u201d\",\"breadcrumb\":{\"@id\":\"https:\/\/jornaltimoneiro.com.br\/index.php\/2025\/03\/10\/visitadoras-do-programa-infancia-melhor-recebem-qualificacao-para-atenderem-bebes-vitimas-das-enchentes\/#breadcrumb\"},\"inLanguage\":\"pt-BR\",\"potentialAction\":[{\"@type\":\"ReadAction\",\"target\":[\"https:\/\/jornaltimoneiro.com.br\/index.php\/2025\/03\/10\/visitadoras-do-programa-infancia-melhor-recebem-qualificacao-para-atenderem-bebes-vitimas-das-enchentes\/\"]}]},{\"@type\":\"BreadcrumbList\",\"@id\":\"https:\/\/jornaltimoneiro.com.br\/index.php\/2025\/03\/10\/visitadoras-do-programa-infancia-melhor-recebem-qualificacao-para-atenderem-bebes-vitimas-das-enchentes\/#breadcrumb\",\"itemListElement\":[{\"@type\":\"ListItem\",\"position\":1,\"name\":\"In\u00edcio\",\"item\":\"https:\/\/jornaltimoneiro.com.br\/\"},{\"@type\":\"ListItem\",\"position\":2,\"name\":\"Visitadoras do Programa Inf\u00e2ncia Melhor recebem qualifica\u00e7\u00e3o para atenderem beb\u00eas v\u00edtimas das enchentes\"}]},{\"@type\":\"WebSite\",\"@id\":\"https:\/\/jornaltimoneiro.com.br\/#website\",\"url\":\"https:\/\/jornaltimoneiro.com.br\/\",\"name\":\"Jornal Timoneiro Canoas RS\",\"description\":\"Jornal O Timoneiro, o verdadeiro jornal de Canoas\",\"publisher\":{\"@id\":\"https:\/\/jornaltimoneiro.com.br\/#organization\"},\"potentialAction\":[{\"@type\":\"SearchAction\",\"target\":{\"@type\":\"EntryPoint\",\"urlTemplate\":\"https:\/\/jornaltimoneiro.com.br\/?s={search_term_string}\"},\"query-input\":\"required name=search_term_string\"}],\"inLanguage\":\"pt-BR\"},{\"@type\":\"Organization\",\"@id\":\"https:\/\/jornaltimoneiro.com.br\/#organization\",\"name\":\"Jornal Timoneiro Canoas RS\",\"url\":\"https:\/\/jornaltimoneiro.com.br\/\",\"logo\":{\"@type\":\"ImageObject\",\"inLanguage\":\"pt-BR\",\"@id\":\"https:\/\/jornaltimoneiro.com.br\/#\/schema\/logo\/image\/\",\"url\":\"https:\/\/jornaltimoneiro.com.br\/wp-content\/uploads\/2023\/03\/logonovo.png\",\"contentUrl\":\"https:\/\/jornaltimoneiro.com.br\/wp-content\/uploads\/2023\/03\/logonovo.png\",\"width\":\"469\",\"height\":\"171\",\"caption\":\"Jornal Timoneiro Canoas RS\"},\"image\":{\"@id\":\"https:\/\/jornaltimoneiro.com.br\/#\/schema\/logo\/image\/\"},\"sameAs\":[\"https:\/\/www.facebook.com\/jornaltimoneiro\",\"https:\/\/twitter.com\/_OTimoneiro\",\"https:\/\/www.instagram.com\/jornaltimoneirocanoas\/\",\"https:\/\/www.youtube.com\/@jornalotimoneiro7927\"]},{\"@type\":\"Person\",\"@id\":\"https:\/\/jornaltimoneiro.com.br\/#\/schema\/person\/f63482f1a02b1a9592707865e509ab40\",\"name\":\"Reda\u00e7\u00e3o\",\"image\":{\"@type\":\"ImageObject\",\"inLanguage\":\"pt-BR\",\"@id\":\"https:\/\/jornaltimoneiro.com.br\/#\/schema\/person\/image\/\",\"url\":\"https:\/\/jornaltimoneiro.com.br\/wp-content\/uploads\/2023\/03\/download.jpeg\",\"contentUrl\":\"https:\/\/jornaltimoneiro.com.br\/wp-content\/uploads\/2023\/03\/download.jpeg\",\"caption\":\"Reda\u00e7\u00e3o\"},\"url\":\"https:\/\/jornaltimoneiro.com.br\/index.php\/author\/simone-dutra\/\"}]}<\/script>\n<!-- \/ Yoast SEO plugin. -->","yoast_head_json":{"title":"Visitadoras do Programa Inf\u00e2ncia Melhor recebem qualifica\u00e7\u00e3o para atenderem beb\u00eas v\u00edtimas das enchentes - O Timoneiro Jornal Canoas RS","description":"1.\u00ba Encontro Formativo \u201cAtua\u00e7\u00e3o para a Garantia dos Direitos dos Beb\u00eas e suas Fam\u00edlias Atingidas pelas Enchentes de Maio de 2024\u201d","robots":{"index":"index","follow":"follow","max-snippet":"max-snippet:-1","max-image-preview":"max-image-preview:large","max-video-preview":"max-video-preview:-1"},"canonical":"https:\/\/jornaltimoneiro.com.br\/index.php\/2025\/03\/10\/visitadoras-do-programa-infancia-melhor-recebem-qualificacao-para-atenderem-bebes-vitimas-das-enchentes\/","og_locale":"pt_BR","og_type":"article","og_title":"Visitadoras do Programa Inf\u00e2ncia Melhor recebem qualifica\u00e7\u00e3o para atenderem beb\u00eas v\u00edtimas das enchentes - O Timoneiro Jornal Canoas RS","og_description":"1.\u00ba Encontro Formativo \u201cAtua\u00e7\u00e3o para a Garantia dos Direitos dos Beb\u00eas e suas Fam\u00edlias Atingidas pelas Enchentes de Maio de 2024\u201d","og_url":"https:\/\/jornaltimoneiro.com.br\/index.php\/2025\/03\/10\/visitadoras-do-programa-infancia-melhor-recebem-qualificacao-para-atenderem-bebes-vitimas-das-enchentes\/","og_site_name":"O Timoneiro Jornal Canoas RS","article_publisher":"https:\/\/www.facebook.com\/jornaltimoneiro","article_published_time":"2025-03-10T16:42:18+00:00","og_image":[{"width":1080,"height":719,"url":"https:\/\/jornaltimoneiro.com.br\/wp-content\/uploads\/2025\/03\/Visitadoras-do-Programa-Infancia-Melhor-recebem-qualificacao-para-atenderem-bebes-vitimas-das-enchentes.jpg","type":"image\/jpeg"}],"author":"Reda\u00e7\u00e3o","twitter_card":"summary_large_image","twitter_creator":"@_OTimoneiro","twitter_site":"@_OTimoneiro","twitter_misc":{"Escrito por":"Reda\u00e7\u00e3o","Est. tempo de leitura":"2 minutos"},"schema":{"@context":"https:\/\/schema.org","@graph":[{"@type":"Article","@id":"https:\/\/jornaltimoneiro.com.br\/index.php\/2025\/03\/10\/visitadoras-do-programa-infancia-melhor-recebem-qualificacao-para-atenderem-bebes-vitimas-das-enchentes\/#article","isPartOf":{"@id":"https:\/\/jornaltimoneiro.com.br\/index.php\/2025\/03\/10\/visitadoras-do-programa-infancia-melhor-recebem-qualificacao-para-atenderem-bebes-vitimas-das-enchentes\/"},"author":{"name":"Reda\u00e7\u00e3o","@id":"https:\/\/jornaltimoneiro.com.br\/#\/schema\/person\/f63482f1a02b1a9592707865e509ab40"},"headline":"Visitadoras do Programa Inf\u00e2ncia Melhor recebem qualifica\u00e7\u00e3o para atenderem beb\u00eas v\u00edtimas das enchentes","datePublished":"2025-03-10T16:42:18+00:00","dateModified":"2025-03-10T16:42:18+00:00","mainEntityOfPage":{"@id":"https:\/\/jornaltimoneiro.com.br\/index.php\/2025\/03\/10\/visitadoras-do-programa-infancia-melhor-recebem-qualificacao-para-atenderem-bebes-vitimas-das-enchentes\/"},"wordCount":351,"commentCount":0,"publisher":{"@id":"https:\/\/jornaltimoneiro.com.br\/#organization"},"keywords":["beb\u00eas","canoas","enchente","programa inf\u00e2ncia melhor","sa\u00fade"],"articleSection":["Enchente 2024 Canoas"],"inLanguage":"pt-BR","potentialAction":[{"@type":"CommentAction","name":"Comment","target":["https:\/\/jornaltimoneiro.com.br\/index.php\/2025\/03\/10\/visitadoras-do-programa-infancia-melhor-recebem-qualificacao-para-atenderem-bebes-vitimas-das-enchentes\/#respond"]}]},{"@type":"WebPage","@id":"https:\/\/jornaltimoneiro.com.br\/index.php\/2025\/03\/10\/visitadoras-do-programa-infancia-melhor-recebem-qualificacao-para-atenderem-bebes-vitimas-das-enchentes\/","url":"https:\/\/jornaltimoneiro.com.br\/index.php\/2025\/03\/10\/visitadoras-do-programa-infancia-melhor-recebem-qualificacao-para-atenderem-bebes-vitimas-das-enchentes\/","name":"Visitadoras do Programa Inf\u00e2ncia Melhor recebem qualifica\u00e7\u00e3o para atenderem beb\u00eas v\u00edtimas das enchentes - O Timoneiro Jornal Canoas RS","isPartOf":{"@id":"https:\/\/jornaltimoneiro.com.br\/#website"},"datePublished":"2025-03-10T16:42:18+00:00","dateModified":"2025-03-10T16:42:18+00:00","description":"1.\u00ba Encontro Formativo \u201cAtua\u00e7\u00e3o para a Garantia dos Direitos dos Beb\u00eas e suas Fam\u00edlias Atingidas pelas Enchentes de Maio de 2024\u201d","breadcrumb":{"@id":"https:\/\/jornaltimoneiro.com.br\/index.php\/2025\/03\/10\/visitadoras-do-programa-infancia-melhor-recebem-qualificacao-para-atenderem-bebes-vitimas-das-enchentes\/#breadcrumb"},"inLanguage":"pt-BR","potentialAction":[{"@type":"ReadAction","target":["https:\/\/jornaltimoneiro.com.br\/index.php\/2025\/03\/10\/visitadoras-do-programa-infancia-melhor-recebem-qualificacao-para-atenderem-bebes-vitimas-das-enchentes\/"]}]},{"@type":"BreadcrumbList","@id":"https:\/\/jornaltimoneiro.com.br\/index.php\/2025\/03\/10\/visitadoras-do-programa-infancia-melhor-recebem-qualificacao-para-atenderem-bebes-vitimas-das-enchentes\/#breadcrumb","itemListElement":[{"@type":"ListItem","position":1,"name":"In\u00edcio","item":"https:\/\/jornaltimoneiro.com.br\/"},{"@type":"ListItem","position":2,"name":"Visitadoras do Programa Inf\u00e2ncia Melhor recebem qualifica\u00e7\u00e3o para atenderem beb\u00eas v\u00edtimas das enchentes"}]},{"@type":"WebSite","@id":"https:\/\/jornaltimoneiro.com.br\/#website","url":"https:\/\/jornaltimoneiro.com.br\/","name":"Jornal Timoneiro Canoas RS","description":"Jornal O Timoneiro, o verdadeiro jornal de Canoas","publisher":{"@id":"https:\/\/jornaltimoneiro.com.br\/#organization"},"potentialAction":[{"@type":"SearchAction","target":{"@type":"EntryPoint","urlTemplate":"https:\/\/jornaltimoneiro.com.br\/?s={search_term_string}"},"query-input":"required name=search_term_string"}],"inLanguage":"pt-BR"},{"@type":"Organization","@id":"https:\/\/jornaltimoneiro.com.br\/#organization","name":"Jornal Timoneiro Canoas RS","url":"https:\/\/jornaltimoneiro.com.br\/","logo":{"@type":"ImageObject","inLanguage":"pt-BR","@id":"https:\/\/jornaltimoneiro.com.br\/#\/schema\/logo\/image\/","url":"https:\/\/jornaltimoneiro.com.br\/wp-content\/uploads\/2023\/03\/logonovo.png","contentUrl":"https:\/\/jornaltimoneiro.com.br\/wp-content\/uploads\/2023\/03\/logonovo.png","width":"469","height":"171","caption":"Jornal Timoneiro Canoas RS"},"image":{"@id":"https:\/\/jornaltimoneiro.com.br\/#\/schema\/logo\/image\/"},"sameAs":["https:\/\/www.facebook.com\/jornaltimoneiro","https:\/\/twitter.com\/_OTimoneiro","https:\/\/www.instagram.com\/jornaltimoneirocanoas\/","https:\/\/www.youtube.com\/@jornalotimoneiro7927"]},{"@type":"Person","@id":"https:\/\/jornaltimoneiro.com.br\/#\/schema\/person\/f63482f1a02b1a9592707865e509ab40","name":"Reda\u00e7\u00e3o","image":{"@type":"ImageObject","inLanguage":"pt-BR","@id":"https:\/\/jornaltimoneiro.com.br\/#\/schema\/person\/image\/","url":"https:\/\/jornaltimoneiro.com.br\/wp-content\/uploads\/2023\/03\/download.jpeg","contentUrl":"https:\/\/jornaltimoneiro.com.br\/wp-content\/uploads\/2023\/03\/download.jpeg","caption":"Reda\u00e7\u00e3o"},"url":"https:\/\/jornaltimoneiro.com.br\/index.php\/author\/simone-dutra\/"}]}},"_links":{"self":[{"href":"https:\/\/jornaltimoneiro.com.br\/index.php\/wp-json\/wp\/v2\/posts\/34115"}],"collection":[{"href":"https:\/\/jornaltimoneiro.com.br\/index.php\/wp-json\/wp\/v2\/posts"}],"about":[{"href":"https:\/\/jornaltimoneiro.com.br\/index.php\/wp-json\/wp\/v2\/types\/post"}],"author":[{"embeddable":true,"href":"https:\/\/jornaltimoneiro.com.br\/index.php\/wp-json\/wp\/v2\/users\/2"}],"replies":[{"embeddable":true,"href":"https:\/\/jornaltimoneiro.com.br\/index.php\/wp-json\/wp\/v2\/comments?post=34115"}],"version-history":[{"count":1,"href":"https:\/\/jornaltimoneiro.com.br\/index.php\/wp-json\/wp\/v2\/posts\/34115\/revisions"}],"predecessor-version":[{"id":34117,"href":"https:\/\/jornaltimoneiro.com.br\/index.php\/wp-json\/wp\/v2\/posts\/34115\/revisions\/34117"}],"wp:featuredmedia":[{"embeddable":true,"href":"https:\/\/jornaltimoneiro.com.br\/index.php\/wp-json\/wp\/v2\/media\/34116"}],"wp:attachment":[{"href":"https:\/\/jornaltimoneiro.com.br\/index.php\/wp-json\/wp\/v2\/media?parent=34115"}],"wp:term":[{"taxonomy":"category","embeddable":true,"href":"https:\/\/jornaltimoneiro.com.br\/index.php\/wp-json\/wp\/v2\/categories?post=34115"},{"taxonomy":"post_tag","embeddable":true,"href":"https:\/\/jornaltimoneiro.com.br\/index.php\/wp-json\/wp\/v2\/tags?post=34115"}],"curies":[{"name":"wp","href":"https:\/\/api.w.org\/{rel}","templated":true}]}}