{"id":34100,"date":"2025-03-07T16:56:17","date_gmt":"2025-03-07T19:56:17","guid":{"rendered":"https:\/\/jornaltimoneiro.com.br\/?p=34100"},"modified":"2025-03-07T16:56:17","modified_gmt":"2025-03-07T19:56:17","slug":"apos-periodo-de-gratuidade-nos-onibus-prefeitura-de-canoas-preve-passagens-no-valor-de-r-275","status":"publish","type":"post","link":"https:\/\/jornaltimoneiro.com.br\/index.php\/2025\/03\/07\/apos-periodo-de-gratuidade-nos-onibus-prefeitura-de-canoas-preve-passagens-no-valor-de-r-275\/","title":{"rendered":"Ap\u00f3s per\u00edodo de gratuidade nos \u00f4nibus, Prefeitura de Canoas prev\u00ea passagens no valor de R$ 2,75"},"content":{"rendered":"<p>A Prefeitura de Canoas, por meio do programa Vai de Boa, Canoas \u2013 prorrogou a gratuidade no transporte p\u00fablico coletivo urbano at\u00e9 o dia 31 de maio deste ano e, ap\u00f3s essa data, de acordo com a gest\u00e3o municipal, haver\u00e1 a implementa\u00e7\u00e3o de passagem no valor de R$ 2,75 nas linhas municipais.<\/p>\n<p>O prazo vigente expirava agora no pr\u00f3ximo dia 10 de mar\u00e7o. O valor sugerido \u00e9 o menor entre todas as tarifas aplicadas nas diferentes cidades da Regi\u00e3o Metropolitana e uma das mais baixas do Estado.<\/p>\n<h4>Passe livre<\/h4>\n<p>O passe livre est\u00e1 em vigor desde o dia 7 de maio de 2024, data da retomada parcial do servi\u00e7o dentro do per\u00edodo de estado de calamidade p\u00fablica devido \u00e0 enchente de maio do ano passado. Antes disso, o valor da passagem nas linhas municipais em Canoas no come\u00e7o de 2024 era de R$ 4,80. A fim de chegar \u00e0 tarifa indicada no projeto foi necess\u00e1ria uma revis\u00e3o dos n\u00fameros por parte das secretarias da Fazenda e de Mobilidade Urbana.<\/p>\n<p>De acordo com a Secretaria Municipal de Mobilidade Urbana (SMMU), a tarifa t\u00e9cnica do servi\u00e7o prestado pela empresa Sogal prev\u00ea a quantia de R$ 5,50 por passageiro. Em cima desse valor, a Prefeitura passar\u00e1 a subsidiar R$ 2,75, ao inv\u00e9s dos R$ 0,70 de cada passagem antes da gratuidade, enquanto os outros R$ 2,75 ser\u00e3o pagos pelo pr\u00f3prio usu\u00e1rio.<\/p>\n<p>A proje\u00e7\u00e3o do complemento financeiro por parte do Poder P\u00fablico dentro do custo anual ainda depende do quantitativo de passageiros que seguir\u00e3o utilizando o servi\u00e7o.<\/p>\n","protected":false},"excerpt":{"rendered":"<p>A Prefeitura de Canoas, por meio do programa Vai de Boa, Canoas \u2013 prorrogou a gratuidade no transporte p\u00fablico coletivo urbano at\u00e9 o dia 31 de maio deste ano e, ap\u00f3s essa data, de acordo com a gest\u00e3o municipal, haver\u00e1 a implementa\u00e7\u00e3o de passagem no valor de R$ 2,75 nas linhas municipais. O prazo vigente [&hellip;]<\/p>\n","protected":false},"author":2,"featured_media":34101,"comment_status":"open","ping_status":"open","sticky":false,"template":"","format":"standard","meta":{"amp_status":"","footnotes":""},"categories":[2629],"tags":[31,190,3404,55,1442,1176],"class_list":["post-34100","post","type-post","status-publish","format-standard","has-post-thumbnail","hentry","category-transporte","tag-canoas","tag-featured","tag-gratuidade","tag-onibus","tag-passe-livre","tag-transporte-coletivo"],"yoast_head":"<!-- This site is optimized with the Yoast SEO plugin v20.5 - https:\/\/yoast.com\/wordpress\/plugins\/seo\/ -->\n<title>Ap\u00f3s per\u00edodo de gratuidade nos \u00f4nibus, Prefeitura de Canoas prev\u00ea passagens no valor de R$ 2,75 - O Timoneiro Jornal Canoas RS<\/title>\n<meta name=\"description\" content=\"A Prefeitura de Canoas, por meio do programa Vai de Boa, Canoas \u2013 prorrogou a gratuidade no transporte p\u00fablico coletivo at\u00e9 o dia 31 de maio\" \/>\n<meta name=\"robots\" content=\"index, follow, max-snippet:-1, max-image-preview:large, max-video-preview:-1\" \/>\n<link rel=\"canonical\" href=\"https:\/\/jornaltimoneiro.com.br\/index.php\/2025\/03\/07\/apos-periodo-de-gratuidade-nos-onibus-prefeitura-de-canoas-preve-passagens-no-valor-de-r-275\/\" \/>\n<meta property=\"og:locale\" content=\"pt_BR\" \/>\n<meta property=\"og:type\" content=\"article\" \/>\n<meta property=\"og:title\" content=\"Ap\u00f3s per\u00edodo de gratuidade nos \u00f4nibus, Prefeitura de Canoas prev\u00ea passagens no valor de R$ 2,75 - O Timoneiro Jornal Canoas RS\" \/>\n<meta property=\"og:description\" content=\"A Prefeitura de Canoas, por meio do programa Vai de Boa, Canoas \u2013 prorrogou a gratuidade no transporte p\u00fablico coletivo at\u00e9 o dia 31 de maio\" \/>\n<meta property=\"og:url\" content=\"https:\/\/jornaltimoneiro.com.br\/index.php\/2025\/03\/07\/apos-periodo-de-gratuidade-nos-onibus-prefeitura-de-canoas-preve-passagens-no-valor-de-r-275\/\" \/>\n<meta property=\"og:site_name\" content=\"O Timoneiro Jornal Canoas RS\" \/>\n<meta property=\"article:publisher\" content=\"https:\/\/www.facebook.com\/jornaltimoneiro\" \/>\n<meta property=\"article:published_time\" content=\"2025-03-07T19:56:17+00:00\" \/>\n<meta property=\"og:image\" content=\"https:\/\/jornaltimoneiro.com.br\/wp-content\/uploads\/2025\/03\/Apos-periodo-de-gratuidade-nos-onibus-Prefeitura-de-Canoas-preve-passagens-no-valor-de-R-275.jpeg\" \/>\n\t<meta property=\"og:image:width\" content=\"1080\" \/>\n\t<meta property=\"og:image:height\" content=\"607\" \/>\n\t<meta property=\"og:image:type\" content=\"image\/jpeg\" \/>\n<meta name=\"author\" content=\"Reda\u00e7\u00e3o\" \/>\n<meta name=\"twitter:card\" content=\"summary_large_image\" \/>\n<meta name=\"twitter:creator\" content=\"@_OTimoneiro\" \/>\n<meta name=\"twitter:site\" content=\"@_OTimoneiro\" \/>\n<meta name=\"twitter:label1\" content=\"Escrito por\" \/>\n\t<meta name=\"twitter:data1\" content=\"Reda\u00e7\u00e3o\" \/>\n\t<meta name=\"twitter:label2\" content=\"Est. tempo de leitura\" \/>\n\t<meta name=\"twitter:data2\" content=\"2 minutos\" \/>\n<script type=\"application\/ld+json\" class=\"yoast-schema-graph\">{\"@context\":\"https:\/\/schema.org\",\"@graph\":[{\"@type\":\"Article\",\"@id\":\"https:\/\/jornaltimoneiro.com.br\/index.php\/2025\/03\/07\/apos-periodo-de-gratuidade-nos-onibus-prefeitura-de-canoas-preve-passagens-no-valor-de-r-275\/#article\",\"isPartOf\":{\"@id\":\"https:\/\/jornaltimoneiro.com.br\/index.php\/2025\/03\/07\/apos-periodo-de-gratuidade-nos-onibus-prefeitura-de-canoas-preve-passagens-no-valor-de-r-275\/\"},\"author\":{\"name\":\"Reda\u00e7\u00e3o\",\"@id\":\"https:\/\/jornaltimoneiro.com.br\/#\/schema\/person\/f63482f1a02b1a9592707865e509ab40\"},\"headline\":\"Ap\u00f3s per\u00edodo de gratuidade nos \u00f4nibus, Prefeitura de Canoas prev\u00ea passagens no valor de R$ 2,75\",\"datePublished\":\"2025-03-07T19:56:17+00:00\",\"dateModified\":\"2025-03-07T19:56:17+00:00\",\"mainEntityOfPage\":{\"@id\":\"https:\/\/jornaltimoneiro.com.br\/index.php\/2025\/03\/07\/apos-periodo-de-gratuidade-nos-onibus-prefeitura-de-canoas-preve-passagens-no-valor-de-r-275\/\"},\"wordCount\":279,\"commentCount\":0,\"publisher\":{\"@id\":\"https:\/\/jornaltimoneiro.com.br\/#organization\"},\"keywords\":[\"canoas\",\"featured\",\"gratuidade\",\"\u00f4nibus\",\"passe livre\",\"transporte coletivo\"],\"articleSection\":[\"Transporte\"],\"inLanguage\":\"pt-BR\",\"potentialAction\":[{\"@type\":\"CommentAction\",\"name\":\"Comment\",\"target\":[\"https:\/\/jornaltimoneiro.com.br\/index.php\/2025\/03\/07\/apos-periodo-de-gratuidade-nos-onibus-prefeitura-de-canoas-preve-passagens-no-valor-de-r-275\/#respond\"]}]},{\"@type\":\"WebPage\",\"@id\":\"https:\/\/jornaltimoneiro.com.br\/index.php\/2025\/03\/07\/apos-periodo-de-gratuidade-nos-onibus-prefeitura-de-canoas-preve-passagens-no-valor-de-r-275\/\",\"url\":\"https:\/\/jornaltimoneiro.com.br\/index.php\/2025\/03\/07\/apos-periodo-de-gratuidade-nos-onibus-prefeitura-de-canoas-preve-passagens-no-valor-de-r-275\/\",\"name\":\"Ap\u00f3s per\u00edodo de gratuidade nos \u00f4nibus, Prefeitura de Canoas prev\u00ea passagens no valor de R$ 2,75 - O Timoneiro Jornal Canoas RS\",\"isPartOf\":{\"@id\":\"https:\/\/jornaltimoneiro.com.br\/#website\"},\"datePublished\":\"2025-03-07T19:56:17+00:00\",\"dateModified\":\"2025-03-07T19:56:17+00:00\",\"description\":\"A Prefeitura de Canoas, por meio do programa Vai de Boa, Canoas \u2013 prorrogou a gratuidade no transporte p\u00fablico coletivo at\u00e9 o dia 31 de maio\",\"breadcrumb\":{\"@id\":\"https:\/\/jornaltimoneiro.com.br\/index.php\/2025\/03\/07\/apos-periodo-de-gratuidade-nos-onibus-prefeitura-de-canoas-preve-passagens-no-valor-de-r-275\/#breadcrumb\"},\"inLanguage\":\"pt-BR\",\"potentialAction\":[{\"@type\":\"ReadAction\",\"target\":[\"https:\/\/jornaltimoneiro.com.br\/index.php\/2025\/03\/07\/apos-periodo-de-gratuidade-nos-onibus-prefeitura-de-canoas-preve-passagens-no-valor-de-r-275\/\"]}]},{\"@type\":\"BreadcrumbList\",\"@id\":\"https:\/\/jornaltimoneiro.com.br\/index.php\/2025\/03\/07\/apos-periodo-de-gratuidade-nos-onibus-prefeitura-de-canoas-preve-passagens-no-valor-de-r-275\/#breadcrumb\",\"itemListElement\":[{\"@type\":\"ListItem\",\"position\":1,\"name\":\"In\u00edcio\",\"item\":\"https:\/\/jornaltimoneiro.com.br\/\"},{\"@type\":\"ListItem\",\"position\":2,\"name\":\"Ap\u00f3s per\u00edodo de gratuidade nos \u00f4nibus, Prefeitura de Canoas prev\u00ea passagens no valor de R$ 2,75\"}]},{\"@type\":\"WebSite\",\"@id\":\"https:\/\/jornaltimoneiro.com.br\/#website\",\"url\":\"https:\/\/jornaltimoneiro.com.br\/\",\"name\":\"Jornal Timoneiro Canoas RS\",\"description\":\"Jornal O Timoneiro, o verdadeiro jornal de Canoas\",\"publisher\":{\"@id\":\"https:\/\/jornaltimoneiro.com.br\/#organization\"},\"potentialAction\":[{\"@type\":\"SearchAction\",\"target\":{\"@type\":\"EntryPoint\",\"urlTemplate\":\"https:\/\/jornaltimoneiro.com.br\/?s={search_term_string}\"},\"query-input\":\"required name=search_term_string\"}],\"inLanguage\":\"pt-BR\"},{\"@type\":\"Organization\",\"@id\":\"https:\/\/jornaltimoneiro.com.br\/#organization\",\"name\":\"Jornal Timoneiro Canoas RS\",\"url\":\"https:\/\/jornaltimoneiro.com.br\/\",\"logo\":{\"@type\":\"ImageObject\",\"inLanguage\":\"pt-BR\",\"@id\":\"https:\/\/jornaltimoneiro.com.br\/#\/schema\/logo\/image\/\",\"url\":\"https:\/\/jornaltimoneiro.com.br\/wp-content\/uploads\/2023\/03\/logonovo.png\",\"contentUrl\":\"https:\/\/jornaltimoneiro.com.br\/wp-content\/uploads\/2023\/03\/logonovo.png\",\"width\":\"469\",\"height\":\"171\",\"caption\":\"Jornal Timoneiro Canoas RS\"},\"image\":{\"@id\":\"https:\/\/jornaltimoneiro.com.br\/#\/schema\/logo\/image\/\"},\"sameAs\":[\"https:\/\/www.facebook.com\/jornaltimoneiro\",\"https:\/\/twitter.com\/_OTimoneiro\",\"https:\/\/www.instagram.com\/jornaltimoneirocanoas\/\",\"https:\/\/www.youtube.com\/@jornalotimoneiro7927\"]},{\"@type\":\"Person\",\"@id\":\"https:\/\/jornaltimoneiro.com.br\/#\/schema\/person\/f63482f1a02b1a9592707865e509ab40\",\"name\":\"Reda\u00e7\u00e3o\",\"image\":{\"@type\":\"ImageObject\",\"inLanguage\":\"pt-BR\",\"@id\":\"https:\/\/jornaltimoneiro.com.br\/#\/schema\/person\/image\/\",\"url\":\"https:\/\/jornaltimoneiro.com.br\/wp-content\/uploads\/2023\/03\/download.jpeg\",\"contentUrl\":\"https:\/\/jornaltimoneiro.com.br\/wp-content\/uploads\/2023\/03\/download.jpeg\",\"caption\":\"Reda\u00e7\u00e3o\"},\"url\":\"https:\/\/jornaltimoneiro.com.br\/index.php\/author\/simone-dutra\/\"}]}<\/script>\n<!-- \/ Yoast SEO plugin. -->","yoast_head_json":{"title":"Ap\u00f3s per\u00edodo de gratuidade nos \u00f4nibus, Prefeitura de Canoas prev\u00ea passagens no valor de R$ 2,75 - O Timoneiro Jornal Canoas RS","description":"A Prefeitura de Canoas, por meio do programa Vai de Boa, Canoas \u2013 prorrogou a gratuidade no transporte p\u00fablico coletivo at\u00e9 o dia 31 de maio","robots":{"index":"index","follow":"follow","max-snippet":"max-snippet:-1","max-image-preview":"max-image-preview:large","max-video-preview":"max-video-preview:-1"},"canonical":"https:\/\/jornaltimoneiro.com.br\/index.php\/2025\/03\/07\/apos-periodo-de-gratuidade-nos-onibus-prefeitura-de-canoas-preve-passagens-no-valor-de-r-275\/","og_locale":"pt_BR","og_type":"article","og_title":"Ap\u00f3s per\u00edodo de gratuidade nos \u00f4nibus, Prefeitura de Canoas prev\u00ea passagens no valor de R$ 2,75 - O Timoneiro Jornal Canoas RS","og_description":"A Prefeitura de Canoas, por meio do programa Vai de Boa, Canoas \u2013 prorrogou a gratuidade no transporte p\u00fablico coletivo at\u00e9 o dia 31 de maio","og_url":"https:\/\/jornaltimoneiro.com.br\/index.php\/2025\/03\/07\/apos-periodo-de-gratuidade-nos-onibus-prefeitura-de-canoas-preve-passagens-no-valor-de-r-275\/","og_site_name":"O Timoneiro Jornal Canoas RS","article_publisher":"https:\/\/www.facebook.com\/jornaltimoneiro","article_published_time":"2025-03-07T19:56:17+00:00","og_image":[{"width":1080,"height":607,"url":"https:\/\/jornaltimoneiro.com.br\/wp-content\/uploads\/2025\/03\/Apos-periodo-de-gratuidade-nos-onibus-Prefeitura-de-Canoas-preve-passagens-no-valor-de-R-275.jpeg","type":"image\/jpeg"}],"author":"Reda\u00e7\u00e3o","twitter_card":"summary_large_image","twitter_creator":"@_OTimoneiro","twitter_site":"@_OTimoneiro","twitter_misc":{"Escrito por":"Reda\u00e7\u00e3o","Est. tempo de leitura":"2 minutos"},"schema":{"@context":"https:\/\/schema.org","@graph":[{"@type":"Article","@id":"https:\/\/jornaltimoneiro.com.br\/index.php\/2025\/03\/07\/apos-periodo-de-gratuidade-nos-onibus-prefeitura-de-canoas-preve-passagens-no-valor-de-r-275\/#article","isPartOf":{"@id":"https:\/\/jornaltimoneiro.com.br\/index.php\/2025\/03\/07\/apos-periodo-de-gratuidade-nos-onibus-prefeitura-de-canoas-preve-passagens-no-valor-de-r-275\/"},"author":{"name":"Reda\u00e7\u00e3o","@id":"https:\/\/jornaltimoneiro.com.br\/#\/schema\/person\/f63482f1a02b1a9592707865e509ab40"},"headline":"Ap\u00f3s per\u00edodo de gratuidade nos \u00f4nibus, Prefeitura de Canoas prev\u00ea passagens no valor de R$ 2,75","datePublished":"2025-03-07T19:56:17+00:00","dateModified":"2025-03-07T19:56:17+00:00","mainEntityOfPage":{"@id":"https:\/\/jornaltimoneiro.com.br\/index.php\/2025\/03\/07\/apos-periodo-de-gratuidade-nos-onibus-prefeitura-de-canoas-preve-passagens-no-valor-de-r-275\/"},"wordCount":279,"commentCount":0,"publisher":{"@id":"https:\/\/jornaltimoneiro.com.br\/#organization"},"keywords":["canoas","featured","gratuidade","\u00f4nibus","passe livre","transporte coletivo"],"articleSection":["Transporte"],"inLanguage":"pt-BR","potentialAction":[{"@type":"CommentAction","name":"Comment","target":["https:\/\/jornaltimoneiro.com.br\/index.php\/2025\/03\/07\/apos-periodo-de-gratuidade-nos-onibus-prefeitura-de-canoas-preve-passagens-no-valor-de-r-275\/#respond"]}]},{"@type":"WebPage","@id":"https:\/\/jornaltimoneiro.com.br\/index.php\/2025\/03\/07\/apos-periodo-de-gratuidade-nos-onibus-prefeitura-de-canoas-preve-passagens-no-valor-de-r-275\/","url":"https:\/\/jornaltimoneiro.com.br\/index.php\/2025\/03\/07\/apos-periodo-de-gratuidade-nos-onibus-prefeitura-de-canoas-preve-passagens-no-valor-de-r-275\/","name":"Ap\u00f3s per\u00edodo de gratuidade nos \u00f4nibus, Prefeitura de Canoas prev\u00ea passagens no valor de R$ 2,75 - O Timoneiro Jornal Canoas RS","isPartOf":{"@id":"https:\/\/jornaltimoneiro.com.br\/#website"},"datePublished":"2025-03-07T19:56:17+00:00","dateModified":"2025-03-07T19:56:17+00:00","description":"A Prefeitura de Canoas, por meio do programa Vai de Boa, Canoas \u2013 prorrogou a gratuidade no transporte p\u00fablico coletivo at\u00e9 o dia 31 de maio","breadcrumb":{"@id":"https:\/\/jornaltimoneiro.com.br\/index.php\/2025\/03\/07\/apos-periodo-de-gratuidade-nos-onibus-prefeitura-de-canoas-preve-passagens-no-valor-de-r-275\/#breadcrumb"},"inLanguage":"pt-BR","potentialAction":[{"@type":"ReadAction","target":["https:\/\/jornaltimoneiro.com.br\/index.php\/2025\/03\/07\/apos-periodo-de-gratuidade-nos-onibus-prefeitura-de-canoas-preve-passagens-no-valor-de-r-275\/"]}]},{"@type":"BreadcrumbList","@id":"https:\/\/jornaltimoneiro.com.br\/index.php\/2025\/03\/07\/apos-periodo-de-gratuidade-nos-onibus-prefeitura-de-canoas-preve-passagens-no-valor-de-r-275\/#breadcrumb","itemListElement":[{"@type":"ListItem","position":1,"name":"In\u00edcio","item":"https:\/\/jornaltimoneiro.com.br\/"},{"@type":"ListItem","position":2,"name":"Ap\u00f3s per\u00edodo de gratuidade nos \u00f4nibus, Prefeitura de Canoas prev\u00ea passagens no valor de R$ 2,75"}]},{"@type":"WebSite","@id":"https:\/\/jornaltimoneiro.com.br\/#website","url":"https:\/\/jornaltimoneiro.com.br\/","name":"Jornal Timoneiro Canoas RS","description":"Jornal O Timoneiro, o verdadeiro jornal de Canoas","publisher":{"@id":"https:\/\/jornaltimoneiro.com.br\/#organization"},"potentialAction":[{"@type":"SearchAction","target":{"@type":"EntryPoint","urlTemplate":"https:\/\/jornaltimoneiro.com.br\/?s={search_term_string}"},"query-input":"required name=search_term_string"}],"inLanguage":"pt-BR"},{"@type":"Organization","@id":"https:\/\/jornaltimoneiro.com.br\/#organization","name":"Jornal Timoneiro Canoas RS","url":"https:\/\/jornaltimoneiro.com.br\/","logo":{"@type":"ImageObject","inLanguage":"pt-BR","@id":"https:\/\/jornaltimoneiro.com.br\/#\/schema\/logo\/image\/","url":"https:\/\/jornaltimoneiro.com.br\/wp-content\/uploads\/2023\/03\/logonovo.png","contentUrl":"https:\/\/jornaltimoneiro.com.br\/wp-content\/uploads\/2023\/03\/logonovo.png","width":"469","height":"171","caption":"Jornal Timoneiro Canoas RS"},"image":{"@id":"https:\/\/jornaltimoneiro.com.br\/#\/schema\/logo\/image\/"},"sameAs":["https:\/\/www.facebook.com\/jornaltimoneiro","https:\/\/twitter.com\/_OTimoneiro","https:\/\/www.instagram.com\/jornaltimoneirocanoas\/","https:\/\/www.youtube.com\/@jornalotimoneiro7927"]},{"@type":"Person","@id":"https:\/\/jornaltimoneiro.com.br\/#\/schema\/person\/f63482f1a02b1a9592707865e509ab40","name":"Reda\u00e7\u00e3o","image":{"@type":"ImageObject","inLanguage":"pt-BR","@id":"https:\/\/jornaltimoneiro.com.br\/#\/schema\/person\/image\/","url":"https:\/\/jornaltimoneiro.com.br\/wp-content\/uploads\/2023\/03\/download.jpeg","contentUrl":"https:\/\/jornaltimoneiro.com.br\/wp-content\/uploads\/2023\/03\/download.jpeg","caption":"Reda\u00e7\u00e3o"},"url":"https:\/\/jornaltimoneiro.com.br\/index.php\/author\/simone-dutra\/"}]}},"_links":{"self":[{"href":"https:\/\/jornaltimoneiro.com.br\/index.php\/wp-json\/wp\/v2\/posts\/34100"}],"collection":[{"href":"https:\/\/jornaltimoneiro.com.br\/index.php\/wp-json\/wp\/v2\/posts"}],"about":[{"href":"https:\/\/jornaltimoneiro.com.br\/index.php\/wp-json\/wp\/v2\/types\/post"}],"author":[{"embeddable":true,"href":"https:\/\/jornaltimoneiro.com.br\/index.php\/wp-json\/wp\/v2\/users\/2"}],"replies":[{"embeddable":true,"href":"https:\/\/jornaltimoneiro.com.br\/index.php\/wp-json\/wp\/v2\/comments?post=34100"}],"version-history":[{"count":1,"href":"https:\/\/jornaltimoneiro.com.br\/index.php\/wp-json\/wp\/v2\/posts\/34100\/revisions"}],"predecessor-version":[{"id":34102,"href":"https:\/\/jornaltimoneiro.com.br\/index.php\/wp-json\/wp\/v2\/posts\/34100\/revisions\/34102"}],"wp:featuredmedia":[{"embeddable":true,"href":"https:\/\/jornaltimoneiro.com.br\/index.php\/wp-json\/wp\/v2\/media\/34101"}],"wp:attachment":[{"href":"https:\/\/jornaltimoneiro.com.br\/index.php\/wp-json\/wp\/v2\/media?parent=34100"}],"wp:term":[{"taxonomy":"category","embeddable":true,"href":"https:\/\/jornaltimoneiro.com.br\/index.php\/wp-json\/wp\/v2\/categories?post=34100"},{"taxonomy":"post_tag","embeddable":true,"href":"https:\/\/jornaltimoneiro.com.br\/index.php\/wp-json\/wp\/v2\/tags?post=34100"}],"curies":[{"name":"wp","href":"https:\/\/api.w.org\/{rel}","templated":true}]}}