{"id":34078,"date":"2025-03-06T15:18:10","date_gmt":"2025-03-06T18:18:10","guid":{"rendered":"https:\/\/jornaltimoneiro.com.br\/?p=34078"},"modified":"2025-03-06T15:22:07","modified_gmt":"2025-03-06T18:22:07","slug":"trt-rs-abre-processo-seletivo-para-estagio-em-direito-e-outros-16-cursos","status":"publish","type":"post","link":"https:\/\/jornaltimoneiro.com.br\/index.php\/2025\/03\/06\/trt-rs-abre-processo-seletivo-para-estagio-em-direito-e-outros-16-cursos\/","title":{"rendered":"TRT-RS abre processo seletivo para est\u00e1gio em Direito e outros 16 cursos"},"content":{"rendered":"<div id=\"m_109243344960950188gmail-id6a1\">\n<p>O Tribunal Regional do Trabalho da 4\u00aa Regi\u00e3o (RS) abriu\u00a0processo seletivo para est\u00e1gio em Direito e outros 16 cursos de ensino superior. A sele\u00e7\u00e3o servir\u00e1 para forma\u00e7\u00e3o de cadastro de reserva Para estudantes de Direito, h\u00e1 possibilidade de atua\u00e7\u00e3o em Porto Alegre e mais 63 cidades.<\/p>\n<p>Na Capital, tamb\u00e9m h\u00e1 oportunidade para estudantes de Administra\u00e7\u00e3o, Arquitetura, Arquivologia, Biblioteconomia, Ci\u00eancias Cont\u00e1beis, Jornalismo, Rela\u00e7\u00f5es P\u00fablicas, Design Gr\u00e1fico, Engenharia Civil, Engenharia El\u00e9trica, Engenharia Mec\u00e2nica, Hist\u00f3ria, Museologia, Publicidade e Propaganda e Sociologia. Alunos de Administra\u00e7\u00e3o podem atuar, ainda, nas unidades de Santa Vit\u00f3ria do Palmar e Itaqui. O edital tamb\u00e9m prev\u00ea est\u00e1gio para alunos de Tecnologia em Servi\u00e7os Jur\u00eddicos, em Santa Vit\u00f3ria do Palmar.<\/p>\n<p>No momento da convoca\u00e7\u00e3o, o candidato deve comprovar o cumprimento de no m\u00ednimo 20% dos cr\u00e9ditos exigidos para a conclus\u00e3o do curso.<\/p>\n<p>A jornada pode ser de quatro horas di\u00e1rias e 20 semanais, ou de seis horas di\u00e1rias e 30 semanais, com bolsas remuneradas em R$ 1.317,60 e\u00a0R$ 1.976,40, respectivamente. No caso de jornada de seis horas, h\u00e1 intervalo de 15 minutos. Os estudantes tamb\u00e9m t\u00eam direito a aux\u00edlio-transporte no valor de R$ 10,34 por dia de est\u00e1gio. Os valores das bolsas e do aux\u00edlio-transporte foram reajustados este ano.<\/p>\n<p>A sele\u00e7\u00e3o ocorrer\u00e1 por meio de uma prova objetiva on-line, marcada para\u00a06 de abril. A prova ter\u00e1 20 quest\u00f5es de L\u00edngua Portuguesa e dez de No\u00e7\u00f5es de Inform\u00e1tica.<\/p>\n<p>Haver\u00e1 reserva de 30% das vagas para candidatos negros (pretos ou pardos) e de 10% para pessoas com defici\u00eancia, nos termos do edital.<\/p>\n<p><a href=\"https:\/\/www.trt4.jus.br\/portais\/media\/503328059\/EDITAL%20DO%20PROCESSO%20SELETIVO%20DE%20EST%C3%81GIO%20N%C2%B0%2001-2025%20%281%29.pdf\" target=\"_blank\" rel=\"noopener\" data-saferedirecturl=\"https:\/\/www.google.com\/url?q=https:\/\/www.trt4.jus.br\/portais\/media\/503328059\/EDITAL%2520DO%2520PROCESSO%2520SELETIVO%2520DE%2520EST%25C3%2581GIO%2520N%25C2%25B0%252001-2025%2520%25281%2529.pdf&amp;source=gmail&amp;ust=1741370117478000&amp;usg=AOvVaw1nhqFuVYlIX7BusrI68O5-\">Acesse aqui o edital completo do processo seletivo.<\/a><\/p>\n<h4>Confira a lista de cidades onde h\u00e1 vagas dos respectivos cursos:<\/h4>\n<p>Direito:\u00a0Alegrete, Alvorada, Arroio Grande, Bag\u00e9, Bento Gon\u00e7alves, Cachoeira do Sul, Cachoeirinha, Camaqu\u00e3, Canoas, Cap\u00e3o da Canoa, Carazinho, Caxias do Sul, Cruz Alta, Dom Pedrito, Encantado, Erechim, Est\u00e2ncia Velha, Esteio, Estrela, Farroupilha, Frederico Westphalen, Gramado, Gravata\u00ed, Gua\u00edba, Iju\u00ed, Lagoa Vermelha, Lajeado, Marau, Montenegro, Nova Prata, Novo Hamburgo, Os\u00f3rio, Palmeira das Miss\u00f5es, Panambi, Passo Fundo, Pelotas, Porto Alegre, Rio Grande, Ros\u00e1rio do Sul, Santa Cruz do Sul, Santa Maria, Santa Rosa, Santana do Livramento, Santiago, Santa Vit\u00f3ria do Palmar, Santo \u00c2ngelo, S\u00e3o Borja, S\u00e3o Gabriel, S\u00e3o Jer\u00f4nimo, S\u00e3o Leopoldo, S\u00e3o Louren\u00e7o do Sul, S\u00e3o Sebasti\u00e3o do Ca\u00ed, Sapiranga, Sapucaia do Sul, Soledade, Taquara, Taquari, Torres, Tramanda\u00ed, Tr\u00eas Passos, Triunfo, Uruguaiana, Vacaria e Viam\u00e3o.<\/p>\n<p>Administra\u00e7\u00e3o:\u00a0Porto Alegre, Itaqui e Santa Vit\u00f3ria do Palmar.<\/p>\n<p>Arquitetura, Arquivologia, Biblioteconomia, Ci\u00eancias Cont\u00e1beis, Jornalismo, Rela\u00e7\u00f5es P\u00fablicas, Design Gr\u00e1fico, Engenharia Civil, Engenharia El\u00e9trica, Engenharia Mec\u00e2nica, Hist\u00f3ria, Museologia, Publicidade e Propaganda e Sociologia:\u00a0Porto Alegre.<\/p>\n<p>Tecnologia em Servi\u00e7os Jur\u00eddicos:\u00a0Santa Vit\u00f3ria do Palmar.<\/p>\n<p>Para mais informa\u00e7\u00f5es sobre est\u00e1gio no TRT-RS,\u00a0<a href=\"https:\/\/www.trt4.jus.br\/portais\/trt4\/estagios\" target=\"_blank\" rel=\"noopener\" data-saferedirecturl=\"https:\/\/www.google.com\/url?q=https:\/\/www.trt4.jus.br\/portais\/trt4\/estagios&amp;source=gmail&amp;ust=1741370117478000&amp;usg=AOvVaw0-46y-hFe8smvT7Ambb0Ic\">clique aqui.<\/a><\/p>\n<\/div>\n","protected":false},"excerpt":{"rendered":"<p>O Tribunal Regional do Trabalho da 4\u00aa Regi\u00e3o (RS) abriu\u00a0processo seletivo para est\u00e1gio em Direito e outros 16 cursos de ensino superior. A sele\u00e7\u00e3o servir\u00e1 para forma\u00e7\u00e3o de cadastro de reserva Para estudantes de Direito, h\u00e1 possibilidade de atua\u00e7\u00e3o em Porto Alegre e mais 63 cidades. Na Capital, tamb\u00e9m h\u00e1 oportunidade para estudantes de Administra\u00e7\u00e3o, [&hellip;]<\/p>\n","protected":false},"author":2,"featured_media":34079,"comment_status":"open","ping_status":"open","sticky":false,"template":"","format":"standard","meta":{"amp_status":"","footnotes":""},"categories":[27],"tags":[1313,1543,213],"class_list":["post-34078","post","type-post","status-publish","format-standard","has-post-thumbnail","hentry","category-ensino","tag-direito","tag-estagio","tag-rio-grande-do-sul"],"yoast_head":"<!-- This site is optimized with the Yoast SEO plugin v20.5 - https:\/\/yoast.com\/wordpress\/plugins\/seo\/ -->\n<title>TRT-RS abre processo seletivo para est\u00e1gio em Direito e outros 16 cursos - O Timoneiro Jornal Canoas RS<\/title>\n<meta name=\"description\" content=\"O Tribunal Regional do Trabalho da 4\u00aa Regi\u00e3o (RS) abriu\u00a0processo seletivo para est\u00e1gio em Direito e outros 16 cursos de ensino superior\" \/>\n<meta name=\"robots\" content=\"index, follow, max-snippet:-1, max-image-preview:large, max-video-preview:-1\" \/>\n<link rel=\"canonical\" href=\"https:\/\/jornaltimoneiro.com.br\/index.php\/2025\/03\/06\/trt-rs-abre-processo-seletivo-para-estagio-em-direito-e-outros-16-cursos\/\" \/>\n<meta property=\"og:locale\" content=\"pt_BR\" \/>\n<meta property=\"og:type\" content=\"article\" \/>\n<meta property=\"og:title\" content=\"TRT-RS abre processo seletivo para est\u00e1gio em Direito e outros 16 cursos - O Timoneiro Jornal Canoas RS\" \/>\n<meta property=\"og:description\" content=\"O Tribunal Regional do Trabalho da 4\u00aa Regi\u00e3o (RS) abriu\u00a0processo seletivo para est\u00e1gio em Direito e outros 16 cursos de ensino superior\" \/>\n<meta property=\"og:url\" content=\"https:\/\/jornaltimoneiro.com.br\/index.php\/2025\/03\/06\/trt-rs-abre-processo-seletivo-para-estagio-em-direito-e-outros-16-cursos\/\" \/>\n<meta property=\"og:site_name\" content=\"O Timoneiro Jornal Canoas RS\" \/>\n<meta property=\"article:publisher\" content=\"https:\/\/www.facebook.com\/jornaltimoneiro\" \/>\n<meta property=\"article:published_time\" content=\"2025-03-06T18:18:10+00:00\" \/>\n<meta property=\"article:modified_time\" content=\"2025-03-06T18:22:07+00:00\" \/>\n<meta property=\"og:image\" content=\"https:\/\/jornaltimoneiro.com.br\/wp-content\/uploads\/2025\/03\/TRT-RS-abre-processo-seletivo-para-estagio-em-Direito-e-outros-16-cursos.jpg\" \/>\n\t<meta property=\"og:image:width\" content=\"1080\" \/>\n\t<meta property=\"og:image:height\" content=\"720\" \/>\n\t<meta property=\"og:image:type\" content=\"image\/jpeg\" \/>\n<meta name=\"author\" content=\"Reda\u00e7\u00e3o\" \/>\n<meta name=\"twitter:card\" content=\"summary_large_image\" \/>\n<meta name=\"twitter:creator\" content=\"@_OTimoneiro\" \/>\n<meta name=\"twitter:site\" content=\"@_OTimoneiro\" \/>\n<meta name=\"twitter:label1\" content=\"Escrito por\" \/>\n\t<meta name=\"twitter:data1\" content=\"Reda\u00e7\u00e3o\" \/>\n\t<meta name=\"twitter:label2\" content=\"Est. tempo de leitura\" \/>\n\t<meta name=\"twitter:data2\" content=\"3 minutos\" \/>\n<script type=\"application\/ld+json\" class=\"yoast-schema-graph\">{\"@context\":\"https:\/\/schema.org\",\"@graph\":[{\"@type\":\"Article\",\"@id\":\"https:\/\/jornaltimoneiro.com.br\/index.php\/2025\/03\/06\/trt-rs-abre-processo-seletivo-para-estagio-em-direito-e-outros-16-cursos\/#article\",\"isPartOf\":{\"@id\":\"https:\/\/jornaltimoneiro.com.br\/index.php\/2025\/03\/06\/trt-rs-abre-processo-seletivo-para-estagio-em-direito-e-outros-16-cursos\/\"},\"author\":{\"name\":\"Reda\u00e7\u00e3o\",\"@id\":\"https:\/\/jornaltimoneiro.com.br\/#\/schema\/person\/f63482f1a02b1a9592707865e509ab40\"},\"headline\":\"TRT-RS abre processo seletivo para est\u00e1gio em Direito e outros 16 cursos\",\"datePublished\":\"2025-03-06T18:18:10+00:00\",\"dateModified\":\"2025-03-06T18:22:07+00:00\",\"mainEntityOfPage\":{\"@id\":\"https:\/\/jornaltimoneiro.com.br\/index.php\/2025\/03\/06\/trt-rs-abre-processo-seletivo-para-estagio-em-direito-e-outros-16-cursos\/\"},\"wordCount\":506,\"commentCount\":0,\"publisher\":{\"@id\":\"https:\/\/jornaltimoneiro.com.br\/#organization\"},\"keywords\":[\"direito\",\"est\u00e1gio\",\"rio grande do sul\"],\"articleSection\":[\"Ensino\"],\"inLanguage\":\"pt-BR\",\"potentialAction\":[{\"@type\":\"CommentAction\",\"name\":\"Comment\",\"target\":[\"https:\/\/jornaltimoneiro.com.br\/index.php\/2025\/03\/06\/trt-rs-abre-processo-seletivo-para-estagio-em-direito-e-outros-16-cursos\/#respond\"]}]},{\"@type\":\"WebPage\",\"@id\":\"https:\/\/jornaltimoneiro.com.br\/index.php\/2025\/03\/06\/trt-rs-abre-processo-seletivo-para-estagio-em-direito-e-outros-16-cursos\/\",\"url\":\"https:\/\/jornaltimoneiro.com.br\/index.php\/2025\/03\/06\/trt-rs-abre-processo-seletivo-para-estagio-em-direito-e-outros-16-cursos\/\",\"name\":\"TRT-RS abre processo seletivo para est\u00e1gio em Direito e outros 16 cursos - O Timoneiro Jornal Canoas RS\",\"isPartOf\":{\"@id\":\"https:\/\/jornaltimoneiro.com.br\/#website\"},\"datePublished\":\"2025-03-06T18:18:10+00:00\",\"dateModified\":\"2025-03-06T18:22:07+00:00\",\"description\":\"O Tribunal Regional do Trabalho da 4\u00aa Regi\u00e3o (RS) abriu\u00a0processo seletivo para est\u00e1gio em Direito e outros 16 cursos de ensino superior\",\"breadcrumb\":{\"@id\":\"https:\/\/jornaltimoneiro.com.br\/index.php\/2025\/03\/06\/trt-rs-abre-processo-seletivo-para-estagio-em-direito-e-outros-16-cursos\/#breadcrumb\"},\"inLanguage\":\"pt-BR\",\"potentialAction\":[{\"@type\":\"ReadAction\",\"target\":[\"https:\/\/jornaltimoneiro.com.br\/index.php\/2025\/03\/06\/trt-rs-abre-processo-seletivo-para-estagio-em-direito-e-outros-16-cursos\/\"]}]},{\"@type\":\"BreadcrumbList\",\"@id\":\"https:\/\/jornaltimoneiro.com.br\/index.php\/2025\/03\/06\/trt-rs-abre-processo-seletivo-para-estagio-em-direito-e-outros-16-cursos\/#breadcrumb\",\"itemListElement\":[{\"@type\":\"ListItem\",\"position\":1,\"name\":\"In\u00edcio\",\"item\":\"https:\/\/jornaltimoneiro.com.br\/\"},{\"@type\":\"ListItem\",\"position\":2,\"name\":\"TRT-RS abre processo seletivo para est\u00e1gio em Direito e outros 16 cursos\"}]},{\"@type\":\"WebSite\",\"@id\":\"https:\/\/jornaltimoneiro.com.br\/#website\",\"url\":\"https:\/\/jornaltimoneiro.com.br\/\",\"name\":\"Jornal Timoneiro Canoas RS\",\"description\":\"Jornal O Timoneiro, o verdadeiro jornal de Canoas\",\"publisher\":{\"@id\":\"https:\/\/jornaltimoneiro.com.br\/#organization\"},\"potentialAction\":[{\"@type\":\"SearchAction\",\"target\":{\"@type\":\"EntryPoint\",\"urlTemplate\":\"https:\/\/jornaltimoneiro.com.br\/?s={search_term_string}\"},\"query-input\":\"required name=search_term_string\"}],\"inLanguage\":\"pt-BR\"},{\"@type\":\"Organization\",\"@id\":\"https:\/\/jornaltimoneiro.com.br\/#organization\",\"name\":\"Jornal Timoneiro Canoas RS\",\"url\":\"https:\/\/jornaltimoneiro.com.br\/\",\"logo\":{\"@type\":\"ImageObject\",\"inLanguage\":\"pt-BR\",\"@id\":\"https:\/\/jornaltimoneiro.com.br\/#\/schema\/logo\/image\/\",\"url\":\"https:\/\/jornaltimoneiro.com.br\/wp-content\/uploads\/2023\/03\/logonovo.png\",\"contentUrl\":\"https:\/\/jornaltimoneiro.com.br\/wp-content\/uploads\/2023\/03\/logonovo.png\",\"width\":\"469\",\"height\":\"171\",\"caption\":\"Jornal Timoneiro Canoas RS\"},\"image\":{\"@id\":\"https:\/\/jornaltimoneiro.com.br\/#\/schema\/logo\/image\/\"},\"sameAs\":[\"https:\/\/www.facebook.com\/jornaltimoneiro\",\"https:\/\/twitter.com\/_OTimoneiro\",\"https:\/\/www.instagram.com\/jornaltimoneirocanoas\/\",\"https:\/\/www.youtube.com\/@jornalotimoneiro7927\"]},{\"@type\":\"Person\",\"@id\":\"https:\/\/jornaltimoneiro.com.br\/#\/schema\/person\/f63482f1a02b1a9592707865e509ab40\",\"name\":\"Reda\u00e7\u00e3o\",\"image\":{\"@type\":\"ImageObject\",\"inLanguage\":\"pt-BR\",\"@id\":\"https:\/\/jornaltimoneiro.com.br\/#\/schema\/person\/image\/\",\"url\":\"https:\/\/jornaltimoneiro.com.br\/wp-content\/uploads\/2023\/03\/download.jpeg\",\"contentUrl\":\"https:\/\/jornaltimoneiro.com.br\/wp-content\/uploads\/2023\/03\/download.jpeg\",\"caption\":\"Reda\u00e7\u00e3o\"},\"url\":\"https:\/\/jornaltimoneiro.com.br\/index.php\/author\/simone-dutra\/\"}]}<\/script>\n<!-- \/ Yoast SEO plugin. -->","yoast_head_json":{"title":"TRT-RS abre processo seletivo para est\u00e1gio em Direito e outros 16 cursos - O Timoneiro Jornal Canoas RS","description":"O Tribunal Regional do Trabalho da 4\u00aa Regi\u00e3o (RS) abriu\u00a0processo seletivo para est\u00e1gio em Direito e outros 16 cursos de ensino superior","robots":{"index":"index","follow":"follow","max-snippet":"max-snippet:-1","max-image-preview":"max-image-preview:large","max-video-preview":"max-video-preview:-1"},"canonical":"https:\/\/jornaltimoneiro.com.br\/index.php\/2025\/03\/06\/trt-rs-abre-processo-seletivo-para-estagio-em-direito-e-outros-16-cursos\/","og_locale":"pt_BR","og_type":"article","og_title":"TRT-RS abre processo seletivo para est\u00e1gio em Direito e outros 16 cursos - O Timoneiro Jornal Canoas RS","og_description":"O Tribunal Regional do Trabalho da 4\u00aa Regi\u00e3o (RS) abriu\u00a0processo seletivo para est\u00e1gio em Direito e outros 16 cursos de ensino superior","og_url":"https:\/\/jornaltimoneiro.com.br\/index.php\/2025\/03\/06\/trt-rs-abre-processo-seletivo-para-estagio-em-direito-e-outros-16-cursos\/","og_site_name":"O Timoneiro Jornal Canoas RS","article_publisher":"https:\/\/www.facebook.com\/jornaltimoneiro","article_published_time":"2025-03-06T18:18:10+00:00","article_modified_time":"2025-03-06T18:22:07+00:00","og_image":[{"width":"1080","height":"720","url":"https:\/\/jornaltimoneiro.com.br\/wp-content\/uploads\/2025\/03\/TRT-RS-abre-processo-seletivo-para-estagio-em-Direito-e-outros-16-cursos.jpg","type":"image\/jpeg"}],"author":"Reda\u00e7\u00e3o","twitter_card":"summary_large_image","twitter_creator":"@_OTimoneiro","twitter_site":"@_OTimoneiro","twitter_misc":{"Escrito por":"Reda\u00e7\u00e3o","Est. tempo de leitura":"3 minutos"},"schema":{"@context":"https:\/\/schema.org","@graph":[{"@type":"Article","@id":"https:\/\/jornaltimoneiro.com.br\/index.php\/2025\/03\/06\/trt-rs-abre-processo-seletivo-para-estagio-em-direito-e-outros-16-cursos\/#article","isPartOf":{"@id":"https:\/\/jornaltimoneiro.com.br\/index.php\/2025\/03\/06\/trt-rs-abre-processo-seletivo-para-estagio-em-direito-e-outros-16-cursos\/"},"author":{"name":"Reda\u00e7\u00e3o","@id":"https:\/\/jornaltimoneiro.com.br\/#\/schema\/person\/f63482f1a02b1a9592707865e509ab40"},"headline":"TRT-RS abre processo seletivo para est\u00e1gio em Direito e outros 16 cursos","datePublished":"2025-03-06T18:18:10+00:00","dateModified":"2025-03-06T18:22:07+00:00","mainEntityOfPage":{"@id":"https:\/\/jornaltimoneiro.com.br\/index.php\/2025\/03\/06\/trt-rs-abre-processo-seletivo-para-estagio-em-direito-e-outros-16-cursos\/"},"wordCount":506,"commentCount":0,"publisher":{"@id":"https:\/\/jornaltimoneiro.com.br\/#organization"},"keywords":["direito","est\u00e1gio","rio grande do sul"],"articleSection":["Ensino"],"inLanguage":"pt-BR","potentialAction":[{"@type":"CommentAction","name":"Comment","target":["https:\/\/jornaltimoneiro.com.br\/index.php\/2025\/03\/06\/trt-rs-abre-processo-seletivo-para-estagio-em-direito-e-outros-16-cursos\/#respond"]}]},{"@type":"WebPage","@id":"https:\/\/jornaltimoneiro.com.br\/index.php\/2025\/03\/06\/trt-rs-abre-processo-seletivo-para-estagio-em-direito-e-outros-16-cursos\/","url":"https:\/\/jornaltimoneiro.com.br\/index.php\/2025\/03\/06\/trt-rs-abre-processo-seletivo-para-estagio-em-direito-e-outros-16-cursos\/","name":"TRT-RS abre processo seletivo para est\u00e1gio em Direito e outros 16 cursos - O Timoneiro Jornal Canoas RS","isPartOf":{"@id":"https:\/\/jornaltimoneiro.com.br\/#website"},"datePublished":"2025-03-06T18:18:10+00:00","dateModified":"2025-03-06T18:22:07+00:00","description":"O Tribunal Regional do Trabalho da 4\u00aa Regi\u00e3o (RS) abriu\u00a0processo seletivo para est\u00e1gio em Direito e outros 16 cursos de ensino superior","breadcrumb":{"@id":"https:\/\/jornaltimoneiro.com.br\/index.php\/2025\/03\/06\/trt-rs-abre-processo-seletivo-para-estagio-em-direito-e-outros-16-cursos\/#breadcrumb"},"inLanguage":"pt-BR","potentialAction":[{"@type":"ReadAction","target":["https:\/\/jornaltimoneiro.com.br\/index.php\/2025\/03\/06\/trt-rs-abre-processo-seletivo-para-estagio-em-direito-e-outros-16-cursos\/"]}]},{"@type":"BreadcrumbList","@id":"https:\/\/jornaltimoneiro.com.br\/index.php\/2025\/03\/06\/trt-rs-abre-processo-seletivo-para-estagio-em-direito-e-outros-16-cursos\/#breadcrumb","itemListElement":[{"@type":"ListItem","position":1,"name":"In\u00edcio","item":"https:\/\/jornaltimoneiro.com.br\/"},{"@type":"ListItem","position":2,"name":"TRT-RS abre processo seletivo para est\u00e1gio em Direito e outros 16 cursos"}]},{"@type":"WebSite","@id":"https:\/\/jornaltimoneiro.com.br\/#website","url":"https:\/\/jornaltimoneiro.com.br\/","name":"Jornal Timoneiro Canoas RS","description":"Jornal O Timoneiro, o verdadeiro jornal de Canoas","publisher":{"@id":"https:\/\/jornaltimoneiro.com.br\/#organization"},"potentialAction":[{"@type":"SearchAction","target":{"@type":"EntryPoint","urlTemplate":"https:\/\/jornaltimoneiro.com.br\/?s={search_term_string}"},"query-input":"required name=search_term_string"}],"inLanguage":"pt-BR"},{"@type":"Organization","@id":"https:\/\/jornaltimoneiro.com.br\/#organization","name":"Jornal Timoneiro Canoas RS","url":"https:\/\/jornaltimoneiro.com.br\/","logo":{"@type":"ImageObject","inLanguage":"pt-BR","@id":"https:\/\/jornaltimoneiro.com.br\/#\/schema\/logo\/image\/","url":"https:\/\/jornaltimoneiro.com.br\/wp-content\/uploads\/2023\/03\/logonovo.png","contentUrl":"https:\/\/jornaltimoneiro.com.br\/wp-content\/uploads\/2023\/03\/logonovo.png","width":"469","height":"171","caption":"Jornal Timoneiro Canoas RS"},"image":{"@id":"https:\/\/jornaltimoneiro.com.br\/#\/schema\/logo\/image\/"},"sameAs":["https:\/\/www.facebook.com\/jornaltimoneiro","https:\/\/twitter.com\/_OTimoneiro","https:\/\/www.instagram.com\/jornaltimoneirocanoas\/","https:\/\/www.youtube.com\/@jornalotimoneiro7927"]},{"@type":"Person","@id":"https:\/\/jornaltimoneiro.com.br\/#\/schema\/person\/f63482f1a02b1a9592707865e509ab40","name":"Reda\u00e7\u00e3o","image":{"@type":"ImageObject","inLanguage":"pt-BR","@id":"https:\/\/jornaltimoneiro.com.br\/#\/schema\/person\/image\/","url":"https:\/\/jornaltimoneiro.com.br\/wp-content\/uploads\/2023\/03\/download.jpeg","contentUrl":"https:\/\/jornaltimoneiro.com.br\/wp-content\/uploads\/2023\/03\/download.jpeg","caption":"Reda\u00e7\u00e3o"},"url":"https:\/\/jornaltimoneiro.com.br\/index.php\/author\/simone-dutra\/"}]}},"_links":{"self":[{"href":"https:\/\/jornaltimoneiro.com.br\/index.php\/wp-json\/wp\/v2\/posts\/34078"}],"collection":[{"href":"https:\/\/jornaltimoneiro.com.br\/index.php\/wp-json\/wp\/v2\/posts"}],"about":[{"href":"https:\/\/jornaltimoneiro.com.br\/index.php\/wp-json\/wp\/v2\/types\/post"}],"author":[{"embeddable":true,"href":"https:\/\/jornaltimoneiro.com.br\/index.php\/wp-json\/wp\/v2\/users\/2"}],"replies":[{"embeddable":true,"href":"https:\/\/jornaltimoneiro.com.br\/index.php\/wp-json\/wp\/v2\/comments?post=34078"}],"version-history":[{"count":1,"href":"https:\/\/jornaltimoneiro.com.br\/index.php\/wp-json\/wp\/v2\/posts\/34078\/revisions"}],"predecessor-version":[{"id":34080,"href":"https:\/\/jornaltimoneiro.com.br\/index.php\/wp-json\/wp\/v2\/posts\/34078\/revisions\/34080"}],"wp:featuredmedia":[{"embeddable":true,"href":"https:\/\/jornaltimoneiro.com.br\/index.php\/wp-json\/wp\/v2\/media\/34079"}],"wp:attachment":[{"href":"https:\/\/jornaltimoneiro.com.br\/index.php\/wp-json\/wp\/v2\/media?parent=34078"}],"wp:term":[{"taxonomy":"category","embeddable":true,"href":"https:\/\/jornaltimoneiro.com.br\/index.php\/wp-json\/wp\/v2\/categories?post=34078"},{"taxonomy":"post_tag","embeddable":true,"href":"https:\/\/jornaltimoneiro.com.br\/index.php\/wp-json\/wp\/v2\/tags?post=34078"}],"curies":[{"name":"wp","href":"https:\/\/api.w.org\/{rel}","templated":true}]}}