{"id":34067,"date":"2025-03-05T18:39:46","date_gmt":"2025-03-05T21:39:46","guid":{"rendered":"https:\/\/jornaltimoneiro.com.br\/?p=34067"},"modified":"2025-03-05T18:39:46","modified_gmt":"2025-03-05T21:39:46","slug":"canoas-tera-seminario-aberto-a-professores-da-rede-municipal-sobre-o-autismo-na-sexta-feira-7","status":"publish","type":"post","link":"https:\/\/jornaltimoneiro.com.br\/index.php\/2025\/03\/05\/canoas-tera-seminario-aberto-a-professores-da-rede-municipal-sobre-o-autismo-na-sexta-feira-7\/","title":{"rendered":"Canoas ter\u00e1 semin\u00e1rio aberto a professores da rede municipal sobre o autismo na sexta-feira, 7"},"content":{"rendered":"<p class=\"single-title custom-post-type-title\"><span style=\"font-size: 16px;\">O semin\u00e1rio \u201cUma jornada ale\u0301m do Autismo\u201d, aberto a profissionais da rede municipal de ensino de Canoas e estudantes da \u00e1rea da Educa\u00e7\u00e3o do Munic\u00edpio, acontece na sexta-feira, 7, a partir das 9 horas, na Ulbra. <\/span><\/p>\n<p class=\"single-title custom-post-type-title\"><span style=\"font-size: 16px;\">De acordo com a gest\u00e3o municipal, a proposta busca promover a discuss\u00e3o de temas relacionados a inclus\u00e3o e estrat\u00e9gias pedag\u00f3gicas para alunos com Transtorno do Espectro Autista (TEA). A participa\u00e7\u00e3o no evento gratuito ocorre mediante inscri\u00e7\u00e3o (<\/span><a style=\"font-size: 16px;\" href=\"https:\/\/forms.gle\/kjHY4b1JSuCdT7Jm7\">clicando aqui<\/a><span style=\"font-size: 16px;\">).<\/span><\/p>\n<div class=\"single-image-desc\">\n<p>Os ministrantes da capacita\u00e7\u00e3o Igor Bueno e Ana Carolina Rodrigues dividir\u00e3o o palco com as palestrantes Nathalia Bond e Fernanda Pietro, e ainda recebem Matheus Mendes, como convidado especial.<\/p>\n<p>O semin\u00e1rio \u00e9 uma iniciativa da organiza\u00e7\u00e3o nacional Causa Nobre com apoio da Secretaria Municipal de Educa\u00e7\u00e3o (SME) de Canoas e ocorre no audit\u00f3rio 119, do pr\u00e9dio 6, nas depend\u00eancias do Campus Canoas da institui\u00e7\u00e3o universit\u00e1ria.<\/p>\n<\/div>\n","protected":false},"excerpt":{"rendered":"<p>O semin\u00e1rio \u201cUma jornada ale\u0301m do Autismo\u201d, aberto a profissionais da rede municipal de ensino de Canoas e estudantes da \u00e1rea da Educa\u00e7\u00e3o do Munic\u00edpio, acontece na sexta-feira, 7, a partir das 9 horas, na Ulbra. De acordo com a gest\u00e3o municipal, a proposta busca promover a discuss\u00e3o de temas relacionados a inclus\u00e3o e estrat\u00e9gias [&hellip;]<\/p>\n","protected":false},"author":2,"featured_media":34068,"comment_status":"open","ping_status":"open","sticky":false,"template":"","format":"standard","meta":{"amp_status":"","footnotes":""},"categories":[27],"tags":[285,31,190,263,284],"class_list":["post-34067","post","type-post","status-publish","format-standard","has-post-thumbnail","hentry","category-ensino","tag-autismo","tag-canoas","tag-featured","tag-professores","tag-seminario"],"yoast_head":"<!-- This site is optimized with the Yoast SEO plugin v20.5 - https:\/\/yoast.com\/wordpress\/plugins\/seo\/ -->\n<title>Canoas ter\u00e1 semin\u00e1rio aberto a professores da rede municipal sobre o autismo na sexta-feira, 7 - O Timoneiro Jornal Canoas RS<\/title>\n<meta name=\"description\" content=\"O semin\u00e1rio \u201cUma jornada ale\u0301m do Autismo\u201d, aberto a profissionais da rede municipal de ensino de Canoas e estudantes da \u00e1rea da Educa\u00e7\u00e3o\" \/>\n<meta name=\"robots\" content=\"index, follow, max-snippet:-1, max-image-preview:large, max-video-preview:-1\" \/>\n<link rel=\"canonical\" href=\"https:\/\/jornaltimoneiro.com.br\/index.php\/2025\/03\/05\/canoas-tera-seminario-aberto-a-professores-da-rede-municipal-sobre-o-autismo-na-sexta-feira-7\/\" \/>\n<meta property=\"og:locale\" content=\"pt_BR\" \/>\n<meta property=\"og:type\" content=\"article\" \/>\n<meta property=\"og:title\" content=\"Canoas ter\u00e1 semin\u00e1rio aberto a professores da rede municipal sobre o autismo na sexta-feira, 7 - O Timoneiro Jornal Canoas RS\" \/>\n<meta property=\"og:description\" content=\"O semin\u00e1rio \u201cUma jornada ale\u0301m do Autismo\u201d, aberto a profissionais da rede municipal de ensino de Canoas e estudantes da \u00e1rea da Educa\u00e7\u00e3o\" \/>\n<meta property=\"og:url\" content=\"https:\/\/jornaltimoneiro.com.br\/index.php\/2025\/03\/05\/canoas-tera-seminario-aberto-a-professores-da-rede-municipal-sobre-o-autismo-na-sexta-feira-7\/\" \/>\n<meta property=\"og:site_name\" content=\"O Timoneiro Jornal Canoas RS\" \/>\n<meta property=\"article:publisher\" content=\"https:\/\/www.facebook.com\/jornaltimoneiro\" \/>\n<meta property=\"article:published_time\" content=\"2025-03-05T21:39:46+00:00\" \/>\n<meta property=\"og:image\" content=\"https:\/\/jornaltimoneiro.com.br\/wp-content\/uploads\/2025\/03\/Canoas-tera-seminario-aberto-a-professores-da-rede-municipal-sobre-o-autismo-na-sexta-feira-7.jpg\" \/>\n\t<meta property=\"og:image:width\" content=\"1080\" \/>\n\t<meta property=\"og:image:height\" content=\"860\" \/>\n\t<meta property=\"og:image:type\" content=\"image\/jpeg\" \/>\n<meta name=\"author\" content=\"Reda\u00e7\u00e3o\" \/>\n<meta name=\"twitter:card\" content=\"summary_large_image\" \/>\n<meta name=\"twitter:creator\" content=\"@_OTimoneiro\" \/>\n<meta name=\"twitter:site\" content=\"@_OTimoneiro\" \/>\n<meta name=\"twitter:label1\" content=\"Escrito por\" \/>\n\t<meta name=\"twitter:data1\" content=\"Reda\u00e7\u00e3o\" \/>\n\t<meta name=\"twitter:label2\" content=\"Est. tempo de leitura\" \/>\n\t<meta name=\"twitter:data2\" content=\"1 minuto\" \/>\n<script type=\"application\/ld+json\" class=\"yoast-schema-graph\">{\"@context\":\"https:\/\/schema.org\",\"@graph\":[{\"@type\":\"Article\",\"@id\":\"https:\/\/jornaltimoneiro.com.br\/index.php\/2025\/03\/05\/canoas-tera-seminario-aberto-a-professores-da-rede-municipal-sobre-o-autismo-na-sexta-feira-7\/#article\",\"isPartOf\":{\"@id\":\"https:\/\/jornaltimoneiro.com.br\/index.php\/2025\/03\/05\/canoas-tera-seminario-aberto-a-professores-da-rede-municipal-sobre-o-autismo-na-sexta-feira-7\/\"},\"author\":{\"name\":\"Reda\u00e7\u00e3o\",\"@id\":\"https:\/\/jornaltimoneiro.com.br\/#\/schema\/person\/f63482f1a02b1a9592707865e509ab40\"},\"headline\":\"Canoas ter\u00e1 semin\u00e1rio aberto a professores da rede municipal sobre o autismo na sexta-feira, 7\",\"datePublished\":\"2025-03-05T21:39:46+00:00\",\"dateModified\":\"2025-03-05T21:39:46+00:00\",\"mainEntityOfPage\":{\"@id\":\"https:\/\/jornaltimoneiro.com.br\/index.php\/2025\/03\/05\/canoas-tera-seminario-aberto-a-professores-da-rede-municipal-sobre-o-autismo-na-sexta-feira-7\/\"},\"wordCount\":170,\"commentCount\":0,\"publisher\":{\"@id\":\"https:\/\/jornaltimoneiro.com.br\/#organization\"},\"keywords\":[\"autismo\",\"canoas\",\"featured\",\"Professores\",\"semin\u00e1rio\"],\"articleSection\":[\"Ensino\"],\"inLanguage\":\"pt-BR\",\"potentialAction\":[{\"@type\":\"CommentAction\",\"name\":\"Comment\",\"target\":[\"https:\/\/jornaltimoneiro.com.br\/index.php\/2025\/03\/05\/canoas-tera-seminario-aberto-a-professores-da-rede-municipal-sobre-o-autismo-na-sexta-feira-7\/#respond\"]}]},{\"@type\":\"WebPage\",\"@id\":\"https:\/\/jornaltimoneiro.com.br\/index.php\/2025\/03\/05\/canoas-tera-seminario-aberto-a-professores-da-rede-municipal-sobre-o-autismo-na-sexta-feira-7\/\",\"url\":\"https:\/\/jornaltimoneiro.com.br\/index.php\/2025\/03\/05\/canoas-tera-seminario-aberto-a-professores-da-rede-municipal-sobre-o-autismo-na-sexta-feira-7\/\",\"name\":\"Canoas ter\u00e1 semin\u00e1rio aberto a professores da rede municipal sobre o autismo na sexta-feira, 7 - O Timoneiro Jornal Canoas RS\",\"isPartOf\":{\"@id\":\"https:\/\/jornaltimoneiro.com.br\/#website\"},\"datePublished\":\"2025-03-05T21:39:46+00:00\",\"dateModified\":\"2025-03-05T21:39:46+00:00\",\"description\":\"O semin\u00e1rio \u201cUma jornada ale\u0301m do Autismo\u201d, aberto a profissionais da rede municipal de ensino de Canoas e estudantes da \u00e1rea da Educa\u00e7\u00e3o\",\"breadcrumb\":{\"@id\":\"https:\/\/jornaltimoneiro.com.br\/index.php\/2025\/03\/05\/canoas-tera-seminario-aberto-a-professores-da-rede-municipal-sobre-o-autismo-na-sexta-feira-7\/#breadcrumb\"},\"inLanguage\":\"pt-BR\",\"potentialAction\":[{\"@type\":\"ReadAction\",\"target\":[\"https:\/\/jornaltimoneiro.com.br\/index.php\/2025\/03\/05\/canoas-tera-seminario-aberto-a-professores-da-rede-municipal-sobre-o-autismo-na-sexta-feira-7\/\"]}]},{\"@type\":\"BreadcrumbList\",\"@id\":\"https:\/\/jornaltimoneiro.com.br\/index.php\/2025\/03\/05\/canoas-tera-seminario-aberto-a-professores-da-rede-municipal-sobre-o-autismo-na-sexta-feira-7\/#breadcrumb\",\"itemListElement\":[{\"@type\":\"ListItem\",\"position\":1,\"name\":\"In\u00edcio\",\"item\":\"https:\/\/jornaltimoneiro.com.br\/\"},{\"@type\":\"ListItem\",\"position\":2,\"name\":\"Canoas ter\u00e1 semin\u00e1rio aberto a professores da rede municipal sobre o autismo na sexta-feira, 7\"}]},{\"@type\":\"WebSite\",\"@id\":\"https:\/\/jornaltimoneiro.com.br\/#website\",\"url\":\"https:\/\/jornaltimoneiro.com.br\/\",\"name\":\"Jornal Timoneiro Canoas RS\",\"description\":\"Jornal O Timoneiro, o verdadeiro jornal de Canoas\",\"publisher\":{\"@id\":\"https:\/\/jornaltimoneiro.com.br\/#organization\"},\"potentialAction\":[{\"@type\":\"SearchAction\",\"target\":{\"@type\":\"EntryPoint\",\"urlTemplate\":\"https:\/\/jornaltimoneiro.com.br\/?s={search_term_string}\"},\"query-input\":\"required name=search_term_string\"}],\"inLanguage\":\"pt-BR\"},{\"@type\":\"Organization\",\"@id\":\"https:\/\/jornaltimoneiro.com.br\/#organization\",\"name\":\"Jornal Timoneiro Canoas RS\",\"url\":\"https:\/\/jornaltimoneiro.com.br\/\",\"logo\":{\"@type\":\"ImageObject\",\"inLanguage\":\"pt-BR\",\"@id\":\"https:\/\/jornaltimoneiro.com.br\/#\/schema\/logo\/image\/\",\"url\":\"https:\/\/jornaltimoneiro.com.br\/wp-content\/uploads\/2023\/03\/logonovo.png\",\"contentUrl\":\"https:\/\/jornaltimoneiro.com.br\/wp-content\/uploads\/2023\/03\/logonovo.png\",\"width\":\"469\",\"height\":\"171\",\"caption\":\"Jornal Timoneiro Canoas RS\"},\"image\":{\"@id\":\"https:\/\/jornaltimoneiro.com.br\/#\/schema\/logo\/image\/\"},\"sameAs\":[\"https:\/\/www.facebook.com\/jornaltimoneiro\",\"https:\/\/twitter.com\/_OTimoneiro\",\"https:\/\/www.instagram.com\/jornaltimoneirocanoas\/\",\"https:\/\/www.youtube.com\/@jornalotimoneiro7927\"]},{\"@type\":\"Person\",\"@id\":\"https:\/\/jornaltimoneiro.com.br\/#\/schema\/person\/f63482f1a02b1a9592707865e509ab40\",\"name\":\"Reda\u00e7\u00e3o\",\"image\":{\"@type\":\"ImageObject\",\"inLanguage\":\"pt-BR\",\"@id\":\"https:\/\/jornaltimoneiro.com.br\/#\/schema\/person\/image\/\",\"url\":\"https:\/\/jornaltimoneiro.com.br\/wp-content\/uploads\/2023\/03\/download.jpeg\",\"contentUrl\":\"https:\/\/jornaltimoneiro.com.br\/wp-content\/uploads\/2023\/03\/download.jpeg\",\"caption\":\"Reda\u00e7\u00e3o\"},\"url\":\"https:\/\/jornaltimoneiro.com.br\/index.php\/author\/simone-dutra\/\"}]}<\/script>\n<!-- \/ Yoast SEO plugin. -->","yoast_head_json":{"title":"Canoas ter\u00e1 semin\u00e1rio aberto a professores da rede municipal sobre o autismo na sexta-feira, 7 - O Timoneiro Jornal Canoas RS","description":"O semin\u00e1rio \u201cUma jornada ale\u0301m do Autismo\u201d, aberto a profissionais da rede municipal de ensino de Canoas e estudantes da \u00e1rea da Educa\u00e7\u00e3o","robots":{"index":"index","follow":"follow","max-snippet":"max-snippet:-1","max-image-preview":"max-image-preview:large","max-video-preview":"max-video-preview:-1"},"canonical":"https:\/\/jornaltimoneiro.com.br\/index.php\/2025\/03\/05\/canoas-tera-seminario-aberto-a-professores-da-rede-municipal-sobre-o-autismo-na-sexta-feira-7\/","og_locale":"pt_BR","og_type":"article","og_title":"Canoas ter\u00e1 semin\u00e1rio aberto a professores da rede municipal sobre o autismo na sexta-feira, 7 - O Timoneiro Jornal Canoas RS","og_description":"O semin\u00e1rio \u201cUma jornada ale\u0301m do Autismo\u201d, aberto a profissionais da rede municipal de ensino de Canoas e estudantes da \u00e1rea da Educa\u00e7\u00e3o","og_url":"https:\/\/jornaltimoneiro.com.br\/index.php\/2025\/03\/05\/canoas-tera-seminario-aberto-a-professores-da-rede-municipal-sobre-o-autismo-na-sexta-feira-7\/","og_site_name":"O Timoneiro Jornal Canoas RS","article_publisher":"https:\/\/www.facebook.com\/jornaltimoneiro","article_published_time":"2025-03-05T21:39:46+00:00","og_image":[{"width":1080,"height":860,"url":"https:\/\/jornaltimoneiro.com.br\/wp-content\/uploads\/2025\/03\/Canoas-tera-seminario-aberto-a-professores-da-rede-municipal-sobre-o-autismo-na-sexta-feira-7.jpg","type":"image\/jpeg"}],"author":"Reda\u00e7\u00e3o","twitter_card":"summary_large_image","twitter_creator":"@_OTimoneiro","twitter_site":"@_OTimoneiro","twitter_misc":{"Escrito por":"Reda\u00e7\u00e3o","Est. tempo de leitura":"1 minuto"},"schema":{"@context":"https:\/\/schema.org","@graph":[{"@type":"Article","@id":"https:\/\/jornaltimoneiro.com.br\/index.php\/2025\/03\/05\/canoas-tera-seminario-aberto-a-professores-da-rede-municipal-sobre-o-autismo-na-sexta-feira-7\/#article","isPartOf":{"@id":"https:\/\/jornaltimoneiro.com.br\/index.php\/2025\/03\/05\/canoas-tera-seminario-aberto-a-professores-da-rede-municipal-sobre-o-autismo-na-sexta-feira-7\/"},"author":{"name":"Reda\u00e7\u00e3o","@id":"https:\/\/jornaltimoneiro.com.br\/#\/schema\/person\/f63482f1a02b1a9592707865e509ab40"},"headline":"Canoas ter\u00e1 semin\u00e1rio aberto a professores da rede municipal sobre o autismo na sexta-feira, 7","datePublished":"2025-03-05T21:39:46+00:00","dateModified":"2025-03-05T21:39:46+00:00","mainEntityOfPage":{"@id":"https:\/\/jornaltimoneiro.com.br\/index.php\/2025\/03\/05\/canoas-tera-seminario-aberto-a-professores-da-rede-municipal-sobre-o-autismo-na-sexta-feira-7\/"},"wordCount":170,"commentCount":0,"publisher":{"@id":"https:\/\/jornaltimoneiro.com.br\/#organization"},"keywords":["autismo","canoas","featured","Professores","semin\u00e1rio"],"articleSection":["Ensino"],"inLanguage":"pt-BR","potentialAction":[{"@type":"CommentAction","name":"Comment","target":["https:\/\/jornaltimoneiro.com.br\/index.php\/2025\/03\/05\/canoas-tera-seminario-aberto-a-professores-da-rede-municipal-sobre-o-autismo-na-sexta-feira-7\/#respond"]}]},{"@type":"WebPage","@id":"https:\/\/jornaltimoneiro.com.br\/index.php\/2025\/03\/05\/canoas-tera-seminario-aberto-a-professores-da-rede-municipal-sobre-o-autismo-na-sexta-feira-7\/","url":"https:\/\/jornaltimoneiro.com.br\/index.php\/2025\/03\/05\/canoas-tera-seminario-aberto-a-professores-da-rede-municipal-sobre-o-autismo-na-sexta-feira-7\/","name":"Canoas ter\u00e1 semin\u00e1rio aberto a professores da rede municipal sobre o autismo na sexta-feira, 7 - O Timoneiro Jornal Canoas RS","isPartOf":{"@id":"https:\/\/jornaltimoneiro.com.br\/#website"},"datePublished":"2025-03-05T21:39:46+00:00","dateModified":"2025-03-05T21:39:46+00:00","description":"O semin\u00e1rio \u201cUma jornada ale\u0301m do Autismo\u201d, aberto a profissionais da rede municipal de ensino de Canoas e estudantes da \u00e1rea da Educa\u00e7\u00e3o","breadcrumb":{"@id":"https:\/\/jornaltimoneiro.com.br\/index.php\/2025\/03\/05\/canoas-tera-seminario-aberto-a-professores-da-rede-municipal-sobre-o-autismo-na-sexta-feira-7\/#breadcrumb"},"inLanguage":"pt-BR","potentialAction":[{"@type":"ReadAction","target":["https:\/\/jornaltimoneiro.com.br\/index.php\/2025\/03\/05\/canoas-tera-seminario-aberto-a-professores-da-rede-municipal-sobre-o-autismo-na-sexta-feira-7\/"]}]},{"@type":"BreadcrumbList","@id":"https:\/\/jornaltimoneiro.com.br\/index.php\/2025\/03\/05\/canoas-tera-seminario-aberto-a-professores-da-rede-municipal-sobre-o-autismo-na-sexta-feira-7\/#breadcrumb","itemListElement":[{"@type":"ListItem","position":1,"name":"In\u00edcio","item":"https:\/\/jornaltimoneiro.com.br\/"},{"@type":"ListItem","position":2,"name":"Canoas ter\u00e1 semin\u00e1rio aberto a professores da rede municipal sobre o autismo na sexta-feira, 7"}]},{"@type":"WebSite","@id":"https:\/\/jornaltimoneiro.com.br\/#website","url":"https:\/\/jornaltimoneiro.com.br\/","name":"Jornal Timoneiro Canoas RS","description":"Jornal O Timoneiro, o verdadeiro jornal de Canoas","publisher":{"@id":"https:\/\/jornaltimoneiro.com.br\/#organization"},"potentialAction":[{"@type":"SearchAction","target":{"@type":"EntryPoint","urlTemplate":"https:\/\/jornaltimoneiro.com.br\/?s={search_term_string}"},"query-input":"required name=search_term_string"}],"inLanguage":"pt-BR"},{"@type":"Organization","@id":"https:\/\/jornaltimoneiro.com.br\/#organization","name":"Jornal Timoneiro Canoas RS","url":"https:\/\/jornaltimoneiro.com.br\/","logo":{"@type":"ImageObject","inLanguage":"pt-BR","@id":"https:\/\/jornaltimoneiro.com.br\/#\/schema\/logo\/image\/","url":"https:\/\/jornaltimoneiro.com.br\/wp-content\/uploads\/2023\/03\/logonovo.png","contentUrl":"https:\/\/jornaltimoneiro.com.br\/wp-content\/uploads\/2023\/03\/logonovo.png","width":"469","height":"171","caption":"Jornal Timoneiro Canoas RS"},"image":{"@id":"https:\/\/jornaltimoneiro.com.br\/#\/schema\/logo\/image\/"},"sameAs":["https:\/\/www.facebook.com\/jornaltimoneiro","https:\/\/twitter.com\/_OTimoneiro","https:\/\/www.instagram.com\/jornaltimoneirocanoas\/","https:\/\/www.youtube.com\/@jornalotimoneiro7927"]},{"@type":"Person","@id":"https:\/\/jornaltimoneiro.com.br\/#\/schema\/person\/f63482f1a02b1a9592707865e509ab40","name":"Reda\u00e7\u00e3o","image":{"@type":"ImageObject","inLanguage":"pt-BR","@id":"https:\/\/jornaltimoneiro.com.br\/#\/schema\/person\/image\/","url":"https:\/\/jornaltimoneiro.com.br\/wp-content\/uploads\/2023\/03\/download.jpeg","contentUrl":"https:\/\/jornaltimoneiro.com.br\/wp-content\/uploads\/2023\/03\/download.jpeg","caption":"Reda\u00e7\u00e3o"},"url":"https:\/\/jornaltimoneiro.com.br\/index.php\/author\/simone-dutra\/"}]}},"_links":{"self":[{"href":"https:\/\/jornaltimoneiro.com.br\/index.php\/wp-json\/wp\/v2\/posts\/34067"}],"collection":[{"href":"https:\/\/jornaltimoneiro.com.br\/index.php\/wp-json\/wp\/v2\/posts"}],"about":[{"href":"https:\/\/jornaltimoneiro.com.br\/index.php\/wp-json\/wp\/v2\/types\/post"}],"author":[{"embeddable":true,"href":"https:\/\/jornaltimoneiro.com.br\/index.php\/wp-json\/wp\/v2\/users\/2"}],"replies":[{"embeddable":true,"href":"https:\/\/jornaltimoneiro.com.br\/index.php\/wp-json\/wp\/v2\/comments?post=34067"}],"version-history":[{"count":1,"href":"https:\/\/jornaltimoneiro.com.br\/index.php\/wp-json\/wp\/v2\/posts\/34067\/revisions"}],"predecessor-version":[{"id":34069,"href":"https:\/\/jornaltimoneiro.com.br\/index.php\/wp-json\/wp\/v2\/posts\/34067\/revisions\/34069"}],"wp:featuredmedia":[{"embeddable":true,"href":"https:\/\/jornaltimoneiro.com.br\/index.php\/wp-json\/wp\/v2\/media\/34068"}],"wp:attachment":[{"href":"https:\/\/jornaltimoneiro.com.br\/index.php\/wp-json\/wp\/v2\/media?parent=34067"}],"wp:term":[{"taxonomy":"category","embeddable":true,"href":"https:\/\/jornaltimoneiro.com.br\/index.php\/wp-json\/wp\/v2\/categories?post=34067"},{"taxonomy":"post_tag","embeddable":true,"href":"https:\/\/jornaltimoneiro.com.br\/index.php\/wp-json\/wp\/v2\/tags?post=34067"}],"curies":[{"name":"wp","href":"https:\/\/api.w.org\/{rel}","templated":true}]}}