{"id":34064,"date":"2025-03-05T15:25:53","date_gmt":"2025-03-05T18:25:53","guid":{"rendered":"https:\/\/jornaltimoneiro.com.br\/?p=34064"},"modified":"2025-03-05T15:25:53","modified_gmt":"2025-03-05T18:25:53","slug":"defesa-civil-alerta-para-calor-severo-no-estado-entre-os-dias-5-a-9-de-marco","status":"publish","type":"post","link":"https:\/\/jornaltimoneiro.com.br\/index.php\/2025\/03\/05\/defesa-civil-alerta-para-calor-severo-no-estado-entre-os-dias-5-a-9-de-marco\/","title":{"rendered":"Defesa Civil alerta para calor severo no estado entre os dias 5 a 9 de mar\u00e7o"},"content":{"rendered":"<p>Desde 22 de fevereiro, diversas regi\u00f5es enfrentam temperaturas muito acima da m\u00e9dia, condi\u00e7\u00e3o que deve persistir por pelo menos mais cinco dias devido a uma forte onda de calor. No Litoral e parte do Nordeste, as temperaturas seguem elevadas, ainda que de forma menos intensa.<\/p>\n<p>Nesta quarta-feira, 5, h\u00e1 previs\u00e3o de chuvas isoladas no Noroeste e Norte, enquanto nas demais regi\u00f5es a atua\u00e7\u00e3o de uma massa de ar quente e seco mant\u00e9m as temperaturas elevadas. As m\u00e1ximas variam entre 31 e 40\u00b0C.<\/p>\n<p>Na <strong>quinta-feira, 6<\/strong>, uma regi\u00e3o de baixa press\u00e3o favorece pancadas isoladas de chuva no Noroeste, Miss\u00f5es e Oeste, com acumulados entre 5 e 15 mm\/dia. As m\u00ednimas ficam entre 19 e 25\u00b0C, e as m\u00e1ximas entre 31 e 39\u00b0C.<\/p>\n<p>Na <strong>sexta-feira, 7<\/strong>, seguem as chuvas isoladas na metade Oeste e na Serra Ga\u00facha, com acumulados entre 5 e 10 mm\/dia. As temperaturas m\u00ednimas variam entre 19 e 26\u00b0C, enquanto as m\u00e1ximas alcan\u00e7am entre 31 e 39\u00b0C.<\/p>\n<p>No <strong>s\u00e1bado, 8<\/strong>, a aproxima\u00e7\u00e3o de uma frente fria traz chuva moderada a forte na Campanha e no Sul. No restante do estado, a massa de ar quente e seco mant\u00e9m as temperaturas elevadas. As m\u00ednimas ficam entre 21 e 27\u00b0C, e as m\u00e1ximas entre 31 e 40\u00b0C.<\/p>\n<p>No <strong>domingo, 9<\/strong>, instabilidades se espalham pelo estado, com previs\u00e3o de chuva forte, raios e possibilidade de granizo. Os acumulados variam entre 10 e 50 mm\/dia. As m\u00ednimas ficam entre 21 e 24\u00b0C, e as m\u00e1ximas entre 31 e 38\u00b0C.<\/p>\n<h4>Pr\u00f3xima semana<\/h4>\n<p>A tend\u00eancia para segunda-feira, 10, indica chuvas moderadas e persistentes no Norte, Noroeste e Nordeste, especialmente nas \u00e1reas pr\u00f3ximas \u00e0 divisa com Santa Catarina, com volumes entre 20 e 40 mm\/dia. Devido ao avan\u00e7o desta frente fria, as temperaturas n\u00e3o se elevam tanto em rela\u00e7\u00e3o aos dias anteriores, com m\u00ednimas entre 11\u00b0C e 20\u00b0C e m\u00e1ximas entre 20\u00b0C e 28\u00b0C.<\/p>\n<p>Recomenda-se aten\u00e7\u00e3o durante o per\u00edodo de calor intenso. \u00c9 importante proteger crian\u00e7as, idosos e animais, mantendo-os em locais frescos e ventilados. A hidrata\u00e7\u00e3o deve ser constante, com a ingest\u00e3o regular de \u00e1gua, mesmo sem sensa\u00e7\u00e3o de sede. Al\u00e9m disso, \u00e9 indicado evitar exposi\u00e7\u00e3o direta ao sol entre 10h e 16h.<\/p>\n","protected":false},"excerpt":{"rendered":"<p>Desde 22 de fevereiro, diversas regi\u00f5es enfrentam temperaturas muito acima da m\u00e9dia, condi\u00e7\u00e3o que deve persistir por pelo menos mais cinco dias devido a uma forte onda de calor. No Litoral e parte do Nordeste, as temperaturas seguem elevadas, ainda que de forma menos intensa. Nesta quarta-feira, 5, h\u00e1 previs\u00e3o de chuvas isoladas no Noroeste [&hellip;]<\/p>\n","protected":false},"author":2,"featured_media":34065,"comment_status":"open","ping_status":"open","sticky":false,"template":"","format":"standard","meta":{"amp_status":"","footnotes":""},"categories":[2193],"tags":[390,1763,793,389,190,1671,213,1166],"class_list":["post-34064","post","type-post","status-publish","format-standard","has-post-thumbnail","hentry","category-clima","tag-alerta","tag-calor","tag-clima","tag-defesa-civil","tag-featured","tag-previsao-do-tempo","tag-rio-grande-do-sul","tag-temperatura"],"yoast_head":"<!-- This site is optimized with the Yoast SEO plugin v20.5 - https:\/\/yoast.com\/wordpress\/plugins\/seo\/ -->\n<title>Defesa Civil alerta para calor severo no estado entre os dias 5 a 9 de mar\u00e7o - O Timoneiro Jornal Canoas RS<\/title>\n<meta name=\"description\" content=\"Desde 22, diversas regi\u00f5es enfrentam temperaturas muito acima da m\u00e9dia, condi\u00e7\u00e3o que deve persistir por pelo menos mais cinco dias\" \/>\n<meta name=\"robots\" content=\"index, follow, max-snippet:-1, max-image-preview:large, max-video-preview:-1\" \/>\n<link rel=\"canonical\" href=\"https:\/\/jornaltimoneiro.com.br\/index.php\/2025\/03\/05\/defesa-civil-alerta-para-calor-severo-no-estado-entre-os-dias-5-a-9-de-marco\/\" \/>\n<meta property=\"og:locale\" content=\"pt_BR\" \/>\n<meta property=\"og:type\" content=\"article\" \/>\n<meta property=\"og:title\" content=\"Defesa Civil alerta para calor severo no estado entre os dias 5 a 9 de mar\u00e7o - O Timoneiro Jornal Canoas RS\" \/>\n<meta property=\"og:description\" content=\"Desde 22, diversas regi\u00f5es enfrentam temperaturas muito acima da m\u00e9dia, condi\u00e7\u00e3o que deve persistir por pelo menos mais cinco dias\" \/>\n<meta property=\"og:url\" content=\"https:\/\/jornaltimoneiro.com.br\/index.php\/2025\/03\/05\/defesa-civil-alerta-para-calor-severo-no-estado-entre-os-dias-5-a-9-de-marco\/\" \/>\n<meta property=\"og:site_name\" content=\"O Timoneiro Jornal Canoas RS\" \/>\n<meta property=\"article:publisher\" content=\"https:\/\/www.facebook.com\/jornaltimoneiro\" \/>\n<meta property=\"article:published_time\" content=\"2025-03-05T18:25:53+00:00\" \/>\n<meta property=\"og:image\" content=\"https:\/\/jornaltimoneiro.com.br\/wp-content\/uploads\/2025\/03\/Defesa-Civil-alerta-para-calor-severo-no-estado-entre-os-dias-5-a-9-de-marco.jpeg\" \/>\n\t<meta property=\"og:image:width\" content=\"400\" \/>\n\t<meta property=\"og:image:height\" content=\"400\" \/>\n\t<meta property=\"og:image:type\" content=\"image\/jpeg\" \/>\n<meta name=\"author\" content=\"Reda\u00e7\u00e3o\" \/>\n<meta name=\"twitter:card\" content=\"summary_large_image\" \/>\n<meta name=\"twitter:creator\" content=\"@_OTimoneiro\" \/>\n<meta name=\"twitter:site\" content=\"@_OTimoneiro\" \/>\n<meta name=\"twitter:label1\" content=\"Escrito por\" \/>\n\t<meta name=\"twitter:data1\" content=\"Reda\u00e7\u00e3o\" \/>\n\t<meta name=\"twitter:label2\" content=\"Est. tempo de leitura\" \/>\n\t<meta name=\"twitter:data2\" content=\"2 minutos\" \/>\n<script type=\"application\/ld+json\" class=\"yoast-schema-graph\">{\"@context\":\"https:\/\/schema.org\",\"@graph\":[{\"@type\":\"Article\",\"@id\":\"https:\/\/jornaltimoneiro.com.br\/index.php\/2025\/03\/05\/defesa-civil-alerta-para-calor-severo-no-estado-entre-os-dias-5-a-9-de-marco\/#article\",\"isPartOf\":{\"@id\":\"https:\/\/jornaltimoneiro.com.br\/index.php\/2025\/03\/05\/defesa-civil-alerta-para-calor-severo-no-estado-entre-os-dias-5-a-9-de-marco\/\"},\"author\":{\"name\":\"Reda\u00e7\u00e3o\",\"@id\":\"https:\/\/jornaltimoneiro.com.br\/#\/schema\/person\/f63482f1a02b1a9592707865e509ab40\"},\"headline\":\"Defesa Civil alerta para calor severo no estado entre os dias 5 a 9 de mar\u00e7o\",\"datePublished\":\"2025-03-05T18:25:53+00:00\",\"dateModified\":\"2025-03-05T18:25:53+00:00\",\"mainEntityOfPage\":{\"@id\":\"https:\/\/jornaltimoneiro.com.br\/index.php\/2025\/03\/05\/defesa-civil-alerta-para-calor-severo-no-estado-entre-os-dias-5-a-9-de-marco\/\"},\"wordCount\":391,\"commentCount\":0,\"publisher\":{\"@id\":\"https:\/\/jornaltimoneiro.com.br\/#organization\"},\"keywords\":[\"alerta\",\"calor\",\"clima\",\"defesa civil\",\"featured\",\"previs\u00e3o do tempo\",\"rio grande do sul\",\"temperatura\"],\"articleSection\":[\"Clima\"],\"inLanguage\":\"pt-BR\",\"potentialAction\":[{\"@type\":\"CommentAction\",\"name\":\"Comment\",\"target\":[\"https:\/\/jornaltimoneiro.com.br\/index.php\/2025\/03\/05\/defesa-civil-alerta-para-calor-severo-no-estado-entre-os-dias-5-a-9-de-marco\/#respond\"]}]},{\"@type\":\"WebPage\",\"@id\":\"https:\/\/jornaltimoneiro.com.br\/index.php\/2025\/03\/05\/defesa-civil-alerta-para-calor-severo-no-estado-entre-os-dias-5-a-9-de-marco\/\",\"url\":\"https:\/\/jornaltimoneiro.com.br\/index.php\/2025\/03\/05\/defesa-civil-alerta-para-calor-severo-no-estado-entre-os-dias-5-a-9-de-marco\/\",\"name\":\"Defesa Civil alerta para calor severo no estado entre os dias 5 a 9 de mar\u00e7o - O Timoneiro Jornal Canoas RS\",\"isPartOf\":{\"@id\":\"https:\/\/jornaltimoneiro.com.br\/#website\"},\"datePublished\":\"2025-03-05T18:25:53+00:00\",\"dateModified\":\"2025-03-05T18:25:53+00:00\",\"description\":\"Desde 22, diversas regi\u00f5es enfrentam temperaturas muito acima da m\u00e9dia, condi\u00e7\u00e3o que deve persistir por pelo menos mais cinco dias\",\"breadcrumb\":{\"@id\":\"https:\/\/jornaltimoneiro.com.br\/index.php\/2025\/03\/05\/defesa-civil-alerta-para-calor-severo-no-estado-entre-os-dias-5-a-9-de-marco\/#breadcrumb\"},\"inLanguage\":\"pt-BR\",\"potentialAction\":[{\"@type\":\"ReadAction\",\"target\":[\"https:\/\/jornaltimoneiro.com.br\/index.php\/2025\/03\/05\/defesa-civil-alerta-para-calor-severo-no-estado-entre-os-dias-5-a-9-de-marco\/\"]}]},{\"@type\":\"BreadcrumbList\",\"@id\":\"https:\/\/jornaltimoneiro.com.br\/index.php\/2025\/03\/05\/defesa-civil-alerta-para-calor-severo-no-estado-entre-os-dias-5-a-9-de-marco\/#breadcrumb\",\"itemListElement\":[{\"@type\":\"ListItem\",\"position\":1,\"name\":\"In\u00edcio\",\"item\":\"https:\/\/jornaltimoneiro.com.br\/\"},{\"@type\":\"ListItem\",\"position\":2,\"name\":\"Defesa Civil alerta para calor severo no estado entre os dias 5 a 9 de mar\u00e7o\"}]},{\"@type\":\"WebSite\",\"@id\":\"https:\/\/jornaltimoneiro.com.br\/#website\",\"url\":\"https:\/\/jornaltimoneiro.com.br\/\",\"name\":\"Jornal Timoneiro Canoas RS\",\"description\":\"Jornal O Timoneiro, o verdadeiro jornal de Canoas\",\"publisher\":{\"@id\":\"https:\/\/jornaltimoneiro.com.br\/#organization\"},\"potentialAction\":[{\"@type\":\"SearchAction\",\"target\":{\"@type\":\"EntryPoint\",\"urlTemplate\":\"https:\/\/jornaltimoneiro.com.br\/?s={search_term_string}\"},\"query-input\":\"required name=search_term_string\"}],\"inLanguage\":\"pt-BR\"},{\"@type\":\"Organization\",\"@id\":\"https:\/\/jornaltimoneiro.com.br\/#organization\",\"name\":\"Jornal Timoneiro Canoas RS\",\"url\":\"https:\/\/jornaltimoneiro.com.br\/\",\"logo\":{\"@type\":\"ImageObject\",\"inLanguage\":\"pt-BR\",\"@id\":\"https:\/\/jornaltimoneiro.com.br\/#\/schema\/logo\/image\/\",\"url\":\"https:\/\/jornaltimoneiro.com.br\/wp-content\/uploads\/2023\/03\/logonovo.png\",\"contentUrl\":\"https:\/\/jornaltimoneiro.com.br\/wp-content\/uploads\/2023\/03\/logonovo.png\",\"width\":\"469\",\"height\":\"171\",\"caption\":\"Jornal Timoneiro Canoas RS\"},\"image\":{\"@id\":\"https:\/\/jornaltimoneiro.com.br\/#\/schema\/logo\/image\/\"},\"sameAs\":[\"https:\/\/www.facebook.com\/jornaltimoneiro\",\"https:\/\/twitter.com\/_OTimoneiro\",\"https:\/\/www.instagram.com\/jornaltimoneirocanoas\/\",\"https:\/\/www.youtube.com\/@jornalotimoneiro7927\"]},{\"@type\":\"Person\",\"@id\":\"https:\/\/jornaltimoneiro.com.br\/#\/schema\/person\/f63482f1a02b1a9592707865e509ab40\",\"name\":\"Reda\u00e7\u00e3o\",\"image\":{\"@type\":\"ImageObject\",\"inLanguage\":\"pt-BR\",\"@id\":\"https:\/\/jornaltimoneiro.com.br\/#\/schema\/person\/image\/\",\"url\":\"https:\/\/jornaltimoneiro.com.br\/wp-content\/uploads\/2023\/03\/download.jpeg\",\"contentUrl\":\"https:\/\/jornaltimoneiro.com.br\/wp-content\/uploads\/2023\/03\/download.jpeg\",\"caption\":\"Reda\u00e7\u00e3o\"},\"url\":\"https:\/\/jornaltimoneiro.com.br\/index.php\/author\/simone-dutra\/\"}]}<\/script>\n<!-- \/ Yoast SEO plugin. -->","yoast_head_json":{"title":"Defesa Civil alerta para calor severo no estado entre os dias 5 a 9 de mar\u00e7o - O Timoneiro Jornal Canoas RS","description":"Desde 22, diversas regi\u00f5es enfrentam temperaturas muito acima da m\u00e9dia, condi\u00e7\u00e3o que deve persistir por pelo menos mais cinco dias","robots":{"index":"index","follow":"follow","max-snippet":"max-snippet:-1","max-image-preview":"max-image-preview:large","max-video-preview":"max-video-preview:-1"},"canonical":"https:\/\/jornaltimoneiro.com.br\/index.php\/2025\/03\/05\/defesa-civil-alerta-para-calor-severo-no-estado-entre-os-dias-5-a-9-de-marco\/","og_locale":"pt_BR","og_type":"article","og_title":"Defesa Civil alerta para calor severo no estado entre os dias 5 a 9 de mar\u00e7o - O Timoneiro Jornal Canoas RS","og_description":"Desde 22, diversas regi\u00f5es enfrentam temperaturas muito acima da m\u00e9dia, condi\u00e7\u00e3o que deve persistir por pelo menos mais cinco dias","og_url":"https:\/\/jornaltimoneiro.com.br\/index.php\/2025\/03\/05\/defesa-civil-alerta-para-calor-severo-no-estado-entre-os-dias-5-a-9-de-marco\/","og_site_name":"O Timoneiro Jornal Canoas RS","article_publisher":"https:\/\/www.facebook.com\/jornaltimoneiro","article_published_time":"2025-03-05T18:25:53+00:00","og_image":[{"width":"400","height":"400","url":"https:\/\/jornaltimoneiro.com.br\/wp-content\/uploads\/2025\/03\/Defesa-Civil-alerta-para-calor-severo-no-estado-entre-os-dias-5-a-9-de-marco.jpeg","type":"image\/jpeg"}],"author":"Reda\u00e7\u00e3o","twitter_card":"summary_large_image","twitter_creator":"@_OTimoneiro","twitter_site":"@_OTimoneiro","twitter_misc":{"Escrito por":"Reda\u00e7\u00e3o","Est. tempo de leitura":"2 minutos"},"schema":{"@context":"https:\/\/schema.org","@graph":[{"@type":"Article","@id":"https:\/\/jornaltimoneiro.com.br\/index.php\/2025\/03\/05\/defesa-civil-alerta-para-calor-severo-no-estado-entre-os-dias-5-a-9-de-marco\/#article","isPartOf":{"@id":"https:\/\/jornaltimoneiro.com.br\/index.php\/2025\/03\/05\/defesa-civil-alerta-para-calor-severo-no-estado-entre-os-dias-5-a-9-de-marco\/"},"author":{"name":"Reda\u00e7\u00e3o","@id":"https:\/\/jornaltimoneiro.com.br\/#\/schema\/person\/f63482f1a02b1a9592707865e509ab40"},"headline":"Defesa Civil alerta para calor severo no estado entre os dias 5 a 9 de mar\u00e7o","datePublished":"2025-03-05T18:25:53+00:00","dateModified":"2025-03-05T18:25:53+00:00","mainEntityOfPage":{"@id":"https:\/\/jornaltimoneiro.com.br\/index.php\/2025\/03\/05\/defesa-civil-alerta-para-calor-severo-no-estado-entre-os-dias-5-a-9-de-marco\/"},"wordCount":391,"commentCount":0,"publisher":{"@id":"https:\/\/jornaltimoneiro.com.br\/#organization"},"keywords":["alerta","calor","clima","defesa civil","featured","previs\u00e3o do tempo","rio grande do sul","temperatura"],"articleSection":["Clima"],"inLanguage":"pt-BR","potentialAction":[{"@type":"CommentAction","name":"Comment","target":["https:\/\/jornaltimoneiro.com.br\/index.php\/2025\/03\/05\/defesa-civil-alerta-para-calor-severo-no-estado-entre-os-dias-5-a-9-de-marco\/#respond"]}]},{"@type":"WebPage","@id":"https:\/\/jornaltimoneiro.com.br\/index.php\/2025\/03\/05\/defesa-civil-alerta-para-calor-severo-no-estado-entre-os-dias-5-a-9-de-marco\/","url":"https:\/\/jornaltimoneiro.com.br\/index.php\/2025\/03\/05\/defesa-civil-alerta-para-calor-severo-no-estado-entre-os-dias-5-a-9-de-marco\/","name":"Defesa Civil alerta para calor severo no estado entre os dias 5 a 9 de mar\u00e7o - O Timoneiro Jornal Canoas RS","isPartOf":{"@id":"https:\/\/jornaltimoneiro.com.br\/#website"},"datePublished":"2025-03-05T18:25:53+00:00","dateModified":"2025-03-05T18:25:53+00:00","description":"Desde 22, diversas regi\u00f5es enfrentam temperaturas muito acima da m\u00e9dia, condi\u00e7\u00e3o que deve persistir por pelo menos mais cinco dias","breadcrumb":{"@id":"https:\/\/jornaltimoneiro.com.br\/index.php\/2025\/03\/05\/defesa-civil-alerta-para-calor-severo-no-estado-entre-os-dias-5-a-9-de-marco\/#breadcrumb"},"inLanguage":"pt-BR","potentialAction":[{"@type":"ReadAction","target":["https:\/\/jornaltimoneiro.com.br\/index.php\/2025\/03\/05\/defesa-civil-alerta-para-calor-severo-no-estado-entre-os-dias-5-a-9-de-marco\/"]}]},{"@type":"BreadcrumbList","@id":"https:\/\/jornaltimoneiro.com.br\/index.php\/2025\/03\/05\/defesa-civil-alerta-para-calor-severo-no-estado-entre-os-dias-5-a-9-de-marco\/#breadcrumb","itemListElement":[{"@type":"ListItem","position":1,"name":"In\u00edcio","item":"https:\/\/jornaltimoneiro.com.br\/"},{"@type":"ListItem","position":2,"name":"Defesa Civil alerta para calor severo no estado entre os dias 5 a 9 de mar\u00e7o"}]},{"@type":"WebSite","@id":"https:\/\/jornaltimoneiro.com.br\/#website","url":"https:\/\/jornaltimoneiro.com.br\/","name":"Jornal Timoneiro Canoas RS","description":"Jornal O Timoneiro, o verdadeiro jornal de Canoas","publisher":{"@id":"https:\/\/jornaltimoneiro.com.br\/#organization"},"potentialAction":[{"@type":"SearchAction","target":{"@type":"EntryPoint","urlTemplate":"https:\/\/jornaltimoneiro.com.br\/?s={search_term_string}"},"query-input":"required name=search_term_string"}],"inLanguage":"pt-BR"},{"@type":"Organization","@id":"https:\/\/jornaltimoneiro.com.br\/#organization","name":"Jornal Timoneiro Canoas RS","url":"https:\/\/jornaltimoneiro.com.br\/","logo":{"@type":"ImageObject","inLanguage":"pt-BR","@id":"https:\/\/jornaltimoneiro.com.br\/#\/schema\/logo\/image\/","url":"https:\/\/jornaltimoneiro.com.br\/wp-content\/uploads\/2023\/03\/logonovo.png","contentUrl":"https:\/\/jornaltimoneiro.com.br\/wp-content\/uploads\/2023\/03\/logonovo.png","width":"469","height":"171","caption":"Jornal Timoneiro Canoas RS"},"image":{"@id":"https:\/\/jornaltimoneiro.com.br\/#\/schema\/logo\/image\/"},"sameAs":["https:\/\/www.facebook.com\/jornaltimoneiro","https:\/\/twitter.com\/_OTimoneiro","https:\/\/www.instagram.com\/jornaltimoneirocanoas\/","https:\/\/www.youtube.com\/@jornalotimoneiro7927"]},{"@type":"Person","@id":"https:\/\/jornaltimoneiro.com.br\/#\/schema\/person\/f63482f1a02b1a9592707865e509ab40","name":"Reda\u00e7\u00e3o","image":{"@type":"ImageObject","inLanguage":"pt-BR","@id":"https:\/\/jornaltimoneiro.com.br\/#\/schema\/person\/image\/","url":"https:\/\/jornaltimoneiro.com.br\/wp-content\/uploads\/2023\/03\/download.jpeg","contentUrl":"https:\/\/jornaltimoneiro.com.br\/wp-content\/uploads\/2023\/03\/download.jpeg","caption":"Reda\u00e7\u00e3o"},"url":"https:\/\/jornaltimoneiro.com.br\/index.php\/author\/simone-dutra\/"}]}},"_links":{"self":[{"href":"https:\/\/jornaltimoneiro.com.br\/index.php\/wp-json\/wp\/v2\/posts\/34064"}],"collection":[{"href":"https:\/\/jornaltimoneiro.com.br\/index.php\/wp-json\/wp\/v2\/posts"}],"about":[{"href":"https:\/\/jornaltimoneiro.com.br\/index.php\/wp-json\/wp\/v2\/types\/post"}],"author":[{"embeddable":true,"href":"https:\/\/jornaltimoneiro.com.br\/index.php\/wp-json\/wp\/v2\/users\/2"}],"replies":[{"embeddable":true,"href":"https:\/\/jornaltimoneiro.com.br\/index.php\/wp-json\/wp\/v2\/comments?post=34064"}],"version-history":[{"count":1,"href":"https:\/\/jornaltimoneiro.com.br\/index.php\/wp-json\/wp\/v2\/posts\/34064\/revisions"}],"predecessor-version":[{"id":34066,"href":"https:\/\/jornaltimoneiro.com.br\/index.php\/wp-json\/wp\/v2\/posts\/34064\/revisions\/34066"}],"wp:featuredmedia":[{"embeddable":true,"href":"https:\/\/jornaltimoneiro.com.br\/index.php\/wp-json\/wp\/v2\/media\/34065"}],"wp:attachment":[{"href":"https:\/\/jornaltimoneiro.com.br\/index.php\/wp-json\/wp\/v2\/media?parent=34064"}],"wp:term":[{"taxonomy":"category","embeddable":true,"href":"https:\/\/jornaltimoneiro.com.br\/index.php\/wp-json\/wp\/v2\/categories?post=34064"},{"taxonomy":"post_tag","embeddable":true,"href":"https:\/\/jornaltimoneiro.com.br\/index.php\/wp-json\/wp\/v2\/tags?post=34064"}],"curies":[{"name":"wp","href":"https:\/\/api.w.org\/{rel}","templated":true}]}}