{"id":34013,"date":"2025-02-26T16:26:06","date_gmt":"2025-02-26T19:26:06","guid":{"rendered":"https:\/\/jornaltimoneiro.com.br\/?p=34013"},"modified":"2025-02-26T16:26:06","modified_gmt":"2025-02-26T19:26:06","slug":"fgts-de-quem-usou-saque-aniversario-sera-liberado-a-partir-de-6-de-marco-em-parcela-de-ate-r-3-mil","status":"publish","type":"post","link":"https:\/\/jornaltimoneiro.com.br\/index.php\/2025\/02\/26\/fgts-de-quem-usou-saque-aniversario-sera-liberado-a-partir-de-6-de-marco-em-parcela-de-ate-r-3-mil\/","title":{"rendered":"FGTS de quem usou saque-anivers\u00e1rio ser\u00e1 liberado a partir de 6 de mar\u00e7o em parcela de at\u00e9 R$ 3 mil"},"content":{"rendered":"<p>O governo federal editar\u00e1 uma Medida Provis\u00f3ria na pr\u00f3xima sexta-feira, 28, para liberar recursos do FGTS para 12,1 milh\u00f5es de trabalhadores que aderiram ao saque-anivers\u00e1rio desde 2020.<\/p>\n<p>O ministro do Trabalho, Luiz Marinho, destacou que 53% dos trabalhadores n\u00e3o aderiram ao sistema, e muitos dos 47% que aderiram n\u00e3o foram informados sobre a perda do direito ao saque caso perdessem o emprego.<\/p>\n<h4>Parcelas<\/h4>\n<p>O pagamento ser\u00e1 feito em duas parcelas: R$ 3 mil entre 6 e 10 de mar\u00e7o e o saldo restante em junho. O valor da primeira parcela depende do banco e da data de nascimento do trabalhador.<\/p>\n<p>Para quem tem conta na Caixa, o pagamento ser\u00e1 em 6 de mar\u00e7o. Trabalhadores com saldo inferior a R$ 3 mil receber\u00e3o o total em mar\u00e7o. A maioria (93,5%) das contas ativas se encaixa nessa categoria.<\/p>\n","protected":false},"excerpt":{"rendered":"<p>O governo federal editar\u00e1 uma Medida Provis\u00f3ria na pr\u00f3xima sexta-feira, 28, para liberar recursos do FGTS para 12,1 milh\u00f5es de trabalhadores que aderiram ao saque-anivers\u00e1rio desde 2020. O ministro do Trabalho, Luiz Marinho, destacou que 53% dos trabalhadores n\u00e3o aderiram ao sistema, e muitos dos 47% que aderiram n\u00e3o foram informados sobre a perda do [&hellip;]<\/p>\n","protected":false},"author":2,"featured_media":24219,"comment_status":"open","ping_status":"open","sticky":false,"template":"","format":"standard","meta":{"amp_status":"","footnotes":""},"categories":[1854],"tags":[316,190,1846,67,4011],"class_list":["post-34013","post","type-post","status-publish","format-standard","has-post-thumbnail","hentry","category-economia","tag-dinheiro","tag-featured","tag-fgts","tag-governo-federal","tag-saque-aniversario"],"yoast_head":"<!-- This site is optimized with the Yoast SEO plugin v20.5 - https:\/\/yoast.com\/wordpress\/plugins\/seo\/ -->\n<title>FGTS de quem usou saque-anivers\u00e1rio ser\u00e1 liberado a partir de 6 de mar\u00e7o em parcela de at\u00e9 R$ 3 mil - O Timoneiro Jornal Canoas RS<\/title>\n<meta name=\"description\" content=\"O governo federal editar\u00e1 uma Medida Provis\u00f3ria na pr\u00f3xima sexta-feira, 28, para liberar recursos do FGTS para 12,1 milh\u00f5es de trabalhadores\" \/>\n<meta name=\"robots\" content=\"index, follow, max-snippet:-1, max-image-preview:large, max-video-preview:-1\" \/>\n<link rel=\"canonical\" href=\"https:\/\/jornaltimoneiro.com.br\/index.php\/2025\/02\/26\/fgts-de-quem-usou-saque-aniversario-sera-liberado-a-partir-de-6-de-marco-em-parcela-de-ate-r-3-mil\/\" \/>\n<meta property=\"og:locale\" content=\"pt_BR\" \/>\n<meta property=\"og:type\" content=\"article\" \/>\n<meta property=\"og:title\" content=\"FGTS de quem usou saque-anivers\u00e1rio ser\u00e1 liberado a partir de 6 de mar\u00e7o em parcela de at\u00e9 R$ 3 mil - O Timoneiro Jornal Canoas RS\" \/>\n<meta property=\"og:description\" content=\"O governo federal editar\u00e1 uma Medida Provis\u00f3ria na pr\u00f3xima sexta-feira, 28, para liberar recursos do FGTS para 12,1 milh\u00f5es de trabalhadores\" \/>\n<meta property=\"og:url\" content=\"https:\/\/jornaltimoneiro.com.br\/index.php\/2025\/02\/26\/fgts-de-quem-usou-saque-aniversario-sera-liberado-a-partir-de-6-de-marco-em-parcela-de-ate-r-3-mil\/\" \/>\n<meta property=\"og:site_name\" content=\"O Timoneiro Jornal Canoas RS\" \/>\n<meta property=\"article:publisher\" content=\"https:\/\/www.facebook.com\/jornaltimoneiro\" \/>\n<meta property=\"article:published_time\" content=\"2025-02-26T19:26:06+00:00\" \/>\n<meta property=\"og:image\" content=\"https:\/\/jornaltimoneiro.com.br\/wp-content\/uploads\/2023\/05\/dinheiro.jpg\" \/>\n\t<meta property=\"og:image:width\" content=\"1024\" \/>\n\t<meta property=\"og:image:height\" content=\"768\" \/>\n\t<meta property=\"og:image:type\" content=\"image\/jpeg\" \/>\n<meta name=\"author\" content=\"Reda\u00e7\u00e3o\" \/>\n<meta name=\"twitter:card\" content=\"summary_large_image\" \/>\n<meta name=\"twitter:creator\" content=\"@_OTimoneiro\" \/>\n<meta name=\"twitter:site\" content=\"@_OTimoneiro\" \/>\n<meta name=\"twitter:label1\" content=\"Escrito por\" \/>\n\t<meta name=\"twitter:data1\" content=\"Reda\u00e7\u00e3o\" \/>\n\t<meta name=\"twitter:label2\" content=\"Est. tempo de leitura\" \/>\n\t<meta name=\"twitter:data2\" content=\"1 minuto\" \/>\n<script type=\"application\/ld+json\" class=\"yoast-schema-graph\">{\"@context\":\"https:\/\/schema.org\",\"@graph\":[{\"@type\":\"Article\",\"@id\":\"https:\/\/jornaltimoneiro.com.br\/index.php\/2025\/02\/26\/fgts-de-quem-usou-saque-aniversario-sera-liberado-a-partir-de-6-de-marco-em-parcela-de-ate-r-3-mil\/#article\",\"isPartOf\":{\"@id\":\"https:\/\/jornaltimoneiro.com.br\/index.php\/2025\/02\/26\/fgts-de-quem-usou-saque-aniversario-sera-liberado-a-partir-de-6-de-marco-em-parcela-de-ate-r-3-mil\/\"},\"author\":{\"name\":\"Reda\u00e7\u00e3o\",\"@id\":\"https:\/\/jornaltimoneiro.com.br\/#\/schema\/person\/f63482f1a02b1a9592707865e509ab40\"},\"headline\":\"FGTS de quem usou saque-anivers\u00e1rio ser\u00e1 liberado a partir de 6 de mar\u00e7o em parcela de at\u00e9 R$ 3 mil\",\"datePublished\":\"2025-02-26T19:26:06+00:00\",\"dateModified\":\"2025-02-26T19:26:06+00:00\",\"mainEntityOfPage\":{\"@id\":\"https:\/\/jornaltimoneiro.com.br\/index.php\/2025\/02\/26\/fgts-de-quem-usou-saque-aniversario-sera-liberado-a-partir-de-6-de-marco-em-parcela-de-ate-r-3-mil\/\"},\"wordCount\":155,\"commentCount\":0,\"publisher\":{\"@id\":\"https:\/\/jornaltimoneiro.com.br\/#organization\"},\"keywords\":[\"dinheiro\",\"featured\",\"FGTS\",\"Governo Federal\",\"saque-anivers\u00e1rio\"],\"articleSection\":[\"Economia\"],\"inLanguage\":\"pt-BR\",\"potentialAction\":[{\"@type\":\"CommentAction\",\"name\":\"Comment\",\"target\":[\"https:\/\/jornaltimoneiro.com.br\/index.php\/2025\/02\/26\/fgts-de-quem-usou-saque-aniversario-sera-liberado-a-partir-de-6-de-marco-em-parcela-de-ate-r-3-mil\/#respond\"]}]},{\"@type\":\"WebPage\",\"@id\":\"https:\/\/jornaltimoneiro.com.br\/index.php\/2025\/02\/26\/fgts-de-quem-usou-saque-aniversario-sera-liberado-a-partir-de-6-de-marco-em-parcela-de-ate-r-3-mil\/\",\"url\":\"https:\/\/jornaltimoneiro.com.br\/index.php\/2025\/02\/26\/fgts-de-quem-usou-saque-aniversario-sera-liberado-a-partir-de-6-de-marco-em-parcela-de-ate-r-3-mil\/\",\"name\":\"FGTS de quem usou saque-anivers\u00e1rio ser\u00e1 liberado a partir de 6 de mar\u00e7o em parcela de at\u00e9 R$ 3 mil - O Timoneiro Jornal Canoas RS\",\"isPartOf\":{\"@id\":\"https:\/\/jornaltimoneiro.com.br\/#website\"},\"datePublished\":\"2025-02-26T19:26:06+00:00\",\"dateModified\":\"2025-02-26T19:26:06+00:00\",\"description\":\"O governo federal editar\u00e1 uma Medida Provis\u00f3ria na pr\u00f3xima sexta-feira, 28, para liberar recursos do FGTS para 12,1 milh\u00f5es de trabalhadores\",\"breadcrumb\":{\"@id\":\"https:\/\/jornaltimoneiro.com.br\/index.php\/2025\/02\/26\/fgts-de-quem-usou-saque-aniversario-sera-liberado-a-partir-de-6-de-marco-em-parcela-de-ate-r-3-mil\/#breadcrumb\"},\"inLanguage\":\"pt-BR\",\"potentialAction\":[{\"@type\":\"ReadAction\",\"target\":[\"https:\/\/jornaltimoneiro.com.br\/index.php\/2025\/02\/26\/fgts-de-quem-usou-saque-aniversario-sera-liberado-a-partir-de-6-de-marco-em-parcela-de-ate-r-3-mil\/\"]}]},{\"@type\":\"BreadcrumbList\",\"@id\":\"https:\/\/jornaltimoneiro.com.br\/index.php\/2025\/02\/26\/fgts-de-quem-usou-saque-aniversario-sera-liberado-a-partir-de-6-de-marco-em-parcela-de-ate-r-3-mil\/#breadcrumb\",\"itemListElement\":[{\"@type\":\"ListItem\",\"position\":1,\"name\":\"In\u00edcio\",\"item\":\"https:\/\/jornaltimoneiro.com.br\/\"},{\"@type\":\"ListItem\",\"position\":2,\"name\":\"FGTS de quem usou saque-anivers\u00e1rio ser\u00e1 liberado a partir de 6 de mar\u00e7o em parcela de at\u00e9 R$ 3 mil\"}]},{\"@type\":\"WebSite\",\"@id\":\"https:\/\/jornaltimoneiro.com.br\/#website\",\"url\":\"https:\/\/jornaltimoneiro.com.br\/\",\"name\":\"Jornal Timoneiro Canoas RS\",\"description\":\"Jornal O Timoneiro, o verdadeiro jornal de Canoas\",\"publisher\":{\"@id\":\"https:\/\/jornaltimoneiro.com.br\/#organization\"},\"potentialAction\":[{\"@type\":\"SearchAction\",\"target\":{\"@type\":\"EntryPoint\",\"urlTemplate\":\"https:\/\/jornaltimoneiro.com.br\/?s={search_term_string}\"},\"query-input\":\"required name=search_term_string\"}],\"inLanguage\":\"pt-BR\"},{\"@type\":\"Organization\",\"@id\":\"https:\/\/jornaltimoneiro.com.br\/#organization\",\"name\":\"Jornal Timoneiro Canoas RS\",\"url\":\"https:\/\/jornaltimoneiro.com.br\/\",\"logo\":{\"@type\":\"ImageObject\",\"inLanguage\":\"pt-BR\",\"@id\":\"https:\/\/jornaltimoneiro.com.br\/#\/schema\/logo\/image\/\",\"url\":\"https:\/\/jornaltimoneiro.com.br\/wp-content\/uploads\/2023\/03\/logonovo.png\",\"contentUrl\":\"https:\/\/jornaltimoneiro.com.br\/wp-content\/uploads\/2023\/03\/logonovo.png\",\"width\":\"469\",\"height\":\"171\",\"caption\":\"Jornal Timoneiro Canoas RS\"},\"image\":{\"@id\":\"https:\/\/jornaltimoneiro.com.br\/#\/schema\/logo\/image\/\"},\"sameAs\":[\"https:\/\/www.facebook.com\/jornaltimoneiro\",\"https:\/\/twitter.com\/_OTimoneiro\",\"https:\/\/www.instagram.com\/jornaltimoneirocanoas\/\",\"https:\/\/www.youtube.com\/@jornalotimoneiro7927\"]},{\"@type\":\"Person\",\"@id\":\"https:\/\/jornaltimoneiro.com.br\/#\/schema\/person\/f63482f1a02b1a9592707865e509ab40\",\"name\":\"Reda\u00e7\u00e3o\",\"image\":{\"@type\":\"ImageObject\",\"inLanguage\":\"pt-BR\",\"@id\":\"https:\/\/jornaltimoneiro.com.br\/#\/schema\/person\/image\/\",\"url\":\"https:\/\/jornaltimoneiro.com.br\/wp-content\/uploads\/2023\/03\/download.jpeg\",\"contentUrl\":\"https:\/\/jornaltimoneiro.com.br\/wp-content\/uploads\/2023\/03\/download.jpeg\",\"caption\":\"Reda\u00e7\u00e3o\"},\"url\":\"https:\/\/jornaltimoneiro.com.br\/index.php\/author\/simone-dutra\/\"}]}<\/script>\n<!-- \/ Yoast SEO plugin. -->","yoast_head_json":{"title":"FGTS de quem usou saque-anivers\u00e1rio ser\u00e1 liberado a partir de 6 de mar\u00e7o em parcela de at\u00e9 R$ 3 mil - O Timoneiro Jornal Canoas RS","description":"O governo federal editar\u00e1 uma Medida Provis\u00f3ria na pr\u00f3xima sexta-feira, 28, para liberar recursos do FGTS para 12,1 milh\u00f5es de trabalhadores","robots":{"index":"index","follow":"follow","max-snippet":"max-snippet:-1","max-image-preview":"max-image-preview:large","max-video-preview":"max-video-preview:-1"},"canonical":"https:\/\/jornaltimoneiro.com.br\/index.php\/2025\/02\/26\/fgts-de-quem-usou-saque-aniversario-sera-liberado-a-partir-de-6-de-marco-em-parcela-de-ate-r-3-mil\/","og_locale":"pt_BR","og_type":"article","og_title":"FGTS de quem usou saque-anivers\u00e1rio ser\u00e1 liberado a partir de 6 de mar\u00e7o em parcela de at\u00e9 R$ 3 mil - O Timoneiro Jornal Canoas RS","og_description":"O governo federal editar\u00e1 uma Medida Provis\u00f3ria na pr\u00f3xima sexta-feira, 28, para liberar recursos do FGTS para 12,1 milh\u00f5es de trabalhadores","og_url":"https:\/\/jornaltimoneiro.com.br\/index.php\/2025\/02\/26\/fgts-de-quem-usou-saque-aniversario-sera-liberado-a-partir-de-6-de-marco-em-parcela-de-ate-r-3-mil\/","og_site_name":"O Timoneiro Jornal Canoas RS","article_publisher":"https:\/\/www.facebook.com\/jornaltimoneiro","article_published_time":"2025-02-26T19:26:06+00:00","og_image":[{"width":"1024","height":"768","url":"https:\/\/jornaltimoneiro.com.br\/wp-content\/uploads\/2023\/05\/dinheiro.jpg","type":"image\/jpeg"}],"author":"Reda\u00e7\u00e3o","twitter_card":"summary_large_image","twitter_creator":"@_OTimoneiro","twitter_site":"@_OTimoneiro","twitter_misc":{"Escrito por":"Reda\u00e7\u00e3o","Est. tempo de leitura":"1 minuto"},"schema":{"@context":"https:\/\/schema.org","@graph":[{"@type":"Article","@id":"https:\/\/jornaltimoneiro.com.br\/index.php\/2025\/02\/26\/fgts-de-quem-usou-saque-aniversario-sera-liberado-a-partir-de-6-de-marco-em-parcela-de-ate-r-3-mil\/#article","isPartOf":{"@id":"https:\/\/jornaltimoneiro.com.br\/index.php\/2025\/02\/26\/fgts-de-quem-usou-saque-aniversario-sera-liberado-a-partir-de-6-de-marco-em-parcela-de-ate-r-3-mil\/"},"author":{"name":"Reda\u00e7\u00e3o","@id":"https:\/\/jornaltimoneiro.com.br\/#\/schema\/person\/f63482f1a02b1a9592707865e509ab40"},"headline":"FGTS de quem usou saque-anivers\u00e1rio ser\u00e1 liberado a partir de 6 de mar\u00e7o em parcela de at\u00e9 R$ 3 mil","datePublished":"2025-02-26T19:26:06+00:00","dateModified":"2025-02-26T19:26:06+00:00","mainEntityOfPage":{"@id":"https:\/\/jornaltimoneiro.com.br\/index.php\/2025\/02\/26\/fgts-de-quem-usou-saque-aniversario-sera-liberado-a-partir-de-6-de-marco-em-parcela-de-ate-r-3-mil\/"},"wordCount":155,"commentCount":0,"publisher":{"@id":"https:\/\/jornaltimoneiro.com.br\/#organization"},"keywords":["dinheiro","featured","FGTS","Governo Federal","saque-anivers\u00e1rio"],"articleSection":["Economia"],"inLanguage":"pt-BR","potentialAction":[{"@type":"CommentAction","name":"Comment","target":["https:\/\/jornaltimoneiro.com.br\/index.php\/2025\/02\/26\/fgts-de-quem-usou-saque-aniversario-sera-liberado-a-partir-de-6-de-marco-em-parcela-de-ate-r-3-mil\/#respond"]}]},{"@type":"WebPage","@id":"https:\/\/jornaltimoneiro.com.br\/index.php\/2025\/02\/26\/fgts-de-quem-usou-saque-aniversario-sera-liberado-a-partir-de-6-de-marco-em-parcela-de-ate-r-3-mil\/","url":"https:\/\/jornaltimoneiro.com.br\/index.php\/2025\/02\/26\/fgts-de-quem-usou-saque-aniversario-sera-liberado-a-partir-de-6-de-marco-em-parcela-de-ate-r-3-mil\/","name":"FGTS de quem usou saque-anivers\u00e1rio ser\u00e1 liberado a partir de 6 de mar\u00e7o em parcela de at\u00e9 R$ 3 mil - O Timoneiro Jornal Canoas RS","isPartOf":{"@id":"https:\/\/jornaltimoneiro.com.br\/#website"},"datePublished":"2025-02-26T19:26:06+00:00","dateModified":"2025-02-26T19:26:06+00:00","description":"O governo federal editar\u00e1 uma Medida Provis\u00f3ria na pr\u00f3xima sexta-feira, 28, para liberar recursos do FGTS para 12,1 milh\u00f5es de trabalhadores","breadcrumb":{"@id":"https:\/\/jornaltimoneiro.com.br\/index.php\/2025\/02\/26\/fgts-de-quem-usou-saque-aniversario-sera-liberado-a-partir-de-6-de-marco-em-parcela-de-ate-r-3-mil\/#breadcrumb"},"inLanguage":"pt-BR","potentialAction":[{"@type":"ReadAction","target":["https:\/\/jornaltimoneiro.com.br\/index.php\/2025\/02\/26\/fgts-de-quem-usou-saque-aniversario-sera-liberado-a-partir-de-6-de-marco-em-parcela-de-ate-r-3-mil\/"]}]},{"@type":"BreadcrumbList","@id":"https:\/\/jornaltimoneiro.com.br\/index.php\/2025\/02\/26\/fgts-de-quem-usou-saque-aniversario-sera-liberado-a-partir-de-6-de-marco-em-parcela-de-ate-r-3-mil\/#breadcrumb","itemListElement":[{"@type":"ListItem","position":1,"name":"In\u00edcio","item":"https:\/\/jornaltimoneiro.com.br\/"},{"@type":"ListItem","position":2,"name":"FGTS de quem usou saque-anivers\u00e1rio ser\u00e1 liberado a partir de 6 de mar\u00e7o em parcela de at\u00e9 R$ 3 mil"}]},{"@type":"WebSite","@id":"https:\/\/jornaltimoneiro.com.br\/#website","url":"https:\/\/jornaltimoneiro.com.br\/","name":"Jornal Timoneiro Canoas RS","description":"Jornal O Timoneiro, o verdadeiro jornal de Canoas","publisher":{"@id":"https:\/\/jornaltimoneiro.com.br\/#organization"},"potentialAction":[{"@type":"SearchAction","target":{"@type":"EntryPoint","urlTemplate":"https:\/\/jornaltimoneiro.com.br\/?s={search_term_string}"},"query-input":"required name=search_term_string"}],"inLanguage":"pt-BR"},{"@type":"Organization","@id":"https:\/\/jornaltimoneiro.com.br\/#organization","name":"Jornal Timoneiro Canoas RS","url":"https:\/\/jornaltimoneiro.com.br\/","logo":{"@type":"ImageObject","inLanguage":"pt-BR","@id":"https:\/\/jornaltimoneiro.com.br\/#\/schema\/logo\/image\/","url":"https:\/\/jornaltimoneiro.com.br\/wp-content\/uploads\/2023\/03\/logonovo.png","contentUrl":"https:\/\/jornaltimoneiro.com.br\/wp-content\/uploads\/2023\/03\/logonovo.png","width":"469","height":"171","caption":"Jornal Timoneiro Canoas RS"},"image":{"@id":"https:\/\/jornaltimoneiro.com.br\/#\/schema\/logo\/image\/"},"sameAs":["https:\/\/www.facebook.com\/jornaltimoneiro","https:\/\/twitter.com\/_OTimoneiro","https:\/\/www.instagram.com\/jornaltimoneirocanoas\/","https:\/\/www.youtube.com\/@jornalotimoneiro7927"]},{"@type":"Person","@id":"https:\/\/jornaltimoneiro.com.br\/#\/schema\/person\/f63482f1a02b1a9592707865e509ab40","name":"Reda\u00e7\u00e3o","image":{"@type":"ImageObject","inLanguage":"pt-BR","@id":"https:\/\/jornaltimoneiro.com.br\/#\/schema\/person\/image\/","url":"https:\/\/jornaltimoneiro.com.br\/wp-content\/uploads\/2023\/03\/download.jpeg","contentUrl":"https:\/\/jornaltimoneiro.com.br\/wp-content\/uploads\/2023\/03\/download.jpeg","caption":"Reda\u00e7\u00e3o"},"url":"https:\/\/jornaltimoneiro.com.br\/index.php\/author\/simone-dutra\/"}]}},"_links":{"self":[{"href":"https:\/\/jornaltimoneiro.com.br\/index.php\/wp-json\/wp\/v2\/posts\/34013"}],"collection":[{"href":"https:\/\/jornaltimoneiro.com.br\/index.php\/wp-json\/wp\/v2\/posts"}],"about":[{"href":"https:\/\/jornaltimoneiro.com.br\/index.php\/wp-json\/wp\/v2\/types\/post"}],"author":[{"embeddable":true,"href":"https:\/\/jornaltimoneiro.com.br\/index.php\/wp-json\/wp\/v2\/users\/2"}],"replies":[{"embeddable":true,"href":"https:\/\/jornaltimoneiro.com.br\/index.php\/wp-json\/wp\/v2\/comments?post=34013"}],"version-history":[{"count":1,"href":"https:\/\/jornaltimoneiro.com.br\/index.php\/wp-json\/wp\/v2\/posts\/34013\/revisions"}],"predecessor-version":[{"id":34014,"href":"https:\/\/jornaltimoneiro.com.br\/index.php\/wp-json\/wp\/v2\/posts\/34013\/revisions\/34014"}],"wp:featuredmedia":[{"embeddable":true,"href":"https:\/\/jornaltimoneiro.com.br\/index.php\/wp-json\/wp\/v2\/media\/24219"}],"wp:attachment":[{"href":"https:\/\/jornaltimoneiro.com.br\/index.php\/wp-json\/wp\/v2\/media?parent=34013"}],"wp:term":[{"taxonomy":"category","embeddable":true,"href":"https:\/\/jornaltimoneiro.com.br\/index.php\/wp-json\/wp\/v2\/categories?post=34013"},{"taxonomy":"post_tag","embeddable":true,"href":"https:\/\/jornaltimoneiro.com.br\/index.php\/wp-json\/wp\/v2\/tags?post=34013"}],"curies":[{"name":"wp","href":"https:\/\/api.w.org\/{rel}","templated":true}]}}