{"id":33984,"date":"2025-02-25T13:51:03","date_gmt":"2025-02-25T16:51:03","guid":{"rendered":"https:\/\/jornaltimoneiro.com.br\/?p=33984"},"modified":"2025-02-25T13:51:03","modified_gmt":"2025-02-25T16:51:03","slug":"evento-na-ufrgs-debate-enchentes-no-rs-e-mudanca-climatica","status":"publish","type":"post","link":"https:\/\/jornaltimoneiro.com.br\/index.php\/2025\/02\/25\/evento-na-ufrgs-debate-enchentes-no-rs-e-mudanca-climatica\/","title":{"rendered":"Evento na UFRGS debate enchentes no RS e mudan\u00e7a clim\u00e1tica"},"content":{"rendered":"<p>Com a presen\u00e7a da economista Sara Ahmed, conselheira do V20, grupo de pa\u00edses mais vulner\u00e1veis \u00e0s mudan\u00e7as do clima, e da diretora de Pol\u00edticas para Adapta\u00e7\u00e3o e Resili\u00eancia \u00e0 Mudan\u00e7a do Clima do Minist\u00e9rio do Meio Ambiente, Inamara M\u00e9lo, realiza-se, em 14 de mar\u00e7o (sexta-feira), a partir das 9 horas, a Confer\u00eancia Cient\u00edfica de encerramento do projeto RS:Resili\u00eancia&amp;<wbr \/>Sustentabilidade, promovido pela ent\u00e3o Secretaria para Apoio \u00e0 Reconstru\u00e7\u00e3o do RS (SERS), do governo federal, em coopera\u00e7\u00e3o com a Funda\u00e7\u00e3o Escola de Sociologia e Pol\u00edtica de S\u00e3o Paulo (<a href=\"https:\/\/fespsp.org.br\/\" target=\"_blank\" rel=\"noopener\" data-saferedirecturl=\"https:\/\/www.google.com\/url?q=https:\/\/fespsp.org.br\/&amp;source=gmail&amp;ust=1740587166229000&amp;usg=AOvVaw0i3xJhK0hz2vUSgGAvm9UG\">FESPSP<\/a>).<\/p>\n<h4><strong>Projeto<\/strong><\/h4>\n<p>Maneco Hassen, que foi secret\u00e1rio-executivo da SERS e atualmente chefia o escrit\u00f3rio de representa\u00e7\u00e3o do governo federal no RS, explica que o projeto foi pensado para servir como um legado de reflex\u00f5es sobre as perspectivas do RS frente \u00e0 nova realidade de mudan\u00e7as clim\u00e1ticas.<\/p>\n<blockquote><p>\u201cO desastre que vivemos h\u00e1 quase um ano foi paradigm\u00e1tico de uma mudan\u00e7a de era. Existem v\u00e1rios ind\u00edcios de que a mudan\u00e7a do clima j\u00e1 est\u00e1 interferindo em v\u00e1rios aspectos da vida das pessoas e da economia ga\u00facha. \u00c9 preciso pensar sobre isso e n\u00e3o ter medo de assumir as condutas necess\u00e1rias para enfrentar esse problema, sempre com foco nas pessoas e na sociedade\u201d, diz.<\/p><\/blockquote>\n<p>Para Maneco, os cientistas precisam ser chamados a investigar, refletir e falar, apontando caminhos de supera\u00e7\u00e3o dos danos potenciais desta nova realidade do clima.<\/p>\n<blockquote><p>\u201cEssa \u00e9 um pouco a s\u00edntese desse projeto, que iniciamos ainda na SERS e que est\u00e1 gerando os seus resultados agora. O mais importante, eu acho, \u00e9 que s\u00e3o cientistas ga\u00fachos, professores em nossas universidades federais, que est\u00e3o falando\u201d, arremata.<\/p><\/blockquote>\n<p>Ricardo Pereira, diretor de projetos da FESPSP, relata que o envolvimento da funda\u00e7\u00e3o paulista para cooperar com a SERS, ocorre em fun\u00e7\u00e3o da relev\u00e2ncia social e ambiental de um problema de car\u00e1ter regional, com repercuss\u00e3o nacional.<\/p>\n<blockquote><p>\u201cA FESPSP, possui expertise nesta \u00e1rea e n\u00e3o poderia deixar de contribuir para ajudar a buscar solu\u00e7\u00f5es que possam mitigar os problemas ambientais urbanos\u201d, diz.<\/p><\/blockquote>\n<p>Conforme o diretor da FESPSP, os estudos desenvolvidos pelos professores das universidades federais do RS tratam da realidade regional, mas t\u00eam grande valia para o pa\u00eds e para o mundo.<\/p>\n<blockquote><p>\u201cS\u00e3o estudos sobre quest\u00f5es espec\u00edficas do RS, mas que revelam uma nova realidade que poder\u00e1 se manifestar em qualquer estado e mesmo em qualquer pa\u00eds. Entender a mudan\u00e7a clim\u00e1tica e pesquisar medidas para mitigar ou mesmo evitar a amplia\u00e7\u00e3o dos desastres, \u00e9 fundamental para todos. As mudan\u00e7as do clima s\u00e3o um problema global e est\u00e3o sendo sentidas, em maior ou menor grau, em todas as regi\u00f5es\u201d, argumenta.<\/p><\/blockquote>\n<p>De acordo com Pereira, a coopera\u00e7\u00e3o da FESPSP neste projeto deu-se a partir de sua experi\u00eancia anterior nas \u00e1reas ambiental e de saneamento e, conjugada com a participa\u00e7\u00e3o de universidades ga\u00fachas, foi a maneira que a institui\u00e7\u00e3o de estudo e pesquisa de S\u00e3o Paulo encontrou para ajudar concretamente o RS frente \u00e0 trag\u00e9dia das enchentes de 2024.<\/p>\n<blockquote><p>\u201cQuando conhecemos o projeto, n\u00e3o hesitamos. A reflex\u00e3o e a pesquisa s\u00e3o nosso campo de atua\u00e7\u00e3o\u201d, conclui.<\/p><\/blockquote>\n<p>O projeto subsidiou linhas de pesquisas j\u00e1 existentes nas universidades federais com sede no Rio Grande do Sul, contou com o apoio das reitorias para a escolha e foi financiado atrav\u00e9s de uma doa\u00e7\u00e3o dirigida \u00e0 FESPSP pela\u00a0<a href=\"https:\/\/www.opensocietyfoundations.org\/\" target=\"_blank\" rel=\"noopener\" data-saferedirecturl=\"https:\/\/www.google.com\/url?q=https:\/\/www.opensocietyfoundations.org\/&amp;source=gmail&amp;ust=1740587166229000&amp;usg=AOvVaw1vraRZUxaa8w1rxTZ3Vh6W\">Open Society Foundations<\/a>, institui\u00e7\u00e3o global de filantropia privada que apoia grupos independentes que trabalham pela justi\u00e7a, governan\u00e7a democr\u00e1tica e direitos humanos.<\/p>\n<blockquote><p>\u201cFizemos um processo de busca ativa\u201d, explica Jo\u00e3o Ferrer, um dos consultores dedicados ao projeto.<\/p>\n<p>\u201cPrimeiro, reunimos com as reitorias, explicamos os objetivos do projeto e fizemos uma lista de pesquisas que estavam sendo realizadas sobre a tem\u00e1tica da mudan\u00e7a clim\u00e1tica ou especificamente sobre as cheias. Ap\u00f3s essa fase, representantes da SERS e da FESPSP escolheram 10 pesquisas para serem subsidiadas, com o compromisso que fossem apresentadas, num prazo de seis meses, em formato de\u00a0<i>Policy Papers<\/i>. Esses artigos foram compilados e compor\u00e3o um livro, que ser\u00e1 entregue durante o evento e, depois, disponibilizado para pesquisadores, gestores e outros interessados na tem\u00e1tica\u201d, complementa.<\/p><\/blockquote>\n<h4><strong>Evento<\/strong><\/h4>\n<p>A Confer\u00eancia Cient\u00edfica de encerramento do projeto ocorrer\u00e1 durante todo o dia 14 de mar\u00e7o (sexta-feira), no sal\u00e3o de atos da UFRGS, e contar\u00e1 com um painel de abertura com uma das principais autoridades mundiais em mudan\u00e7as do clima, a economista filipina Sara Ahmed, conselheira do V20.<\/p>\n<p>Estar\u00e1 presente, tamb\u00e9m, para o painel de encerramento, a diretora de Pol\u00edticas para Adapta\u00e7\u00e3o e Resili\u00eancia \u00e0 Mudan\u00e7a do Clima do Minist\u00e9rio do Meio Ambiente, Inamara M\u00e9lo, ex-secret\u00e1ria de Meio Ambiente de Pernambuco. Entre a abertura e o encerramento, os professores pesquisadores apresentar\u00e3o seus artigos para o p\u00fablico presente.<\/p>\n<p>A programa\u00e7\u00e3o completa pode ser acessada no site\u00a0<a href=\"http:\/\/rs-resiliente.com.br\/\" target=\"_blank\" rel=\"noopener\" data-saferedirecturl=\"https:\/\/www.google.com\/url?q=http:\/\/rs-resiliente.com.br&amp;source=gmail&amp;ust=1740587166229000&amp;usg=AOvVaw3LIHavKmiMX1kt-e4vR0W8\">rs-resiliente.com.br<\/a>, onde \u00e9 poss\u00edvel, tamb\u00e9m, realizar a inscri\u00e7\u00e3o, que \u00e9 gratuita.<\/p>\n","protected":false},"excerpt":{"rendered":"<p>Com a presen\u00e7a da economista Sara Ahmed, conselheira do V20, grupo de pa\u00edses mais vulner\u00e1veis \u00e0s mudan\u00e7as do clima, e da diretora de Pol\u00edticas para Adapta\u00e7\u00e3o e Resili\u00eancia \u00e0 Mudan\u00e7a do Clima do Minist\u00e9rio do Meio Ambiente, Inamara M\u00e9lo, realiza-se, em 14 de mar\u00e7o (sexta-feira), a partir das 9 horas, a Confer\u00eancia Cient\u00edfica de encerramento [&hellip;]<\/p>\n","protected":false},"author":2,"featured_media":33985,"comment_status":"open","ping_status":"open","sticky":false,"template":"","format":"standard","meta":{"amp_status":"","footnotes":""},"categories":[2193],"tags":[2856,791,4009,4008],"class_list":["post-33984","post","type-post","status-publish","format-standard","has-post-thumbnail","hentry","category-clima","tag-debate","tag-enchente","tag-mudanca-climatica","tag-ufrg"],"yoast_head":"<!-- This site is optimized with the Yoast SEO plugin v20.5 - https:\/\/yoast.com\/wordpress\/plugins\/seo\/ -->\n<title>Evento na UFRGS debate enchentes no RS e mudan\u00e7a clim\u00e1tica - O Timoneiro Jornal Canoas RS<\/title>\n<meta name=\"description\" content=\"Confer\u00eancia Cient\u00edfica de encerramento do projeto RS:Resili\u00eancia&amp;Sustentabilidade, promovido pela Secretaria para Apoio \u00e0 Reconstru\u00e7\u00e3o do RS\" \/>\n<meta name=\"robots\" content=\"index, follow, max-snippet:-1, max-image-preview:large, max-video-preview:-1\" \/>\n<link rel=\"canonical\" href=\"https:\/\/jornaltimoneiro.com.br\/index.php\/2025\/02\/25\/evento-na-ufrgs-debate-enchentes-no-rs-e-mudanca-climatica\/\" \/>\n<meta property=\"og:locale\" content=\"pt_BR\" \/>\n<meta property=\"og:type\" content=\"article\" \/>\n<meta property=\"og:title\" content=\"Evento na UFRGS debate enchentes no RS e mudan\u00e7a clim\u00e1tica - O Timoneiro Jornal Canoas RS\" \/>\n<meta property=\"og:description\" content=\"Confer\u00eancia Cient\u00edfica de encerramento do projeto RS:Resili\u00eancia&amp;Sustentabilidade, promovido pela Secretaria para Apoio \u00e0 Reconstru\u00e7\u00e3o do RS\" \/>\n<meta property=\"og:url\" content=\"https:\/\/jornaltimoneiro.com.br\/index.php\/2025\/02\/25\/evento-na-ufrgs-debate-enchentes-no-rs-e-mudanca-climatica\/\" \/>\n<meta property=\"og:site_name\" content=\"O Timoneiro Jornal Canoas RS\" \/>\n<meta property=\"article:publisher\" content=\"https:\/\/www.facebook.com\/jornaltimoneiro\" \/>\n<meta property=\"article:published_time\" content=\"2025-02-25T16:51:03+00:00\" \/>\n<meta property=\"og:image\" content=\"https:\/\/jornaltimoneiro.com.br\/wp-content\/uploads\/2025\/02\/Evento-na-UFRGS-debate-enchentes-no-RS-e-mudanca-climatica.jpeg\" \/>\n\t<meta property=\"og:image:width\" content=\"580\" \/>\n\t<meta property=\"og:image:height\" content=\"386\" \/>\n\t<meta property=\"og:image:type\" content=\"image\/jpeg\" \/>\n<meta name=\"author\" content=\"Reda\u00e7\u00e3o\" \/>\n<meta name=\"twitter:card\" content=\"summary_large_image\" \/>\n<meta name=\"twitter:creator\" content=\"@_OTimoneiro\" \/>\n<meta name=\"twitter:site\" content=\"@_OTimoneiro\" \/>\n<meta name=\"twitter:label1\" content=\"Escrito por\" \/>\n\t<meta name=\"twitter:data1\" content=\"Reda\u00e7\u00e3o\" \/>\n\t<meta name=\"twitter:label2\" content=\"Est. tempo de leitura\" \/>\n\t<meta name=\"twitter:data2\" content=\"5 minutos\" \/>\n<script type=\"application\/ld+json\" class=\"yoast-schema-graph\">{\"@context\":\"https:\/\/schema.org\",\"@graph\":[{\"@type\":\"Article\",\"@id\":\"https:\/\/jornaltimoneiro.com.br\/index.php\/2025\/02\/25\/evento-na-ufrgs-debate-enchentes-no-rs-e-mudanca-climatica\/#article\",\"isPartOf\":{\"@id\":\"https:\/\/jornaltimoneiro.com.br\/index.php\/2025\/02\/25\/evento-na-ufrgs-debate-enchentes-no-rs-e-mudanca-climatica\/\"},\"author\":{\"name\":\"Reda\u00e7\u00e3o\",\"@id\":\"https:\/\/jornaltimoneiro.com.br\/#\/schema\/person\/f63482f1a02b1a9592707865e509ab40\"},\"headline\":\"Evento na UFRGS debate enchentes no RS e mudan\u00e7a clim\u00e1tica\",\"datePublished\":\"2025-02-25T16:51:03+00:00\",\"dateModified\":\"2025-02-25T16:51:03+00:00\",\"mainEntityOfPage\":{\"@id\":\"https:\/\/jornaltimoneiro.com.br\/index.php\/2025\/02\/25\/evento-na-ufrgs-debate-enchentes-no-rs-e-mudanca-climatica\/\"},\"wordCount\":873,\"commentCount\":0,\"publisher\":{\"@id\":\"https:\/\/jornaltimoneiro.com.br\/#organization\"},\"keywords\":[\"debate\",\"enchente\",\"mudan\u00e7a clim\u00e1tica\",\"ufrg\"],\"articleSection\":[\"Clima\"],\"inLanguage\":\"pt-BR\",\"potentialAction\":[{\"@type\":\"CommentAction\",\"name\":\"Comment\",\"target\":[\"https:\/\/jornaltimoneiro.com.br\/index.php\/2025\/02\/25\/evento-na-ufrgs-debate-enchentes-no-rs-e-mudanca-climatica\/#respond\"]}]},{\"@type\":\"WebPage\",\"@id\":\"https:\/\/jornaltimoneiro.com.br\/index.php\/2025\/02\/25\/evento-na-ufrgs-debate-enchentes-no-rs-e-mudanca-climatica\/\",\"url\":\"https:\/\/jornaltimoneiro.com.br\/index.php\/2025\/02\/25\/evento-na-ufrgs-debate-enchentes-no-rs-e-mudanca-climatica\/\",\"name\":\"Evento na UFRGS debate enchentes no RS e mudan\u00e7a clim\u00e1tica - O Timoneiro Jornal Canoas RS\",\"isPartOf\":{\"@id\":\"https:\/\/jornaltimoneiro.com.br\/#website\"},\"datePublished\":\"2025-02-25T16:51:03+00:00\",\"dateModified\":\"2025-02-25T16:51:03+00:00\",\"description\":\"Confer\u00eancia Cient\u00edfica de encerramento do projeto RS:Resili\u00eancia&Sustentabilidade, promovido pela Secretaria para Apoio \u00e0 Reconstru\u00e7\u00e3o do RS\",\"breadcrumb\":{\"@id\":\"https:\/\/jornaltimoneiro.com.br\/index.php\/2025\/02\/25\/evento-na-ufrgs-debate-enchentes-no-rs-e-mudanca-climatica\/#breadcrumb\"},\"inLanguage\":\"pt-BR\",\"potentialAction\":[{\"@type\":\"ReadAction\",\"target\":[\"https:\/\/jornaltimoneiro.com.br\/index.php\/2025\/02\/25\/evento-na-ufrgs-debate-enchentes-no-rs-e-mudanca-climatica\/\"]}]},{\"@type\":\"BreadcrumbList\",\"@id\":\"https:\/\/jornaltimoneiro.com.br\/index.php\/2025\/02\/25\/evento-na-ufrgs-debate-enchentes-no-rs-e-mudanca-climatica\/#breadcrumb\",\"itemListElement\":[{\"@type\":\"ListItem\",\"position\":1,\"name\":\"In\u00edcio\",\"item\":\"https:\/\/jornaltimoneiro.com.br\/\"},{\"@type\":\"ListItem\",\"position\":2,\"name\":\"Evento na UFRGS debate enchentes no RS e mudan\u00e7a clim\u00e1tica\"}]},{\"@type\":\"WebSite\",\"@id\":\"https:\/\/jornaltimoneiro.com.br\/#website\",\"url\":\"https:\/\/jornaltimoneiro.com.br\/\",\"name\":\"Jornal Timoneiro Canoas RS\",\"description\":\"Jornal O Timoneiro, o verdadeiro jornal de Canoas\",\"publisher\":{\"@id\":\"https:\/\/jornaltimoneiro.com.br\/#organization\"},\"potentialAction\":[{\"@type\":\"SearchAction\",\"target\":{\"@type\":\"EntryPoint\",\"urlTemplate\":\"https:\/\/jornaltimoneiro.com.br\/?s={search_term_string}\"},\"query-input\":\"required name=search_term_string\"}],\"inLanguage\":\"pt-BR\"},{\"@type\":\"Organization\",\"@id\":\"https:\/\/jornaltimoneiro.com.br\/#organization\",\"name\":\"Jornal Timoneiro Canoas RS\",\"url\":\"https:\/\/jornaltimoneiro.com.br\/\",\"logo\":{\"@type\":\"ImageObject\",\"inLanguage\":\"pt-BR\",\"@id\":\"https:\/\/jornaltimoneiro.com.br\/#\/schema\/logo\/image\/\",\"url\":\"https:\/\/jornaltimoneiro.com.br\/wp-content\/uploads\/2023\/03\/logonovo.png\",\"contentUrl\":\"https:\/\/jornaltimoneiro.com.br\/wp-content\/uploads\/2023\/03\/logonovo.png\",\"width\":\"469\",\"height\":\"171\",\"caption\":\"Jornal Timoneiro Canoas RS\"},\"image\":{\"@id\":\"https:\/\/jornaltimoneiro.com.br\/#\/schema\/logo\/image\/\"},\"sameAs\":[\"https:\/\/www.facebook.com\/jornaltimoneiro\",\"https:\/\/twitter.com\/_OTimoneiro\",\"https:\/\/www.instagram.com\/jornaltimoneirocanoas\/\",\"https:\/\/www.youtube.com\/@jornalotimoneiro7927\"]},{\"@type\":\"Person\",\"@id\":\"https:\/\/jornaltimoneiro.com.br\/#\/schema\/person\/f63482f1a02b1a9592707865e509ab40\",\"name\":\"Reda\u00e7\u00e3o\",\"image\":{\"@type\":\"ImageObject\",\"inLanguage\":\"pt-BR\",\"@id\":\"https:\/\/jornaltimoneiro.com.br\/#\/schema\/person\/image\/\",\"url\":\"https:\/\/jornaltimoneiro.com.br\/wp-content\/uploads\/2023\/03\/download.jpeg\",\"contentUrl\":\"https:\/\/jornaltimoneiro.com.br\/wp-content\/uploads\/2023\/03\/download.jpeg\",\"caption\":\"Reda\u00e7\u00e3o\"},\"url\":\"https:\/\/jornaltimoneiro.com.br\/index.php\/author\/simone-dutra\/\"}]}<\/script>\n<!-- \/ Yoast SEO plugin. -->","yoast_head_json":{"title":"Evento na UFRGS debate enchentes no RS e mudan\u00e7a clim\u00e1tica - O Timoneiro Jornal Canoas RS","description":"Confer\u00eancia Cient\u00edfica de encerramento do projeto RS:Resili\u00eancia&Sustentabilidade, promovido pela Secretaria para Apoio \u00e0 Reconstru\u00e7\u00e3o do RS","robots":{"index":"index","follow":"follow","max-snippet":"max-snippet:-1","max-image-preview":"max-image-preview:large","max-video-preview":"max-video-preview:-1"},"canonical":"https:\/\/jornaltimoneiro.com.br\/index.php\/2025\/02\/25\/evento-na-ufrgs-debate-enchentes-no-rs-e-mudanca-climatica\/","og_locale":"pt_BR","og_type":"article","og_title":"Evento na UFRGS debate enchentes no RS e mudan\u00e7a clim\u00e1tica - O Timoneiro Jornal Canoas RS","og_description":"Confer\u00eancia Cient\u00edfica de encerramento do projeto RS:Resili\u00eancia&Sustentabilidade, promovido pela Secretaria para Apoio \u00e0 Reconstru\u00e7\u00e3o do RS","og_url":"https:\/\/jornaltimoneiro.com.br\/index.php\/2025\/02\/25\/evento-na-ufrgs-debate-enchentes-no-rs-e-mudanca-climatica\/","og_site_name":"O Timoneiro Jornal Canoas RS","article_publisher":"https:\/\/www.facebook.com\/jornaltimoneiro","article_published_time":"2025-02-25T16:51:03+00:00","og_image":[{"width":"580","height":"386","url":"https:\/\/jornaltimoneiro.com.br\/wp-content\/uploads\/2025\/02\/Evento-na-UFRGS-debate-enchentes-no-RS-e-mudanca-climatica.jpeg","type":"image\/jpeg"}],"author":"Reda\u00e7\u00e3o","twitter_card":"summary_large_image","twitter_creator":"@_OTimoneiro","twitter_site":"@_OTimoneiro","twitter_misc":{"Escrito por":"Reda\u00e7\u00e3o","Est. tempo de leitura":"5 minutos"},"schema":{"@context":"https:\/\/schema.org","@graph":[{"@type":"Article","@id":"https:\/\/jornaltimoneiro.com.br\/index.php\/2025\/02\/25\/evento-na-ufrgs-debate-enchentes-no-rs-e-mudanca-climatica\/#article","isPartOf":{"@id":"https:\/\/jornaltimoneiro.com.br\/index.php\/2025\/02\/25\/evento-na-ufrgs-debate-enchentes-no-rs-e-mudanca-climatica\/"},"author":{"name":"Reda\u00e7\u00e3o","@id":"https:\/\/jornaltimoneiro.com.br\/#\/schema\/person\/f63482f1a02b1a9592707865e509ab40"},"headline":"Evento na UFRGS debate enchentes no RS e mudan\u00e7a clim\u00e1tica","datePublished":"2025-02-25T16:51:03+00:00","dateModified":"2025-02-25T16:51:03+00:00","mainEntityOfPage":{"@id":"https:\/\/jornaltimoneiro.com.br\/index.php\/2025\/02\/25\/evento-na-ufrgs-debate-enchentes-no-rs-e-mudanca-climatica\/"},"wordCount":873,"commentCount":0,"publisher":{"@id":"https:\/\/jornaltimoneiro.com.br\/#organization"},"keywords":["debate","enchente","mudan\u00e7a clim\u00e1tica","ufrg"],"articleSection":["Clima"],"inLanguage":"pt-BR","potentialAction":[{"@type":"CommentAction","name":"Comment","target":["https:\/\/jornaltimoneiro.com.br\/index.php\/2025\/02\/25\/evento-na-ufrgs-debate-enchentes-no-rs-e-mudanca-climatica\/#respond"]}]},{"@type":"WebPage","@id":"https:\/\/jornaltimoneiro.com.br\/index.php\/2025\/02\/25\/evento-na-ufrgs-debate-enchentes-no-rs-e-mudanca-climatica\/","url":"https:\/\/jornaltimoneiro.com.br\/index.php\/2025\/02\/25\/evento-na-ufrgs-debate-enchentes-no-rs-e-mudanca-climatica\/","name":"Evento na UFRGS debate enchentes no RS e mudan\u00e7a clim\u00e1tica - O Timoneiro Jornal Canoas RS","isPartOf":{"@id":"https:\/\/jornaltimoneiro.com.br\/#website"},"datePublished":"2025-02-25T16:51:03+00:00","dateModified":"2025-02-25T16:51:03+00:00","description":"Confer\u00eancia Cient\u00edfica de encerramento do projeto RS:Resili\u00eancia&Sustentabilidade, promovido pela Secretaria para Apoio \u00e0 Reconstru\u00e7\u00e3o do RS","breadcrumb":{"@id":"https:\/\/jornaltimoneiro.com.br\/index.php\/2025\/02\/25\/evento-na-ufrgs-debate-enchentes-no-rs-e-mudanca-climatica\/#breadcrumb"},"inLanguage":"pt-BR","potentialAction":[{"@type":"ReadAction","target":["https:\/\/jornaltimoneiro.com.br\/index.php\/2025\/02\/25\/evento-na-ufrgs-debate-enchentes-no-rs-e-mudanca-climatica\/"]}]},{"@type":"BreadcrumbList","@id":"https:\/\/jornaltimoneiro.com.br\/index.php\/2025\/02\/25\/evento-na-ufrgs-debate-enchentes-no-rs-e-mudanca-climatica\/#breadcrumb","itemListElement":[{"@type":"ListItem","position":1,"name":"In\u00edcio","item":"https:\/\/jornaltimoneiro.com.br\/"},{"@type":"ListItem","position":2,"name":"Evento na UFRGS debate enchentes no RS e mudan\u00e7a clim\u00e1tica"}]},{"@type":"WebSite","@id":"https:\/\/jornaltimoneiro.com.br\/#website","url":"https:\/\/jornaltimoneiro.com.br\/","name":"Jornal Timoneiro Canoas RS","description":"Jornal O Timoneiro, o verdadeiro jornal de Canoas","publisher":{"@id":"https:\/\/jornaltimoneiro.com.br\/#organization"},"potentialAction":[{"@type":"SearchAction","target":{"@type":"EntryPoint","urlTemplate":"https:\/\/jornaltimoneiro.com.br\/?s={search_term_string}"},"query-input":"required name=search_term_string"}],"inLanguage":"pt-BR"},{"@type":"Organization","@id":"https:\/\/jornaltimoneiro.com.br\/#organization","name":"Jornal Timoneiro Canoas RS","url":"https:\/\/jornaltimoneiro.com.br\/","logo":{"@type":"ImageObject","inLanguage":"pt-BR","@id":"https:\/\/jornaltimoneiro.com.br\/#\/schema\/logo\/image\/","url":"https:\/\/jornaltimoneiro.com.br\/wp-content\/uploads\/2023\/03\/logonovo.png","contentUrl":"https:\/\/jornaltimoneiro.com.br\/wp-content\/uploads\/2023\/03\/logonovo.png","width":"469","height":"171","caption":"Jornal Timoneiro Canoas RS"},"image":{"@id":"https:\/\/jornaltimoneiro.com.br\/#\/schema\/logo\/image\/"},"sameAs":["https:\/\/www.facebook.com\/jornaltimoneiro","https:\/\/twitter.com\/_OTimoneiro","https:\/\/www.instagram.com\/jornaltimoneirocanoas\/","https:\/\/www.youtube.com\/@jornalotimoneiro7927"]},{"@type":"Person","@id":"https:\/\/jornaltimoneiro.com.br\/#\/schema\/person\/f63482f1a02b1a9592707865e509ab40","name":"Reda\u00e7\u00e3o","image":{"@type":"ImageObject","inLanguage":"pt-BR","@id":"https:\/\/jornaltimoneiro.com.br\/#\/schema\/person\/image\/","url":"https:\/\/jornaltimoneiro.com.br\/wp-content\/uploads\/2023\/03\/download.jpeg","contentUrl":"https:\/\/jornaltimoneiro.com.br\/wp-content\/uploads\/2023\/03\/download.jpeg","caption":"Reda\u00e7\u00e3o"},"url":"https:\/\/jornaltimoneiro.com.br\/index.php\/author\/simone-dutra\/"}]}},"_links":{"self":[{"href":"https:\/\/jornaltimoneiro.com.br\/index.php\/wp-json\/wp\/v2\/posts\/33984"}],"collection":[{"href":"https:\/\/jornaltimoneiro.com.br\/index.php\/wp-json\/wp\/v2\/posts"}],"about":[{"href":"https:\/\/jornaltimoneiro.com.br\/index.php\/wp-json\/wp\/v2\/types\/post"}],"author":[{"embeddable":true,"href":"https:\/\/jornaltimoneiro.com.br\/index.php\/wp-json\/wp\/v2\/users\/2"}],"replies":[{"embeddable":true,"href":"https:\/\/jornaltimoneiro.com.br\/index.php\/wp-json\/wp\/v2\/comments?post=33984"}],"version-history":[{"count":1,"href":"https:\/\/jornaltimoneiro.com.br\/index.php\/wp-json\/wp\/v2\/posts\/33984\/revisions"}],"predecessor-version":[{"id":33986,"href":"https:\/\/jornaltimoneiro.com.br\/index.php\/wp-json\/wp\/v2\/posts\/33984\/revisions\/33986"}],"wp:featuredmedia":[{"embeddable":true,"href":"https:\/\/jornaltimoneiro.com.br\/index.php\/wp-json\/wp\/v2\/media\/33985"}],"wp:attachment":[{"href":"https:\/\/jornaltimoneiro.com.br\/index.php\/wp-json\/wp\/v2\/media?parent=33984"}],"wp:term":[{"taxonomy":"category","embeddable":true,"href":"https:\/\/jornaltimoneiro.com.br\/index.php\/wp-json\/wp\/v2\/categories?post=33984"},{"taxonomy":"post_tag","embeddable":true,"href":"https:\/\/jornaltimoneiro.com.br\/index.php\/wp-json\/wp\/v2\/tags?post=33984"}],"curies":[{"name":"wp","href":"https:\/\/api.w.org\/{rel}","templated":true}]}}