{"id":33971,"date":"2025-02-24T16:11:35","date_gmt":"2025-02-24T19:11:35","guid":{"rendered":"https:\/\/jornaltimoneiro.com.br\/?p=33971"},"modified":"2025-02-24T16:11:35","modified_gmt":"2025-02-24T19:11:35","slug":"roberto-carlos-apresenta-a-nova-turne-eu-ofereco-flores-na-fenac-em-novo-hamburgo","status":"publish","type":"post","link":"https:\/\/jornaltimoneiro.com.br\/index.php\/2025\/02\/24\/roberto-carlos-apresenta-a-nova-turne-eu-ofereco-flores-na-fenac-em-novo-hamburgo\/","title":{"rendered":"Roberto Carlos apresenta a nova turn\u00ea \u201cEu Ofere\u00e7o Flores\u201d na FENAC em Novo Hamburgo"},"content":{"rendered":"<p style=\"font-weight: 400;\">Roberto Carlos inicia 2025 consolidando sua posi\u00e7\u00e3o como uma figura central no cen\u00e1rio art\u00edstico musical e traz para o Rio Grande do Sul sua nova turn\u00ea \u201cEu Ofere\u00e7o Flores\u201d.<\/p>\n<p style=\"font-weight: 400;\">Roberto \u00e9 um dos artistas mais queridos pelo p\u00fablico, n\u00e3o s\u00f3 no Brasil como na Am\u00e9rica Latina e no mundo. Com 70 \u00e1lbuns lan\u00e7ados em seu pa\u00eds, tem sua carreira pautada em lan\u00e7amentos simult\u00e2neos em portugu\u00eas e espanhol desde a d\u00e9cada de 60 al\u00e9m de in\u00fameros outros sucessos em diferentes idiomas.<\/p>\n<p style=\"font-weight: 400;\">Esse grande talento se apresenta no dia\u00a029 de\u00a0mar\u00e7o (s\u00e1bado)\u00a0em\u00a0Novo Hamburgo,\u00a0no Rio Grande do Sul, na\u00a0FENAC(Rua Arax\u00e1, 505 \u2013 Ideal, Novo Hamburgo \u2013 RS, 93334-000) em uma superestrutura que ser\u00e1 montada especialmente para o evento. Os ingressos podem ser adquiridos nos pontos de venda f\u00edsica e on-line no\u00a0<strong><a href=\"http:\/\/guicheweb.com.br\/\" data-saferedirecturl=\"https:\/\/www.google.com\/url?q=http:\/\/guicheweb.com.br&amp;source=gmail&amp;ust=1740505399767000&amp;usg=AOvVaw1aIHtXiwPykr5wPKIHnFVW\">guicheweb.com.br<\/a><\/strong>.<\/p>\n<p style=\"font-weight: 400;\">Com ingressos j\u00e1 esgotados para a apresenta\u00e7\u00e3o em Porto Alegre, o show em Novo Hamburgo \u00e9 uma oportunidade \u00fanica para o p\u00fablico de toda Regi\u00e3o Metropolitana assistir a esse grande espet\u00e1culo!<\/p>\n<h4 style=\"font-weight: 400;\"><strong>Turn\u00ea\u00a0 \u201cEu Ofere\u00e7o Flores\u201d<\/strong><\/h4>\n<p style=\"font-weight: 400;\">O artista, que lan\u00e7ou em 2024 o\u00a0EP \u201cEu ofere\u00e7o flores\u201d, est\u00e1 em turn\u00ea com o show\u00a0\u201cEu Ofere\u00e7o Flores\u201d\u00a0e apresentando muitos sucessos de sua carreira. Em 2024 se apresentou nas principais cidades dos EUA, pa\u00eds que o colocou no ranking da Global Concert Pulse, como um dos 30 artistas de maior p\u00fablico naquele pa\u00eds, ao lado de nomes como Elton John, Cher e o grupo de rock Kiss e prepara-se para turn\u00ea na Europa. Cada uma dessas conquistas \u00e9 fruto de dedica\u00e7\u00e3o e profissionalismo com sua arte.<\/p>\n<p style=\"font-weight: 400;\">Compondo tanto sozinho quanto ao lado do parceiro Erasmo Carlos, Roberto Carlos consolidou um g\u00eanero musical que consegue ser elaborado e simples, refinado e objetivo, fazendo do seu estilo \u00fanico no pa\u00eds e no mundo.<\/p>\n<p style=\"font-weight: 400;\">Roberto Carlos ao longo dos anos foi vision\u00e1rio, pioneiro, inclusivo e combativo muito antes de esses pleitos estarem hoje na pauta do dia. Tudo isso sem perder sua ess\u00eancia ou se descaracterizar, alcan\u00e7ando, a cada lan\u00e7amento, excelentes n\u00fameros de vendas e acessos no streaming, sempre lotando casas de espet\u00e1culo, arenas e est\u00e1dios.<\/p>\n<p style=\"font-weight: 400;\">As apresenta\u00e7\u00f5es em Novo Hamburgo, Passo Fundo e Bento Gon\u00e7alves da turn\u00ea no Rio Grande do Sul s\u00e3o de realiza\u00e7\u00e3o da RC Produ\u00e7\u00f5es, Sevenx e GDO Produ\u00e7\u00f5es.<\/p>\n<h4 style=\"font-weight: 400;\"><strong><u>SERVI\u00c7O<\/u><\/strong><\/h4>\n<ul>\n<li style=\"font-weight: 400;\"><strong>Roberto Carlos em Novo Hamburgo \u2013 RS<br \/>\n<\/strong><strong>29 de mar\u00e7o, 2025<br \/>\n<\/strong><\/li>\n<li style=\"font-weight: 400;\">Local: FENAC (Rua Arax\u00e1, 505 \u2013 Novo Hamburgo \u2013 RS)<\/li>\n<li style=\"font-weight: 400;\">Abertura dos port\u00f5es: 19h<\/li>\n<li style=\"font-weight: 400;\">Hor\u00e1rio do show: 21h<\/li>\n<li style=\"font-weight: 400;\">Classifica\u00e7\u00e3o: Livre<\/li>\n<\/ul>\n<h4 style=\"font-weight: 400;\"><strong>PONTOS DE VENDA\u00a0OFICIAIS<\/strong><\/h4>\n<p style=\"font-weight: 400;\"><u>Casa Maria I Fashion Outlet &#8211; Novo\u00a0Hamburgo<\/u><\/p>\n<p style=\"font-weight: 400;\">Rodoviaa BR 116, KM 236, Lj 209 e 210<\/p>\n<p style=\"font-weight: 400;\"><u>Casa Maria &#8211; Centro Novo\u00a0Hamburgo<\/u><\/p>\n<p style=\"font-weight: 400;\">Rua: Pedro Adams Filho, 5241<\/p>\n<h4 style=\"font-weight: 400;\"><strong>CLUBE GDO UNIFIQUE<\/strong><\/h4>\n<p style=\"font-weight: 400;\">MEMBROS DO CLUBE GDO UNIFIQUE INSCRITOS EM\u00a0<a href=\"https:\/\/www.gdo.com.br\/clube\" data-saferedirecturl=\"https:\/\/www.google.com\/url?q=https:\/\/www.gdo.com.br\/clube&amp;source=gmail&amp;ust=1740505399767000&amp;usg=AOvVaw2IUZ7E021-DxCkE2w5A70p\">CLUBEGDOUNIFIQUE.COM.BR<\/a> TEM AT\u00c9\u00a010% DE DESCONTO NO VALOR DO INGRESSO.<\/p>\n<p style=\"font-weight: 400;\">Vendas online aberta no\u00a0<strong><a href=\"http:\/\/guicheweb.com.br\/\" data-saferedirecturl=\"https:\/\/www.google.com\/url?q=http:\/\/guicheweb.com.br&amp;source=gmail&amp;ust=1740505399767000&amp;usg=AOvVaw1aIHtXiwPykr5wPKIHnFVW\">guicheweb.com.br<\/a><\/strong><\/p>\n<p style=\"font-weight: 400;\"><strong>Link:\u00a0<\/strong><a href=\"https:\/\/www.guicheweb.com.br\/roberto-carlos-novo-hamburgo_37543\" data-saferedirecturl=\"https:\/\/www.google.com\/url?q=https:\/\/www.guicheweb.com.br\/roberto-carlos-novo-hamburgo_37543&amp;source=gmail&amp;ust=1740505399767000&amp;usg=AOvVaw2s0oN8zkwvKfKp8Zk2fDMK\"><strong>https:\/\/www.guicheweb.com.br\/roberto-carlos-novo-hamburgo_37543<\/strong><\/a><\/p>\n<h4 style=\"font-weight: 400;\"><u>VALOR DOS INGRESSOS POR \u00c1REAS:<\/u><\/h4>\n<p style=\"font-weight: 400;\"><u>SETOR AZUL<\/u><\/p>\n<ul>\n<li style=\"font-weight: 400;\">Inteira &#8211; R$ 1.200,00<br \/>\nMeia-entrada &#8211; R$ 600,00<br \/>\nSOLID\u00c1RIO &#8211; R$ 900,00<br \/>\n*SOLID\u00c1RIO: Ingresso v\u00e1lido mediante a doa\u00e7\u00e3o de 1kg\u00a0de alimento n\u00e3o perec\u00edvel que dever\u00e1 ser entregue na\u00a0entrada e no dia do evento.<br \/>\nCadeiras individuais<\/li>\n<\/ul>\n<p style=\"font-weight: 400;\"><u>SETOR AMARELO<\/u><\/p>\n<ul>\n<li style=\"font-weight: 400;\">Inteira &#8211; R$ 1.000,00<br \/>\nMeia-entrada &#8211; R$ 500,00<br \/>\nSOLID\u00c1RIO &#8211; R$ 600,0<br \/>\n*SOLID\u00c1RIO: Ingresso v\u00e1lido mediante a doa\u00e7\u00e3o de 1kg\u00a0de alimento n\u00e3o perec\u00edvel que dever\u00e1 ser entregue na\u00a0entrada e no dia do evento.<br \/>\nCadeiras individuais<\/li>\n<\/ul>\n<p style=\"font-weight: 400;\"><u>SETOR BRANCO<\/u><\/p>\n<ul>\n<li style=\"font-weight: 400;\">Inteira &#8211; R$ 850,00<br \/>\nMeia-entrada &#8211; R$ 425,00<br \/>\nSOLID\u00c1RIO &#8211; R$ 510,00<br \/>\n*SOLID\u00c1RIO: Ingresso v\u00e1lido mediante a doa\u00e7\u00e3o de 1kg de alimento n\u00e3o perec\u00edvel que dever\u00e1 ser entregue na entrada e no dia do evento.<br \/>\nCadeiras individuais<\/li>\n<\/ul>\n<p style=\"font-weight: 400;\"><u>SETOR LARANJA<\/u><\/p>\n<ul>\n<li style=\"font-weight: 400;\">Inteira &#8211; R$ 550,00<br \/>\nMeia-entrada &#8211; R$ 275,00<br \/>\nSOLID\u00c1RIO &#8211; R$ 330,00<br \/>\n*SOLID\u00c1RIO: Ingresso v\u00e1lido mediante a doa\u00e7\u00e3o de 1kg\u00a0de alimento n\u00e3o perec\u00edvel que dever\u00e1 ser entregue na\u00a0entrada e no dia do evento.<br \/>\nCadeiras individuais<\/li>\n<\/ul>\n<p style=\"font-weight: 400;\"><u>SETOR VERDE<\/u><\/p>\n<ul>\n<li style=\"font-weight: 400;\">Inteira &#8211; R$ 276,00<br \/>\nMeia-entrada &#8211; R$ 138,00<br \/>\nSOLID\u00c1RIO &#8211; R$ 165,60<br \/>\n*SOLID\u00c1RIO: Ingresso v\u00e1lido mediante a doa\u00e7\u00e3o de 1kg de alimento n\u00e3o perec\u00edvel que dever\u00e1 ser entregue na entrada e no dia do evento.<br \/>\nCadeiras individuais<\/li>\n<\/ul>\n","protected":false},"excerpt":{"rendered":"<p>Roberto Carlos inicia 2025 consolidando sua posi\u00e7\u00e3o como uma figura central no cen\u00e1rio art\u00edstico musical e traz para o Rio Grande do Sul sua nova turn\u00ea \u201cEu Ofere\u00e7o Flores\u201d. Roberto \u00e9 um dos artistas mais queridos pelo p\u00fablico, n\u00e3o s\u00f3 no Brasil como na Am\u00e9rica Latina e no mundo. Com 70 \u00e1lbuns lan\u00e7ados em seu [&hellip;]<\/p>\n","protected":false},"author":2,"featured_media":33972,"comment_status":"open","ping_status":"open","sticky":false,"template":"","format":"standard","meta":{"amp_status":"","footnotes":""},"categories":[76],"tags":[116,4005,4006,476,254,213,4004,1119],"class_list":["post-33971","post","type-post","status-publish","format-standard","has-post-thumbnail","hentry","category-cultura","tag-cultura","tag-eu-ofereco-flores","tag-fenac","tag-musica","tag-novo-hamburgo","tag-rio-grande-do-sul","tag-roberto-carlos","tag-turne"],"yoast_head":"<!-- This site is optimized with the Yoast SEO plugin v20.5 - https:\/\/yoast.com\/wordpress\/plugins\/seo\/ -->\n<title>Roberto Carlos apresenta a nova turn\u00ea \u201cEu Ofere\u00e7o Flores\u201d na FENAC em Novo Hamburgo - O Timoneiro Jornal Canoas RS<\/title>\n<meta name=\"description\" content=\"Roberto Carlos inicia 2025 consolidando sua posi\u00e7\u00e3o como uma figura central no cen\u00e1rio art\u00edstico musical e traz para o Rio Grande do Sul\" \/>\n<meta name=\"robots\" content=\"index, follow, max-snippet:-1, max-image-preview:large, max-video-preview:-1\" \/>\n<link rel=\"canonical\" href=\"https:\/\/jornaltimoneiro.com.br\/index.php\/2025\/02\/24\/roberto-carlos-apresenta-a-nova-turne-eu-ofereco-flores-na-fenac-em-novo-hamburgo\/\" \/>\n<meta property=\"og:locale\" content=\"pt_BR\" \/>\n<meta property=\"og:type\" content=\"article\" \/>\n<meta property=\"og:title\" content=\"Roberto Carlos apresenta a nova turn\u00ea \u201cEu Ofere\u00e7o Flores\u201d na FENAC em Novo Hamburgo - O Timoneiro Jornal Canoas RS\" \/>\n<meta property=\"og:description\" content=\"Roberto Carlos inicia 2025 consolidando sua posi\u00e7\u00e3o como uma figura central no cen\u00e1rio art\u00edstico musical e traz para o Rio Grande do Sul\" \/>\n<meta property=\"og:url\" content=\"https:\/\/jornaltimoneiro.com.br\/index.php\/2025\/02\/24\/roberto-carlos-apresenta-a-nova-turne-eu-ofereco-flores-na-fenac-em-novo-hamburgo\/\" \/>\n<meta property=\"og:site_name\" content=\"O Timoneiro Jornal Canoas RS\" \/>\n<meta property=\"article:publisher\" content=\"https:\/\/www.facebook.com\/jornaltimoneiro\" \/>\n<meta property=\"article:published_time\" content=\"2025-02-24T19:11:35+00:00\" \/>\n<meta property=\"og:image\" content=\"https:\/\/jornaltimoneiro.com.br\/wp-content\/uploads\/2025\/02\/Roberto-Carlos-apresenta-a-nova-turne-Eu-Ofereco-Flores-na-FENAC-em-Novo-Hamburgo.png\" \/>\n\t<meta property=\"og:image:width\" content=\"1080\" \/>\n\t<meta property=\"og:image:height\" content=\"933\" \/>\n\t<meta property=\"og:image:type\" content=\"image\/png\" \/>\n<meta name=\"author\" content=\"Reda\u00e7\u00e3o\" \/>\n<meta name=\"twitter:card\" content=\"summary_large_image\" \/>\n<meta name=\"twitter:creator\" content=\"@_OTimoneiro\" \/>\n<meta name=\"twitter:site\" content=\"@_OTimoneiro\" \/>\n<meta name=\"twitter:label1\" content=\"Escrito por\" \/>\n\t<meta name=\"twitter:data1\" content=\"Reda\u00e7\u00e3o\" \/>\n\t<meta name=\"twitter:label2\" content=\"Est. tempo de leitura\" \/>\n\t<meta name=\"twitter:data2\" content=\"4 minutos\" \/>\n<script type=\"application\/ld+json\" class=\"yoast-schema-graph\">{\"@context\":\"https:\/\/schema.org\",\"@graph\":[{\"@type\":\"Article\",\"@id\":\"https:\/\/jornaltimoneiro.com.br\/index.php\/2025\/02\/24\/roberto-carlos-apresenta-a-nova-turne-eu-ofereco-flores-na-fenac-em-novo-hamburgo\/#article\",\"isPartOf\":{\"@id\":\"https:\/\/jornaltimoneiro.com.br\/index.php\/2025\/02\/24\/roberto-carlos-apresenta-a-nova-turne-eu-ofereco-flores-na-fenac-em-novo-hamburgo\/\"},\"author\":{\"name\":\"Reda\u00e7\u00e3o\",\"@id\":\"https:\/\/jornaltimoneiro.com.br\/#\/schema\/person\/f63482f1a02b1a9592707865e509ab40\"},\"headline\":\"Roberto Carlos apresenta a nova turn\u00ea \u201cEu Ofere\u00e7o Flores\u201d na FENAC em Novo Hamburgo\",\"datePublished\":\"2025-02-24T19:11:35+00:00\",\"dateModified\":\"2025-02-24T19:11:35+00:00\",\"mainEntityOfPage\":{\"@id\":\"https:\/\/jornaltimoneiro.com.br\/index.php\/2025\/02\/24\/roberto-carlos-apresenta-a-nova-turne-eu-ofereco-flores-na-fenac-em-novo-hamburgo\/\"},\"wordCount\":730,\"commentCount\":0,\"publisher\":{\"@id\":\"https:\/\/jornaltimoneiro.com.br\/#organization\"},\"keywords\":[\"cultura\",\"eu ofere\u00e7o flores\",\"fenac\",\"m\u00fasica\",\"Novo Hamburgo\",\"rio grande do sul\",\"roberto carlos\",\"turn\u00ea\"],\"articleSection\":[\"Cultura\"],\"inLanguage\":\"pt-BR\",\"potentialAction\":[{\"@type\":\"CommentAction\",\"name\":\"Comment\",\"target\":[\"https:\/\/jornaltimoneiro.com.br\/index.php\/2025\/02\/24\/roberto-carlos-apresenta-a-nova-turne-eu-ofereco-flores-na-fenac-em-novo-hamburgo\/#respond\"]}]},{\"@type\":\"WebPage\",\"@id\":\"https:\/\/jornaltimoneiro.com.br\/index.php\/2025\/02\/24\/roberto-carlos-apresenta-a-nova-turne-eu-ofereco-flores-na-fenac-em-novo-hamburgo\/\",\"url\":\"https:\/\/jornaltimoneiro.com.br\/index.php\/2025\/02\/24\/roberto-carlos-apresenta-a-nova-turne-eu-ofereco-flores-na-fenac-em-novo-hamburgo\/\",\"name\":\"Roberto Carlos apresenta a nova turn\u00ea \u201cEu Ofere\u00e7o Flores\u201d na FENAC em Novo Hamburgo - O Timoneiro Jornal Canoas RS\",\"isPartOf\":{\"@id\":\"https:\/\/jornaltimoneiro.com.br\/#website\"},\"datePublished\":\"2025-02-24T19:11:35+00:00\",\"dateModified\":\"2025-02-24T19:11:35+00:00\",\"description\":\"Roberto Carlos inicia 2025 consolidando sua posi\u00e7\u00e3o como uma figura central no cen\u00e1rio art\u00edstico musical e traz para o Rio Grande do Sul\",\"breadcrumb\":{\"@id\":\"https:\/\/jornaltimoneiro.com.br\/index.php\/2025\/02\/24\/roberto-carlos-apresenta-a-nova-turne-eu-ofereco-flores-na-fenac-em-novo-hamburgo\/#breadcrumb\"},\"inLanguage\":\"pt-BR\",\"potentialAction\":[{\"@type\":\"ReadAction\",\"target\":[\"https:\/\/jornaltimoneiro.com.br\/index.php\/2025\/02\/24\/roberto-carlos-apresenta-a-nova-turne-eu-ofereco-flores-na-fenac-em-novo-hamburgo\/\"]}]},{\"@type\":\"BreadcrumbList\",\"@id\":\"https:\/\/jornaltimoneiro.com.br\/index.php\/2025\/02\/24\/roberto-carlos-apresenta-a-nova-turne-eu-ofereco-flores-na-fenac-em-novo-hamburgo\/#breadcrumb\",\"itemListElement\":[{\"@type\":\"ListItem\",\"position\":1,\"name\":\"In\u00edcio\",\"item\":\"https:\/\/jornaltimoneiro.com.br\/\"},{\"@type\":\"ListItem\",\"position\":2,\"name\":\"Roberto Carlos apresenta a nova turn\u00ea \u201cEu Ofere\u00e7o Flores\u201d na FENAC em Novo Hamburgo\"}]},{\"@type\":\"WebSite\",\"@id\":\"https:\/\/jornaltimoneiro.com.br\/#website\",\"url\":\"https:\/\/jornaltimoneiro.com.br\/\",\"name\":\"Jornal Timoneiro Canoas RS\",\"description\":\"Jornal O Timoneiro, o verdadeiro jornal de Canoas\",\"publisher\":{\"@id\":\"https:\/\/jornaltimoneiro.com.br\/#organization\"},\"potentialAction\":[{\"@type\":\"SearchAction\",\"target\":{\"@type\":\"EntryPoint\",\"urlTemplate\":\"https:\/\/jornaltimoneiro.com.br\/?s={search_term_string}\"},\"query-input\":\"required name=search_term_string\"}],\"inLanguage\":\"pt-BR\"},{\"@type\":\"Organization\",\"@id\":\"https:\/\/jornaltimoneiro.com.br\/#organization\",\"name\":\"Jornal Timoneiro Canoas RS\",\"url\":\"https:\/\/jornaltimoneiro.com.br\/\",\"logo\":{\"@type\":\"ImageObject\",\"inLanguage\":\"pt-BR\",\"@id\":\"https:\/\/jornaltimoneiro.com.br\/#\/schema\/logo\/image\/\",\"url\":\"https:\/\/jornaltimoneiro.com.br\/wp-content\/uploads\/2023\/03\/logonovo.png\",\"contentUrl\":\"https:\/\/jornaltimoneiro.com.br\/wp-content\/uploads\/2023\/03\/logonovo.png\",\"width\":\"469\",\"height\":\"171\",\"caption\":\"Jornal Timoneiro Canoas RS\"},\"image\":{\"@id\":\"https:\/\/jornaltimoneiro.com.br\/#\/schema\/logo\/image\/\"},\"sameAs\":[\"https:\/\/www.facebook.com\/jornaltimoneiro\",\"https:\/\/twitter.com\/_OTimoneiro\",\"https:\/\/www.instagram.com\/jornaltimoneirocanoas\/\",\"https:\/\/www.youtube.com\/@jornalotimoneiro7927\"]},{\"@type\":\"Person\",\"@id\":\"https:\/\/jornaltimoneiro.com.br\/#\/schema\/person\/f63482f1a02b1a9592707865e509ab40\",\"name\":\"Reda\u00e7\u00e3o\",\"image\":{\"@type\":\"ImageObject\",\"inLanguage\":\"pt-BR\",\"@id\":\"https:\/\/jornaltimoneiro.com.br\/#\/schema\/person\/image\/\",\"url\":\"https:\/\/jornaltimoneiro.com.br\/wp-content\/uploads\/2023\/03\/download.jpeg\",\"contentUrl\":\"https:\/\/jornaltimoneiro.com.br\/wp-content\/uploads\/2023\/03\/download.jpeg\",\"caption\":\"Reda\u00e7\u00e3o\"},\"url\":\"https:\/\/jornaltimoneiro.com.br\/index.php\/author\/simone-dutra\/\"}]}<\/script>\n<!-- \/ Yoast SEO plugin. -->","yoast_head_json":{"title":"Roberto Carlos apresenta a nova turn\u00ea \u201cEu Ofere\u00e7o Flores\u201d na FENAC em Novo Hamburgo - O Timoneiro Jornal Canoas RS","description":"Roberto Carlos inicia 2025 consolidando sua posi\u00e7\u00e3o como uma figura central no cen\u00e1rio art\u00edstico musical e traz para o Rio Grande do Sul","robots":{"index":"index","follow":"follow","max-snippet":"max-snippet:-1","max-image-preview":"max-image-preview:large","max-video-preview":"max-video-preview:-1"},"canonical":"https:\/\/jornaltimoneiro.com.br\/index.php\/2025\/02\/24\/roberto-carlos-apresenta-a-nova-turne-eu-ofereco-flores-na-fenac-em-novo-hamburgo\/","og_locale":"pt_BR","og_type":"article","og_title":"Roberto Carlos apresenta a nova turn\u00ea \u201cEu Ofere\u00e7o Flores\u201d na FENAC em Novo Hamburgo - O Timoneiro Jornal Canoas RS","og_description":"Roberto Carlos inicia 2025 consolidando sua posi\u00e7\u00e3o como uma figura central no cen\u00e1rio art\u00edstico musical e traz para o Rio Grande do Sul","og_url":"https:\/\/jornaltimoneiro.com.br\/index.php\/2025\/02\/24\/roberto-carlos-apresenta-a-nova-turne-eu-ofereco-flores-na-fenac-em-novo-hamburgo\/","og_site_name":"O Timoneiro Jornal Canoas RS","article_publisher":"https:\/\/www.facebook.com\/jornaltimoneiro","article_published_time":"2025-02-24T19:11:35+00:00","og_image":[{"width":1080,"height":933,"url":"https:\/\/jornaltimoneiro.com.br\/wp-content\/uploads\/2025\/02\/Roberto-Carlos-apresenta-a-nova-turne-Eu-Ofereco-Flores-na-FENAC-em-Novo-Hamburgo.png","type":"image\/png"}],"author":"Reda\u00e7\u00e3o","twitter_card":"summary_large_image","twitter_creator":"@_OTimoneiro","twitter_site":"@_OTimoneiro","twitter_misc":{"Escrito por":"Reda\u00e7\u00e3o","Est. tempo de leitura":"4 minutos"},"schema":{"@context":"https:\/\/schema.org","@graph":[{"@type":"Article","@id":"https:\/\/jornaltimoneiro.com.br\/index.php\/2025\/02\/24\/roberto-carlos-apresenta-a-nova-turne-eu-ofereco-flores-na-fenac-em-novo-hamburgo\/#article","isPartOf":{"@id":"https:\/\/jornaltimoneiro.com.br\/index.php\/2025\/02\/24\/roberto-carlos-apresenta-a-nova-turne-eu-ofereco-flores-na-fenac-em-novo-hamburgo\/"},"author":{"name":"Reda\u00e7\u00e3o","@id":"https:\/\/jornaltimoneiro.com.br\/#\/schema\/person\/f63482f1a02b1a9592707865e509ab40"},"headline":"Roberto Carlos apresenta a nova turn\u00ea \u201cEu Ofere\u00e7o Flores\u201d na FENAC em Novo Hamburgo","datePublished":"2025-02-24T19:11:35+00:00","dateModified":"2025-02-24T19:11:35+00:00","mainEntityOfPage":{"@id":"https:\/\/jornaltimoneiro.com.br\/index.php\/2025\/02\/24\/roberto-carlos-apresenta-a-nova-turne-eu-ofereco-flores-na-fenac-em-novo-hamburgo\/"},"wordCount":730,"commentCount":0,"publisher":{"@id":"https:\/\/jornaltimoneiro.com.br\/#organization"},"keywords":["cultura","eu ofere\u00e7o flores","fenac","m\u00fasica","Novo Hamburgo","rio grande do sul","roberto carlos","turn\u00ea"],"articleSection":["Cultura"],"inLanguage":"pt-BR","potentialAction":[{"@type":"CommentAction","name":"Comment","target":["https:\/\/jornaltimoneiro.com.br\/index.php\/2025\/02\/24\/roberto-carlos-apresenta-a-nova-turne-eu-ofereco-flores-na-fenac-em-novo-hamburgo\/#respond"]}]},{"@type":"WebPage","@id":"https:\/\/jornaltimoneiro.com.br\/index.php\/2025\/02\/24\/roberto-carlos-apresenta-a-nova-turne-eu-ofereco-flores-na-fenac-em-novo-hamburgo\/","url":"https:\/\/jornaltimoneiro.com.br\/index.php\/2025\/02\/24\/roberto-carlos-apresenta-a-nova-turne-eu-ofereco-flores-na-fenac-em-novo-hamburgo\/","name":"Roberto Carlos apresenta a nova turn\u00ea \u201cEu Ofere\u00e7o Flores\u201d na FENAC em Novo Hamburgo - O Timoneiro Jornal Canoas RS","isPartOf":{"@id":"https:\/\/jornaltimoneiro.com.br\/#website"},"datePublished":"2025-02-24T19:11:35+00:00","dateModified":"2025-02-24T19:11:35+00:00","description":"Roberto Carlos inicia 2025 consolidando sua posi\u00e7\u00e3o como uma figura central no cen\u00e1rio art\u00edstico musical e traz para o Rio Grande do Sul","breadcrumb":{"@id":"https:\/\/jornaltimoneiro.com.br\/index.php\/2025\/02\/24\/roberto-carlos-apresenta-a-nova-turne-eu-ofereco-flores-na-fenac-em-novo-hamburgo\/#breadcrumb"},"inLanguage":"pt-BR","potentialAction":[{"@type":"ReadAction","target":["https:\/\/jornaltimoneiro.com.br\/index.php\/2025\/02\/24\/roberto-carlos-apresenta-a-nova-turne-eu-ofereco-flores-na-fenac-em-novo-hamburgo\/"]}]},{"@type":"BreadcrumbList","@id":"https:\/\/jornaltimoneiro.com.br\/index.php\/2025\/02\/24\/roberto-carlos-apresenta-a-nova-turne-eu-ofereco-flores-na-fenac-em-novo-hamburgo\/#breadcrumb","itemListElement":[{"@type":"ListItem","position":1,"name":"In\u00edcio","item":"https:\/\/jornaltimoneiro.com.br\/"},{"@type":"ListItem","position":2,"name":"Roberto Carlos apresenta a nova turn\u00ea \u201cEu Ofere\u00e7o Flores\u201d na FENAC em Novo Hamburgo"}]},{"@type":"WebSite","@id":"https:\/\/jornaltimoneiro.com.br\/#website","url":"https:\/\/jornaltimoneiro.com.br\/","name":"Jornal Timoneiro Canoas RS","description":"Jornal O Timoneiro, o verdadeiro jornal de Canoas","publisher":{"@id":"https:\/\/jornaltimoneiro.com.br\/#organization"},"potentialAction":[{"@type":"SearchAction","target":{"@type":"EntryPoint","urlTemplate":"https:\/\/jornaltimoneiro.com.br\/?s={search_term_string}"},"query-input":"required name=search_term_string"}],"inLanguage":"pt-BR"},{"@type":"Organization","@id":"https:\/\/jornaltimoneiro.com.br\/#organization","name":"Jornal Timoneiro Canoas RS","url":"https:\/\/jornaltimoneiro.com.br\/","logo":{"@type":"ImageObject","inLanguage":"pt-BR","@id":"https:\/\/jornaltimoneiro.com.br\/#\/schema\/logo\/image\/","url":"https:\/\/jornaltimoneiro.com.br\/wp-content\/uploads\/2023\/03\/logonovo.png","contentUrl":"https:\/\/jornaltimoneiro.com.br\/wp-content\/uploads\/2023\/03\/logonovo.png","width":"469","height":"171","caption":"Jornal Timoneiro Canoas RS"},"image":{"@id":"https:\/\/jornaltimoneiro.com.br\/#\/schema\/logo\/image\/"},"sameAs":["https:\/\/www.facebook.com\/jornaltimoneiro","https:\/\/twitter.com\/_OTimoneiro","https:\/\/www.instagram.com\/jornaltimoneirocanoas\/","https:\/\/www.youtube.com\/@jornalotimoneiro7927"]},{"@type":"Person","@id":"https:\/\/jornaltimoneiro.com.br\/#\/schema\/person\/f63482f1a02b1a9592707865e509ab40","name":"Reda\u00e7\u00e3o","image":{"@type":"ImageObject","inLanguage":"pt-BR","@id":"https:\/\/jornaltimoneiro.com.br\/#\/schema\/person\/image\/","url":"https:\/\/jornaltimoneiro.com.br\/wp-content\/uploads\/2023\/03\/download.jpeg","contentUrl":"https:\/\/jornaltimoneiro.com.br\/wp-content\/uploads\/2023\/03\/download.jpeg","caption":"Reda\u00e7\u00e3o"},"url":"https:\/\/jornaltimoneiro.com.br\/index.php\/author\/simone-dutra\/"}]}},"_links":{"self":[{"href":"https:\/\/jornaltimoneiro.com.br\/index.php\/wp-json\/wp\/v2\/posts\/33971"}],"collection":[{"href":"https:\/\/jornaltimoneiro.com.br\/index.php\/wp-json\/wp\/v2\/posts"}],"about":[{"href":"https:\/\/jornaltimoneiro.com.br\/index.php\/wp-json\/wp\/v2\/types\/post"}],"author":[{"embeddable":true,"href":"https:\/\/jornaltimoneiro.com.br\/index.php\/wp-json\/wp\/v2\/users\/2"}],"replies":[{"embeddable":true,"href":"https:\/\/jornaltimoneiro.com.br\/index.php\/wp-json\/wp\/v2\/comments?post=33971"}],"version-history":[{"count":1,"href":"https:\/\/jornaltimoneiro.com.br\/index.php\/wp-json\/wp\/v2\/posts\/33971\/revisions"}],"predecessor-version":[{"id":33973,"href":"https:\/\/jornaltimoneiro.com.br\/index.php\/wp-json\/wp\/v2\/posts\/33971\/revisions\/33973"}],"wp:featuredmedia":[{"embeddable":true,"href":"https:\/\/jornaltimoneiro.com.br\/index.php\/wp-json\/wp\/v2\/media\/33972"}],"wp:attachment":[{"href":"https:\/\/jornaltimoneiro.com.br\/index.php\/wp-json\/wp\/v2\/media?parent=33971"}],"wp:term":[{"taxonomy":"category","embeddable":true,"href":"https:\/\/jornaltimoneiro.com.br\/index.php\/wp-json\/wp\/v2\/categories?post=33971"},{"taxonomy":"post_tag","embeddable":true,"href":"https:\/\/jornaltimoneiro.com.br\/index.php\/wp-json\/wp\/v2\/tags?post=33971"}],"curies":[{"name":"wp","href":"https:\/\/api.w.org\/{rel}","templated":true}]}}