{"id":33943,"date":"2025-02-21T15:57:35","date_gmt":"2025-02-21T18:57:35","guid":{"rendered":"https:\/\/jornaltimoneiro.com.br\/?p=33943"},"modified":"2025-02-21T15:57:35","modified_gmt":"2025-02-21T18:57:35","slug":"novo-boletim-de-balneabilidade-da-fepam-aponta-85-pontos-proprios-para-banho-no-rs","status":"publish","type":"post","link":"https:\/\/jornaltimoneiro.com.br\/index.php\/2025\/02\/21\/novo-boletim-de-balneabilidade-da-fepam-aponta-85-pontos-proprios-para-banho-no-rs\/","title":{"rendered":"Novo boletim de balneabilidade da Fepam aponta 85 pontos pr\u00f3prios para banho no RS"},"content":{"rendered":"<p>A Funda\u00e7\u00e3o Estadual de Prote\u00e7\u00e3o Ambiental (Fepam) divulgou, nesta sexta-feira, 21, o d\u00e9cimo e pen\u00faltimo boletim do Programa Balneabilidade na temporada 2024-2025. Dos 93 pontos analisados, no litoral e no interior, 85 est\u00e3o pr\u00f3prios para banho e oito est\u00e3o impr\u00f3prios. Conforme as informa\u00e7\u00f5es do boletim atual, todos os 34 pontos do Litoral Norte est\u00e3o aptos a receberem os banhistas.<\/p>\n<h4><strong>Locais impr\u00f3prios para banho nesta semana:<\/strong><\/h4>\n<ul>\n<li>Arroio Grande Balne\u00e1rio Pontal \u2013 Balne\u00e1rio Pontal \u2013 Lagoa Mirim<\/li>\n<li>Barra do Ribeiro \u2013 Praia Recanto das Mulatas \u2013 Lago Gua\u00edba<\/li>\n<li>Candel\u00e1ria &#8211; Balne\u00e1rio Carlos Larger &#8211; Rio Pardo<\/li>\n<li>Cerrito \u2013 Balne\u00e1rio Cerrito \u2013 Rio Piratini<\/li>\n<li>Pedro Os\u00f3rio \u2013 Balne\u00e1rio Pedro Os\u00f3rio \u2013 Rio Piratini<\/li>\n<li>Ros\u00e1rio do Sul \u2013 Praia das Areias Brancas \u2013 Rio Santa Maria<\/li>\n<li>Tapes \u2013 Balne\u00e1rio Rebelo<\/li>\n<li>Tapes\u00a0\u2013\u00a0Praia do Pinvest<\/li>\n<\/ul>\n<h4><strong>Pontos que seguem com cianobact\u00e9rias acima de 50.000 c\u00e9l\/ml.<\/strong><\/h4>\n<ul>\n<li>Tapes \u2013 Balne\u00e1rio Rebelo \u2013 1.300 \u2013 174.944<\/li>\n<li>Tapes\u00a0\u2013\u00a0Praia do Pinvest\u00a0\u2013\u00a0490\u00a0\u2013\u00a069.550<\/li>\n<\/ul>\n<p>As cianobact\u00e9rias s\u00e3o micro-organismos (algas azuis) potencialmente produtores de toxinas. Em condi\u00e7\u00f5es ideais (concentra\u00e7\u00f5es de nitrog\u00eanio e f\u00f3sforo aumentadas, temperaturas elevadas e disponibilidade de luz), as cianobact\u00e9rias reproduzem-se de maneira exagerada, causando flora\u00e7\u00f5es.<\/p>\n<p>A divulga\u00e7\u00e3o dos boletins \u00e9 feita sempre \u00e0s sextas-feiras, at\u00e9 o \u00faltimo fim de semana de fevereiro. Os dados atualizados est\u00e3o dispon\u00edveis no site e m\u00eddias sociais da Fepam, e no\u00a0<strong><a href=\"https:\/\/secweb.procergs.com.br\/baln-consulta\/\" target=\"_blank\" rel=\"noopener\">web aplicativo Balneabilidade<\/a><\/strong>. Os avisos de local pr\u00f3prio ou impr\u00f3prio tamb\u00e9m est\u00e3o em destaque em placas informativas fixadas nos pontos de coleta de \u00e1gua.<\/p>\n<p>O Departamento de Fiscaliza\u00e7\u00e3o da Fepam realiza a\u00e7\u00f5es ao longo do veraneio para garantir que n\u00e3o haja descarte irregular de dejetos em diferentes praias e balne\u00e1rios.<\/p>\n<h4>Recomenda\u00e7\u00f5es<\/h4>\n<ul>\n<li>Entre na \u00e1gua apenas em local com condi\u00e7\u00e3o pr\u00f3pria para o banho.<\/li>\n<li>Evite tomar banho em \u00e9poca chuvosa, nas primeiras 24 horas ap\u00f3s chuvas intensas, em per\u00edodos de cheia dos rios ou em canais pluviais, sa\u00eddas de c\u00f3rregos ou rios que afluem nas praias, pois as \u00e1guas podem estar contaminadas por esgotos dom\u00e9sticos.<\/li>\n<li>N\u00e3o tome banho em locais com concentra\u00e7\u00e3o de algas, pois podem conter toxinas prejudiciais \u00e0 sa\u00fade.<\/li>\n<li>Tenha aten\u00e7\u00e3o especial com crian\u00e7as, idosos e pessoas com baixa imunidade.<\/li>\n<\/ul>\n<h4><strong>Como s\u00e3o feitas as an\u00e1lises<\/strong><\/h4>\n<p>O resultado da balneabilidade est\u00e1 condicionado a cinco semanas de monitoramento. Se ao longo desse per\u00edodo duas ou mais amostras do conjunto apresentarem resultado superior a 800 para E.coli ou se a amostra mais recente das cinco avaliadas apresentar resultado maior que 2.000 para E.coli, o ponto ser\u00e1 classificado como impr\u00f3prio. O mesmo ocorre se a contagem de cianobact\u00e9rias extrapolar 50 mil c\u00e9lulas.<\/p>\n<h4><strong>Quem faz as an\u00e1lises<\/strong><\/h4>\n<p>No Litoral Norte, entre Palmares do Sul (Quint\u00e3o) e Torres, s\u00e3o 34 pontos de \u00e1gua salgada monitorados. As coletas de amostras na regi\u00e3o s\u00e3o feitas semanalmente pela Ger\u00eancia Regional do Litoral Norte Sema-Fepam (Gerlit), que envia o material para an\u00e1lise microbiol\u00f3gica pela Divis\u00e3o de Laborat\u00f3rios (Dilab), em Porto Alegre.<\/p>\n<p>J\u00e1 o monitoramento dos demais pontos contemplados pelo programa, que inclui \u00e1guas internas (lagoas) e outras regi\u00f5es, como Litoral M\u00e9dio e Sul, \u00e9 realizado com apoio da Companhia Riograndense de Saneamento (Corsan) e do Servi\u00e7o Aut\u00f4nomo de Saneamento de Pelotas (Sanep).<\/p>\n","protected":false},"excerpt":{"rendered":"<p>A Funda\u00e7\u00e3o Estadual de Prote\u00e7\u00e3o Ambiental (Fepam) divulgou, nesta sexta-feira, 21, o d\u00e9cimo e pen\u00faltimo boletim do Programa Balneabilidade na temporada 2024-2025. Dos 93 pontos analisados, no litoral e no interior, 85 est\u00e3o pr\u00f3prios para banho e oito est\u00e3o impr\u00f3prios. Conforme as informa\u00e7\u00f5es do boletim atual, todos os 34 pontos do Litoral Norte est\u00e3o aptos [&hellip;]<\/p>\n","protected":false},"author":2,"featured_media":33944,"comment_status":"open","ping_status":"open","sticky":false,"template":"","format":"standard","meta":{"amp_status":"","footnotes":""},"categories":[29],"tags":[2424,3992,3991,3993,3853,213],"class_list":["post-33943","post","type-post","status-publish","format-standard","has-post-thumbnail","hentry","category-meio-ambiente","tag-aguas","tag-arrios","tag-balneabilidade","tag-banho","tag-praias","tag-rio-grande-do-sul"],"yoast_head":"<!-- This site is optimized with the Yoast SEO plugin v20.5 - https:\/\/yoast.com\/wordpress\/plugins\/seo\/ -->\n<title>Novo boletim de balneabilidade da Fepam aponta 85 pontos pr\u00f3prios para banho no RS - O Timoneiro Jornal Canoas RS<\/title>\n<meta name=\"description\" content=\"Fepam divulgou, nesta sexta-feira, 21, o d\u00e9cimo e pen\u00faltimo boletim do Programa Balneabilidade na temporada 2024-2025\" \/>\n<meta name=\"robots\" content=\"index, follow, max-snippet:-1, max-image-preview:large, max-video-preview:-1\" \/>\n<link rel=\"canonical\" href=\"https:\/\/jornaltimoneiro.com.br\/index.php\/2025\/02\/21\/novo-boletim-de-balneabilidade-da-fepam-aponta-85-pontos-proprios-para-banho-no-rs\/\" \/>\n<meta property=\"og:locale\" content=\"pt_BR\" \/>\n<meta property=\"og:type\" content=\"article\" \/>\n<meta property=\"og:title\" content=\"Novo boletim de balneabilidade da Fepam aponta 85 pontos pr\u00f3prios para banho no RS - O Timoneiro Jornal Canoas RS\" \/>\n<meta property=\"og:description\" content=\"Fepam divulgou, nesta sexta-feira, 21, o d\u00e9cimo e pen\u00faltimo boletim do Programa Balneabilidade na temporada 2024-2025\" \/>\n<meta property=\"og:url\" content=\"https:\/\/jornaltimoneiro.com.br\/index.php\/2025\/02\/21\/novo-boletim-de-balneabilidade-da-fepam-aponta-85-pontos-proprios-para-banho-no-rs\/\" \/>\n<meta property=\"og:site_name\" content=\"O Timoneiro Jornal Canoas RS\" \/>\n<meta property=\"article:publisher\" content=\"https:\/\/www.facebook.com\/jornaltimoneiro\" \/>\n<meta property=\"article:published_time\" content=\"2025-02-21T18:57:35+00:00\" \/>\n<meta property=\"og:image\" content=\"https:\/\/jornaltimoneiro.com.br\/wp-content\/uploads\/2025\/02\/WhatsApp-Image-2025-02-21-at-15.56.56.jpeg\" \/>\n\t<meta property=\"og:image:width\" content=\"800\" \/>\n\t<meta property=\"og:image:height\" content=\"533\" \/>\n\t<meta property=\"og:image:type\" content=\"image\/jpeg\" \/>\n<meta name=\"author\" content=\"Reda\u00e7\u00e3o\" \/>\n<meta name=\"twitter:card\" content=\"summary_large_image\" \/>\n<meta name=\"twitter:creator\" content=\"@_OTimoneiro\" \/>\n<meta name=\"twitter:site\" content=\"@_OTimoneiro\" \/>\n<meta name=\"twitter:label1\" content=\"Escrito por\" \/>\n\t<meta name=\"twitter:data1\" content=\"Reda\u00e7\u00e3o\" \/>\n\t<meta name=\"twitter:label2\" content=\"Est. tempo de leitura\" \/>\n\t<meta name=\"twitter:data2\" content=\"3 minutos\" \/>\n<script type=\"application\/ld+json\" class=\"yoast-schema-graph\">{\"@context\":\"https:\/\/schema.org\",\"@graph\":[{\"@type\":\"Article\",\"@id\":\"https:\/\/jornaltimoneiro.com.br\/index.php\/2025\/02\/21\/novo-boletim-de-balneabilidade-da-fepam-aponta-85-pontos-proprios-para-banho-no-rs\/#article\",\"isPartOf\":{\"@id\":\"https:\/\/jornaltimoneiro.com.br\/index.php\/2025\/02\/21\/novo-boletim-de-balneabilidade-da-fepam-aponta-85-pontos-proprios-para-banho-no-rs\/\"},\"author\":{\"name\":\"Reda\u00e7\u00e3o\",\"@id\":\"https:\/\/jornaltimoneiro.com.br\/#\/schema\/person\/f63482f1a02b1a9592707865e509ab40\"},\"headline\":\"Novo boletim de balneabilidade da Fepam aponta 85 pontos pr\u00f3prios para banho no RS\",\"datePublished\":\"2025-02-21T18:57:35+00:00\",\"dateModified\":\"2025-02-21T18:57:35+00:00\",\"mainEntityOfPage\":{\"@id\":\"https:\/\/jornaltimoneiro.com.br\/index.php\/2025\/02\/21\/novo-boletim-de-balneabilidade-da-fepam-aponta-85-pontos-proprios-para-banho-no-rs\/\"},\"wordCount\":574,\"commentCount\":0,\"publisher\":{\"@id\":\"https:\/\/jornaltimoneiro.com.br\/#organization\"},\"keywords\":[\"\u00e1guas\",\"arrios\",\"balneabilidade\",\"banho\",\"praias\",\"rio grande do sul\"],\"articleSection\":[\"Meio Ambiente\"],\"inLanguage\":\"pt-BR\",\"potentialAction\":[{\"@type\":\"CommentAction\",\"name\":\"Comment\",\"target\":[\"https:\/\/jornaltimoneiro.com.br\/index.php\/2025\/02\/21\/novo-boletim-de-balneabilidade-da-fepam-aponta-85-pontos-proprios-para-banho-no-rs\/#respond\"]}]},{\"@type\":\"WebPage\",\"@id\":\"https:\/\/jornaltimoneiro.com.br\/index.php\/2025\/02\/21\/novo-boletim-de-balneabilidade-da-fepam-aponta-85-pontos-proprios-para-banho-no-rs\/\",\"url\":\"https:\/\/jornaltimoneiro.com.br\/index.php\/2025\/02\/21\/novo-boletim-de-balneabilidade-da-fepam-aponta-85-pontos-proprios-para-banho-no-rs\/\",\"name\":\"Novo boletim de balneabilidade da Fepam aponta 85 pontos pr\u00f3prios para banho no RS - O Timoneiro Jornal Canoas RS\",\"isPartOf\":{\"@id\":\"https:\/\/jornaltimoneiro.com.br\/#website\"},\"datePublished\":\"2025-02-21T18:57:35+00:00\",\"dateModified\":\"2025-02-21T18:57:35+00:00\",\"description\":\"Fepam divulgou, nesta sexta-feira, 21, o d\u00e9cimo e pen\u00faltimo boletim do Programa Balneabilidade na temporada 2024-2025\",\"breadcrumb\":{\"@id\":\"https:\/\/jornaltimoneiro.com.br\/index.php\/2025\/02\/21\/novo-boletim-de-balneabilidade-da-fepam-aponta-85-pontos-proprios-para-banho-no-rs\/#breadcrumb\"},\"inLanguage\":\"pt-BR\",\"potentialAction\":[{\"@type\":\"ReadAction\",\"target\":[\"https:\/\/jornaltimoneiro.com.br\/index.php\/2025\/02\/21\/novo-boletim-de-balneabilidade-da-fepam-aponta-85-pontos-proprios-para-banho-no-rs\/\"]}]},{\"@type\":\"BreadcrumbList\",\"@id\":\"https:\/\/jornaltimoneiro.com.br\/index.php\/2025\/02\/21\/novo-boletim-de-balneabilidade-da-fepam-aponta-85-pontos-proprios-para-banho-no-rs\/#breadcrumb\",\"itemListElement\":[{\"@type\":\"ListItem\",\"position\":1,\"name\":\"In\u00edcio\",\"item\":\"https:\/\/jornaltimoneiro.com.br\/\"},{\"@type\":\"ListItem\",\"position\":2,\"name\":\"Novo boletim de balneabilidade da Fepam aponta 85 pontos pr\u00f3prios para banho no RS\"}]},{\"@type\":\"WebSite\",\"@id\":\"https:\/\/jornaltimoneiro.com.br\/#website\",\"url\":\"https:\/\/jornaltimoneiro.com.br\/\",\"name\":\"Jornal Timoneiro Canoas RS\",\"description\":\"Jornal O Timoneiro, o verdadeiro jornal de Canoas\",\"publisher\":{\"@id\":\"https:\/\/jornaltimoneiro.com.br\/#organization\"},\"potentialAction\":[{\"@type\":\"SearchAction\",\"target\":{\"@type\":\"EntryPoint\",\"urlTemplate\":\"https:\/\/jornaltimoneiro.com.br\/?s={search_term_string}\"},\"query-input\":\"required name=search_term_string\"}],\"inLanguage\":\"pt-BR\"},{\"@type\":\"Organization\",\"@id\":\"https:\/\/jornaltimoneiro.com.br\/#organization\",\"name\":\"Jornal Timoneiro Canoas RS\",\"url\":\"https:\/\/jornaltimoneiro.com.br\/\",\"logo\":{\"@type\":\"ImageObject\",\"inLanguage\":\"pt-BR\",\"@id\":\"https:\/\/jornaltimoneiro.com.br\/#\/schema\/logo\/image\/\",\"url\":\"https:\/\/jornaltimoneiro.com.br\/wp-content\/uploads\/2023\/03\/logonovo.png\",\"contentUrl\":\"https:\/\/jornaltimoneiro.com.br\/wp-content\/uploads\/2023\/03\/logonovo.png\",\"width\":\"469\",\"height\":\"171\",\"caption\":\"Jornal Timoneiro Canoas RS\"},\"image\":{\"@id\":\"https:\/\/jornaltimoneiro.com.br\/#\/schema\/logo\/image\/\"},\"sameAs\":[\"https:\/\/www.facebook.com\/jornaltimoneiro\",\"https:\/\/twitter.com\/_OTimoneiro\",\"https:\/\/www.instagram.com\/jornaltimoneirocanoas\/\",\"https:\/\/www.youtube.com\/@jornalotimoneiro7927\"]},{\"@type\":\"Person\",\"@id\":\"https:\/\/jornaltimoneiro.com.br\/#\/schema\/person\/f63482f1a02b1a9592707865e509ab40\",\"name\":\"Reda\u00e7\u00e3o\",\"image\":{\"@type\":\"ImageObject\",\"inLanguage\":\"pt-BR\",\"@id\":\"https:\/\/jornaltimoneiro.com.br\/#\/schema\/person\/image\/\",\"url\":\"https:\/\/jornaltimoneiro.com.br\/wp-content\/uploads\/2023\/03\/download.jpeg\",\"contentUrl\":\"https:\/\/jornaltimoneiro.com.br\/wp-content\/uploads\/2023\/03\/download.jpeg\",\"caption\":\"Reda\u00e7\u00e3o\"},\"url\":\"https:\/\/jornaltimoneiro.com.br\/index.php\/author\/simone-dutra\/\"}]}<\/script>\n<!-- \/ Yoast SEO plugin. -->","yoast_head_json":{"title":"Novo boletim de balneabilidade da Fepam aponta 85 pontos pr\u00f3prios para banho no RS - O Timoneiro Jornal Canoas RS","description":"Fepam divulgou, nesta sexta-feira, 21, o d\u00e9cimo e pen\u00faltimo boletim do Programa Balneabilidade na temporada 2024-2025","robots":{"index":"index","follow":"follow","max-snippet":"max-snippet:-1","max-image-preview":"max-image-preview:large","max-video-preview":"max-video-preview:-1"},"canonical":"https:\/\/jornaltimoneiro.com.br\/index.php\/2025\/02\/21\/novo-boletim-de-balneabilidade-da-fepam-aponta-85-pontos-proprios-para-banho-no-rs\/","og_locale":"pt_BR","og_type":"article","og_title":"Novo boletim de balneabilidade da Fepam aponta 85 pontos pr\u00f3prios para banho no RS - O Timoneiro Jornal Canoas RS","og_description":"Fepam divulgou, nesta sexta-feira, 21, o d\u00e9cimo e pen\u00faltimo boletim do Programa Balneabilidade na temporada 2024-2025","og_url":"https:\/\/jornaltimoneiro.com.br\/index.php\/2025\/02\/21\/novo-boletim-de-balneabilidade-da-fepam-aponta-85-pontos-proprios-para-banho-no-rs\/","og_site_name":"O Timoneiro Jornal Canoas RS","article_publisher":"https:\/\/www.facebook.com\/jornaltimoneiro","article_published_time":"2025-02-21T18:57:35+00:00","og_image":[{"width":800,"height":533,"url":"https:\/\/jornaltimoneiro.com.br\/wp-content\/uploads\/2025\/02\/WhatsApp-Image-2025-02-21-at-15.56.56.jpeg","type":"image\/jpeg"}],"author":"Reda\u00e7\u00e3o","twitter_card":"summary_large_image","twitter_creator":"@_OTimoneiro","twitter_site":"@_OTimoneiro","twitter_misc":{"Escrito por":"Reda\u00e7\u00e3o","Est. tempo de leitura":"3 minutos"},"schema":{"@context":"https:\/\/schema.org","@graph":[{"@type":"Article","@id":"https:\/\/jornaltimoneiro.com.br\/index.php\/2025\/02\/21\/novo-boletim-de-balneabilidade-da-fepam-aponta-85-pontos-proprios-para-banho-no-rs\/#article","isPartOf":{"@id":"https:\/\/jornaltimoneiro.com.br\/index.php\/2025\/02\/21\/novo-boletim-de-balneabilidade-da-fepam-aponta-85-pontos-proprios-para-banho-no-rs\/"},"author":{"name":"Reda\u00e7\u00e3o","@id":"https:\/\/jornaltimoneiro.com.br\/#\/schema\/person\/f63482f1a02b1a9592707865e509ab40"},"headline":"Novo boletim de balneabilidade da Fepam aponta 85 pontos pr\u00f3prios para banho no RS","datePublished":"2025-02-21T18:57:35+00:00","dateModified":"2025-02-21T18:57:35+00:00","mainEntityOfPage":{"@id":"https:\/\/jornaltimoneiro.com.br\/index.php\/2025\/02\/21\/novo-boletim-de-balneabilidade-da-fepam-aponta-85-pontos-proprios-para-banho-no-rs\/"},"wordCount":574,"commentCount":0,"publisher":{"@id":"https:\/\/jornaltimoneiro.com.br\/#organization"},"keywords":["\u00e1guas","arrios","balneabilidade","banho","praias","rio grande do sul"],"articleSection":["Meio Ambiente"],"inLanguage":"pt-BR","potentialAction":[{"@type":"CommentAction","name":"Comment","target":["https:\/\/jornaltimoneiro.com.br\/index.php\/2025\/02\/21\/novo-boletim-de-balneabilidade-da-fepam-aponta-85-pontos-proprios-para-banho-no-rs\/#respond"]}]},{"@type":"WebPage","@id":"https:\/\/jornaltimoneiro.com.br\/index.php\/2025\/02\/21\/novo-boletim-de-balneabilidade-da-fepam-aponta-85-pontos-proprios-para-banho-no-rs\/","url":"https:\/\/jornaltimoneiro.com.br\/index.php\/2025\/02\/21\/novo-boletim-de-balneabilidade-da-fepam-aponta-85-pontos-proprios-para-banho-no-rs\/","name":"Novo boletim de balneabilidade da Fepam aponta 85 pontos pr\u00f3prios para banho no RS - O Timoneiro Jornal Canoas RS","isPartOf":{"@id":"https:\/\/jornaltimoneiro.com.br\/#website"},"datePublished":"2025-02-21T18:57:35+00:00","dateModified":"2025-02-21T18:57:35+00:00","description":"Fepam divulgou, nesta sexta-feira, 21, o d\u00e9cimo e pen\u00faltimo boletim do Programa Balneabilidade na temporada 2024-2025","breadcrumb":{"@id":"https:\/\/jornaltimoneiro.com.br\/index.php\/2025\/02\/21\/novo-boletim-de-balneabilidade-da-fepam-aponta-85-pontos-proprios-para-banho-no-rs\/#breadcrumb"},"inLanguage":"pt-BR","potentialAction":[{"@type":"ReadAction","target":["https:\/\/jornaltimoneiro.com.br\/index.php\/2025\/02\/21\/novo-boletim-de-balneabilidade-da-fepam-aponta-85-pontos-proprios-para-banho-no-rs\/"]}]},{"@type":"BreadcrumbList","@id":"https:\/\/jornaltimoneiro.com.br\/index.php\/2025\/02\/21\/novo-boletim-de-balneabilidade-da-fepam-aponta-85-pontos-proprios-para-banho-no-rs\/#breadcrumb","itemListElement":[{"@type":"ListItem","position":1,"name":"In\u00edcio","item":"https:\/\/jornaltimoneiro.com.br\/"},{"@type":"ListItem","position":2,"name":"Novo boletim de balneabilidade da Fepam aponta 85 pontos pr\u00f3prios para banho no RS"}]},{"@type":"WebSite","@id":"https:\/\/jornaltimoneiro.com.br\/#website","url":"https:\/\/jornaltimoneiro.com.br\/","name":"Jornal Timoneiro Canoas RS","description":"Jornal O Timoneiro, o verdadeiro jornal de Canoas","publisher":{"@id":"https:\/\/jornaltimoneiro.com.br\/#organization"},"potentialAction":[{"@type":"SearchAction","target":{"@type":"EntryPoint","urlTemplate":"https:\/\/jornaltimoneiro.com.br\/?s={search_term_string}"},"query-input":"required name=search_term_string"}],"inLanguage":"pt-BR"},{"@type":"Organization","@id":"https:\/\/jornaltimoneiro.com.br\/#organization","name":"Jornal Timoneiro Canoas RS","url":"https:\/\/jornaltimoneiro.com.br\/","logo":{"@type":"ImageObject","inLanguage":"pt-BR","@id":"https:\/\/jornaltimoneiro.com.br\/#\/schema\/logo\/image\/","url":"https:\/\/jornaltimoneiro.com.br\/wp-content\/uploads\/2023\/03\/logonovo.png","contentUrl":"https:\/\/jornaltimoneiro.com.br\/wp-content\/uploads\/2023\/03\/logonovo.png","width":"469","height":"171","caption":"Jornal Timoneiro Canoas RS"},"image":{"@id":"https:\/\/jornaltimoneiro.com.br\/#\/schema\/logo\/image\/"},"sameAs":["https:\/\/www.facebook.com\/jornaltimoneiro","https:\/\/twitter.com\/_OTimoneiro","https:\/\/www.instagram.com\/jornaltimoneirocanoas\/","https:\/\/www.youtube.com\/@jornalotimoneiro7927"]},{"@type":"Person","@id":"https:\/\/jornaltimoneiro.com.br\/#\/schema\/person\/f63482f1a02b1a9592707865e509ab40","name":"Reda\u00e7\u00e3o","image":{"@type":"ImageObject","inLanguage":"pt-BR","@id":"https:\/\/jornaltimoneiro.com.br\/#\/schema\/person\/image\/","url":"https:\/\/jornaltimoneiro.com.br\/wp-content\/uploads\/2023\/03\/download.jpeg","contentUrl":"https:\/\/jornaltimoneiro.com.br\/wp-content\/uploads\/2023\/03\/download.jpeg","caption":"Reda\u00e7\u00e3o"},"url":"https:\/\/jornaltimoneiro.com.br\/index.php\/author\/simone-dutra\/"}]}},"_links":{"self":[{"href":"https:\/\/jornaltimoneiro.com.br\/index.php\/wp-json\/wp\/v2\/posts\/33943"}],"collection":[{"href":"https:\/\/jornaltimoneiro.com.br\/index.php\/wp-json\/wp\/v2\/posts"}],"about":[{"href":"https:\/\/jornaltimoneiro.com.br\/index.php\/wp-json\/wp\/v2\/types\/post"}],"author":[{"embeddable":true,"href":"https:\/\/jornaltimoneiro.com.br\/index.php\/wp-json\/wp\/v2\/users\/2"}],"replies":[{"embeddable":true,"href":"https:\/\/jornaltimoneiro.com.br\/index.php\/wp-json\/wp\/v2\/comments?post=33943"}],"version-history":[{"count":1,"href":"https:\/\/jornaltimoneiro.com.br\/index.php\/wp-json\/wp\/v2\/posts\/33943\/revisions"}],"predecessor-version":[{"id":33945,"href":"https:\/\/jornaltimoneiro.com.br\/index.php\/wp-json\/wp\/v2\/posts\/33943\/revisions\/33945"}],"wp:featuredmedia":[{"embeddable":true,"href":"https:\/\/jornaltimoneiro.com.br\/index.php\/wp-json\/wp\/v2\/media\/33944"}],"wp:attachment":[{"href":"https:\/\/jornaltimoneiro.com.br\/index.php\/wp-json\/wp\/v2\/media?parent=33943"}],"wp:term":[{"taxonomy":"category","embeddable":true,"href":"https:\/\/jornaltimoneiro.com.br\/index.php\/wp-json\/wp\/v2\/categories?post=33943"},{"taxonomy":"post_tag","embeddable":true,"href":"https:\/\/jornaltimoneiro.com.br\/index.php\/wp-json\/wp\/v2\/tags?post=33943"}],"curies":[{"name":"wp","href":"https:\/\/api.w.org\/{rel}","templated":true}]}}