{"id":33896,"date":"2025-02-19T10:34:19","date_gmt":"2025-02-19T13:34:19","guid":{"rendered":"https:\/\/jornaltimoneiro.com.br\/?p=33896"},"modified":"2025-02-19T13:39:25","modified_gmt":"2025-02-19T16:39:25","slug":"ex-presidente-jair-bolsonaro-e-acusado-pela-pgr-de-comandar-golpe-de-estado","status":"publish","type":"post","link":"https:\/\/jornaltimoneiro.com.br\/index.php\/2025\/02\/19\/ex-presidente-jair-bolsonaro-e-acusado-pela-pgr-de-comandar-golpe-de-estado\/","title":{"rendered":"Ex-presidente Jair Bolsonaro \u00e9 acusado pela PGR de comandar golpe de Estado"},"content":{"rendered":"<p>O ex-presidente Jair Bolsonaro foi formalmente acusado nesta ter\u00e7a-feira, 18, pela Procuradoria-Geral da Rep\u00fablica (PGR) de liderar um suposto plano de golpe de Estado ap\u00f3s a derrota nas elei\u00e7\u00f5es de 2022 para Luiz In\u00e1cio Lula da Silva. Agora, a Primeira Turma do Supremo Tribunal Federal (STF), composta por cinco ministros, vai decidir se aceita a den\u00fancia e abre um processo contra o ex-presidente, sem prazo definido para essa decis\u00e3o.<\/p>\n<p>A turma inclui os ministros Alexandre de Moraes (relator do caso), C\u00e1rmen L\u00facia, Luiz Fux, Cristiano Zanin e Fl\u00e1vio Dino. A PGR pede que Bolsonaro seja responsabilizado por crimes como golpe de Estado, aboli\u00e7\u00e3o violenta do Estado Democr\u00e1tico de Direito, organiza\u00e7\u00e3o criminosa armada, dano qualificado por viol\u00eancia e grave amea\u00e7a contra o patrim\u00f4nio da Uni\u00e3o e deteriora\u00e7\u00e3o de patrim\u00f4nio tombado. Al\u00e9m de Bolsonaro, outras 33 pessoas, incluindo o ex-ministro da Casa Civil, general Braga Netto, tamb\u00e9m foram denunciadas.<\/p>\n<p>A den\u00fancia ocorre quase quatro meses ap\u00f3s o ex-presidente ser indiciado pela Pol\u00edcia Federal (PF), que o apontou como l\u00edder do suposto esquema golpista. O texto acusa Bolsonaro de coordenar uma estrutura com militares, policiais e aliados para impedir a transi\u00e7\u00e3o de poder ap\u00f3s a vit\u00f3ria de Lula.<\/p>\n<p>O procurador-geral Paulo Gonet afirma que Bolsonaro fez parte do \u201cn\u00facleo crucial\u201d do plano, agindo desde 2021 para implement\u00e1-lo, inclusive com discursos p\u00fablicos contra o sistema eleitoral e pressionando o Alto Comando das For\u00e7as Armadas para apoiar um decreto golpista, a &#8220;minuta do golpe&#8221;.<\/p>\n<p>Gonet tamb\u00e9m cita a\u00e7\u00f5es para prejudicar as elei\u00e7\u00f5es, como os bloqueios realizados pela Pol\u00edcia Rodovi\u00e1ria Federal (PRF) no dia da vota\u00e7\u00e3o em \u00e1reas favor\u00e1veis a Lula. Bolsonaro, por sua vez, afirmou que nunca apoiou qualquer movimento golpista e que a acusa\u00e7\u00e3o n\u00e3o apresenta provas concretas contra ele. A defesa do ex-presidente classificou a den\u00fancia como \u201cinepta\u201d e contradit\u00f3ria, alegando que se baseia apenas na dela\u00e7\u00e3o de Mauro Cid, ex-assessor de Bolsonaro.<\/p>\n<p>Mais cedo, Bolsonaro afirmou n\u00e3o ter preocupa\u00e7\u00e3o com a den\u00fancia e questionou a veracidade das evid\u00eancias. &#8220;Voc\u00ea j\u00e1 viu a minuta de golpe? N\u00e3o viu. Eu tamb\u00e9m n\u00e3o vi&#8221;, disse, em refer\u00eancia \u00e0 acusa\u00e7\u00e3o. Em entrevistas anteriores, o ex-presidente negou qualquer envolvimento em golpes, inclusive mencionando discuss\u00f5es sobre o Estado de S\u00edtio como uma medida constitucional, mas n\u00e3o golpista.<\/p>\n<p>Al\u00e9m dessa investiga\u00e7\u00e3o, Bolsonaro tamb\u00e9m \u00e9 alvo da PF em outros dois casos: o das joias sauditas e a fraude no cart\u00e3o de vacinas, mas a PGR ainda n\u00e3o decidiu se ir\u00e1 apresentar den\u00fancias sobre essas quest\u00f5es.<\/p>\n<p>A den\u00fancia n\u00e3o implica em pris\u00e3o imediata; o processo s\u00f3 segue para julgamento com poss\u00edvel condena\u00e7\u00e3o ap\u00f3s esgotados os recursos. Ap\u00f3s a acusa\u00e7\u00e3o, o relator do caso, ministro Alexandre de Moraes, dar\u00e1 15 dias para que a defesa se manifeste. Caso haja contesta\u00e7\u00e3o, a PGR ter\u00e1 cinco dias para responder. Depois disso, Moraes decidir\u00e1 se aceita a den\u00fancia, e o caso ser\u00e1 julgado pela Primeira Turma do STF.<\/p>\n<p>Se a den\u00fancia for aceita, Bolsonaro e os outros denunciados se tornar\u00e3o r\u00e9us, e o processo criminal come\u00e7ar\u00e1. A defesa poder\u00e1 apresentar recursos ao STF, que \u00e9 a inst\u00e2ncia final para esses casos. O processo est\u00e1 sendo conduzido no STF porque o tribunal entende que casos relacionados a ataques \u00e0s institui\u00e7\u00f5es democr\u00e1ticas devem ser julgados pela Corte, mesmo sem o foro privilegiado de Bolsonaro ap\u00f3s seu mandato.<\/p>\n<p>&nbsp;<\/p>\n","protected":false},"excerpt":{"rendered":"<p>O ex-presidente Jair Bolsonaro foi formalmente acusado nesta ter\u00e7a-feira, 18, pela Procuradoria-Geral da Rep\u00fablica (PGR) de liderar um suposto plano de golpe de Estado ap\u00f3s a derrota nas elei\u00e7\u00f5es de 2022 para Luiz In\u00e1cio Lula da Silva. Agora, a Primeira Turma do Supremo Tribunal Federal (STF), composta por cinco ministros, vai decidir se aceita a [&hellip;]<\/p>\n","protected":false},"author":2,"featured_media":33897,"comment_status":"open","ping_status":"open","sticky":false,"template":"","format":"standard","meta":{"amp_status":"","footnotes":""},"categories":[20],"tags":[3975,190,3977,3974,3976],"class_list":["post-33896","post","type-post","status-publish","format-standard","has-post-thumbnail","hentry","category-politica-noticias","tag-ex-presidente","tag-featured","tag-golpe-de-estado","tag-jairo-bolsonaro","tag-procuradoria-geral-da-republica"],"yoast_head":"<!-- This site is optimized with the Yoast SEO plugin v20.5 - https:\/\/yoast.com\/wordpress\/plugins\/seo\/ -->\n<title>Ex-presidente Jair Bolsonaro \u00e9 acusado pela PGR de comandar golpe de Estado - O Timoneiro Jornal Canoas RS<\/title>\n<meta name=\"description\" content=\"Jair Bolsonaro foi formalmente acusado nesta ter\u00e7a-feira PGR de liderar um suposto plano de golpe de Estado\" \/>\n<meta name=\"robots\" content=\"index, follow, max-snippet:-1, max-image-preview:large, max-video-preview:-1\" \/>\n<link rel=\"canonical\" href=\"https:\/\/jornaltimoneiro.com.br\/index.php\/2025\/02\/19\/ex-presidente-jair-bolsonaro-e-acusado-pela-pgr-de-comandar-golpe-de-estado\/\" \/>\n<meta property=\"og:locale\" content=\"pt_BR\" \/>\n<meta property=\"og:type\" content=\"article\" \/>\n<meta property=\"og:title\" content=\"Ex-presidente Jair Bolsonaro \u00e9 acusado pela PGR de comandar golpe de Estado - O Timoneiro Jornal Canoas RS\" \/>\n<meta property=\"og:description\" content=\"Jair Bolsonaro foi formalmente acusado nesta ter\u00e7a-feira PGR de liderar um suposto plano de golpe de Estado\" \/>\n<meta property=\"og:url\" content=\"https:\/\/jornaltimoneiro.com.br\/index.php\/2025\/02\/19\/ex-presidente-jair-bolsonaro-e-acusado-pela-pgr-de-comandar-golpe-de-estado\/\" \/>\n<meta property=\"og:site_name\" content=\"O Timoneiro Jornal Canoas RS\" \/>\n<meta property=\"article:publisher\" content=\"https:\/\/www.facebook.com\/jornaltimoneiro\" \/>\n<meta property=\"article:published_time\" content=\"2025-02-19T13:34:19+00:00\" \/>\n<meta property=\"article:modified_time\" content=\"2025-02-19T16:39:25+00:00\" \/>\n<meta property=\"og:image\" content=\"https:\/\/jornaltimoneiro.com.br\/wp-content\/uploads\/2025\/02\/Ex-presidente-Jair-Bolsonaro-e-acusado-pela-PGR-de-comandar-golpe-de-Estado.jpeg\" \/>\n\t<meta property=\"og:image:width\" content=\"768\" \/>\n\t<meta property=\"og:image:height\" content=\"512\" \/>\n\t<meta property=\"og:image:type\" content=\"image\/jpeg\" \/>\n<meta name=\"author\" content=\"Reda\u00e7\u00e3o\" \/>\n<meta name=\"twitter:card\" content=\"summary_large_image\" \/>\n<meta name=\"twitter:creator\" content=\"@_OTimoneiro\" \/>\n<meta name=\"twitter:site\" content=\"@_OTimoneiro\" \/>\n<meta name=\"twitter:label1\" content=\"Escrito por\" \/>\n\t<meta name=\"twitter:data1\" content=\"Reda\u00e7\u00e3o\" \/>\n\t<meta name=\"twitter:label2\" content=\"Est. tempo de leitura\" \/>\n\t<meta name=\"twitter:data2\" content=\"3 minutos\" \/>\n<script type=\"application\/ld+json\" class=\"yoast-schema-graph\">{\"@context\":\"https:\/\/schema.org\",\"@graph\":[{\"@type\":\"Article\",\"@id\":\"https:\/\/jornaltimoneiro.com.br\/index.php\/2025\/02\/19\/ex-presidente-jair-bolsonaro-e-acusado-pela-pgr-de-comandar-golpe-de-estado\/#article\",\"isPartOf\":{\"@id\":\"https:\/\/jornaltimoneiro.com.br\/index.php\/2025\/02\/19\/ex-presidente-jair-bolsonaro-e-acusado-pela-pgr-de-comandar-golpe-de-estado\/\"},\"author\":{\"name\":\"Reda\u00e7\u00e3o\",\"@id\":\"https:\/\/jornaltimoneiro.com.br\/#\/schema\/person\/f63482f1a02b1a9592707865e509ab40\"},\"headline\":\"Ex-presidente Jair Bolsonaro \u00e9 acusado pela PGR de comandar golpe de Estado\",\"datePublished\":\"2025-02-19T13:34:19+00:00\",\"dateModified\":\"2025-02-19T16:39:25+00:00\",\"mainEntityOfPage\":{\"@id\":\"https:\/\/jornaltimoneiro.com.br\/index.php\/2025\/02\/19\/ex-presidente-jair-bolsonaro-e-acusado-pela-pgr-de-comandar-golpe-de-estado\/\"},\"wordCount\":626,\"commentCount\":0,\"publisher\":{\"@id\":\"https:\/\/jornaltimoneiro.com.br\/#organization\"},\"keywords\":[\"ex-presidente\",\"featured\",\"golpe de estado\",\"jairo bolsonaro\",\"procuradoria geral da rep\u00fablica[\"],\"articleSection\":[\"Pol\u00edtica\"],\"inLanguage\":\"pt-BR\",\"potentialAction\":[{\"@type\":\"CommentAction\",\"name\":\"Comment\",\"target\":[\"https:\/\/jornaltimoneiro.com.br\/index.php\/2025\/02\/19\/ex-presidente-jair-bolsonaro-e-acusado-pela-pgr-de-comandar-golpe-de-estado\/#respond\"]}]},{\"@type\":\"WebPage\",\"@id\":\"https:\/\/jornaltimoneiro.com.br\/index.php\/2025\/02\/19\/ex-presidente-jair-bolsonaro-e-acusado-pela-pgr-de-comandar-golpe-de-estado\/\",\"url\":\"https:\/\/jornaltimoneiro.com.br\/index.php\/2025\/02\/19\/ex-presidente-jair-bolsonaro-e-acusado-pela-pgr-de-comandar-golpe-de-estado\/\",\"name\":\"Ex-presidente Jair Bolsonaro \u00e9 acusado pela PGR de comandar golpe de Estado - O Timoneiro Jornal Canoas RS\",\"isPartOf\":{\"@id\":\"https:\/\/jornaltimoneiro.com.br\/#website\"},\"datePublished\":\"2025-02-19T13:34:19+00:00\",\"dateModified\":\"2025-02-19T16:39:25+00:00\",\"description\":\"Jair Bolsonaro foi formalmente acusado nesta ter\u00e7a-feira PGR de liderar um suposto plano de golpe de Estado\",\"breadcrumb\":{\"@id\":\"https:\/\/jornaltimoneiro.com.br\/index.php\/2025\/02\/19\/ex-presidente-jair-bolsonaro-e-acusado-pela-pgr-de-comandar-golpe-de-estado\/#breadcrumb\"},\"inLanguage\":\"pt-BR\",\"potentialAction\":[{\"@type\":\"ReadAction\",\"target\":[\"https:\/\/jornaltimoneiro.com.br\/index.php\/2025\/02\/19\/ex-presidente-jair-bolsonaro-e-acusado-pela-pgr-de-comandar-golpe-de-estado\/\"]}]},{\"@type\":\"BreadcrumbList\",\"@id\":\"https:\/\/jornaltimoneiro.com.br\/index.php\/2025\/02\/19\/ex-presidente-jair-bolsonaro-e-acusado-pela-pgr-de-comandar-golpe-de-estado\/#breadcrumb\",\"itemListElement\":[{\"@type\":\"ListItem\",\"position\":1,\"name\":\"In\u00edcio\",\"item\":\"https:\/\/jornaltimoneiro.com.br\/\"},{\"@type\":\"ListItem\",\"position\":2,\"name\":\"Ex-presidente Jair Bolsonaro \u00e9 acusado pela PGR de comandar golpe de Estado\"}]},{\"@type\":\"WebSite\",\"@id\":\"https:\/\/jornaltimoneiro.com.br\/#website\",\"url\":\"https:\/\/jornaltimoneiro.com.br\/\",\"name\":\"Jornal Timoneiro Canoas RS\",\"description\":\"Jornal O Timoneiro, o verdadeiro jornal de Canoas\",\"publisher\":{\"@id\":\"https:\/\/jornaltimoneiro.com.br\/#organization\"},\"potentialAction\":[{\"@type\":\"SearchAction\",\"target\":{\"@type\":\"EntryPoint\",\"urlTemplate\":\"https:\/\/jornaltimoneiro.com.br\/?s={search_term_string}\"},\"query-input\":\"required name=search_term_string\"}],\"inLanguage\":\"pt-BR\"},{\"@type\":\"Organization\",\"@id\":\"https:\/\/jornaltimoneiro.com.br\/#organization\",\"name\":\"Jornal Timoneiro Canoas RS\",\"url\":\"https:\/\/jornaltimoneiro.com.br\/\",\"logo\":{\"@type\":\"ImageObject\",\"inLanguage\":\"pt-BR\",\"@id\":\"https:\/\/jornaltimoneiro.com.br\/#\/schema\/logo\/image\/\",\"url\":\"https:\/\/jornaltimoneiro.com.br\/wp-content\/uploads\/2023\/03\/logonovo.png\",\"contentUrl\":\"https:\/\/jornaltimoneiro.com.br\/wp-content\/uploads\/2023\/03\/logonovo.png\",\"width\":\"469\",\"height\":\"171\",\"caption\":\"Jornal Timoneiro Canoas RS\"},\"image\":{\"@id\":\"https:\/\/jornaltimoneiro.com.br\/#\/schema\/logo\/image\/\"},\"sameAs\":[\"https:\/\/www.facebook.com\/jornaltimoneiro\",\"https:\/\/twitter.com\/_OTimoneiro\",\"https:\/\/www.instagram.com\/jornaltimoneirocanoas\/\",\"https:\/\/www.youtube.com\/@jornalotimoneiro7927\"]},{\"@type\":\"Person\",\"@id\":\"https:\/\/jornaltimoneiro.com.br\/#\/schema\/person\/f63482f1a02b1a9592707865e509ab40\",\"name\":\"Reda\u00e7\u00e3o\",\"image\":{\"@type\":\"ImageObject\",\"inLanguage\":\"pt-BR\",\"@id\":\"https:\/\/jornaltimoneiro.com.br\/#\/schema\/person\/image\/\",\"url\":\"https:\/\/jornaltimoneiro.com.br\/wp-content\/uploads\/2023\/03\/download.jpeg\",\"contentUrl\":\"https:\/\/jornaltimoneiro.com.br\/wp-content\/uploads\/2023\/03\/download.jpeg\",\"caption\":\"Reda\u00e7\u00e3o\"},\"url\":\"https:\/\/jornaltimoneiro.com.br\/index.php\/author\/simone-dutra\/\"}]}<\/script>\n<!-- \/ Yoast SEO plugin. -->","yoast_head_json":{"title":"Ex-presidente Jair Bolsonaro \u00e9 acusado pela PGR de comandar golpe de Estado - O Timoneiro Jornal Canoas RS","description":"Jair Bolsonaro foi formalmente acusado nesta ter\u00e7a-feira PGR de liderar um suposto plano de golpe de Estado","robots":{"index":"index","follow":"follow","max-snippet":"max-snippet:-1","max-image-preview":"max-image-preview:large","max-video-preview":"max-video-preview:-1"},"canonical":"https:\/\/jornaltimoneiro.com.br\/index.php\/2025\/02\/19\/ex-presidente-jair-bolsonaro-e-acusado-pela-pgr-de-comandar-golpe-de-estado\/","og_locale":"pt_BR","og_type":"article","og_title":"Ex-presidente Jair Bolsonaro \u00e9 acusado pela PGR de comandar golpe de Estado - O Timoneiro Jornal Canoas RS","og_description":"Jair Bolsonaro foi formalmente acusado nesta ter\u00e7a-feira PGR de liderar um suposto plano de golpe de Estado","og_url":"https:\/\/jornaltimoneiro.com.br\/index.php\/2025\/02\/19\/ex-presidente-jair-bolsonaro-e-acusado-pela-pgr-de-comandar-golpe-de-estado\/","og_site_name":"O Timoneiro Jornal Canoas RS","article_publisher":"https:\/\/www.facebook.com\/jornaltimoneiro","article_published_time":"2025-02-19T13:34:19+00:00","article_modified_time":"2025-02-19T16:39:25+00:00","og_image":[{"width":768,"height":512,"url":"https:\/\/jornaltimoneiro.com.br\/wp-content\/uploads\/2025\/02\/Ex-presidente-Jair-Bolsonaro-e-acusado-pela-PGR-de-comandar-golpe-de-Estado.jpeg","type":"image\/jpeg"}],"author":"Reda\u00e7\u00e3o","twitter_card":"summary_large_image","twitter_creator":"@_OTimoneiro","twitter_site":"@_OTimoneiro","twitter_misc":{"Escrito por":"Reda\u00e7\u00e3o","Est. tempo de leitura":"3 minutos"},"schema":{"@context":"https:\/\/schema.org","@graph":[{"@type":"Article","@id":"https:\/\/jornaltimoneiro.com.br\/index.php\/2025\/02\/19\/ex-presidente-jair-bolsonaro-e-acusado-pela-pgr-de-comandar-golpe-de-estado\/#article","isPartOf":{"@id":"https:\/\/jornaltimoneiro.com.br\/index.php\/2025\/02\/19\/ex-presidente-jair-bolsonaro-e-acusado-pela-pgr-de-comandar-golpe-de-estado\/"},"author":{"name":"Reda\u00e7\u00e3o","@id":"https:\/\/jornaltimoneiro.com.br\/#\/schema\/person\/f63482f1a02b1a9592707865e509ab40"},"headline":"Ex-presidente Jair Bolsonaro \u00e9 acusado pela PGR de comandar golpe de Estado","datePublished":"2025-02-19T13:34:19+00:00","dateModified":"2025-02-19T16:39:25+00:00","mainEntityOfPage":{"@id":"https:\/\/jornaltimoneiro.com.br\/index.php\/2025\/02\/19\/ex-presidente-jair-bolsonaro-e-acusado-pela-pgr-de-comandar-golpe-de-estado\/"},"wordCount":626,"commentCount":0,"publisher":{"@id":"https:\/\/jornaltimoneiro.com.br\/#organization"},"keywords":["ex-presidente","featured","golpe de estado","jairo bolsonaro","procuradoria geral da rep\u00fablica["],"articleSection":["Pol\u00edtica"],"inLanguage":"pt-BR","potentialAction":[{"@type":"CommentAction","name":"Comment","target":["https:\/\/jornaltimoneiro.com.br\/index.php\/2025\/02\/19\/ex-presidente-jair-bolsonaro-e-acusado-pela-pgr-de-comandar-golpe-de-estado\/#respond"]}]},{"@type":"WebPage","@id":"https:\/\/jornaltimoneiro.com.br\/index.php\/2025\/02\/19\/ex-presidente-jair-bolsonaro-e-acusado-pela-pgr-de-comandar-golpe-de-estado\/","url":"https:\/\/jornaltimoneiro.com.br\/index.php\/2025\/02\/19\/ex-presidente-jair-bolsonaro-e-acusado-pela-pgr-de-comandar-golpe-de-estado\/","name":"Ex-presidente Jair Bolsonaro \u00e9 acusado pela PGR de comandar golpe de Estado - O Timoneiro Jornal Canoas RS","isPartOf":{"@id":"https:\/\/jornaltimoneiro.com.br\/#website"},"datePublished":"2025-02-19T13:34:19+00:00","dateModified":"2025-02-19T16:39:25+00:00","description":"Jair Bolsonaro foi formalmente acusado nesta ter\u00e7a-feira PGR de liderar um suposto plano de golpe de Estado","breadcrumb":{"@id":"https:\/\/jornaltimoneiro.com.br\/index.php\/2025\/02\/19\/ex-presidente-jair-bolsonaro-e-acusado-pela-pgr-de-comandar-golpe-de-estado\/#breadcrumb"},"inLanguage":"pt-BR","potentialAction":[{"@type":"ReadAction","target":["https:\/\/jornaltimoneiro.com.br\/index.php\/2025\/02\/19\/ex-presidente-jair-bolsonaro-e-acusado-pela-pgr-de-comandar-golpe-de-estado\/"]}]},{"@type":"BreadcrumbList","@id":"https:\/\/jornaltimoneiro.com.br\/index.php\/2025\/02\/19\/ex-presidente-jair-bolsonaro-e-acusado-pela-pgr-de-comandar-golpe-de-estado\/#breadcrumb","itemListElement":[{"@type":"ListItem","position":1,"name":"In\u00edcio","item":"https:\/\/jornaltimoneiro.com.br\/"},{"@type":"ListItem","position":2,"name":"Ex-presidente Jair Bolsonaro \u00e9 acusado pela PGR de comandar golpe de Estado"}]},{"@type":"WebSite","@id":"https:\/\/jornaltimoneiro.com.br\/#website","url":"https:\/\/jornaltimoneiro.com.br\/","name":"Jornal Timoneiro Canoas RS","description":"Jornal O Timoneiro, o verdadeiro jornal de Canoas","publisher":{"@id":"https:\/\/jornaltimoneiro.com.br\/#organization"},"potentialAction":[{"@type":"SearchAction","target":{"@type":"EntryPoint","urlTemplate":"https:\/\/jornaltimoneiro.com.br\/?s={search_term_string}"},"query-input":"required name=search_term_string"}],"inLanguage":"pt-BR"},{"@type":"Organization","@id":"https:\/\/jornaltimoneiro.com.br\/#organization","name":"Jornal Timoneiro Canoas RS","url":"https:\/\/jornaltimoneiro.com.br\/","logo":{"@type":"ImageObject","inLanguage":"pt-BR","@id":"https:\/\/jornaltimoneiro.com.br\/#\/schema\/logo\/image\/","url":"https:\/\/jornaltimoneiro.com.br\/wp-content\/uploads\/2023\/03\/logonovo.png","contentUrl":"https:\/\/jornaltimoneiro.com.br\/wp-content\/uploads\/2023\/03\/logonovo.png","width":"469","height":"171","caption":"Jornal Timoneiro Canoas RS"},"image":{"@id":"https:\/\/jornaltimoneiro.com.br\/#\/schema\/logo\/image\/"},"sameAs":["https:\/\/www.facebook.com\/jornaltimoneiro","https:\/\/twitter.com\/_OTimoneiro","https:\/\/www.instagram.com\/jornaltimoneirocanoas\/","https:\/\/www.youtube.com\/@jornalotimoneiro7927"]},{"@type":"Person","@id":"https:\/\/jornaltimoneiro.com.br\/#\/schema\/person\/f63482f1a02b1a9592707865e509ab40","name":"Reda\u00e7\u00e3o","image":{"@type":"ImageObject","inLanguage":"pt-BR","@id":"https:\/\/jornaltimoneiro.com.br\/#\/schema\/person\/image\/","url":"https:\/\/jornaltimoneiro.com.br\/wp-content\/uploads\/2023\/03\/download.jpeg","contentUrl":"https:\/\/jornaltimoneiro.com.br\/wp-content\/uploads\/2023\/03\/download.jpeg","caption":"Reda\u00e7\u00e3o"},"url":"https:\/\/jornaltimoneiro.com.br\/index.php\/author\/simone-dutra\/"}]}},"_links":{"self":[{"href":"https:\/\/jornaltimoneiro.com.br\/index.php\/wp-json\/wp\/v2\/posts\/33896"}],"collection":[{"href":"https:\/\/jornaltimoneiro.com.br\/index.php\/wp-json\/wp\/v2\/posts"}],"about":[{"href":"https:\/\/jornaltimoneiro.com.br\/index.php\/wp-json\/wp\/v2\/types\/post"}],"author":[{"embeddable":true,"href":"https:\/\/jornaltimoneiro.com.br\/index.php\/wp-json\/wp\/v2\/users\/2"}],"replies":[{"embeddable":true,"href":"https:\/\/jornaltimoneiro.com.br\/index.php\/wp-json\/wp\/v2\/comments?post=33896"}],"version-history":[{"count":1,"href":"https:\/\/jornaltimoneiro.com.br\/index.php\/wp-json\/wp\/v2\/posts\/33896\/revisions"}],"predecessor-version":[{"id":33898,"href":"https:\/\/jornaltimoneiro.com.br\/index.php\/wp-json\/wp\/v2\/posts\/33896\/revisions\/33898"}],"wp:featuredmedia":[{"embeddable":true,"href":"https:\/\/jornaltimoneiro.com.br\/index.php\/wp-json\/wp\/v2\/media\/33897"}],"wp:attachment":[{"href":"https:\/\/jornaltimoneiro.com.br\/index.php\/wp-json\/wp\/v2\/media?parent=33896"}],"wp:term":[{"taxonomy":"category","embeddable":true,"href":"https:\/\/jornaltimoneiro.com.br\/index.php\/wp-json\/wp\/v2\/categories?post=33896"},{"taxonomy":"post_tag","embeddable":true,"href":"https:\/\/jornaltimoneiro.com.br\/index.php\/wp-json\/wp\/v2\/tags?post=33896"}],"curies":[{"name":"wp","href":"https:\/\/api.w.org\/{rel}","templated":true}]}}