{"id":33878,"date":"2025-02-18T18:14:39","date_gmt":"2025-02-18T21:14:39","guid":{"rendered":"https:\/\/jornaltimoneiro.com.br\/?p=33878"},"modified":"2025-02-18T18:14:39","modified_gmt":"2025-02-18T21:14:39","slug":"aprovado-reajuste-do-piso-do-magisterio-estadual-em-627-a-contar-de-janeiro-de-2025","status":"publish","type":"post","link":"https:\/\/jornaltimoneiro.com.br\/index.php\/2025\/02\/18\/aprovado-reajuste-do-piso-do-magisterio-estadual-em-627-a-contar-de-janeiro-de-2025\/","title":{"rendered":"Aprovado reajuste do piso do magist\u00e9rio estadual em 6,27% a contar de janeiro de 2025"},"content":{"rendered":"<p class=\"bannerTitle\"><span style=\"font-size: 16px;\">Na sess\u00e3o desta ter\u00e7a-feira, 18, os parlamentares aprovaram o projeto do Executivo que reajusta o piso do magist\u00e9rio estadual em 6,27% a contar de janeiro de 2025. O plen\u00e1rio tamb\u00e9m aprovou a composi\u00e7\u00e3o da Comiss\u00e3o de \u00c9tica Parlamentar da Casa.<\/span><\/p>\n<div class=\"infoRow\">\n<div class=\"infoLabeledIcon\">\n<div class=\"clearfix text-formatted field field--name-body field--type-text-with-summary field--label-hidden field__item\">\n<h4><strong>Magist\u00e9rio<\/strong><\/h4>\n<div>Com\u00a0<a class=\"materiaLink\" href=\"http:\/\/ww2.al.rs.gov.br\/dal\/Sess%c3%a3oPlen%c3%a1ria\/DetalheVotacao\/tabid\/5627\/idProjeto\/36401\/Default.aspx\">49 votos favor\u00e1veis<\/a>, foi aprovado o\u00a0<a class=\"materiaLink\" href=\"http:\/\/ww4.al.rs.gov.br\/proposicao\/PL\/14\/2025\">PL 14 2025<\/a>, do Poder Executivo, que reajusta o subs\u00eddio mensal dos membros da carreira do Magist\u00e9rio P\u00fablico Estadual. Conforme a justificativa do governo, o reajuste incidir\u00e1 com paridade sobre todos os n\u00edveis de carreira dos professores ativos e inativos e pensionistas com direito \u00e0 paridade, com\u00a0impacto financeiro estimado\u00a0em R$ 437 milh\u00f5es ao ano.<\/div>\n<div><\/div>\n<div>Uma emenda, proposta pelo deputado\u00a0Miguel Rossetto (PT) e mais 12 parlamentares, foi apresentada ao texto. No entanto, ela n\u00e3o chegou a ser deliberada em fun\u00e7\u00e3o de aprova\u00e7\u00e3o de requerimento do l\u00edder do governo, deputado Frederico Antunes (PP), para prefer\u00eancia de vota\u00e7\u00e3o do\u00a0projeto original.<\/div>\n<div><\/div>\n<div><strong>Sofia Cavedon (PT)\u00a0<\/strong>chamou a aten\u00e7\u00e3o dos colegas\u00a0para a oportunidade de corrigir injusti\u00e7as e arrochos salariais do magist\u00e9rio estadual, especialmente os aposentados e funcion\u00e1rios de escola, com a aprova\u00e7\u00e3o de emenda proposta por sua bancada. Ela criticou Eduardo Leite por retirar direitos dos professores\u00a0durante seus governos. &#8220;O governador usa o dispositivo nacional do reajuste anual do piso do magist\u00e9rio, que \u00e9 um reajuste que ele \u00e9 obrigado a dar, dentro de um mecanismo perverso que faz de conta que paga o piso, mente para a sociedade que paga o piso, mas, na verdade, se apropria de parte do sal\u00e1rio dos servidores e servidoras&#8221;, afirmou.<\/div>\n<div><\/div>\n<div><strong>Luciana Genro (PSOL)\u00a0<\/strong>avaliou ser lament\u00e1vel que os parlamentares tenham que aprovar este projeto que n\u00e3o \u00e9 de fato o cumprimento da lei do piso salarial. &#8220;O que o governador Eduardo Leite criou no Rio Grande do Sul foi a transforma\u00e7\u00e3o do piso em teto&#8221;, acusou. A parlamentar ainda criticou o atual governo por ter destru\u00eddo o plano de carreira e\u00a0atacado as conquistas arrancadas com d\u00e9cadas de luta do magist\u00e9rio. Tamb\u00e9m citou o momento dram\u00e1tico da volta \u00e0s aulas, quando as ondas de calor desmascararam a\u00a0\u00a0falsa ideia do governo de que\u00a0escolas estavam preparadas para o ano letivo.<\/div>\n<div><\/div>\n<div><strong>Felipe Camozzato (Novo)\u00a0<\/strong>afirmou que, nos \u00faltimos quatro anos, o piso teve reajuste de aproximadamente 50%. Ainda criticou a emenda apresentada pela bancada do PT e a postura do Cpers Sindicato. &#8220;Se o Cpers estivesse preocupado com a qualidade da educa\u00e7\u00e3o, iria estar reconhecendo essa valoriza\u00e7\u00e3o de 50% e n\u00e3o pedindo o que sequer o governo Lula faz&#8221;, declarou. Ainda destacou que a proposta em vota\u00e7\u00e3o n\u00e3o \u00e9 uma\u00a0ilus\u00e3o, uma\u00a0irresponsabilidade\u00a0ou uma\u00a0ilegalidade, como colegas afirmaram na tribuna. Na avalia\u00e7\u00e3o de Camozzato, o\u00a0projeto &#8220;\u00e9 o que d\u00e1 para fazer diante das circunst\u00e2ncias&#8221;.<\/div>\n<div><\/div>\n<div><strong>Professor Bonatto (PSDB)<\/strong>\u00a0disse que, ao longo da hist\u00f3ria do Rio Grande do Sul tiveram dificuldade e seguem com dificuldades em desenvolver suas habilidades e compet\u00eancias para cumprir sua miss\u00e3o. Avaliou que a situa\u00e7\u00e3o que vivemos no estado\u00a0hoje \u00e9 resultado de uma s\u00e9rie de decis\u00f5es pol\u00edticas de governos que j\u00e1 passaram e n\u00e3o tiveram a coragem ou a possiblidade de fazer os investimentos necess\u00e1rios na educa\u00e7\u00e3o.\u00a0O deputado disse\u00a0que os professores\u00a0que est\u00e3o na ativa hoje recebiam,\u00a0h\u00e1 cinco anos,\u00a0metade do sal\u00e1rio que recebem hoje. &#8220;Desde que o governador Eduardo Leite assumiu o processo de educa\u00e7\u00e3o vem avan\u00e7ando&#8221;, \u00a0afirmou.<\/div>\n<div><\/div>\n<div><strong>Frederico Antunes (PP)<\/strong>\u00a0rebateu cr\u00edticas dos colegas que o antecederam.\u00a0&#8220;O importante \u00e9 nos darmos conta, num exerc\u00edcio de 2019 para agora, que tivermos um crescimento do valor de pagamento do piso nacional do magist\u00e9rio, um\u00a0cumprimento de lei sem nos permitir estarmos com a espada na cabe\u00e7a do ajuizamento de uma a\u00e7\u00e3o por descumprimento de lei neste estado, de R$ 2.557 para R$ 4.687 sem necessitar de um subterfugio apelidado de completivo&#8221;, explicou.\u00a0Ainda citou projeto que incluiu os servidores de escola nas categorias do piso regional, a meta de melhorar o sistema de gest\u00e3o das escolas e investimentos para\u00a0melhorar a\u00a0infraestrutura dos pr\u00e9dios escolares.<\/div>\n<div><\/div>\n<div>Tamb\u00e9m se manifestaram Halley Lino (PT), Ad\u00e3o Pretto Filho (PT), Laura Sito (PT), Jeferson Fernandes (PT), Leonel Radde (PT), Z\u00e9 Nunes (PT), Bruna Rodrigues (PCdoB), Valdeci Oliveira (PT), Paparico Bacchi (PL) e Miguel Rossetto (PT).<\/div>\n<div>\n<h4><strong>Comiss\u00e3o de \u00c9tica<\/strong><\/h4>\n<div>Antes da aprecia\u00e7\u00e3o do projeto do Executivo, os parlamentares aprovaram,\u00a0por unanimidade (<a class=\"materiaLink\" href=\"http:\/\/ww2.al.rs.gov.br\/dal\/Sess%c3%a3oPlen%c3%a1ria\/DetalheVotacao\/tabid\/5627\/idProjeto\/36399\/Default.aspx\">50 votos favor\u00e1veis<\/a>), o\u00a0<a class=\"materiaLink\" href=\"http:\/\/ww4.al.rs.gov.br\/proposicao\/RDI\/8\/2025\/9f9e1ef1-e8b1-11ef-9ac3-0242ac1d0005\">RDI 8 2025<\/a>, da Mesa Diretora, que\u00a0indica deputados para comporem a Comiss\u00e3o de \u00c9tica Parlamentar para o bi\u00eanio 2025-2027. Os titulares da comiss\u00e3o s\u00e3o\u00a0a deputadas Luciana Genro (PSOL) e Delegada Nadine (PSDB)\u00a0e os deputados Carlos B\u00farigo (MDB), Alo\u00edsio Classmann (Uni\u00e3o), Jeferson Fernandes (PT), Valdeci Oliveira (PT), Z\u00e9 Nunes (PT), Frederico Antunes (PP), Guilherme Pasin (PP), Gustavo Victorino (Republicanos), Cl\u00e1udio Tatsch (PL) e Eduardo Loureiro (PDT).<\/div>\n<\/div>\n<\/div>\n<div><\/div>\n<\/div>\n<\/div>\n","protected":false},"excerpt":{"rendered":"<p>Na sess\u00e3o desta ter\u00e7a-feira, 18, os parlamentares aprovaram o projeto do Executivo que reajusta o piso do magist\u00e9rio estadual em 6,27% a contar de janeiro de 2025. O plen\u00e1rio tamb\u00e9m aprovou a composi\u00e7\u00e3o da Comiss\u00e3o de \u00c9tica Parlamentar da Casa. Magist\u00e9rio Com\u00a049 votos favor\u00e1veis, foi aprovado o\u00a0PL 14 2025, do Poder Executivo, que reajusta o [&hellip;]<\/p>\n","protected":false},"author":2,"featured_media":33879,"comment_status":"open","ping_status":"open","sticky":false,"template":"","format":"standard","meta":{"amp_status":"","footnotes":""},"categories":[2210],"tags":[190,265,3968,419,213],"class_list":["post-33878","post","type-post","status-publish","format-standard","has-post-thumbnail","hentry","category-educacao","tag-featured","tag-magisterio","tag-parlamentares","tag-piso","tag-rio-grande-do-sul"],"yoast_head":"<!-- This site is optimized with the Yoast SEO plugin v20.5 - https:\/\/yoast.com\/wordpress\/plugins\/seo\/ -->\n<title>Aprovado reajuste do piso do magist\u00e9rio estadual em 6,27% a contar de janeiro de 2025 - O Timoneiro Jornal Canoas RS<\/title>\n<meta name=\"description\" content=\"Parlamentares aprovaram o projeto do Executivo que reajusta o piso do magist\u00e9rio estadual em 6,27% a contar de janeiro de 2025\" \/>\n<meta name=\"robots\" content=\"index, follow, max-snippet:-1, max-image-preview:large, max-video-preview:-1\" \/>\n<link rel=\"canonical\" href=\"https:\/\/jornaltimoneiro.com.br\/index.php\/2025\/02\/18\/aprovado-reajuste-do-piso-do-magisterio-estadual-em-627-a-contar-de-janeiro-de-2025\/\" \/>\n<meta property=\"og:locale\" content=\"pt_BR\" \/>\n<meta property=\"og:type\" content=\"article\" \/>\n<meta property=\"og:title\" content=\"Aprovado reajuste do piso do magist\u00e9rio estadual em 6,27% a contar de janeiro de 2025 - O Timoneiro Jornal Canoas RS\" \/>\n<meta property=\"og:description\" content=\"Parlamentares aprovaram o projeto do Executivo que reajusta o piso do magist\u00e9rio estadual em 6,27% a contar de janeiro de 2025\" \/>\n<meta property=\"og:url\" content=\"https:\/\/jornaltimoneiro.com.br\/index.php\/2025\/02\/18\/aprovado-reajuste-do-piso-do-magisterio-estadual-em-627-a-contar-de-janeiro-de-2025\/\" \/>\n<meta property=\"og:site_name\" content=\"O Timoneiro Jornal Canoas RS\" \/>\n<meta property=\"article:publisher\" content=\"https:\/\/www.facebook.com\/jornaltimoneiro\" \/>\n<meta property=\"article:published_time\" content=\"2025-02-18T21:14:39+00:00\" \/>\n<meta property=\"og:image\" content=\"https:\/\/jornaltimoneiro.com.br\/wp-content\/uploads\/2025\/02\/Aprovado-reajuste-do-piso-do-magisterio-estadual-em-627-a-contar-de-janeiro-de-2025.jpeg\" \/>\n\t<meta property=\"og:image:width\" content=\"600\" \/>\n\t<meta property=\"og:image:height\" content=\"400\" \/>\n\t<meta property=\"og:image:type\" content=\"image\/jpeg\" \/>\n<meta name=\"author\" content=\"Reda\u00e7\u00e3o\" \/>\n<meta name=\"twitter:card\" content=\"summary_large_image\" \/>\n<meta name=\"twitter:creator\" content=\"@_OTimoneiro\" \/>\n<meta name=\"twitter:site\" content=\"@_OTimoneiro\" \/>\n<meta name=\"twitter:label1\" content=\"Escrito por\" \/>\n\t<meta name=\"twitter:data1\" content=\"Reda\u00e7\u00e3o\" \/>\n\t<meta name=\"twitter:label2\" content=\"Est. tempo de leitura\" \/>\n\t<meta name=\"twitter:data2\" content=\"5 minutos\" \/>\n<script type=\"application\/ld+json\" class=\"yoast-schema-graph\">{\"@context\":\"https:\/\/schema.org\",\"@graph\":[{\"@type\":\"Article\",\"@id\":\"https:\/\/jornaltimoneiro.com.br\/index.php\/2025\/02\/18\/aprovado-reajuste-do-piso-do-magisterio-estadual-em-627-a-contar-de-janeiro-de-2025\/#article\",\"isPartOf\":{\"@id\":\"https:\/\/jornaltimoneiro.com.br\/index.php\/2025\/02\/18\/aprovado-reajuste-do-piso-do-magisterio-estadual-em-627-a-contar-de-janeiro-de-2025\/\"},\"author\":{\"name\":\"Reda\u00e7\u00e3o\",\"@id\":\"https:\/\/jornaltimoneiro.com.br\/#\/schema\/person\/f63482f1a02b1a9592707865e509ab40\"},\"headline\":\"Aprovado reajuste do piso do magist\u00e9rio estadual em 6,27% a contar de janeiro de 2025\",\"datePublished\":\"2025-02-18T21:14:39+00:00\",\"dateModified\":\"2025-02-18T21:14:39+00:00\",\"mainEntityOfPage\":{\"@id\":\"https:\/\/jornaltimoneiro.com.br\/index.php\/2025\/02\/18\/aprovado-reajuste-do-piso-do-magisterio-estadual-em-627-a-contar-de-janeiro-de-2025\/\"},\"wordCount\":848,\"commentCount\":0,\"publisher\":{\"@id\":\"https:\/\/jornaltimoneiro.com.br\/#organization\"},\"keywords\":[\"featured\",\"magist\u00e9rio\",\"parlamentares\",\"piso\",\"rio grande do sul\"],\"articleSection\":[\"Educa\u00e7\u00e3o\"],\"inLanguage\":\"pt-BR\",\"potentialAction\":[{\"@type\":\"CommentAction\",\"name\":\"Comment\",\"target\":[\"https:\/\/jornaltimoneiro.com.br\/index.php\/2025\/02\/18\/aprovado-reajuste-do-piso-do-magisterio-estadual-em-627-a-contar-de-janeiro-de-2025\/#respond\"]}]},{\"@type\":\"WebPage\",\"@id\":\"https:\/\/jornaltimoneiro.com.br\/index.php\/2025\/02\/18\/aprovado-reajuste-do-piso-do-magisterio-estadual-em-627-a-contar-de-janeiro-de-2025\/\",\"url\":\"https:\/\/jornaltimoneiro.com.br\/index.php\/2025\/02\/18\/aprovado-reajuste-do-piso-do-magisterio-estadual-em-627-a-contar-de-janeiro-de-2025\/\",\"name\":\"Aprovado reajuste do piso do magist\u00e9rio estadual em 6,27% a contar de janeiro de 2025 - O Timoneiro Jornal Canoas RS\",\"isPartOf\":{\"@id\":\"https:\/\/jornaltimoneiro.com.br\/#website\"},\"datePublished\":\"2025-02-18T21:14:39+00:00\",\"dateModified\":\"2025-02-18T21:14:39+00:00\",\"description\":\"Parlamentares aprovaram o projeto do Executivo que reajusta o piso do magist\u00e9rio estadual em 6,27% a contar de janeiro de 2025\",\"breadcrumb\":{\"@id\":\"https:\/\/jornaltimoneiro.com.br\/index.php\/2025\/02\/18\/aprovado-reajuste-do-piso-do-magisterio-estadual-em-627-a-contar-de-janeiro-de-2025\/#breadcrumb\"},\"inLanguage\":\"pt-BR\",\"potentialAction\":[{\"@type\":\"ReadAction\",\"target\":[\"https:\/\/jornaltimoneiro.com.br\/index.php\/2025\/02\/18\/aprovado-reajuste-do-piso-do-magisterio-estadual-em-627-a-contar-de-janeiro-de-2025\/\"]}]},{\"@type\":\"BreadcrumbList\",\"@id\":\"https:\/\/jornaltimoneiro.com.br\/index.php\/2025\/02\/18\/aprovado-reajuste-do-piso-do-magisterio-estadual-em-627-a-contar-de-janeiro-de-2025\/#breadcrumb\",\"itemListElement\":[{\"@type\":\"ListItem\",\"position\":1,\"name\":\"In\u00edcio\",\"item\":\"https:\/\/jornaltimoneiro.com.br\/\"},{\"@type\":\"ListItem\",\"position\":2,\"name\":\"Aprovado reajuste do piso do magist\u00e9rio estadual em 6,27% a contar de janeiro de 2025\"}]},{\"@type\":\"WebSite\",\"@id\":\"https:\/\/jornaltimoneiro.com.br\/#website\",\"url\":\"https:\/\/jornaltimoneiro.com.br\/\",\"name\":\"Jornal Timoneiro Canoas RS\",\"description\":\"Jornal O Timoneiro, o verdadeiro jornal de Canoas\",\"publisher\":{\"@id\":\"https:\/\/jornaltimoneiro.com.br\/#organization\"},\"potentialAction\":[{\"@type\":\"SearchAction\",\"target\":{\"@type\":\"EntryPoint\",\"urlTemplate\":\"https:\/\/jornaltimoneiro.com.br\/?s={search_term_string}\"},\"query-input\":\"required name=search_term_string\"}],\"inLanguage\":\"pt-BR\"},{\"@type\":\"Organization\",\"@id\":\"https:\/\/jornaltimoneiro.com.br\/#organization\",\"name\":\"Jornal Timoneiro Canoas RS\",\"url\":\"https:\/\/jornaltimoneiro.com.br\/\",\"logo\":{\"@type\":\"ImageObject\",\"inLanguage\":\"pt-BR\",\"@id\":\"https:\/\/jornaltimoneiro.com.br\/#\/schema\/logo\/image\/\",\"url\":\"https:\/\/jornaltimoneiro.com.br\/wp-content\/uploads\/2023\/03\/logonovo.png\",\"contentUrl\":\"https:\/\/jornaltimoneiro.com.br\/wp-content\/uploads\/2023\/03\/logonovo.png\",\"width\":\"469\",\"height\":\"171\",\"caption\":\"Jornal Timoneiro Canoas RS\"},\"image\":{\"@id\":\"https:\/\/jornaltimoneiro.com.br\/#\/schema\/logo\/image\/\"},\"sameAs\":[\"https:\/\/www.facebook.com\/jornaltimoneiro\",\"https:\/\/twitter.com\/_OTimoneiro\",\"https:\/\/www.instagram.com\/jornaltimoneirocanoas\/\",\"https:\/\/www.youtube.com\/@jornalotimoneiro7927\"]},{\"@type\":\"Person\",\"@id\":\"https:\/\/jornaltimoneiro.com.br\/#\/schema\/person\/f63482f1a02b1a9592707865e509ab40\",\"name\":\"Reda\u00e7\u00e3o\",\"image\":{\"@type\":\"ImageObject\",\"inLanguage\":\"pt-BR\",\"@id\":\"https:\/\/jornaltimoneiro.com.br\/#\/schema\/person\/image\/\",\"url\":\"https:\/\/jornaltimoneiro.com.br\/wp-content\/uploads\/2023\/03\/download.jpeg\",\"contentUrl\":\"https:\/\/jornaltimoneiro.com.br\/wp-content\/uploads\/2023\/03\/download.jpeg\",\"caption\":\"Reda\u00e7\u00e3o\"},\"url\":\"https:\/\/jornaltimoneiro.com.br\/index.php\/author\/simone-dutra\/\"}]}<\/script>\n<!-- \/ Yoast SEO plugin. -->","yoast_head_json":{"title":"Aprovado reajuste do piso do magist\u00e9rio estadual em 6,27% a contar de janeiro de 2025 - O Timoneiro Jornal Canoas RS","description":"Parlamentares aprovaram o projeto do Executivo que reajusta o piso do magist\u00e9rio estadual em 6,27% a contar de janeiro de 2025","robots":{"index":"index","follow":"follow","max-snippet":"max-snippet:-1","max-image-preview":"max-image-preview:large","max-video-preview":"max-video-preview:-1"},"canonical":"https:\/\/jornaltimoneiro.com.br\/index.php\/2025\/02\/18\/aprovado-reajuste-do-piso-do-magisterio-estadual-em-627-a-contar-de-janeiro-de-2025\/","og_locale":"pt_BR","og_type":"article","og_title":"Aprovado reajuste do piso do magist\u00e9rio estadual em 6,27% a contar de janeiro de 2025 - O Timoneiro Jornal Canoas RS","og_description":"Parlamentares aprovaram o projeto do Executivo que reajusta o piso do magist\u00e9rio estadual em 6,27% a contar de janeiro de 2025","og_url":"https:\/\/jornaltimoneiro.com.br\/index.php\/2025\/02\/18\/aprovado-reajuste-do-piso-do-magisterio-estadual-em-627-a-contar-de-janeiro-de-2025\/","og_site_name":"O Timoneiro Jornal Canoas RS","article_publisher":"https:\/\/www.facebook.com\/jornaltimoneiro","article_published_time":"2025-02-18T21:14:39+00:00","og_image":[{"width":"600","height":"400","url":"https:\/\/jornaltimoneiro.com.br\/wp-content\/uploads\/2025\/02\/Aprovado-reajuste-do-piso-do-magisterio-estadual-em-627-a-contar-de-janeiro-de-2025.jpeg","type":"image\/jpeg"}],"author":"Reda\u00e7\u00e3o","twitter_card":"summary_large_image","twitter_creator":"@_OTimoneiro","twitter_site":"@_OTimoneiro","twitter_misc":{"Escrito por":"Reda\u00e7\u00e3o","Est. tempo de leitura":"5 minutos"},"schema":{"@context":"https:\/\/schema.org","@graph":[{"@type":"Article","@id":"https:\/\/jornaltimoneiro.com.br\/index.php\/2025\/02\/18\/aprovado-reajuste-do-piso-do-magisterio-estadual-em-627-a-contar-de-janeiro-de-2025\/#article","isPartOf":{"@id":"https:\/\/jornaltimoneiro.com.br\/index.php\/2025\/02\/18\/aprovado-reajuste-do-piso-do-magisterio-estadual-em-627-a-contar-de-janeiro-de-2025\/"},"author":{"name":"Reda\u00e7\u00e3o","@id":"https:\/\/jornaltimoneiro.com.br\/#\/schema\/person\/f63482f1a02b1a9592707865e509ab40"},"headline":"Aprovado reajuste do piso do magist\u00e9rio estadual em 6,27% a contar de janeiro de 2025","datePublished":"2025-02-18T21:14:39+00:00","dateModified":"2025-02-18T21:14:39+00:00","mainEntityOfPage":{"@id":"https:\/\/jornaltimoneiro.com.br\/index.php\/2025\/02\/18\/aprovado-reajuste-do-piso-do-magisterio-estadual-em-627-a-contar-de-janeiro-de-2025\/"},"wordCount":848,"commentCount":0,"publisher":{"@id":"https:\/\/jornaltimoneiro.com.br\/#organization"},"keywords":["featured","magist\u00e9rio","parlamentares","piso","rio grande do sul"],"articleSection":["Educa\u00e7\u00e3o"],"inLanguage":"pt-BR","potentialAction":[{"@type":"CommentAction","name":"Comment","target":["https:\/\/jornaltimoneiro.com.br\/index.php\/2025\/02\/18\/aprovado-reajuste-do-piso-do-magisterio-estadual-em-627-a-contar-de-janeiro-de-2025\/#respond"]}]},{"@type":"WebPage","@id":"https:\/\/jornaltimoneiro.com.br\/index.php\/2025\/02\/18\/aprovado-reajuste-do-piso-do-magisterio-estadual-em-627-a-contar-de-janeiro-de-2025\/","url":"https:\/\/jornaltimoneiro.com.br\/index.php\/2025\/02\/18\/aprovado-reajuste-do-piso-do-magisterio-estadual-em-627-a-contar-de-janeiro-de-2025\/","name":"Aprovado reajuste do piso do magist\u00e9rio estadual em 6,27% a contar de janeiro de 2025 - O Timoneiro Jornal Canoas RS","isPartOf":{"@id":"https:\/\/jornaltimoneiro.com.br\/#website"},"datePublished":"2025-02-18T21:14:39+00:00","dateModified":"2025-02-18T21:14:39+00:00","description":"Parlamentares aprovaram o projeto do Executivo que reajusta o piso do magist\u00e9rio estadual em 6,27% a contar de janeiro de 2025","breadcrumb":{"@id":"https:\/\/jornaltimoneiro.com.br\/index.php\/2025\/02\/18\/aprovado-reajuste-do-piso-do-magisterio-estadual-em-627-a-contar-de-janeiro-de-2025\/#breadcrumb"},"inLanguage":"pt-BR","potentialAction":[{"@type":"ReadAction","target":["https:\/\/jornaltimoneiro.com.br\/index.php\/2025\/02\/18\/aprovado-reajuste-do-piso-do-magisterio-estadual-em-627-a-contar-de-janeiro-de-2025\/"]}]},{"@type":"BreadcrumbList","@id":"https:\/\/jornaltimoneiro.com.br\/index.php\/2025\/02\/18\/aprovado-reajuste-do-piso-do-magisterio-estadual-em-627-a-contar-de-janeiro-de-2025\/#breadcrumb","itemListElement":[{"@type":"ListItem","position":1,"name":"In\u00edcio","item":"https:\/\/jornaltimoneiro.com.br\/"},{"@type":"ListItem","position":2,"name":"Aprovado reajuste do piso do magist\u00e9rio estadual em 6,27% a contar de janeiro de 2025"}]},{"@type":"WebSite","@id":"https:\/\/jornaltimoneiro.com.br\/#website","url":"https:\/\/jornaltimoneiro.com.br\/","name":"Jornal Timoneiro Canoas RS","description":"Jornal O Timoneiro, o verdadeiro jornal de Canoas","publisher":{"@id":"https:\/\/jornaltimoneiro.com.br\/#organization"},"potentialAction":[{"@type":"SearchAction","target":{"@type":"EntryPoint","urlTemplate":"https:\/\/jornaltimoneiro.com.br\/?s={search_term_string}"},"query-input":"required name=search_term_string"}],"inLanguage":"pt-BR"},{"@type":"Organization","@id":"https:\/\/jornaltimoneiro.com.br\/#organization","name":"Jornal Timoneiro Canoas RS","url":"https:\/\/jornaltimoneiro.com.br\/","logo":{"@type":"ImageObject","inLanguage":"pt-BR","@id":"https:\/\/jornaltimoneiro.com.br\/#\/schema\/logo\/image\/","url":"https:\/\/jornaltimoneiro.com.br\/wp-content\/uploads\/2023\/03\/logonovo.png","contentUrl":"https:\/\/jornaltimoneiro.com.br\/wp-content\/uploads\/2023\/03\/logonovo.png","width":"469","height":"171","caption":"Jornal Timoneiro Canoas RS"},"image":{"@id":"https:\/\/jornaltimoneiro.com.br\/#\/schema\/logo\/image\/"},"sameAs":["https:\/\/www.facebook.com\/jornaltimoneiro","https:\/\/twitter.com\/_OTimoneiro","https:\/\/www.instagram.com\/jornaltimoneirocanoas\/","https:\/\/www.youtube.com\/@jornalotimoneiro7927"]},{"@type":"Person","@id":"https:\/\/jornaltimoneiro.com.br\/#\/schema\/person\/f63482f1a02b1a9592707865e509ab40","name":"Reda\u00e7\u00e3o","image":{"@type":"ImageObject","inLanguage":"pt-BR","@id":"https:\/\/jornaltimoneiro.com.br\/#\/schema\/person\/image\/","url":"https:\/\/jornaltimoneiro.com.br\/wp-content\/uploads\/2023\/03\/download.jpeg","contentUrl":"https:\/\/jornaltimoneiro.com.br\/wp-content\/uploads\/2023\/03\/download.jpeg","caption":"Reda\u00e7\u00e3o"},"url":"https:\/\/jornaltimoneiro.com.br\/index.php\/author\/simone-dutra\/"}]}},"_links":{"self":[{"href":"https:\/\/jornaltimoneiro.com.br\/index.php\/wp-json\/wp\/v2\/posts\/33878"}],"collection":[{"href":"https:\/\/jornaltimoneiro.com.br\/index.php\/wp-json\/wp\/v2\/posts"}],"about":[{"href":"https:\/\/jornaltimoneiro.com.br\/index.php\/wp-json\/wp\/v2\/types\/post"}],"author":[{"embeddable":true,"href":"https:\/\/jornaltimoneiro.com.br\/index.php\/wp-json\/wp\/v2\/users\/2"}],"replies":[{"embeddable":true,"href":"https:\/\/jornaltimoneiro.com.br\/index.php\/wp-json\/wp\/v2\/comments?post=33878"}],"version-history":[{"count":1,"href":"https:\/\/jornaltimoneiro.com.br\/index.php\/wp-json\/wp\/v2\/posts\/33878\/revisions"}],"predecessor-version":[{"id":33880,"href":"https:\/\/jornaltimoneiro.com.br\/index.php\/wp-json\/wp\/v2\/posts\/33878\/revisions\/33880"}],"wp:featuredmedia":[{"embeddable":true,"href":"https:\/\/jornaltimoneiro.com.br\/index.php\/wp-json\/wp\/v2\/media\/33879"}],"wp:attachment":[{"href":"https:\/\/jornaltimoneiro.com.br\/index.php\/wp-json\/wp\/v2\/media?parent=33878"}],"wp:term":[{"taxonomy":"category","embeddable":true,"href":"https:\/\/jornaltimoneiro.com.br\/index.php\/wp-json\/wp\/v2\/categories?post=33878"},{"taxonomy":"post_tag","embeddable":true,"href":"https:\/\/jornaltimoneiro.com.br\/index.php\/wp-json\/wp\/v2\/tags?post=33878"}],"curies":[{"name":"wp","href":"https:\/\/api.w.org\/{rel}","templated":true}]}}