{"id":33872,"date":"2025-02-18T15:19:47","date_gmt":"2025-02-18T18:19:47","guid":{"rendered":"https:\/\/jornaltimoneiro.com.br\/?p=33872"},"modified":"2025-02-18T15:19:47","modified_gmt":"2025-02-18T18:19:47","slug":"decisao-unanime-do-stf-mantem-posse-de-ate-40g-de-maconha-para-diferenciar-usuarios-de-traficantes","status":"publish","type":"post","link":"https:\/\/jornaltimoneiro.com.br\/index.php\/2025\/02\/18\/decisao-unanime-do-stf-mantem-posse-de-ate-40g-de-maconha-para-diferenciar-usuarios-de-traficantes\/","title":{"rendered":"Decis\u00e3o unanime do STF mant\u00e9m posse de at\u00e9 40g de maconha para diferenciar usu\u00e1rios de traficantes"},"content":{"rendered":"<p>O Supremo Tribunal Federal (STF) concluiu o julgamento do Recurso Extraordin\u00e1rio 635659, declarando a inconstitucionalidade da criminaliza\u00e7\u00e3o do porte de maconha para uso pessoal. A decis\u00e3o, tomada por unanimidade, estabelece que a posse de at\u00e9 40 gramas da subst\u00e2ncia n\u00e3o configura crime.<\/p>\n<p>Victor Minervino Quintiere, professor de Direito Penal e Processo Penal do Centro Universit\u00e1rio de Bras\u00edlia (CEUB), esclarece que a decis\u00e3o do STF n\u00e3o legaliza o porte de maconha em sentido amplo, mas retira sua caracteriza\u00e7\u00e3o como crime.<\/p>\n<p>De acordo com o especialista, a posse para uso pessoal continua proibida em locais p\u00fablicos e permanece como conduta il\u00edcita sujeita a san\u00e7\u00f5es administrativas, como advert\u00eancias e participa\u00e7\u00e3o em programas educativos, conforme previsto no artigo 28 da Lei de Drogas (Lei 11.343\/2006). \u201cA apreens\u00e3o da subst\u00e2ncia permanece, por\u00e9m, o usu\u00e1rio n\u00e3o ser\u00e1 mais preso ou processado criminalmente\u201d, alerta Quintiere.<\/p>\n<p>Para diferenciar usu\u00e1rios de traficantes, o STF fixou a quantidade de 40 gramas de maconha ou at\u00e9 seis plantas f\u00eameas de cannabis como par\u00e2metro. Entretanto, o docente do CEUB explica que essa presun\u00e7\u00e3o n\u00e3o \u00e9 absoluta:<\/p>\n<blockquote><p>\u201cSe houver circunst\u00e2ncias espec\u00edficas ou ind\u00edcios de tr\u00e1fico, como posse de balan\u00e7as de precis\u00e3o ou registros de comercializa\u00e7\u00e3o, essa presun\u00e7\u00e3o pode ser afastada. Nesses casos, as autoridades policiais e judiciais devem avaliar e, se necess\u00e1rio, proceder com a autua\u00e7\u00e3o por tr\u00e1fico de drogas, que permanece criminalizado\u201d.<\/p><\/blockquote>\n<p>O professor destaca ainda que a decis\u00e3o do STF n\u00e3o impede que o Congresso Nacional adote medidas legislativas para alterar a pol\u00edtica de drogas no pa\u00eds, como a Proposta de Emenda \u00e0 Constitui\u00e7\u00e3o (PEC) que visa refor\u00e7ar a criminaliza\u00e7\u00e3o do porte de subst\u00e2ncias il\u00edcitas.<\/p>\n<blockquote><p>\u201cEsse fen\u00f4meno, conhecido como efeito backlash, n\u00e3o \u00e9 vedado. Ele ocorre quando o Legislativo reage a decis\u00f5es judiciais por meio de novas normas ou emendas constitucionais, sendo um mecanismo leg\u00edtimo dentro do processo democr\u00e1tico. Ele \u00e9, na realidade, uma evolu\u00e7\u00e3o da compreens\u00e3o da sociedade\u201d, finaliza Quintiere.<\/p><\/blockquote>\n","protected":false},"excerpt":{"rendered":"<p>O Supremo Tribunal Federal (STF) concluiu o julgamento do Recurso Extraordin\u00e1rio 635659, declarando a inconstitucionalidade da criminaliza\u00e7\u00e3o do porte de maconha para uso pessoal. A decis\u00e3o, tomada por unanimidade, estabelece que a posse de at\u00e9 40 gramas da subst\u00e2ncia n\u00e3o configura crime. Victor Minervino Quintiere, professor de Direito Penal e Processo Penal do Centro Universit\u00e1rio [&hellip;]<\/p>\n","protected":false},"author":2,"featured_media":33873,"comment_status":"open","ping_status":"open","sticky":false,"template":"","format":"standard","meta":{"amp_status":"","footnotes":""},"categories":[23],"tags":[225,3964,577,2860,1027],"class_list":["post-33872","post","type-post","status-publish","format-standard","has-post-thumbnail","hentry","category-geral","tag-brasil","tag-criminalizacao","tag-lei","tag-maconha","tag-stf"],"yoast_head":"<!-- This site is optimized with the Yoast SEO plugin v20.5 - https:\/\/yoast.com\/wordpress\/plugins\/seo\/ -->\n<title>Decis\u00e3o unanime do STF mant\u00e9m posse de at\u00e9 40g de maconha para diferenciar usu\u00e1rios de traficantes - O Timoneiro Jornal Canoas RS<\/title>\n<meta name=\"description\" content=\"O STF concluiu julgamento do Recurso Extraordin\u00e1rio declarando a inconstitucionalidade da criminaliza\u00e7\u00e3o do porte de maconha para uso pessoal\" \/>\n<meta name=\"robots\" content=\"index, follow, max-snippet:-1, max-image-preview:large, max-video-preview:-1\" \/>\n<link rel=\"canonical\" href=\"https:\/\/jornaltimoneiro.com.br\/index.php\/2025\/02\/18\/decisao-unanime-do-stf-mantem-posse-de-ate-40g-de-maconha-para-diferenciar-usuarios-de-traficantes\/\" \/>\n<meta property=\"og:locale\" content=\"pt_BR\" \/>\n<meta property=\"og:type\" content=\"article\" \/>\n<meta property=\"og:title\" content=\"Decis\u00e3o unanime do STF mant\u00e9m posse de at\u00e9 40g de maconha para diferenciar usu\u00e1rios de traficantes - O Timoneiro Jornal Canoas RS\" \/>\n<meta property=\"og:description\" content=\"O STF concluiu julgamento do Recurso Extraordin\u00e1rio declarando a inconstitucionalidade da criminaliza\u00e7\u00e3o do porte de maconha para uso pessoal\" \/>\n<meta property=\"og:url\" content=\"https:\/\/jornaltimoneiro.com.br\/index.php\/2025\/02\/18\/decisao-unanime-do-stf-mantem-posse-de-ate-40g-de-maconha-para-diferenciar-usuarios-de-traficantes\/\" \/>\n<meta property=\"og:site_name\" content=\"O Timoneiro Jornal Canoas RS\" \/>\n<meta property=\"article:publisher\" content=\"https:\/\/www.facebook.com\/jornaltimoneiro\" \/>\n<meta property=\"article:published_time\" content=\"2025-02-18T18:19:47+00:00\" \/>\n<meta property=\"og:image\" content=\"https:\/\/jornaltimoneiro.com.br\/wp-content\/uploads\/2025\/02\/Decisao-unanime-do-STF-mantem-posse-de-ate-40g-de-maconha-para-diferenciar-usuarios-de-traficantes.jpeg\" \/>\n\t<meta property=\"og:image:width\" content=\"626\" \/>\n\t<meta property=\"og:image:height\" content=\"417\" \/>\n\t<meta property=\"og:image:type\" content=\"image\/jpeg\" \/>\n<meta name=\"author\" content=\"Reda\u00e7\u00e3o\" \/>\n<meta name=\"twitter:card\" content=\"summary_large_image\" \/>\n<meta name=\"twitter:creator\" content=\"@_OTimoneiro\" \/>\n<meta name=\"twitter:site\" content=\"@_OTimoneiro\" \/>\n<meta name=\"twitter:label1\" content=\"Escrito por\" \/>\n\t<meta name=\"twitter:data1\" content=\"Reda\u00e7\u00e3o\" \/>\n\t<meta name=\"twitter:label2\" content=\"Est. tempo de leitura\" \/>\n\t<meta name=\"twitter:data2\" content=\"2 minutos\" \/>\n<script type=\"application\/ld+json\" class=\"yoast-schema-graph\">{\"@context\":\"https:\/\/schema.org\",\"@graph\":[{\"@type\":\"Article\",\"@id\":\"https:\/\/jornaltimoneiro.com.br\/index.php\/2025\/02\/18\/decisao-unanime-do-stf-mantem-posse-de-ate-40g-de-maconha-para-diferenciar-usuarios-de-traficantes\/#article\",\"isPartOf\":{\"@id\":\"https:\/\/jornaltimoneiro.com.br\/index.php\/2025\/02\/18\/decisao-unanime-do-stf-mantem-posse-de-ate-40g-de-maconha-para-diferenciar-usuarios-de-traficantes\/\"},\"author\":{\"name\":\"Reda\u00e7\u00e3o\",\"@id\":\"https:\/\/jornaltimoneiro.com.br\/#\/schema\/person\/f63482f1a02b1a9592707865e509ab40\"},\"headline\":\"Decis\u00e3o unanime do STF mant\u00e9m posse de at\u00e9 40g de maconha para diferenciar usu\u00e1rios de traficantes\",\"datePublished\":\"2025-02-18T18:19:47+00:00\",\"dateModified\":\"2025-02-18T18:19:47+00:00\",\"mainEntityOfPage\":{\"@id\":\"https:\/\/jornaltimoneiro.com.br\/index.php\/2025\/02\/18\/decisao-unanime-do-stf-mantem-posse-de-ate-40g-de-maconha-para-diferenciar-usuarios-de-traficantes\/\"},\"wordCount\":372,\"commentCount\":0,\"publisher\":{\"@id\":\"https:\/\/jornaltimoneiro.com.br\/#organization\"},\"keywords\":[\"Brasil\",\"criminaliza\u00e7\u00e3o\",\"lei\",\"maconha\",\"STF\"],\"articleSection\":[\"Geral\"],\"inLanguage\":\"pt-BR\",\"potentialAction\":[{\"@type\":\"CommentAction\",\"name\":\"Comment\",\"target\":[\"https:\/\/jornaltimoneiro.com.br\/index.php\/2025\/02\/18\/decisao-unanime-do-stf-mantem-posse-de-ate-40g-de-maconha-para-diferenciar-usuarios-de-traficantes\/#respond\"]}]},{\"@type\":\"WebPage\",\"@id\":\"https:\/\/jornaltimoneiro.com.br\/index.php\/2025\/02\/18\/decisao-unanime-do-stf-mantem-posse-de-ate-40g-de-maconha-para-diferenciar-usuarios-de-traficantes\/\",\"url\":\"https:\/\/jornaltimoneiro.com.br\/index.php\/2025\/02\/18\/decisao-unanime-do-stf-mantem-posse-de-ate-40g-de-maconha-para-diferenciar-usuarios-de-traficantes\/\",\"name\":\"Decis\u00e3o unanime do STF mant\u00e9m posse de at\u00e9 40g de maconha para diferenciar usu\u00e1rios de traficantes - O Timoneiro Jornal Canoas RS\",\"isPartOf\":{\"@id\":\"https:\/\/jornaltimoneiro.com.br\/#website\"},\"datePublished\":\"2025-02-18T18:19:47+00:00\",\"dateModified\":\"2025-02-18T18:19:47+00:00\",\"description\":\"O STF concluiu julgamento do Recurso Extraordin\u00e1rio declarando a inconstitucionalidade da criminaliza\u00e7\u00e3o do porte de maconha para uso pessoal\",\"breadcrumb\":{\"@id\":\"https:\/\/jornaltimoneiro.com.br\/index.php\/2025\/02\/18\/decisao-unanime-do-stf-mantem-posse-de-ate-40g-de-maconha-para-diferenciar-usuarios-de-traficantes\/#breadcrumb\"},\"inLanguage\":\"pt-BR\",\"potentialAction\":[{\"@type\":\"ReadAction\",\"target\":[\"https:\/\/jornaltimoneiro.com.br\/index.php\/2025\/02\/18\/decisao-unanime-do-stf-mantem-posse-de-ate-40g-de-maconha-para-diferenciar-usuarios-de-traficantes\/\"]}]},{\"@type\":\"BreadcrumbList\",\"@id\":\"https:\/\/jornaltimoneiro.com.br\/index.php\/2025\/02\/18\/decisao-unanime-do-stf-mantem-posse-de-ate-40g-de-maconha-para-diferenciar-usuarios-de-traficantes\/#breadcrumb\",\"itemListElement\":[{\"@type\":\"ListItem\",\"position\":1,\"name\":\"In\u00edcio\",\"item\":\"https:\/\/jornaltimoneiro.com.br\/\"},{\"@type\":\"ListItem\",\"position\":2,\"name\":\"Decis\u00e3o unanime do STF mant\u00e9m posse de at\u00e9 40g de maconha para diferenciar usu\u00e1rios de traficantes\"}]},{\"@type\":\"WebSite\",\"@id\":\"https:\/\/jornaltimoneiro.com.br\/#website\",\"url\":\"https:\/\/jornaltimoneiro.com.br\/\",\"name\":\"Jornal Timoneiro Canoas RS\",\"description\":\"Jornal O Timoneiro, o verdadeiro jornal de Canoas\",\"publisher\":{\"@id\":\"https:\/\/jornaltimoneiro.com.br\/#organization\"},\"potentialAction\":[{\"@type\":\"SearchAction\",\"target\":{\"@type\":\"EntryPoint\",\"urlTemplate\":\"https:\/\/jornaltimoneiro.com.br\/?s={search_term_string}\"},\"query-input\":\"required name=search_term_string\"}],\"inLanguage\":\"pt-BR\"},{\"@type\":\"Organization\",\"@id\":\"https:\/\/jornaltimoneiro.com.br\/#organization\",\"name\":\"Jornal Timoneiro Canoas RS\",\"url\":\"https:\/\/jornaltimoneiro.com.br\/\",\"logo\":{\"@type\":\"ImageObject\",\"inLanguage\":\"pt-BR\",\"@id\":\"https:\/\/jornaltimoneiro.com.br\/#\/schema\/logo\/image\/\",\"url\":\"https:\/\/jornaltimoneiro.com.br\/wp-content\/uploads\/2023\/03\/logonovo.png\",\"contentUrl\":\"https:\/\/jornaltimoneiro.com.br\/wp-content\/uploads\/2023\/03\/logonovo.png\",\"width\":\"469\",\"height\":\"171\",\"caption\":\"Jornal Timoneiro Canoas RS\"},\"image\":{\"@id\":\"https:\/\/jornaltimoneiro.com.br\/#\/schema\/logo\/image\/\"},\"sameAs\":[\"https:\/\/www.facebook.com\/jornaltimoneiro\",\"https:\/\/twitter.com\/_OTimoneiro\",\"https:\/\/www.instagram.com\/jornaltimoneirocanoas\/\",\"https:\/\/www.youtube.com\/@jornalotimoneiro7927\"]},{\"@type\":\"Person\",\"@id\":\"https:\/\/jornaltimoneiro.com.br\/#\/schema\/person\/f63482f1a02b1a9592707865e509ab40\",\"name\":\"Reda\u00e7\u00e3o\",\"image\":{\"@type\":\"ImageObject\",\"inLanguage\":\"pt-BR\",\"@id\":\"https:\/\/jornaltimoneiro.com.br\/#\/schema\/person\/image\/\",\"url\":\"https:\/\/jornaltimoneiro.com.br\/wp-content\/uploads\/2023\/03\/download.jpeg\",\"contentUrl\":\"https:\/\/jornaltimoneiro.com.br\/wp-content\/uploads\/2023\/03\/download.jpeg\",\"caption\":\"Reda\u00e7\u00e3o\"},\"url\":\"https:\/\/jornaltimoneiro.com.br\/index.php\/author\/simone-dutra\/\"}]}<\/script>\n<!-- \/ Yoast SEO plugin. -->","yoast_head_json":{"title":"Decis\u00e3o unanime do STF mant\u00e9m posse de at\u00e9 40g de maconha para diferenciar usu\u00e1rios de traficantes - O Timoneiro Jornal Canoas RS","description":"O STF concluiu julgamento do Recurso Extraordin\u00e1rio declarando a inconstitucionalidade da criminaliza\u00e7\u00e3o do porte de maconha para uso pessoal","robots":{"index":"index","follow":"follow","max-snippet":"max-snippet:-1","max-image-preview":"max-image-preview:large","max-video-preview":"max-video-preview:-1"},"canonical":"https:\/\/jornaltimoneiro.com.br\/index.php\/2025\/02\/18\/decisao-unanime-do-stf-mantem-posse-de-ate-40g-de-maconha-para-diferenciar-usuarios-de-traficantes\/","og_locale":"pt_BR","og_type":"article","og_title":"Decis\u00e3o unanime do STF mant\u00e9m posse de at\u00e9 40g de maconha para diferenciar usu\u00e1rios de traficantes - O Timoneiro Jornal Canoas RS","og_description":"O STF concluiu julgamento do Recurso Extraordin\u00e1rio declarando a inconstitucionalidade da criminaliza\u00e7\u00e3o do porte de maconha para uso pessoal","og_url":"https:\/\/jornaltimoneiro.com.br\/index.php\/2025\/02\/18\/decisao-unanime-do-stf-mantem-posse-de-ate-40g-de-maconha-para-diferenciar-usuarios-de-traficantes\/","og_site_name":"O Timoneiro Jornal Canoas RS","article_publisher":"https:\/\/www.facebook.com\/jornaltimoneiro","article_published_time":"2025-02-18T18:19:47+00:00","og_image":[{"width":"626","height":"417","url":"https:\/\/jornaltimoneiro.com.br\/wp-content\/uploads\/2025\/02\/Decisao-unanime-do-STF-mantem-posse-de-ate-40g-de-maconha-para-diferenciar-usuarios-de-traficantes.jpeg","type":"image\/jpeg"}],"author":"Reda\u00e7\u00e3o","twitter_card":"summary_large_image","twitter_creator":"@_OTimoneiro","twitter_site":"@_OTimoneiro","twitter_misc":{"Escrito por":"Reda\u00e7\u00e3o","Est. tempo de leitura":"2 minutos"},"schema":{"@context":"https:\/\/schema.org","@graph":[{"@type":"Article","@id":"https:\/\/jornaltimoneiro.com.br\/index.php\/2025\/02\/18\/decisao-unanime-do-stf-mantem-posse-de-ate-40g-de-maconha-para-diferenciar-usuarios-de-traficantes\/#article","isPartOf":{"@id":"https:\/\/jornaltimoneiro.com.br\/index.php\/2025\/02\/18\/decisao-unanime-do-stf-mantem-posse-de-ate-40g-de-maconha-para-diferenciar-usuarios-de-traficantes\/"},"author":{"name":"Reda\u00e7\u00e3o","@id":"https:\/\/jornaltimoneiro.com.br\/#\/schema\/person\/f63482f1a02b1a9592707865e509ab40"},"headline":"Decis\u00e3o unanime do STF mant\u00e9m posse de at\u00e9 40g de maconha para diferenciar usu\u00e1rios de traficantes","datePublished":"2025-02-18T18:19:47+00:00","dateModified":"2025-02-18T18:19:47+00:00","mainEntityOfPage":{"@id":"https:\/\/jornaltimoneiro.com.br\/index.php\/2025\/02\/18\/decisao-unanime-do-stf-mantem-posse-de-ate-40g-de-maconha-para-diferenciar-usuarios-de-traficantes\/"},"wordCount":372,"commentCount":0,"publisher":{"@id":"https:\/\/jornaltimoneiro.com.br\/#organization"},"keywords":["Brasil","criminaliza\u00e7\u00e3o","lei","maconha","STF"],"articleSection":["Geral"],"inLanguage":"pt-BR","potentialAction":[{"@type":"CommentAction","name":"Comment","target":["https:\/\/jornaltimoneiro.com.br\/index.php\/2025\/02\/18\/decisao-unanime-do-stf-mantem-posse-de-ate-40g-de-maconha-para-diferenciar-usuarios-de-traficantes\/#respond"]}]},{"@type":"WebPage","@id":"https:\/\/jornaltimoneiro.com.br\/index.php\/2025\/02\/18\/decisao-unanime-do-stf-mantem-posse-de-ate-40g-de-maconha-para-diferenciar-usuarios-de-traficantes\/","url":"https:\/\/jornaltimoneiro.com.br\/index.php\/2025\/02\/18\/decisao-unanime-do-stf-mantem-posse-de-ate-40g-de-maconha-para-diferenciar-usuarios-de-traficantes\/","name":"Decis\u00e3o unanime do STF mant\u00e9m posse de at\u00e9 40g de maconha para diferenciar usu\u00e1rios de traficantes - O Timoneiro Jornal Canoas RS","isPartOf":{"@id":"https:\/\/jornaltimoneiro.com.br\/#website"},"datePublished":"2025-02-18T18:19:47+00:00","dateModified":"2025-02-18T18:19:47+00:00","description":"O STF concluiu julgamento do Recurso Extraordin\u00e1rio declarando a inconstitucionalidade da criminaliza\u00e7\u00e3o do porte de maconha para uso pessoal","breadcrumb":{"@id":"https:\/\/jornaltimoneiro.com.br\/index.php\/2025\/02\/18\/decisao-unanime-do-stf-mantem-posse-de-ate-40g-de-maconha-para-diferenciar-usuarios-de-traficantes\/#breadcrumb"},"inLanguage":"pt-BR","potentialAction":[{"@type":"ReadAction","target":["https:\/\/jornaltimoneiro.com.br\/index.php\/2025\/02\/18\/decisao-unanime-do-stf-mantem-posse-de-ate-40g-de-maconha-para-diferenciar-usuarios-de-traficantes\/"]}]},{"@type":"BreadcrumbList","@id":"https:\/\/jornaltimoneiro.com.br\/index.php\/2025\/02\/18\/decisao-unanime-do-stf-mantem-posse-de-ate-40g-de-maconha-para-diferenciar-usuarios-de-traficantes\/#breadcrumb","itemListElement":[{"@type":"ListItem","position":1,"name":"In\u00edcio","item":"https:\/\/jornaltimoneiro.com.br\/"},{"@type":"ListItem","position":2,"name":"Decis\u00e3o unanime do STF mant\u00e9m posse de at\u00e9 40g de maconha para diferenciar usu\u00e1rios de traficantes"}]},{"@type":"WebSite","@id":"https:\/\/jornaltimoneiro.com.br\/#website","url":"https:\/\/jornaltimoneiro.com.br\/","name":"Jornal Timoneiro Canoas RS","description":"Jornal O Timoneiro, o verdadeiro jornal de Canoas","publisher":{"@id":"https:\/\/jornaltimoneiro.com.br\/#organization"},"potentialAction":[{"@type":"SearchAction","target":{"@type":"EntryPoint","urlTemplate":"https:\/\/jornaltimoneiro.com.br\/?s={search_term_string}"},"query-input":"required name=search_term_string"}],"inLanguage":"pt-BR"},{"@type":"Organization","@id":"https:\/\/jornaltimoneiro.com.br\/#organization","name":"Jornal Timoneiro Canoas RS","url":"https:\/\/jornaltimoneiro.com.br\/","logo":{"@type":"ImageObject","inLanguage":"pt-BR","@id":"https:\/\/jornaltimoneiro.com.br\/#\/schema\/logo\/image\/","url":"https:\/\/jornaltimoneiro.com.br\/wp-content\/uploads\/2023\/03\/logonovo.png","contentUrl":"https:\/\/jornaltimoneiro.com.br\/wp-content\/uploads\/2023\/03\/logonovo.png","width":"469","height":"171","caption":"Jornal Timoneiro Canoas RS"},"image":{"@id":"https:\/\/jornaltimoneiro.com.br\/#\/schema\/logo\/image\/"},"sameAs":["https:\/\/www.facebook.com\/jornaltimoneiro","https:\/\/twitter.com\/_OTimoneiro","https:\/\/www.instagram.com\/jornaltimoneirocanoas\/","https:\/\/www.youtube.com\/@jornalotimoneiro7927"]},{"@type":"Person","@id":"https:\/\/jornaltimoneiro.com.br\/#\/schema\/person\/f63482f1a02b1a9592707865e509ab40","name":"Reda\u00e7\u00e3o","image":{"@type":"ImageObject","inLanguage":"pt-BR","@id":"https:\/\/jornaltimoneiro.com.br\/#\/schema\/person\/image\/","url":"https:\/\/jornaltimoneiro.com.br\/wp-content\/uploads\/2023\/03\/download.jpeg","contentUrl":"https:\/\/jornaltimoneiro.com.br\/wp-content\/uploads\/2023\/03\/download.jpeg","caption":"Reda\u00e7\u00e3o"},"url":"https:\/\/jornaltimoneiro.com.br\/index.php\/author\/simone-dutra\/"}]}},"_links":{"self":[{"href":"https:\/\/jornaltimoneiro.com.br\/index.php\/wp-json\/wp\/v2\/posts\/33872"}],"collection":[{"href":"https:\/\/jornaltimoneiro.com.br\/index.php\/wp-json\/wp\/v2\/posts"}],"about":[{"href":"https:\/\/jornaltimoneiro.com.br\/index.php\/wp-json\/wp\/v2\/types\/post"}],"author":[{"embeddable":true,"href":"https:\/\/jornaltimoneiro.com.br\/index.php\/wp-json\/wp\/v2\/users\/2"}],"replies":[{"embeddable":true,"href":"https:\/\/jornaltimoneiro.com.br\/index.php\/wp-json\/wp\/v2\/comments?post=33872"}],"version-history":[{"count":1,"href":"https:\/\/jornaltimoneiro.com.br\/index.php\/wp-json\/wp\/v2\/posts\/33872\/revisions"}],"predecessor-version":[{"id":33874,"href":"https:\/\/jornaltimoneiro.com.br\/index.php\/wp-json\/wp\/v2\/posts\/33872\/revisions\/33874"}],"wp:featuredmedia":[{"embeddable":true,"href":"https:\/\/jornaltimoneiro.com.br\/index.php\/wp-json\/wp\/v2\/media\/33873"}],"wp:attachment":[{"href":"https:\/\/jornaltimoneiro.com.br\/index.php\/wp-json\/wp\/v2\/media?parent=33872"}],"wp:term":[{"taxonomy":"category","embeddable":true,"href":"https:\/\/jornaltimoneiro.com.br\/index.php\/wp-json\/wp\/v2\/categories?post=33872"},{"taxonomy":"post_tag","embeddable":true,"href":"https:\/\/jornaltimoneiro.com.br\/index.php\/wp-json\/wp\/v2\/tags?post=33872"}],"curies":[{"name":"wp","href":"https:\/\/api.w.org\/{rel}","templated":true}]}}