{"id":33858,"date":"2025-02-18T13:13:41","date_gmt":"2025-02-18T16:13:41","guid":{"rendered":"https:\/\/jornaltimoneiro.com.br\/?p=33858"},"modified":"2025-02-18T13:13:41","modified_gmt":"2025-02-18T16:13:41","slug":"deputada-estadual-luciana-genro-aciona-mp-rs-sobre-obras-do-cinturao-de-diques-em-canoas","status":"publish","type":"post","link":"https:\/\/jornaltimoneiro.com.br\/index.php\/2025\/02\/18\/deputada-estadual-luciana-genro-aciona-mp-rs-sobre-obras-do-cinturao-de-diques-em-canoas\/","title":{"rendered":"Deputada estadual Luciana Genro aciona MP-RS sobre obras do cintur\u00e3o de diques em Canoas"},"content":{"rendered":"<p>A deputada estadual Luciana Genro (PSOL) oficiou o Minist\u00e9rio P\u00fablico do Rio Grande do Sul acerca do descumprimento da Lei de Acesso \u00e0 Informa\u00e7\u00e3o por parte da Prefeitura de Canoas. Ainda em dezembro, a parlamentar questionou o Executivo sobre o andamento das obras anunciadas, a serem financiadas por recurso de cerca de R$ 1 bilh\u00e3o, para reconstru\u00e7\u00e3o e fortalecimento do cintur\u00e3o de diques no munic\u00edpio.<\/p>\n<p>Segundo a deputada, a cobran\u00e7a \u00e0 Prefeitura veio ap\u00f3s moradores de Canoas observarem que n\u00e3o foram iniciadas as obras em todos os pontos divulgados. Segundo informado na \u00e9poca pelo presidente do PSOL Canoas, Rodrigo Cebola, apesar da divulga\u00e7\u00e3o de que estariam em andamento seis frentes de trabalho ao longo dos bairros S\u00e3o Lu\u00eds, Mathias Velho, Harmonia, Mato Grande, F\u00e1tima, Rio Branco e Niter\u00f3i, na pr\u00e1tica, apenas duas frentes estariam vis\u00edveis e ativas, ambas no bairro Mathias Velho.<\/p>\n<p>&#8220;Essa obra no dique \u00e9 fundamental em uma cidade como Canoas, que foi t\u00e3o duramente atingida pela enchente. \u00c9 uma quest\u00e3o de respeito \u00e0 popula\u00e7\u00e3o canoense que esse dinheiro, que tem origem federal, seja utilizado para prevenir novos desastres&#8221;, afirma a deputada.<\/p>\n<p>O prazo para resposta sobre o andamento das obras se esgotou no dia 20 de janeiro, e no dia 31 a deputada protocolou reclama\u00e7\u00e3o no mesmo servi\u00e7o. Portanto, agora Luciana Genro solicita que o Minist\u00e9rio P\u00fablico se atente ao caso, indicando formas do mandato acompanhar as den\u00fancias.<\/p>\n","protected":false},"excerpt":{"rendered":"<p>A deputada estadual Luciana Genro (PSOL) oficiou o Minist\u00e9rio P\u00fablico do Rio Grande do Sul acerca do descumprimento da Lei de Acesso \u00e0 Informa\u00e7\u00e3o por parte da Prefeitura de Canoas. Ainda em dezembro, a parlamentar questionou o Executivo sobre o andamento das obras anunciadas, a serem financiadas por recurso de cerca de R$ 1 bilh\u00e3o, [&hellip;]<\/p>\n","protected":false},"author":2,"featured_media":33861,"comment_status":"open","ping_status":"open","sticky":false,"template":"","format":"standard","meta":{"amp_status":"","footnotes":""},"categories":[20],"tags":[1353,3962,2466,190,3961,126,44],"class_list":["post-33858","post","type-post","status-publish","format-standard","has-post-thumbnail","hentry","category-politica-noticias","tag-cheias","tag-deputada-estadual","tag-diques","tag-featured","tag-luciana-genro","tag-politica","tag-prefeitura-de-canoas"],"yoast_head":"<!-- This site is optimized with the Yoast SEO plugin v20.5 - https:\/\/yoast.com\/wordpress\/plugins\/seo\/ -->\n<title>Deputada estadual Luciana Genro aciona MP-RS sobre obras do cintur\u00e3o de diques em Canoas - O Timoneiro Jornal Canoas RS<\/title>\n<meta name=\"description\" content=\"Luciana Genro oficiou o MP do Rio Grande do Sul acerca do descumprimento da Lei de Acesso \u00e0 Informa\u00e7\u00e3o por parte da Prefeitura de Canoas\" \/>\n<meta name=\"robots\" content=\"index, follow, max-snippet:-1, max-image-preview:large, max-video-preview:-1\" \/>\n<link rel=\"canonical\" href=\"https:\/\/jornaltimoneiro.com.br\/index.php\/2025\/02\/18\/deputada-estadual-luciana-genro-aciona-mp-rs-sobre-obras-do-cinturao-de-diques-em-canoas\/\" \/>\n<meta property=\"og:locale\" content=\"pt_BR\" \/>\n<meta property=\"og:type\" content=\"article\" \/>\n<meta property=\"og:title\" content=\"Deputada estadual Luciana Genro aciona MP-RS sobre obras do cintur\u00e3o de diques em Canoas - O Timoneiro Jornal Canoas RS\" \/>\n<meta property=\"og:description\" content=\"Luciana Genro oficiou o MP do Rio Grande do Sul acerca do descumprimento da Lei de Acesso \u00e0 Informa\u00e7\u00e3o por parte da Prefeitura de Canoas\" \/>\n<meta property=\"og:url\" content=\"https:\/\/jornaltimoneiro.com.br\/index.php\/2025\/02\/18\/deputada-estadual-luciana-genro-aciona-mp-rs-sobre-obras-do-cinturao-de-diques-em-canoas\/\" \/>\n<meta property=\"og:site_name\" content=\"O Timoneiro Jornal Canoas RS\" \/>\n<meta property=\"article:publisher\" content=\"https:\/\/www.facebook.com\/jornaltimoneiro\" \/>\n<meta property=\"article:published_time\" content=\"2025-02-18T16:13:41+00:00\" \/>\n<meta property=\"og:image\" content=\"https:\/\/jornaltimoneiro.com.br\/wp-content\/uploads\/2025\/02\/Deputada-estadual-Luciana-Genro-aciona-MP-RS-sobre-obras-do-cinturao-de-diques-em-Canoas.jpeg\" \/>\n\t<meta property=\"og:image:width\" content=\"1080\" \/>\n\t<meta property=\"og:image:height\" content=\"719\" \/>\n\t<meta property=\"og:image:type\" content=\"image\/jpeg\" \/>\n<meta name=\"author\" content=\"Reda\u00e7\u00e3o\" \/>\n<meta name=\"twitter:card\" content=\"summary_large_image\" \/>\n<meta name=\"twitter:creator\" content=\"@_OTimoneiro\" \/>\n<meta name=\"twitter:site\" content=\"@_OTimoneiro\" \/>\n<meta name=\"twitter:label1\" content=\"Escrito por\" \/>\n\t<meta name=\"twitter:data1\" content=\"Reda\u00e7\u00e3o\" \/>\n\t<meta name=\"twitter:label2\" content=\"Est. tempo de leitura\" \/>\n\t<meta name=\"twitter:data2\" content=\"2 minutos\" \/>\n<script type=\"application\/ld+json\" class=\"yoast-schema-graph\">{\"@context\":\"https:\/\/schema.org\",\"@graph\":[{\"@type\":\"Article\",\"@id\":\"https:\/\/jornaltimoneiro.com.br\/index.php\/2025\/02\/18\/deputada-estadual-luciana-genro-aciona-mp-rs-sobre-obras-do-cinturao-de-diques-em-canoas\/#article\",\"isPartOf\":{\"@id\":\"https:\/\/jornaltimoneiro.com.br\/index.php\/2025\/02\/18\/deputada-estadual-luciana-genro-aciona-mp-rs-sobre-obras-do-cinturao-de-diques-em-canoas\/\"},\"author\":{\"name\":\"Reda\u00e7\u00e3o\",\"@id\":\"https:\/\/jornaltimoneiro.com.br\/#\/schema\/person\/f63482f1a02b1a9592707865e509ab40\"},\"headline\":\"Deputada estadual Luciana Genro aciona MP-RS sobre obras do cintur\u00e3o de diques em Canoas\",\"datePublished\":\"2025-02-18T16:13:41+00:00\",\"dateModified\":\"2025-02-18T16:13:41+00:00\",\"mainEntityOfPage\":{\"@id\":\"https:\/\/jornaltimoneiro.com.br\/index.php\/2025\/02\/18\/deputada-estadual-luciana-genro-aciona-mp-rs-sobre-obras-do-cinturao-de-diques-em-canoas\/\"},\"wordCount\":263,\"commentCount\":0,\"publisher\":{\"@id\":\"https:\/\/jornaltimoneiro.com.br\/#organization\"},\"keywords\":[\"cheias\",\"deputada estadual\",\"diques\",\"featured\",\"luciana genro\",\"Pol\u00edtica\",\"Prefeitura de Canoas\"],\"articleSection\":[\"Pol\u00edtica\"],\"inLanguage\":\"pt-BR\",\"potentialAction\":[{\"@type\":\"CommentAction\",\"name\":\"Comment\",\"target\":[\"https:\/\/jornaltimoneiro.com.br\/index.php\/2025\/02\/18\/deputada-estadual-luciana-genro-aciona-mp-rs-sobre-obras-do-cinturao-de-diques-em-canoas\/#respond\"]}]},{\"@type\":\"WebPage\",\"@id\":\"https:\/\/jornaltimoneiro.com.br\/index.php\/2025\/02\/18\/deputada-estadual-luciana-genro-aciona-mp-rs-sobre-obras-do-cinturao-de-diques-em-canoas\/\",\"url\":\"https:\/\/jornaltimoneiro.com.br\/index.php\/2025\/02\/18\/deputada-estadual-luciana-genro-aciona-mp-rs-sobre-obras-do-cinturao-de-diques-em-canoas\/\",\"name\":\"Deputada estadual Luciana Genro aciona MP-RS sobre obras do cintur\u00e3o de diques em Canoas - O Timoneiro Jornal Canoas RS\",\"isPartOf\":{\"@id\":\"https:\/\/jornaltimoneiro.com.br\/#website\"},\"datePublished\":\"2025-02-18T16:13:41+00:00\",\"dateModified\":\"2025-02-18T16:13:41+00:00\",\"description\":\"Luciana Genro oficiou o MP do Rio Grande do Sul acerca do descumprimento da Lei de Acesso \u00e0 Informa\u00e7\u00e3o por parte da Prefeitura de Canoas\",\"breadcrumb\":{\"@id\":\"https:\/\/jornaltimoneiro.com.br\/index.php\/2025\/02\/18\/deputada-estadual-luciana-genro-aciona-mp-rs-sobre-obras-do-cinturao-de-diques-em-canoas\/#breadcrumb\"},\"inLanguage\":\"pt-BR\",\"potentialAction\":[{\"@type\":\"ReadAction\",\"target\":[\"https:\/\/jornaltimoneiro.com.br\/index.php\/2025\/02\/18\/deputada-estadual-luciana-genro-aciona-mp-rs-sobre-obras-do-cinturao-de-diques-em-canoas\/\"]}]},{\"@type\":\"BreadcrumbList\",\"@id\":\"https:\/\/jornaltimoneiro.com.br\/index.php\/2025\/02\/18\/deputada-estadual-luciana-genro-aciona-mp-rs-sobre-obras-do-cinturao-de-diques-em-canoas\/#breadcrumb\",\"itemListElement\":[{\"@type\":\"ListItem\",\"position\":1,\"name\":\"In\u00edcio\",\"item\":\"https:\/\/jornaltimoneiro.com.br\/\"},{\"@type\":\"ListItem\",\"position\":2,\"name\":\"Deputada estadual Luciana Genro aciona MP-RS sobre obras do cintur\u00e3o de diques em Canoas\"}]},{\"@type\":\"WebSite\",\"@id\":\"https:\/\/jornaltimoneiro.com.br\/#website\",\"url\":\"https:\/\/jornaltimoneiro.com.br\/\",\"name\":\"Jornal Timoneiro Canoas RS\",\"description\":\"Jornal O Timoneiro, o verdadeiro jornal de Canoas\",\"publisher\":{\"@id\":\"https:\/\/jornaltimoneiro.com.br\/#organization\"},\"potentialAction\":[{\"@type\":\"SearchAction\",\"target\":{\"@type\":\"EntryPoint\",\"urlTemplate\":\"https:\/\/jornaltimoneiro.com.br\/?s={search_term_string}\"},\"query-input\":\"required name=search_term_string\"}],\"inLanguage\":\"pt-BR\"},{\"@type\":\"Organization\",\"@id\":\"https:\/\/jornaltimoneiro.com.br\/#organization\",\"name\":\"Jornal Timoneiro Canoas RS\",\"url\":\"https:\/\/jornaltimoneiro.com.br\/\",\"logo\":{\"@type\":\"ImageObject\",\"inLanguage\":\"pt-BR\",\"@id\":\"https:\/\/jornaltimoneiro.com.br\/#\/schema\/logo\/image\/\",\"url\":\"https:\/\/jornaltimoneiro.com.br\/wp-content\/uploads\/2023\/03\/logonovo.png\",\"contentUrl\":\"https:\/\/jornaltimoneiro.com.br\/wp-content\/uploads\/2023\/03\/logonovo.png\",\"width\":\"469\",\"height\":\"171\",\"caption\":\"Jornal Timoneiro Canoas RS\"},\"image\":{\"@id\":\"https:\/\/jornaltimoneiro.com.br\/#\/schema\/logo\/image\/\"},\"sameAs\":[\"https:\/\/www.facebook.com\/jornaltimoneiro\",\"https:\/\/twitter.com\/_OTimoneiro\",\"https:\/\/www.instagram.com\/jornaltimoneirocanoas\/\",\"https:\/\/www.youtube.com\/@jornalotimoneiro7927\"]},{\"@type\":\"Person\",\"@id\":\"https:\/\/jornaltimoneiro.com.br\/#\/schema\/person\/f63482f1a02b1a9592707865e509ab40\",\"name\":\"Reda\u00e7\u00e3o\",\"image\":{\"@type\":\"ImageObject\",\"inLanguage\":\"pt-BR\",\"@id\":\"https:\/\/jornaltimoneiro.com.br\/#\/schema\/person\/image\/\",\"url\":\"https:\/\/jornaltimoneiro.com.br\/wp-content\/uploads\/2023\/03\/download.jpeg\",\"contentUrl\":\"https:\/\/jornaltimoneiro.com.br\/wp-content\/uploads\/2023\/03\/download.jpeg\",\"caption\":\"Reda\u00e7\u00e3o\"},\"url\":\"https:\/\/jornaltimoneiro.com.br\/index.php\/author\/simone-dutra\/\"}]}<\/script>\n<!-- \/ Yoast SEO plugin. -->","yoast_head_json":{"title":"Deputada estadual Luciana Genro aciona MP-RS sobre obras do cintur\u00e3o de diques em Canoas - O Timoneiro Jornal Canoas RS","description":"Luciana Genro oficiou o MP do Rio Grande do Sul acerca do descumprimento da Lei de Acesso \u00e0 Informa\u00e7\u00e3o por parte da Prefeitura de Canoas","robots":{"index":"index","follow":"follow","max-snippet":"max-snippet:-1","max-image-preview":"max-image-preview:large","max-video-preview":"max-video-preview:-1"},"canonical":"https:\/\/jornaltimoneiro.com.br\/index.php\/2025\/02\/18\/deputada-estadual-luciana-genro-aciona-mp-rs-sobre-obras-do-cinturao-de-diques-em-canoas\/","og_locale":"pt_BR","og_type":"article","og_title":"Deputada estadual Luciana Genro aciona MP-RS sobre obras do cintur\u00e3o de diques em Canoas - O Timoneiro Jornal Canoas RS","og_description":"Luciana Genro oficiou o MP do Rio Grande do Sul acerca do descumprimento da Lei de Acesso \u00e0 Informa\u00e7\u00e3o por parte da Prefeitura de Canoas","og_url":"https:\/\/jornaltimoneiro.com.br\/index.php\/2025\/02\/18\/deputada-estadual-luciana-genro-aciona-mp-rs-sobre-obras-do-cinturao-de-diques-em-canoas\/","og_site_name":"O Timoneiro Jornal Canoas RS","article_publisher":"https:\/\/www.facebook.com\/jornaltimoneiro","article_published_time":"2025-02-18T16:13:41+00:00","og_image":[{"width":"1080","height":"719","url":"https:\/\/jornaltimoneiro.com.br\/wp-content\/uploads\/2025\/02\/Deputada-estadual-Luciana-Genro-aciona-MP-RS-sobre-obras-do-cinturao-de-diques-em-Canoas.jpeg","type":"image\/jpeg"}],"author":"Reda\u00e7\u00e3o","twitter_card":"summary_large_image","twitter_creator":"@_OTimoneiro","twitter_site":"@_OTimoneiro","twitter_misc":{"Escrito por":"Reda\u00e7\u00e3o","Est. tempo de leitura":"2 minutos"},"schema":{"@context":"https:\/\/schema.org","@graph":[{"@type":"Article","@id":"https:\/\/jornaltimoneiro.com.br\/index.php\/2025\/02\/18\/deputada-estadual-luciana-genro-aciona-mp-rs-sobre-obras-do-cinturao-de-diques-em-canoas\/#article","isPartOf":{"@id":"https:\/\/jornaltimoneiro.com.br\/index.php\/2025\/02\/18\/deputada-estadual-luciana-genro-aciona-mp-rs-sobre-obras-do-cinturao-de-diques-em-canoas\/"},"author":{"name":"Reda\u00e7\u00e3o","@id":"https:\/\/jornaltimoneiro.com.br\/#\/schema\/person\/f63482f1a02b1a9592707865e509ab40"},"headline":"Deputada estadual Luciana Genro aciona MP-RS sobre obras do cintur\u00e3o de diques em Canoas","datePublished":"2025-02-18T16:13:41+00:00","dateModified":"2025-02-18T16:13:41+00:00","mainEntityOfPage":{"@id":"https:\/\/jornaltimoneiro.com.br\/index.php\/2025\/02\/18\/deputada-estadual-luciana-genro-aciona-mp-rs-sobre-obras-do-cinturao-de-diques-em-canoas\/"},"wordCount":263,"commentCount":0,"publisher":{"@id":"https:\/\/jornaltimoneiro.com.br\/#organization"},"keywords":["cheias","deputada estadual","diques","featured","luciana genro","Pol\u00edtica","Prefeitura de Canoas"],"articleSection":["Pol\u00edtica"],"inLanguage":"pt-BR","potentialAction":[{"@type":"CommentAction","name":"Comment","target":["https:\/\/jornaltimoneiro.com.br\/index.php\/2025\/02\/18\/deputada-estadual-luciana-genro-aciona-mp-rs-sobre-obras-do-cinturao-de-diques-em-canoas\/#respond"]}]},{"@type":"WebPage","@id":"https:\/\/jornaltimoneiro.com.br\/index.php\/2025\/02\/18\/deputada-estadual-luciana-genro-aciona-mp-rs-sobre-obras-do-cinturao-de-diques-em-canoas\/","url":"https:\/\/jornaltimoneiro.com.br\/index.php\/2025\/02\/18\/deputada-estadual-luciana-genro-aciona-mp-rs-sobre-obras-do-cinturao-de-diques-em-canoas\/","name":"Deputada estadual Luciana Genro aciona MP-RS sobre obras do cintur\u00e3o de diques em Canoas - O Timoneiro Jornal Canoas RS","isPartOf":{"@id":"https:\/\/jornaltimoneiro.com.br\/#website"},"datePublished":"2025-02-18T16:13:41+00:00","dateModified":"2025-02-18T16:13:41+00:00","description":"Luciana Genro oficiou o MP do Rio Grande do Sul acerca do descumprimento da Lei de Acesso \u00e0 Informa\u00e7\u00e3o por parte da Prefeitura de Canoas","breadcrumb":{"@id":"https:\/\/jornaltimoneiro.com.br\/index.php\/2025\/02\/18\/deputada-estadual-luciana-genro-aciona-mp-rs-sobre-obras-do-cinturao-de-diques-em-canoas\/#breadcrumb"},"inLanguage":"pt-BR","potentialAction":[{"@type":"ReadAction","target":["https:\/\/jornaltimoneiro.com.br\/index.php\/2025\/02\/18\/deputada-estadual-luciana-genro-aciona-mp-rs-sobre-obras-do-cinturao-de-diques-em-canoas\/"]}]},{"@type":"BreadcrumbList","@id":"https:\/\/jornaltimoneiro.com.br\/index.php\/2025\/02\/18\/deputada-estadual-luciana-genro-aciona-mp-rs-sobre-obras-do-cinturao-de-diques-em-canoas\/#breadcrumb","itemListElement":[{"@type":"ListItem","position":1,"name":"In\u00edcio","item":"https:\/\/jornaltimoneiro.com.br\/"},{"@type":"ListItem","position":2,"name":"Deputada estadual Luciana Genro aciona MP-RS sobre obras do cintur\u00e3o de diques em Canoas"}]},{"@type":"WebSite","@id":"https:\/\/jornaltimoneiro.com.br\/#website","url":"https:\/\/jornaltimoneiro.com.br\/","name":"Jornal Timoneiro Canoas RS","description":"Jornal O Timoneiro, o verdadeiro jornal de Canoas","publisher":{"@id":"https:\/\/jornaltimoneiro.com.br\/#organization"},"potentialAction":[{"@type":"SearchAction","target":{"@type":"EntryPoint","urlTemplate":"https:\/\/jornaltimoneiro.com.br\/?s={search_term_string}"},"query-input":"required name=search_term_string"}],"inLanguage":"pt-BR"},{"@type":"Organization","@id":"https:\/\/jornaltimoneiro.com.br\/#organization","name":"Jornal Timoneiro Canoas RS","url":"https:\/\/jornaltimoneiro.com.br\/","logo":{"@type":"ImageObject","inLanguage":"pt-BR","@id":"https:\/\/jornaltimoneiro.com.br\/#\/schema\/logo\/image\/","url":"https:\/\/jornaltimoneiro.com.br\/wp-content\/uploads\/2023\/03\/logonovo.png","contentUrl":"https:\/\/jornaltimoneiro.com.br\/wp-content\/uploads\/2023\/03\/logonovo.png","width":"469","height":"171","caption":"Jornal Timoneiro Canoas RS"},"image":{"@id":"https:\/\/jornaltimoneiro.com.br\/#\/schema\/logo\/image\/"},"sameAs":["https:\/\/www.facebook.com\/jornaltimoneiro","https:\/\/twitter.com\/_OTimoneiro","https:\/\/www.instagram.com\/jornaltimoneirocanoas\/","https:\/\/www.youtube.com\/@jornalotimoneiro7927"]},{"@type":"Person","@id":"https:\/\/jornaltimoneiro.com.br\/#\/schema\/person\/f63482f1a02b1a9592707865e509ab40","name":"Reda\u00e7\u00e3o","image":{"@type":"ImageObject","inLanguage":"pt-BR","@id":"https:\/\/jornaltimoneiro.com.br\/#\/schema\/person\/image\/","url":"https:\/\/jornaltimoneiro.com.br\/wp-content\/uploads\/2023\/03\/download.jpeg","contentUrl":"https:\/\/jornaltimoneiro.com.br\/wp-content\/uploads\/2023\/03\/download.jpeg","caption":"Reda\u00e7\u00e3o"},"url":"https:\/\/jornaltimoneiro.com.br\/index.php\/author\/simone-dutra\/"}]}},"_links":{"self":[{"href":"https:\/\/jornaltimoneiro.com.br\/index.php\/wp-json\/wp\/v2\/posts\/33858"}],"collection":[{"href":"https:\/\/jornaltimoneiro.com.br\/index.php\/wp-json\/wp\/v2\/posts"}],"about":[{"href":"https:\/\/jornaltimoneiro.com.br\/index.php\/wp-json\/wp\/v2\/types\/post"}],"author":[{"embeddable":true,"href":"https:\/\/jornaltimoneiro.com.br\/index.php\/wp-json\/wp\/v2\/users\/2"}],"replies":[{"embeddable":true,"href":"https:\/\/jornaltimoneiro.com.br\/index.php\/wp-json\/wp\/v2\/comments?post=33858"}],"version-history":[{"count":1,"href":"https:\/\/jornaltimoneiro.com.br\/index.php\/wp-json\/wp\/v2\/posts\/33858\/revisions"}],"predecessor-version":[{"id":33862,"href":"https:\/\/jornaltimoneiro.com.br\/index.php\/wp-json\/wp\/v2\/posts\/33858\/revisions\/33862"}],"wp:featuredmedia":[{"embeddable":true,"href":"https:\/\/jornaltimoneiro.com.br\/index.php\/wp-json\/wp\/v2\/media\/33861"}],"wp:attachment":[{"href":"https:\/\/jornaltimoneiro.com.br\/index.php\/wp-json\/wp\/v2\/media?parent=33858"}],"wp:term":[{"taxonomy":"category","embeddable":true,"href":"https:\/\/jornaltimoneiro.com.br\/index.php\/wp-json\/wp\/v2\/categories?post=33858"},{"taxonomy":"post_tag","embeddable":true,"href":"https:\/\/jornaltimoneiro.com.br\/index.php\/wp-json\/wp\/v2\/tags?post=33858"}],"curies":[{"name":"wp","href":"https:\/\/api.w.org\/{rel}","templated":true}]}}