{"id":33755,"date":"2025-02-07T14:29:53","date_gmt":"2025-02-07T17:29:53","guid":{"rendered":"https:\/\/jornaltimoneiro.com.br\/?p=33755"},"modified":"2025-02-07T14:33:20","modified_gmt":"2025-02-07T17:33:20","slug":"defesa-civil-alerta-para-temperaturas-elevadas-e-baixa-umidade-relativa-do-ar-entre-8-e-12-de-fevereiro","status":"publish","type":"post","link":"https:\/\/jornaltimoneiro.com.br\/index.php\/2025\/02\/07\/defesa-civil-alerta-para-temperaturas-elevadas-e-baixa-umidade-relativa-do-ar-entre-8-e-12-de-fevereiro\/","title":{"rendered":"Defesa Civil alerta para temperaturas elevadas e baixa umidade relativa do ar entre 8 e 12 de fevereiro\u00a0"},"content":{"rendered":"<p>A Sala de Situa\u00e7\u00e3o e a Defesa Civil do Rio Grande do Sul orientam para os dias 8 a 12 de fevereiro a previs\u00e3o de temperaturas elevadas e baixa umidade relativa do ar. As condi\u00e7\u00f5es meteorol\u00f3gicas adversas devem atingir as regi\u00f5es Oeste, Miss\u00f5es, Noroeste, Norte, Campanha, Centro, parte do Sul, parte da Costa Doce, Vales e Regi\u00e3o Metropolitana de Porto Alegre (RMPOA).<\/p>\n<p>No <strong>s\u00e1bado, 8<\/strong>, as temperaturas se elevam em compara\u00e7\u00e3o com os dias anteriores, al\u00e9m da umidade relativa do ar (UR), que volta a atingir n\u00edveis de aten\u00e7\u00e3o. Em \u00e1reas da fronteira Oeste, Campanha, Centro, Vales e RMPOA, as temperaturas m\u00ednimas devem variar entre 19 e 23\u00b0C, enquanto as m\u00e1ximas ficam entre 32 e 41\u00b0C.<\/p>\n<p>No <strong>domingo, 9<\/strong>, as temperaturas m\u00ednimas ficar\u00e3o entre 18 e 24\u00b0C, enquanto as m\u00e1ximas alcan\u00e7am valores entre 34 e 42\u00b0C em \u00e1reas do Oeste, Miss\u00f5es, Noroeste, Centro, Campanha, Vales e RMPOA. Al\u00e9m disso, nessas regi\u00f5es, a UR permanece em n\u00edveis de aten\u00e7\u00e3o, entre 20% e 30%.<\/p>\n<p>Durante a <strong>segunda-feira, 10<\/strong>, as temperaturas dever\u00e3o registrar m\u00ednimas entre 20 e 27\u00b0C. J\u00e1 as m\u00e1ximas atingem valores em torno de 33 e 43\u00b0C em boa parte do Rio Grande do Sul. A UR se mant\u00e9m baixa, variando entre 20 e 30% na metade Oeste, Centro, Vales, Costa Doce e RMPOA.<\/p>\n<p>Na <strong>ter\u00e7a-feira, 11<\/strong>, as m\u00ednimas ficar\u00e3o entre 22 e 28\u00b0C. As m\u00e1ximas devem subir bastante, alcan\u00e7ando valores entre 35 e 44\u00b0C no Oeste, Miss\u00f5es, Noroeste, Norte, Campanha, Centro, parte do Sul, parte da Costa Doce, Vales e RMPOA. A UR segue baixa, variando entre 20 e 30%.<\/p>\n<p>Na <strong>quarta-feira, 12<\/strong>, a onda de calor segue atuando. Pela manh\u00e3, as m\u00ednimas variam entre 22 e 27\u00b0C na fronteira Oeste, Centro, Vales, Norte, RMPOA e parte da Costa Doce. \u00c0 tarde, as m\u00e1ximas ficam entre 29 e 39\u00b0C.<\/p>\n<h4>Cuidados durante altas temperaturas:<\/h4>\n<p>Proteja grupos vulner\u00e1veis: cuide de crian\u00e7as, idosos e animais, mantendo-os em locais frescos e ventilados. Mantenha-se hidratado: beba \u00e1gua regularmente, mesmo sem sede, para evitar desidrata\u00e7\u00e3o. Evite exposi\u00e7\u00e3o direta ao sol: procure sombra, especialmente entre 10h e 16h.<\/p>\n","protected":false},"excerpt":{"rendered":"<p>A Sala de Situa\u00e7\u00e3o e a Defesa Civil do Rio Grande do Sul orientam para os dias 8 a 12 de fevereiro a previs\u00e3o de temperaturas elevadas e baixa umidade relativa do ar. As condi\u00e7\u00f5es meteorol\u00f3gicas adversas devem atingir as regi\u00f5es Oeste, Miss\u00f5es, Noroeste, Norte, Campanha, Centro, parte do Sul, parte da Costa Doce, Vales [&hellip;]<\/p>\n","protected":false},"author":2,"featured_media":33756,"comment_status":"open","ping_status":"open","sticky":false,"template":"","format":"standard","meta":{"amp_status":"","footnotes":""},"categories":[2193],"tags":[1763,389,190,213,3937,3938],"class_list":["post-33755","post","type-post","status-publish","format-standard","has-post-thumbnail","hentry","category-clima","tag-calor","tag-defesa-civil","tag-featured","tag-rio-grande-do-sul","tag-temperaturas-altas","tag-umidade-do-ar"],"yoast_head":"<!-- This site is optimized with the Yoast SEO plugin v20.5 - https:\/\/yoast.com\/wordpress\/plugins\/seo\/ -->\n<title>Defesa Civil alerta para temperaturas elevadas e baixa umidade relativa do ar entre 8 e 12 de fevereiro\u00a0 - O Timoneiro Jornal Canoas RS<\/title>\n<meta name=\"description\" content=\"A Defesa Civil do Rio Grande do Sul orientam para dias 8 a 12 de fevereiro a previs\u00e3o de temperaturas elevadas e baixa umidade relativa do ar\" \/>\n<meta name=\"robots\" content=\"index, follow, max-snippet:-1, max-image-preview:large, max-video-preview:-1\" \/>\n<link rel=\"canonical\" href=\"https:\/\/jornaltimoneiro.com.br\/index.php\/2025\/02\/07\/defesa-civil-alerta-para-temperaturas-elevadas-e-baixa-umidade-relativa-do-ar-entre-8-e-12-de-fevereiro\/\" \/>\n<meta property=\"og:locale\" content=\"pt_BR\" \/>\n<meta property=\"og:type\" content=\"article\" \/>\n<meta property=\"og:title\" content=\"Defesa Civil alerta para temperaturas elevadas e baixa umidade relativa do ar entre 8 e 12 de fevereiro\u00a0 - O Timoneiro Jornal Canoas RS\" \/>\n<meta property=\"og:description\" content=\"A Defesa Civil do Rio Grande do Sul orientam para dias 8 a 12 de fevereiro a previs\u00e3o de temperaturas elevadas e baixa umidade relativa do ar\" \/>\n<meta property=\"og:url\" content=\"https:\/\/jornaltimoneiro.com.br\/index.php\/2025\/02\/07\/defesa-civil-alerta-para-temperaturas-elevadas-e-baixa-umidade-relativa-do-ar-entre-8-e-12-de-fevereiro\/\" \/>\n<meta property=\"og:site_name\" content=\"O Timoneiro Jornal Canoas RS\" \/>\n<meta property=\"article:publisher\" content=\"https:\/\/www.facebook.com\/jornaltimoneiro\" \/>\n<meta property=\"article:published_time\" content=\"2025-02-07T17:29:53+00:00\" \/>\n<meta property=\"article:modified_time\" content=\"2025-02-07T17:33:20+00:00\" \/>\n<meta property=\"og:image\" content=\"https:\/\/jornaltimoneiro.com.br\/wp-content\/uploads\/2025\/02\/Defesa-Civil-alerta-para-temperaturas-elevadas-e-baixa-umidade-relativa-do-ar-entre-8-e-12-de-fevereiro-.jpeg\" \/>\n\t<meta property=\"og:image:width\" content=\"388\" \/>\n\t<meta property=\"og:image:height\" content=\"302\" \/>\n\t<meta property=\"og:image:type\" content=\"image\/jpeg\" \/>\n<meta name=\"author\" content=\"Reda\u00e7\u00e3o\" \/>\n<meta name=\"twitter:card\" content=\"summary_large_image\" \/>\n<meta name=\"twitter:creator\" content=\"@_OTimoneiro\" \/>\n<meta name=\"twitter:site\" content=\"@_OTimoneiro\" \/>\n<meta name=\"twitter:label1\" content=\"Escrito por\" \/>\n\t<meta name=\"twitter:data1\" content=\"Reda\u00e7\u00e3o\" \/>\n\t<meta name=\"twitter:label2\" content=\"Est. tempo de leitura\" \/>\n\t<meta name=\"twitter:data2\" content=\"2 minutos\" \/>\n<script type=\"application\/ld+json\" class=\"yoast-schema-graph\">{\"@context\":\"https:\/\/schema.org\",\"@graph\":[{\"@type\":\"Article\",\"@id\":\"https:\/\/jornaltimoneiro.com.br\/index.php\/2025\/02\/07\/defesa-civil-alerta-para-temperaturas-elevadas-e-baixa-umidade-relativa-do-ar-entre-8-e-12-de-fevereiro\/#article\",\"isPartOf\":{\"@id\":\"https:\/\/jornaltimoneiro.com.br\/index.php\/2025\/02\/07\/defesa-civil-alerta-para-temperaturas-elevadas-e-baixa-umidade-relativa-do-ar-entre-8-e-12-de-fevereiro\/\"},\"author\":{\"name\":\"Reda\u00e7\u00e3o\",\"@id\":\"https:\/\/jornaltimoneiro.com.br\/#\/schema\/person\/f63482f1a02b1a9592707865e509ab40\"},\"headline\":\"Defesa Civil alerta para temperaturas elevadas e baixa umidade relativa do ar entre 8 e 12 de fevereiro\u00a0\",\"datePublished\":\"2025-02-07T17:29:53+00:00\",\"dateModified\":\"2025-02-07T17:33:20+00:00\",\"mainEntityOfPage\":{\"@id\":\"https:\/\/jornaltimoneiro.com.br\/index.php\/2025\/02\/07\/defesa-civil-alerta-para-temperaturas-elevadas-e-baixa-umidade-relativa-do-ar-entre-8-e-12-de-fevereiro\/\"},\"wordCount\":372,\"commentCount\":0,\"publisher\":{\"@id\":\"https:\/\/jornaltimoneiro.com.br\/#organization\"},\"keywords\":[\"calor\",\"defesa civil\",\"featured\",\"rio grande do sul\",\"temperaturas altas\",\"umidade do ar\"],\"articleSection\":[\"Clima\"],\"inLanguage\":\"pt-BR\",\"potentialAction\":[{\"@type\":\"CommentAction\",\"name\":\"Comment\",\"target\":[\"https:\/\/jornaltimoneiro.com.br\/index.php\/2025\/02\/07\/defesa-civil-alerta-para-temperaturas-elevadas-e-baixa-umidade-relativa-do-ar-entre-8-e-12-de-fevereiro\/#respond\"]}]},{\"@type\":\"WebPage\",\"@id\":\"https:\/\/jornaltimoneiro.com.br\/index.php\/2025\/02\/07\/defesa-civil-alerta-para-temperaturas-elevadas-e-baixa-umidade-relativa-do-ar-entre-8-e-12-de-fevereiro\/\",\"url\":\"https:\/\/jornaltimoneiro.com.br\/index.php\/2025\/02\/07\/defesa-civil-alerta-para-temperaturas-elevadas-e-baixa-umidade-relativa-do-ar-entre-8-e-12-de-fevereiro\/\",\"name\":\"Defesa Civil alerta para temperaturas elevadas e baixa umidade relativa do ar entre 8 e 12 de fevereiro\u00a0 - O Timoneiro Jornal Canoas RS\",\"isPartOf\":{\"@id\":\"https:\/\/jornaltimoneiro.com.br\/#website\"},\"datePublished\":\"2025-02-07T17:29:53+00:00\",\"dateModified\":\"2025-02-07T17:33:20+00:00\",\"description\":\"A Defesa Civil do Rio Grande do Sul orientam para dias 8 a 12 de fevereiro a previs\u00e3o de temperaturas elevadas e baixa umidade relativa do ar\",\"breadcrumb\":{\"@id\":\"https:\/\/jornaltimoneiro.com.br\/index.php\/2025\/02\/07\/defesa-civil-alerta-para-temperaturas-elevadas-e-baixa-umidade-relativa-do-ar-entre-8-e-12-de-fevereiro\/#breadcrumb\"},\"inLanguage\":\"pt-BR\",\"potentialAction\":[{\"@type\":\"ReadAction\",\"target\":[\"https:\/\/jornaltimoneiro.com.br\/index.php\/2025\/02\/07\/defesa-civil-alerta-para-temperaturas-elevadas-e-baixa-umidade-relativa-do-ar-entre-8-e-12-de-fevereiro\/\"]}]},{\"@type\":\"BreadcrumbList\",\"@id\":\"https:\/\/jornaltimoneiro.com.br\/index.php\/2025\/02\/07\/defesa-civil-alerta-para-temperaturas-elevadas-e-baixa-umidade-relativa-do-ar-entre-8-e-12-de-fevereiro\/#breadcrumb\",\"itemListElement\":[{\"@type\":\"ListItem\",\"position\":1,\"name\":\"In\u00edcio\",\"item\":\"https:\/\/jornaltimoneiro.com.br\/\"},{\"@type\":\"ListItem\",\"position\":2,\"name\":\"Defesa Civil alerta para temperaturas elevadas e baixa umidade relativa do ar entre 8 e 12 de fevereiro\u00a0\"}]},{\"@type\":\"WebSite\",\"@id\":\"https:\/\/jornaltimoneiro.com.br\/#website\",\"url\":\"https:\/\/jornaltimoneiro.com.br\/\",\"name\":\"Jornal Timoneiro Canoas RS\",\"description\":\"Jornal O Timoneiro, o verdadeiro jornal de Canoas\",\"publisher\":{\"@id\":\"https:\/\/jornaltimoneiro.com.br\/#organization\"},\"potentialAction\":[{\"@type\":\"SearchAction\",\"target\":{\"@type\":\"EntryPoint\",\"urlTemplate\":\"https:\/\/jornaltimoneiro.com.br\/?s={search_term_string}\"},\"query-input\":\"required name=search_term_string\"}],\"inLanguage\":\"pt-BR\"},{\"@type\":\"Organization\",\"@id\":\"https:\/\/jornaltimoneiro.com.br\/#organization\",\"name\":\"Jornal Timoneiro Canoas RS\",\"url\":\"https:\/\/jornaltimoneiro.com.br\/\",\"logo\":{\"@type\":\"ImageObject\",\"inLanguage\":\"pt-BR\",\"@id\":\"https:\/\/jornaltimoneiro.com.br\/#\/schema\/logo\/image\/\",\"url\":\"https:\/\/jornaltimoneiro.com.br\/wp-content\/uploads\/2023\/03\/logonovo.png\",\"contentUrl\":\"https:\/\/jornaltimoneiro.com.br\/wp-content\/uploads\/2023\/03\/logonovo.png\",\"width\":\"469\",\"height\":\"171\",\"caption\":\"Jornal Timoneiro Canoas RS\"},\"image\":{\"@id\":\"https:\/\/jornaltimoneiro.com.br\/#\/schema\/logo\/image\/\"},\"sameAs\":[\"https:\/\/www.facebook.com\/jornaltimoneiro\",\"https:\/\/twitter.com\/_OTimoneiro\",\"https:\/\/www.instagram.com\/jornaltimoneirocanoas\/\",\"https:\/\/www.youtube.com\/@jornalotimoneiro7927\"]},{\"@type\":\"Person\",\"@id\":\"https:\/\/jornaltimoneiro.com.br\/#\/schema\/person\/f63482f1a02b1a9592707865e509ab40\",\"name\":\"Reda\u00e7\u00e3o\",\"image\":{\"@type\":\"ImageObject\",\"inLanguage\":\"pt-BR\",\"@id\":\"https:\/\/jornaltimoneiro.com.br\/#\/schema\/person\/image\/\",\"url\":\"https:\/\/jornaltimoneiro.com.br\/wp-content\/uploads\/2023\/03\/download.jpeg\",\"contentUrl\":\"https:\/\/jornaltimoneiro.com.br\/wp-content\/uploads\/2023\/03\/download.jpeg\",\"caption\":\"Reda\u00e7\u00e3o\"},\"url\":\"https:\/\/jornaltimoneiro.com.br\/index.php\/author\/simone-dutra\/\"}]}<\/script>\n<!-- \/ Yoast SEO plugin. -->","yoast_head_json":{"title":"Defesa Civil alerta para temperaturas elevadas e baixa umidade relativa do ar entre 8 e 12 de fevereiro\u00a0 - O Timoneiro Jornal Canoas RS","description":"A Defesa Civil do Rio Grande do Sul orientam para dias 8 a 12 de fevereiro a previs\u00e3o de temperaturas elevadas e baixa umidade relativa do ar","robots":{"index":"index","follow":"follow","max-snippet":"max-snippet:-1","max-image-preview":"max-image-preview:large","max-video-preview":"max-video-preview:-1"},"canonical":"https:\/\/jornaltimoneiro.com.br\/index.php\/2025\/02\/07\/defesa-civil-alerta-para-temperaturas-elevadas-e-baixa-umidade-relativa-do-ar-entre-8-e-12-de-fevereiro\/","og_locale":"pt_BR","og_type":"article","og_title":"Defesa Civil alerta para temperaturas elevadas e baixa umidade relativa do ar entre 8 e 12 de fevereiro\u00a0 - O Timoneiro Jornal Canoas RS","og_description":"A Defesa Civil do Rio Grande do Sul orientam para dias 8 a 12 de fevereiro a previs\u00e3o de temperaturas elevadas e baixa umidade relativa do ar","og_url":"https:\/\/jornaltimoneiro.com.br\/index.php\/2025\/02\/07\/defesa-civil-alerta-para-temperaturas-elevadas-e-baixa-umidade-relativa-do-ar-entre-8-e-12-de-fevereiro\/","og_site_name":"O Timoneiro Jornal Canoas RS","article_publisher":"https:\/\/www.facebook.com\/jornaltimoneiro","article_published_time":"2025-02-07T17:29:53+00:00","article_modified_time":"2025-02-07T17:33:20+00:00","og_image":[{"width":388,"height":302,"url":"https:\/\/jornaltimoneiro.com.br\/wp-content\/uploads\/2025\/02\/Defesa-Civil-alerta-para-temperaturas-elevadas-e-baixa-umidade-relativa-do-ar-entre-8-e-12-de-fevereiro-.jpeg","type":"image\/jpeg"}],"author":"Reda\u00e7\u00e3o","twitter_card":"summary_large_image","twitter_creator":"@_OTimoneiro","twitter_site":"@_OTimoneiro","twitter_misc":{"Escrito por":"Reda\u00e7\u00e3o","Est. tempo de leitura":"2 minutos"},"schema":{"@context":"https:\/\/schema.org","@graph":[{"@type":"Article","@id":"https:\/\/jornaltimoneiro.com.br\/index.php\/2025\/02\/07\/defesa-civil-alerta-para-temperaturas-elevadas-e-baixa-umidade-relativa-do-ar-entre-8-e-12-de-fevereiro\/#article","isPartOf":{"@id":"https:\/\/jornaltimoneiro.com.br\/index.php\/2025\/02\/07\/defesa-civil-alerta-para-temperaturas-elevadas-e-baixa-umidade-relativa-do-ar-entre-8-e-12-de-fevereiro\/"},"author":{"name":"Reda\u00e7\u00e3o","@id":"https:\/\/jornaltimoneiro.com.br\/#\/schema\/person\/f63482f1a02b1a9592707865e509ab40"},"headline":"Defesa Civil alerta para temperaturas elevadas e baixa umidade relativa do ar entre 8 e 12 de fevereiro\u00a0","datePublished":"2025-02-07T17:29:53+00:00","dateModified":"2025-02-07T17:33:20+00:00","mainEntityOfPage":{"@id":"https:\/\/jornaltimoneiro.com.br\/index.php\/2025\/02\/07\/defesa-civil-alerta-para-temperaturas-elevadas-e-baixa-umidade-relativa-do-ar-entre-8-e-12-de-fevereiro\/"},"wordCount":372,"commentCount":0,"publisher":{"@id":"https:\/\/jornaltimoneiro.com.br\/#organization"},"keywords":["calor","defesa civil","featured","rio grande do sul","temperaturas altas","umidade do ar"],"articleSection":["Clima"],"inLanguage":"pt-BR","potentialAction":[{"@type":"CommentAction","name":"Comment","target":["https:\/\/jornaltimoneiro.com.br\/index.php\/2025\/02\/07\/defesa-civil-alerta-para-temperaturas-elevadas-e-baixa-umidade-relativa-do-ar-entre-8-e-12-de-fevereiro\/#respond"]}]},{"@type":"WebPage","@id":"https:\/\/jornaltimoneiro.com.br\/index.php\/2025\/02\/07\/defesa-civil-alerta-para-temperaturas-elevadas-e-baixa-umidade-relativa-do-ar-entre-8-e-12-de-fevereiro\/","url":"https:\/\/jornaltimoneiro.com.br\/index.php\/2025\/02\/07\/defesa-civil-alerta-para-temperaturas-elevadas-e-baixa-umidade-relativa-do-ar-entre-8-e-12-de-fevereiro\/","name":"Defesa Civil alerta para temperaturas elevadas e baixa umidade relativa do ar entre 8 e 12 de fevereiro\u00a0 - O Timoneiro Jornal Canoas RS","isPartOf":{"@id":"https:\/\/jornaltimoneiro.com.br\/#website"},"datePublished":"2025-02-07T17:29:53+00:00","dateModified":"2025-02-07T17:33:20+00:00","description":"A Defesa Civil do Rio Grande do Sul orientam para dias 8 a 12 de fevereiro a previs\u00e3o de temperaturas elevadas e baixa umidade relativa do ar","breadcrumb":{"@id":"https:\/\/jornaltimoneiro.com.br\/index.php\/2025\/02\/07\/defesa-civil-alerta-para-temperaturas-elevadas-e-baixa-umidade-relativa-do-ar-entre-8-e-12-de-fevereiro\/#breadcrumb"},"inLanguage":"pt-BR","potentialAction":[{"@type":"ReadAction","target":["https:\/\/jornaltimoneiro.com.br\/index.php\/2025\/02\/07\/defesa-civil-alerta-para-temperaturas-elevadas-e-baixa-umidade-relativa-do-ar-entre-8-e-12-de-fevereiro\/"]}]},{"@type":"BreadcrumbList","@id":"https:\/\/jornaltimoneiro.com.br\/index.php\/2025\/02\/07\/defesa-civil-alerta-para-temperaturas-elevadas-e-baixa-umidade-relativa-do-ar-entre-8-e-12-de-fevereiro\/#breadcrumb","itemListElement":[{"@type":"ListItem","position":1,"name":"In\u00edcio","item":"https:\/\/jornaltimoneiro.com.br\/"},{"@type":"ListItem","position":2,"name":"Defesa Civil alerta para temperaturas elevadas e baixa umidade relativa do ar entre 8 e 12 de fevereiro\u00a0"}]},{"@type":"WebSite","@id":"https:\/\/jornaltimoneiro.com.br\/#website","url":"https:\/\/jornaltimoneiro.com.br\/","name":"Jornal Timoneiro Canoas RS","description":"Jornal O Timoneiro, o verdadeiro jornal de Canoas","publisher":{"@id":"https:\/\/jornaltimoneiro.com.br\/#organization"},"potentialAction":[{"@type":"SearchAction","target":{"@type":"EntryPoint","urlTemplate":"https:\/\/jornaltimoneiro.com.br\/?s={search_term_string}"},"query-input":"required name=search_term_string"}],"inLanguage":"pt-BR"},{"@type":"Organization","@id":"https:\/\/jornaltimoneiro.com.br\/#organization","name":"Jornal Timoneiro Canoas RS","url":"https:\/\/jornaltimoneiro.com.br\/","logo":{"@type":"ImageObject","inLanguage":"pt-BR","@id":"https:\/\/jornaltimoneiro.com.br\/#\/schema\/logo\/image\/","url":"https:\/\/jornaltimoneiro.com.br\/wp-content\/uploads\/2023\/03\/logonovo.png","contentUrl":"https:\/\/jornaltimoneiro.com.br\/wp-content\/uploads\/2023\/03\/logonovo.png","width":"469","height":"171","caption":"Jornal Timoneiro Canoas RS"},"image":{"@id":"https:\/\/jornaltimoneiro.com.br\/#\/schema\/logo\/image\/"},"sameAs":["https:\/\/www.facebook.com\/jornaltimoneiro","https:\/\/twitter.com\/_OTimoneiro","https:\/\/www.instagram.com\/jornaltimoneirocanoas\/","https:\/\/www.youtube.com\/@jornalotimoneiro7927"]},{"@type":"Person","@id":"https:\/\/jornaltimoneiro.com.br\/#\/schema\/person\/f63482f1a02b1a9592707865e509ab40","name":"Reda\u00e7\u00e3o","image":{"@type":"ImageObject","inLanguage":"pt-BR","@id":"https:\/\/jornaltimoneiro.com.br\/#\/schema\/person\/image\/","url":"https:\/\/jornaltimoneiro.com.br\/wp-content\/uploads\/2023\/03\/download.jpeg","contentUrl":"https:\/\/jornaltimoneiro.com.br\/wp-content\/uploads\/2023\/03\/download.jpeg","caption":"Reda\u00e7\u00e3o"},"url":"https:\/\/jornaltimoneiro.com.br\/index.php\/author\/simone-dutra\/"}]}},"_links":{"self":[{"href":"https:\/\/jornaltimoneiro.com.br\/index.php\/wp-json\/wp\/v2\/posts\/33755"}],"collection":[{"href":"https:\/\/jornaltimoneiro.com.br\/index.php\/wp-json\/wp\/v2\/posts"}],"about":[{"href":"https:\/\/jornaltimoneiro.com.br\/index.php\/wp-json\/wp\/v2\/types\/post"}],"author":[{"embeddable":true,"href":"https:\/\/jornaltimoneiro.com.br\/index.php\/wp-json\/wp\/v2\/users\/2"}],"replies":[{"embeddable":true,"href":"https:\/\/jornaltimoneiro.com.br\/index.php\/wp-json\/wp\/v2\/comments?post=33755"}],"version-history":[{"count":2,"href":"https:\/\/jornaltimoneiro.com.br\/index.php\/wp-json\/wp\/v2\/posts\/33755\/revisions"}],"predecessor-version":[{"id":33758,"href":"https:\/\/jornaltimoneiro.com.br\/index.php\/wp-json\/wp\/v2\/posts\/33755\/revisions\/33758"}],"wp:featuredmedia":[{"embeddable":true,"href":"https:\/\/jornaltimoneiro.com.br\/index.php\/wp-json\/wp\/v2\/media\/33756"}],"wp:attachment":[{"href":"https:\/\/jornaltimoneiro.com.br\/index.php\/wp-json\/wp\/v2\/media?parent=33755"}],"wp:term":[{"taxonomy":"category","embeddable":true,"href":"https:\/\/jornaltimoneiro.com.br\/index.php\/wp-json\/wp\/v2\/categories?post=33755"},{"taxonomy":"post_tag","embeddable":true,"href":"https:\/\/jornaltimoneiro.com.br\/index.php\/wp-json\/wp\/v2\/tags?post=33755"}],"curies":[{"name":"wp","href":"https:\/\/api.w.org\/{rel}","templated":true}]}}