{"id":33738,"date":"2025-02-06T18:40:51","date_gmt":"2025-02-06T21:40:51","guid":{"rendered":"https:\/\/jornaltimoneiro.com.br\/?p=33738"},"modified":"2025-02-06T18:45:35","modified_gmt":"2025-02-06T21:45:35","slug":"entrevista-exclusiva-como-estao-os-projetos-e-obras-dos-diques-em-canoas-nove-meses-apos-a-enchente","status":"publish","type":"post","link":"https:\/\/jornaltimoneiro.com.br\/index.php\/2025\/02\/06\/entrevista-exclusiva-como-estao-os-projetos-e-obras-dos-diques-em-canoas-nove-meses-apos-a-enchente\/","title":{"rendered":"ENTREVISTA EXCLUSIVA: Como est\u00e3o os projetos e obras dos diques em Canoas nove meses ap\u00f3s a enchente"},"content":{"rendered":"<p>Em entrevista exclusiva ao jornalista Vanderlei Dutra na manh\u00e3 de quinta-feira, 6, o Secret\u00e1rio de Obras e Reconstru\u00e7\u00e3o de Canoas, Victor Hampel, falou sobre a situa\u00e7\u00e3o das obras nos diques e casas de bombas passados nove meses da enchente hist\u00f3rica na cidade, al\u00e9m de abordar a inten\u00e7\u00e3o da constru\u00e7\u00e3o de um dique no bairro S\u00e3o Luiz, a microdrenagem da cidade e sobre os recursos necess\u00e1rios.<\/p>\n<p>De acordo com o secret\u00e1rio, o conjunto de obras deve levar pelo menos 1 ano e meio para ser conclu\u00eddo e o valor do investimento passa dos R$ 500 milh\u00f5es, que deve ser liberado pela Uni\u00e3o e o Estado, o que ainda n\u00e3o aconteceu.<\/p>\n<p><iframe title=\"Como est\u00e3o os projetos e obras dos diques em Canoas 9 meses ap\u00f3s enchente\" width=\"740\" height=\"416\" src=\"https:\/\/www.youtube.com\/embed\/N-jq0p9_MJs?feature=oembed\" frameborder=\"0\" allow=\"accelerometer; autoplay; clipboard-write; encrypted-media; gyroscope; picture-in-picture; web-share\" referrerpolicy=\"strict-origin-when-cross-origin\" allowfullscreen><\/iframe><\/p>\n<p>A seguir, um resumo dos principais pontos. Assista a entrevista completa em <a href=\"http:\/\/www.jornaltimoneiro.com.br\">www.jornaltimoneiro.com.br<\/a>.<\/p>\n<h4><strong>Dique Niter\u00f3i<\/strong><\/h4>\n<p>Segundo Hampel, no Dique Niter\u00f3i h\u00e1 uma eleva\u00e7\u00e3o ocorrendo na Rua Gravata\u00ed (em cima do dique), e at\u00e9 abril ou maio estar\u00e1 conclu\u00edda. \u201cTem mais um trecho do dique que estamos falando em aproximadamente 2 Km de uma nova contrata\u00e7\u00e3o para poder elevar esta via at\u00e9 a divisa com Cachoeirinha, o que vai ajudar a proteger ainda mais a \u00e1rea da Base A\u00e9rea, al\u00e9m de criar um novo fluxo de mobilidade urbana, o que ainda est\u00e1 em estudo para poder licitar\u201d.<\/p>\n<h4><strong>Dique do Rio branco<\/strong><\/h4>\n<p>Segundo o secret\u00e1rio, tem um primeiro trecho que j\u00e1 foi licitado para contrato, mas primeiramente est\u00e1 sendo feito uma limpeza no dique e estudos e sondagem para chegar ao projeto b\u00e1sico e depois o projeto executivo. \u201cImportante lembrar que estas contrata\u00e7\u00f5es que foram feitas dos diques, elas foram integr\u00e1veis, aonde a Prefeitura fez um anteprojeto, pois n\u00e3o havia, contratou no regime integrado, onde a empresa contratada tem que fazer todos os estudos para depois ser aprovado e ent\u00e3o a obra ser realizada\u201d.<\/p>\n<h4><strong>Muro da Cassol<\/strong><\/h4>\n<p>\u201cQuando assumimos havia uma licita\u00e7\u00e3o de contrata\u00e7\u00e3o para fazer o muro que estava parada, pois h\u00e1 um problema no projeto, que s\u00e3o os dutos de petr\u00f3leo e g\u00e1s que passam no local. N\u00e3o \u00e9 simplesmente chegar e fazer o muro, \u00e9 muito mais complexo. Hoje o muro \u00e9 o mais r\u00e1pido para se fazer ali, desde que atendamos estas estrutura\u00e7\u00f5es\u201d. Segundo ele, n\u00e3o h\u00e1 um prazo para conclus\u00e3o, mas acredita que possa levar cerca de seis meses.<\/p>\n<h4><strong>Dique do Mathias Velho<\/strong><\/h4>\n<p>Conforme Victor, trata-se da mesma situa\u00e7\u00e3o do dique do Rio Branco, se encontra em fase de estudos e sondagens e at\u00e9 o momento s\u00f3 foi feita a limpeza do local. \u201cEstamos tentando acelerar os projetos para que comece por ali, pois \u00e9 a cota mais sens\u00edvel. Nas pr\u00f3ximas semanas, dentro de cerca de quinze dias, devem ser realizadas as obras de fechamento definitivo do ponto que rompeu no dique do Mathias Velho, como j\u00e1 foi feito no Rio Branco.<\/p>\n<h4><strong>Dique do Mato Grande<\/strong><\/h4>\n<p>\u201cAquelas obras est\u00e3o em andamento, a empresa est\u00e1 fazendo toda a base e logo vai colocar argila e logo ser\u00e1 elevado o dique. \u00c9 uma obra que leva um ano e meio para ficar pronta, se tudo estiver indo bem\u201d, explicou detalhadamente no v\u00eddeo.<\/p>\n<h4><strong>Dique do S\u00e3o Luiz<\/strong><\/h4>\n<p>Em rela\u00e7\u00e3o \u00e0 constru\u00e7\u00e3o do dique no bairro S\u00e3o Luiz, Hampel destaca que ser\u00e1 um projeto completamente novo, e, portanto, est\u00e3o feitos estudos e discuss\u00f5es em n\u00edvel de bacia hidrogr\u00e1fica. \u201cEstamos falando de forma honesta. Se eu fizer um dique ali, eu alago os demais munic\u00edpios. Ou seja, Canoas n\u00e3o decide sozinha sobre a constru\u00e7\u00e3o dele. Mas vamos brigar para que seja feito\u201d.<\/p>\n<h4><strong>Casas de bombas<\/strong><\/h4>\n<p>Sobre as casas de bombas, o secret\u00e1rio de Obras disse que cinco das oito existentes no munic\u00edpio n\u00e3o est\u00e3o energizadas pela RGE e ainda funcionam com gerador. \u201cOs problemas de alagamentos da cidade n\u00e3o se d\u00e3o por conta da drenagem das casas de bombas e sim pelos dutos entupidos, inclusive com lixo que entra na boca de lobo e entope\u201d. Ainda \u201cque est\u00e1 em fase final de licita\u00e7\u00e3o uma reforma de todas as casas de bombas, com motores que v\u00e3o tanto mais fundo para poder acionar mais facilmente como atuar submerso, podendo drenar e agir r\u00e1pido tanto em uma situa\u00e7\u00e3o como o que aconteceu (na enchente) quanto nas chuvas. Esta obra levar\u00e1 cerca de um ano e meio tamb\u00e9m para ficar pronta.<\/p>\n<h4><strong>Investimento de pelo menos R$ 500 milh\u00f5es <\/strong><\/h4>\n<p>Por fim, Victor relatou que o Prefeito est\u00e1 em contato com a Uni\u00e3o e o Estado para que se garanta os valores necess\u00e1rios prometidos, que s\u00e3o geridos por um comit\u00ea respons\u00e1vel pelo fundo com valores que foram enviados para o Rio Grande do Sul pelo Governo Federal. \u201cN\u00f3s temos a parte de engenharia muito bem feita e temos todas as condi\u00e7\u00f5es de receber estes recursos\u201d.<\/p>\n","protected":false},"excerpt":{"rendered":"<p>Em entrevista exclusiva ao jornalista Vanderlei Dutra na manh\u00e3 de quinta-feira, 6, o Secret\u00e1rio de Obras e Reconstru\u00e7\u00e3o de Canoas, Victor Hampel, falou sobre a situa\u00e7\u00e3o das obras nos diques e casas de bombas passados nove meses da enchente hist\u00f3rica na cidade, al\u00e9m de abordar a inten\u00e7\u00e3o da constru\u00e7\u00e3o de um dique no bairro S\u00e3o [&hellip;]<\/p>\n","protected":false},"author":2,"featured_media":33740,"comment_status":"open","ping_status":"open","sticky":false,"template":"","format":"video","meta":{"amp_status":"","footnotes":""},"categories":[193,2443],"tags":[31,2466,791,1209,190,213,3932],"class_list":["post-33738","post","type-post","status-publish","format-video","has-post-thumbnail","hentry","category-canoas-podcast","category-enchente-2024-canoas","tag-canoas","tag-diques","tag-enchente","tag-entrevista","tag-featured","tag-rio-grande-do-sul","tag-secretario-de-obras","post_format-post-format-video"],"yoast_head":"<!-- This site is optimized with the Yoast SEO plugin v20.5 - https:\/\/yoast.com\/wordpress\/plugins\/seo\/ -->\n<title>ENTREVISTA EXCLUSIVA: Como est\u00e3o os projetos e obras dos diques em Canoas nove meses ap\u00f3s a enchente - O Timoneiro Jornal Canoas RS<\/title>\n<meta name=\"description\" content=\"Em entrevista exclusiva ao jornalista Vanderlei Dutra, Victor Hampel falou sobre a situa\u00e7\u00e3o das obras nos diques e casas de bombas\" \/>\n<meta name=\"robots\" content=\"index, follow, max-snippet:-1, max-image-preview:large, max-video-preview:-1\" \/>\n<link rel=\"canonical\" href=\"https:\/\/jornaltimoneiro.com.br\/index.php\/2025\/02\/06\/entrevista-exclusiva-como-estao-os-projetos-e-obras-dos-diques-em-canoas-nove-meses-apos-a-enchente\/\" \/>\n<meta property=\"og:locale\" content=\"pt_BR\" \/>\n<meta property=\"og:type\" content=\"article\" \/>\n<meta property=\"og:title\" content=\"ENTREVISTA EXCLUSIVA: Como est\u00e3o os projetos e obras dos diques em Canoas nove meses ap\u00f3s a enchente - O Timoneiro Jornal Canoas RS\" \/>\n<meta property=\"og:description\" content=\"Em entrevista exclusiva ao jornalista Vanderlei Dutra, Victor Hampel falou sobre a situa\u00e7\u00e3o das obras nos diques e casas de bombas\" \/>\n<meta property=\"og:url\" content=\"https:\/\/jornaltimoneiro.com.br\/index.php\/2025\/02\/06\/entrevista-exclusiva-como-estao-os-projetos-e-obras-dos-diques-em-canoas-nove-meses-apos-a-enchente\/\" \/>\n<meta property=\"og:site_name\" content=\"O Timoneiro Jornal Canoas RS\" \/>\n<meta property=\"article:publisher\" content=\"https:\/\/www.facebook.com\/jornaltimoneiro\" \/>\n<meta property=\"article:published_time\" content=\"2025-02-06T21:40:51+00:00\" \/>\n<meta property=\"article:modified_time\" content=\"2025-02-06T21:45:35+00:00\" \/>\n<meta property=\"og:image\" content=\"https:\/\/jornaltimoneiro.com.br\/wp-content\/uploads\/2025\/02\/ENTREVISTA-EXCLUSIVA-Como-estao-os-projetos-e-obras-dos-diques-em-Canoas-nove-meses-apos-a-enchente.jpeg\" \/>\n\t<meta property=\"og:image:width\" content=\"1070\" \/>\n\t<meta property=\"og:image:height\" content=\"607\" \/>\n\t<meta property=\"og:image:type\" content=\"image\/jpeg\" \/>\n<meta name=\"author\" content=\"Reda\u00e7\u00e3o\" \/>\n<meta name=\"twitter:card\" content=\"summary_large_image\" \/>\n<meta name=\"twitter:creator\" content=\"@_OTimoneiro\" \/>\n<meta name=\"twitter:site\" content=\"@_OTimoneiro\" \/>\n<meta name=\"twitter:label1\" content=\"Escrito por\" \/>\n\t<meta name=\"twitter:data1\" content=\"Reda\u00e7\u00e3o\" \/>\n\t<meta name=\"twitter:label2\" content=\"Est. tempo de leitura\" \/>\n\t<meta name=\"twitter:data2\" content=\"5 minutos\" \/>\n<script type=\"application\/ld+json\" class=\"yoast-schema-graph\">{\"@context\":\"https:\/\/schema.org\",\"@graph\":[{\"@type\":\"Article\",\"@id\":\"https:\/\/jornaltimoneiro.com.br\/index.php\/2025\/02\/06\/entrevista-exclusiva-como-estao-os-projetos-e-obras-dos-diques-em-canoas-nove-meses-apos-a-enchente\/#article\",\"isPartOf\":{\"@id\":\"https:\/\/jornaltimoneiro.com.br\/index.php\/2025\/02\/06\/entrevista-exclusiva-como-estao-os-projetos-e-obras-dos-diques-em-canoas-nove-meses-apos-a-enchente\/\"},\"author\":{\"name\":\"Reda\u00e7\u00e3o\",\"@id\":\"https:\/\/jornaltimoneiro.com.br\/#\/schema\/person\/f63482f1a02b1a9592707865e509ab40\"},\"headline\":\"ENTREVISTA EXCLUSIVA: Como est\u00e3o os projetos e obras dos diques em Canoas nove meses ap\u00f3s a enchente\",\"datePublished\":\"2025-02-06T21:40:51+00:00\",\"dateModified\":\"2025-02-06T21:45:35+00:00\",\"mainEntityOfPage\":{\"@id\":\"https:\/\/jornaltimoneiro.com.br\/index.php\/2025\/02\/06\/entrevista-exclusiva-como-estao-os-projetos-e-obras-dos-diques-em-canoas-nove-meses-apos-a-enchente\/\"},\"wordCount\":857,\"commentCount\":0,\"publisher\":{\"@id\":\"https:\/\/jornaltimoneiro.com.br\/#organization\"},\"keywords\":[\"canoas\",\"diques\",\"enchente\",\"entrevista\",\"featured\",\"rio grande do sul\",\"secret\u00e1rio de obras\"],\"articleSection\":[\"Canal OtPlay\",\"Enchente 2024 Canoas\"],\"inLanguage\":\"pt-BR\",\"potentialAction\":[{\"@type\":\"CommentAction\",\"name\":\"Comment\",\"target\":[\"https:\/\/jornaltimoneiro.com.br\/index.php\/2025\/02\/06\/entrevista-exclusiva-como-estao-os-projetos-e-obras-dos-diques-em-canoas-nove-meses-apos-a-enchente\/#respond\"]}]},{\"@type\":\"WebPage\",\"@id\":\"https:\/\/jornaltimoneiro.com.br\/index.php\/2025\/02\/06\/entrevista-exclusiva-como-estao-os-projetos-e-obras-dos-diques-em-canoas-nove-meses-apos-a-enchente\/\",\"url\":\"https:\/\/jornaltimoneiro.com.br\/index.php\/2025\/02\/06\/entrevista-exclusiva-como-estao-os-projetos-e-obras-dos-diques-em-canoas-nove-meses-apos-a-enchente\/\",\"name\":\"ENTREVISTA EXCLUSIVA: Como est\u00e3o os projetos e obras dos diques em Canoas nove meses ap\u00f3s a enchente - O Timoneiro Jornal Canoas RS\",\"isPartOf\":{\"@id\":\"https:\/\/jornaltimoneiro.com.br\/#website\"},\"datePublished\":\"2025-02-06T21:40:51+00:00\",\"dateModified\":\"2025-02-06T21:45:35+00:00\",\"description\":\"Em entrevista exclusiva ao jornalista Vanderlei Dutra, Victor Hampel falou sobre a situa\u00e7\u00e3o das obras nos diques e casas de bombas\",\"breadcrumb\":{\"@id\":\"https:\/\/jornaltimoneiro.com.br\/index.php\/2025\/02\/06\/entrevista-exclusiva-como-estao-os-projetos-e-obras-dos-diques-em-canoas-nove-meses-apos-a-enchente\/#breadcrumb\"},\"inLanguage\":\"pt-BR\",\"potentialAction\":[{\"@type\":\"ReadAction\",\"target\":[\"https:\/\/jornaltimoneiro.com.br\/index.php\/2025\/02\/06\/entrevista-exclusiva-como-estao-os-projetos-e-obras-dos-diques-em-canoas-nove-meses-apos-a-enchente\/\"]}]},{\"@type\":\"BreadcrumbList\",\"@id\":\"https:\/\/jornaltimoneiro.com.br\/index.php\/2025\/02\/06\/entrevista-exclusiva-como-estao-os-projetos-e-obras-dos-diques-em-canoas-nove-meses-apos-a-enchente\/#breadcrumb\",\"itemListElement\":[{\"@type\":\"ListItem\",\"position\":1,\"name\":\"In\u00edcio\",\"item\":\"https:\/\/jornaltimoneiro.com.br\/\"},{\"@type\":\"ListItem\",\"position\":2,\"name\":\"ENTREVISTA EXCLUSIVA: Como est\u00e3o os projetos e obras dos diques em Canoas nove meses ap\u00f3s a enchente\"}]},{\"@type\":\"WebSite\",\"@id\":\"https:\/\/jornaltimoneiro.com.br\/#website\",\"url\":\"https:\/\/jornaltimoneiro.com.br\/\",\"name\":\"Jornal Timoneiro Canoas RS\",\"description\":\"Jornal O Timoneiro, o verdadeiro jornal de Canoas\",\"publisher\":{\"@id\":\"https:\/\/jornaltimoneiro.com.br\/#organization\"},\"potentialAction\":[{\"@type\":\"SearchAction\",\"target\":{\"@type\":\"EntryPoint\",\"urlTemplate\":\"https:\/\/jornaltimoneiro.com.br\/?s={search_term_string}\"},\"query-input\":\"required name=search_term_string\"}],\"inLanguage\":\"pt-BR\"},{\"@type\":\"Organization\",\"@id\":\"https:\/\/jornaltimoneiro.com.br\/#organization\",\"name\":\"Jornal Timoneiro Canoas RS\",\"url\":\"https:\/\/jornaltimoneiro.com.br\/\",\"logo\":{\"@type\":\"ImageObject\",\"inLanguage\":\"pt-BR\",\"@id\":\"https:\/\/jornaltimoneiro.com.br\/#\/schema\/logo\/image\/\",\"url\":\"https:\/\/jornaltimoneiro.com.br\/wp-content\/uploads\/2023\/03\/logonovo.png\",\"contentUrl\":\"https:\/\/jornaltimoneiro.com.br\/wp-content\/uploads\/2023\/03\/logonovo.png\",\"width\":\"469\",\"height\":\"171\",\"caption\":\"Jornal Timoneiro Canoas RS\"},\"image\":{\"@id\":\"https:\/\/jornaltimoneiro.com.br\/#\/schema\/logo\/image\/\"},\"sameAs\":[\"https:\/\/www.facebook.com\/jornaltimoneiro\",\"https:\/\/twitter.com\/_OTimoneiro\",\"https:\/\/www.instagram.com\/jornaltimoneirocanoas\/\",\"https:\/\/www.youtube.com\/@jornalotimoneiro7927\"]},{\"@type\":\"Person\",\"@id\":\"https:\/\/jornaltimoneiro.com.br\/#\/schema\/person\/f63482f1a02b1a9592707865e509ab40\",\"name\":\"Reda\u00e7\u00e3o\",\"image\":{\"@type\":\"ImageObject\",\"inLanguage\":\"pt-BR\",\"@id\":\"https:\/\/jornaltimoneiro.com.br\/#\/schema\/person\/image\/\",\"url\":\"https:\/\/jornaltimoneiro.com.br\/wp-content\/uploads\/2023\/03\/download.jpeg\",\"contentUrl\":\"https:\/\/jornaltimoneiro.com.br\/wp-content\/uploads\/2023\/03\/download.jpeg\",\"caption\":\"Reda\u00e7\u00e3o\"},\"url\":\"https:\/\/jornaltimoneiro.com.br\/index.php\/author\/simone-dutra\/\"}]}<\/script>\n<!-- \/ Yoast SEO plugin. -->","yoast_head_json":{"title":"ENTREVISTA EXCLUSIVA: Como est\u00e3o os projetos e obras dos diques em Canoas nove meses ap\u00f3s a enchente - O Timoneiro Jornal Canoas RS","description":"Em entrevista exclusiva ao jornalista Vanderlei Dutra, Victor Hampel falou sobre a situa\u00e7\u00e3o das obras nos diques e casas de bombas","robots":{"index":"index","follow":"follow","max-snippet":"max-snippet:-1","max-image-preview":"max-image-preview:large","max-video-preview":"max-video-preview:-1"},"canonical":"https:\/\/jornaltimoneiro.com.br\/index.php\/2025\/02\/06\/entrevista-exclusiva-como-estao-os-projetos-e-obras-dos-diques-em-canoas-nove-meses-apos-a-enchente\/","og_locale":"pt_BR","og_type":"article","og_title":"ENTREVISTA EXCLUSIVA: Como est\u00e3o os projetos e obras dos diques em Canoas nove meses ap\u00f3s a enchente - O Timoneiro Jornal Canoas RS","og_description":"Em entrevista exclusiva ao jornalista Vanderlei Dutra, Victor Hampel falou sobre a situa\u00e7\u00e3o das obras nos diques e casas de bombas","og_url":"https:\/\/jornaltimoneiro.com.br\/index.php\/2025\/02\/06\/entrevista-exclusiva-como-estao-os-projetos-e-obras-dos-diques-em-canoas-nove-meses-apos-a-enchente\/","og_site_name":"O Timoneiro Jornal Canoas RS","article_publisher":"https:\/\/www.facebook.com\/jornaltimoneiro","article_published_time":"2025-02-06T21:40:51+00:00","article_modified_time":"2025-02-06T21:45:35+00:00","og_image":[{"width":1070,"height":607,"url":"https:\/\/jornaltimoneiro.com.br\/wp-content\/uploads\/2025\/02\/ENTREVISTA-EXCLUSIVA-Como-estao-os-projetos-e-obras-dos-diques-em-Canoas-nove-meses-apos-a-enchente.jpeg","type":"image\/jpeg"}],"author":"Reda\u00e7\u00e3o","twitter_card":"summary_large_image","twitter_creator":"@_OTimoneiro","twitter_site":"@_OTimoneiro","twitter_misc":{"Escrito por":"Reda\u00e7\u00e3o","Est. tempo de leitura":"5 minutos"},"schema":{"@context":"https:\/\/schema.org","@graph":[{"@type":"Article","@id":"https:\/\/jornaltimoneiro.com.br\/index.php\/2025\/02\/06\/entrevista-exclusiva-como-estao-os-projetos-e-obras-dos-diques-em-canoas-nove-meses-apos-a-enchente\/#article","isPartOf":{"@id":"https:\/\/jornaltimoneiro.com.br\/index.php\/2025\/02\/06\/entrevista-exclusiva-como-estao-os-projetos-e-obras-dos-diques-em-canoas-nove-meses-apos-a-enchente\/"},"author":{"name":"Reda\u00e7\u00e3o","@id":"https:\/\/jornaltimoneiro.com.br\/#\/schema\/person\/f63482f1a02b1a9592707865e509ab40"},"headline":"ENTREVISTA EXCLUSIVA: Como est\u00e3o os projetos e obras dos diques em Canoas nove meses ap\u00f3s a enchente","datePublished":"2025-02-06T21:40:51+00:00","dateModified":"2025-02-06T21:45:35+00:00","mainEntityOfPage":{"@id":"https:\/\/jornaltimoneiro.com.br\/index.php\/2025\/02\/06\/entrevista-exclusiva-como-estao-os-projetos-e-obras-dos-diques-em-canoas-nove-meses-apos-a-enchente\/"},"wordCount":857,"commentCount":0,"publisher":{"@id":"https:\/\/jornaltimoneiro.com.br\/#organization"},"keywords":["canoas","diques","enchente","entrevista","featured","rio grande do sul","secret\u00e1rio de obras"],"articleSection":["Canal OtPlay","Enchente 2024 Canoas"],"inLanguage":"pt-BR","potentialAction":[{"@type":"CommentAction","name":"Comment","target":["https:\/\/jornaltimoneiro.com.br\/index.php\/2025\/02\/06\/entrevista-exclusiva-como-estao-os-projetos-e-obras-dos-diques-em-canoas-nove-meses-apos-a-enchente\/#respond"]}]},{"@type":"WebPage","@id":"https:\/\/jornaltimoneiro.com.br\/index.php\/2025\/02\/06\/entrevista-exclusiva-como-estao-os-projetos-e-obras-dos-diques-em-canoas-nove-meses-apos-a-enchente\/","url":"https:\/\/jornaltimoneiro.com.br\/index.php\/2025\/02\/06\/entrevista-exclusiva-como-estao-os-projetos-e-obras-dos-diques-em-canoas-nove-meses-apos-a-enchente\/","name":"ENTREVISTA EXCLUSIVA: Como est\u00e3o os projetos e obras dos diques em Canoas nove meses ap\u00f3s a enchente - O Timoneiro Jornal Canoas RS","isPartOf":{"@id":"https:\/\/jornaltimoneiro.com.br\/#website"},"datePublished":"2025-02-06T21:40:51+00:00","dateModified":"2025-02-06T21:45:35+00:00","description":"Em entrevista exclusiva ao jornalista Vanderlei Dutra, Victor Hampel falou sobre a situa\u00e7\u00e3o das obras nos diques e casas de bombas","breadcrumb":{"@id":"https:\/\/jornaltimoneiro.com.br\/index.php\/2025\/02\/06\/entrevista-exclusiva-como-estao-os-projetos-e-obras-dos-diques-em-canoas-nove-meses-apos-a-enchente\/#breadcrumb"},"inLanguage":"pt-BR","potentialAction":[{"@type":"ReadAction","target":["https:\/\/jornaltimoneiro.com.br\/index.php\/2025\/02\/06\/entrevista-exclusiva-como-estao-os-projetos-e-obras-dos-diques-em-canoas-nove-meses-apos-a-enchente\/"]}]},{"@type":"BreadcrumbList","@id":"https:\/\/jornaltimoneiro.com.br\/index.php\/2025\/02\/06\/entrevista-exclusiva-como-estao-os-projetos-e-obras-dos-diques-em-canoas-nove-meses-apos-a-enchente\/#breadcrumb","itemListElement":[{"@type":"ListItem","position":1,"name":"In\u00edcio","item":"https:\/\/jornaltimoneiro.com.br\/"},{"@type":"ListItem","position":2,"name":"ENTREVISTA EXCLUSIVA: Como est\u00e3o os projetos e obras dos diques em Canoas nove meses ap\u00f3s a enchente"}]},{"@type":"WebSite","@id":"https:\/\/jornaltimoneiro.com.br\/#website","url":"https:\/\/jornaltimoneiro.com.br\/","name":"Jornal Timoneiro Canoas RS","description":"Jornal O Timoneiro, o verdadeiro jornal de Canoas","publisher":{"@id":"https:\/\/jornaltimoneiro.com.br\/#organization"},"potentialAction":[{"@type":"SearchAction","target":{"@type":"EntryPoint","urlTemplate":"https:\/\/jornaltimoneiro.com.br\/?s={search_term_string}"},"query-input":"required name=search_term_string"}],"inLanguage":"pt-BR"},{"@type":"Organization","@id":"https:\/\/jornaltimoneiro.com.br\/#organization","name":"Jornal Timoneiro Canoas RS","url":"https:\/\/jornaltimoneiro.com.br\/","logo":{"@type":"ImageObject","inLanguage":"pt-BR","@id":"https:\/\/jornaltimoneiro.com.br\/#\/schema\/logo\/image\/","url":"https:\/\/jornaltimoneiro.com.br\/wp-content\/uploads\/2023\/03\/logonovo.png","contentUrl":"https:\/\/jornaltimoneiro.com.br\/wp-content\/uploads\/2023\/03\/logonovo.png","width":"469","height":"171","caption":"Jornal Timoneiro Canoas RS"},"image":{"@id":"https:\/\/jornaltimoneiro.com.br\/#\/schema\/logo\/image\/"},"sameAs":["https:\/\/www.facebook.com\/jornaltimoneiro","https:\/\/twitter.com\/_OTimoneiro","https:\/\/www.instagram.com\/jornaltimoneirocanoas\/","https:\/\/www.youtube.com\/@jornalotimoneiro7927"]},{"@type":"Person","@id":"https:\/\/jornaltimoneiro.com.br\/#\/schema\/person\/f63482f1a02b1a9592707865e509ab40","name":"Reda\u00e7\u00e3o","image":{"@type":"ImageObject","inLanguage":"pt-BR","@id":"https:\/\/jornaltimoneiro.com.br\/#\/schema\/person\/image\/","url":"https:\/\/jornaltimoneiro.com.br\/wp-content\/uploads\/2023\/03\/download.jpeg","contentUrl":"https:\/\/jornaltimoneiro.com.br\/wp-content\/uploads\/2023\/03\/download.jpeg","caption":"Reda\u00e7\u00e3o"},"url":"https:\/\/jornaltimoneiro.com.br\/index.php\/author\/simone-dutra\/"}]}},"_links":{"self":[{"href":"https:\/\/jornaltimoneiro.com.br\/index.php\/wp-json\/wp\/v2\/posts\/33738"}],"collection":[{"href":"https:\/\/jornaltimoneiro.com.br\/index.php\/wp-json\/wp\/v2\/posts"}],"about":[{"href":"https:\/\/jornaltimoneiro.com.br\/index.php\/wp-json\/wp\/v2\/types\/post"}],"author":[{"embeddable":true,"href":"https:\/\/jornaltimoneiro.com.br\/index.php\/wp-json\/wp\/v2\/users\/2"}],"replies":[{"embeddable":true,"href":"https:\/\/jornaltimoneiro.com.br\/index.php\/wp-json\/wp\/v2\/comments?post=33738"}],"version-history":[{"count":1,"href":"https:\/\/jornaltimoneiro.com.br\/index.php\/wp-json\/wp\/v2\/posts\/33738\/revisions"}],"predecessor-version":[{"id":33739,"href":"https:\/\/jornaltimoneiro.com.br\/index.php\/wp-json\/wp\/v2\/posts\/33738\/revisions\/33739"}],"wp:featuredmedia":[{"embeddable":true,"href":"https:\/\/jornaltimoneiro.com.br\/index.php\/wp-json\/wp\/v2\/media\/33740"}],"wp:attachment":[{"href":"https:\/\/jornaltimoneiro.com.br\/index.php\/wp-json\/wp\/v2\/media?parent=33738"}],"wp:term":[{"taxonomy":"category","embeddable":true,"href":"https:\/\/jornaltimoneiro.com.br\/index.php\/wp-json\/wp\/v2\/categories?post=33738"},{"taxonomy":"post_tag","embeddable":true,"href":"https:\/\/jornaltimoneiro.com.br\/index.php\/wp-json\/wp\/v2\/tags?post=33738"}],"curies":[{"name":"wp","href":"https:\/\/api.w.org\/{rel}","templated":true}]}}