{"id":33683,"date":"2025-02-03T16:21:22","date_gmt":"2025-02-03T19:21:22","guid":{"rendered":"https:\/\/jornaltimoneiro.com.br\/?p=33683"},"modified":"2025-02-03T16:21:22","modified_gmt":"2025-02-03T19:21:22","slug":"projeto-lanca-edital-para-convocacao-de-arte-educadores-em-canoas","status":"publish","type":"post","link":"https:\/\/jornaltimoneiro.com.br\/index.php\/2025\/02\/03\/projeto-lanca-edital-para-convocacao-de-arte-educadores-em-canoas\/","title":{"rendered":"Projeto lan\u00e7a edital para convoca\u00e7\u00e3o de arte-educadores em Canoas"},"content":{"rendered":"<p dir=\"ltr\">O Bi-Bi &#8211; Jornada de Alfabetiza\u00e7\u00e3o \u2013 projeto de biblioteca m\u00f3vel itinerante em escolas p\u00fablicas iniciado em 2023 \u2013 inicia mais uma edi\u00e7\u00e3o no Rio Grande do Sul e traz novidades. Para contribuir com a alfabetiza\u00e7\u00e3o dos alunos do 1\u00ba ao 4\u00ba ano, o projeto lan\u00e7ou o edital para convoca\u00e7\u00e3o de arte-educadores.<\/p>\n<p dir=\"ltr\">Ser\u00e1 oferecida para as escolas selecionadas a presen\u00e7a do profissional que, utilizando recursos e ferramentas art\u00edsticas, atuar\u00e3o semanalmente durante seis meses a partir do m\u00eas de abril, para auxiliar as crian\u00e7as que apresentam maior dificuldade de aprendizado durante as aulas.<\/p>\n<p dir=\"ltr\">As inscri\u00e7\u00f5es pelos profissionais interessados devem ser realizadas at\u00e9 o dia 7 de fevereiro atrav\u00e9s do link dispon\u00edvel na p\u00e1gina da Amora Produ\u00e7\u00f5es Culturais:\u00a0<a href=\"https:\/\/tr.ee\/Yc8AmmSSuu\" target=\"_blank\" rel=\"noopener noreferrer\" data-saferedirecturl=\"https:\/\/www.google.com\/url?q=https:\/\/tr.ee\/Yc8AmmSSuu&amp;source=gmail&amp;ust=1738696343300000&amp;usg=AOvVaw0oxEk-2qhRLCgaAb7Ubx4G\">https:\/\/tr.ee\/Yc8AmmSSuu<\/a>.<\/p>\n<h4 dir=\"ltr\">Enchentes<\/h4>\n<p dir=\"ltr\">Devido \u00e0s enchentes em maio de 2024, muitas escolas foram totalmente atingidas resultando na precariza\u00e7\u00e3o do ensino. A convocat\u00f3ria do arte-educador tem por objetivo dar suporte \u00e0s crian\u00e7as de algumas destas escolas contempladas pelo projeto nos munic\u00edpios de Porto Alegre, Canoas e Montenegro.<\/p>\n<p dir=\"ltr\">O Bi-Bi tamb\u00e9m atuar\u00e1 diretamente em bibliotecas escolares, e a partir de mar\u00e7o realizar\u00e1 melhorias na ambienta\u00e7\u00e3o e nas estruturas atingidas (pintura, compra de tapetes, puffs, mesas, estantes), al\u00e9m de doa\u00e7\u00e3o de livros, os mesmos que fazem parte do acervo da biblioteca m\u00f3vel.<\/p>\n<p dir=\"ltr\">De abril a setembro, uma biblioteca m\u00f3vel pretende circular e visitar as escolas de Porto Alegre, Canoas e Montenegro, oferecer apresenta\u00e7\u00f5es teatrais e convidar crian\u00e7as e adolescentes a conhecerem novas hist\u00f3rias atrav\u00e9s do incentivo \u00e0 leitura e conta\u00e7\u00e3o de hist\u00f3rias. O projeto Bi-Bi pretende impactar 1.500 alunos e 90 professores e \u00e9 voltada, principalmente, \u00e0s crian\u00e7as de 6 a 10 anos de idade.<\/p>\n<blockquote>\n<p dir=\"ltr\">&#8220;O Bibi \u00e9 um projeto que tem como objetivo consolidar o acesso \u00e0 cultura, enriquece o aprendizado e ajuda a desmistificar o senso que o acesso \u00e0 leitura \u00e9 restrito. Iniciamos esse projeto em 2023, durante a pandemia e, desde l\u00e1, realizamos mais de 40 apresenta\u00e7\u00f5es em escolas de todo o pa\u00eds e em regi\u00f5es em situa\u00e7\u00e3o de vulnerabilidade social&#8221;, explica Luciana Tondo, da Amora Produ\u00e7\u00f5es Culturais, respons\u00e1vel pela execu\u00e7\u00e3o do Bi-bi &#8211;\u00a0 Jornada de Alfabetiza\u00e7\u00e3o.<\/p>\n<\/blockquote>\n<p dir=\"ltr\">Com um acervo formado por obras que fazem parte do Clube de Leitura ODS, alinhados aos 17 Objetivos do Desenvolvimento Sustent\u00e1vel da Organiza\u00e7\u00e3o das Na\u00e7\u00f5es Unidas (ONU), a biblioteca m\u00f3vel ser\u00e1 palco de leituras encenadas.<\/p>\n<p dir=\"ltr\">Nas escolas visitadas, uma apresenta\u00e7\u00e3o teatral contar\u00e1 a hist\u00f3ria de uma personagem que mergulha no universo da leitura e descobre que ela pode ter a profiss\u00e3o que ela quiser. Atrav\u00e9s do teatro e da conta\u00e7\u00e3o de hist\u00f3rias, a obra aborda a import\u00e2ncia da leitura e do contato com livros para o aprendizado.<\/p>\n<p dir=\"ltr\">Para os professores, ser\u00e1 oferecida uma capacita\u00e7\u00e3o para trabalhar com A Hora do Conto em sala de aula. Com o intuito de prepar\u00e1-los para trabalharem de forma l\u00fadica e criativa a literatura junto aos alunos, as atividades ser\u00e3o realizadas em dois turnos, onde os professores trabalhar\u00e3o com a conta\u00e7\u00e3o e cria\u00e7\u00e3o de hist\u00f3rias, bem como, pr\u00e1ticas e jogos teatrais.<\/p>\n<h4 dir=\"ltr\">Edi\u00e7\u00f5es anteriores<\/h4>\n<p dir=\"ltr\">O projeto Bi-bi surgiu durante a pandemia com o objetivo de oferecer arte a quem n\u00e3o tinha acesso \u00e0s lives virtuais. A proposta inicial era distribuir livros nos port\u00f5es das resid\u00eancias e, com a retomada do presencial, evoluiu para a execu\u00e7\u00e3o em vers\u00e3o itinerante, presencial e totalmente gratuita em escolas, e agora ganha nova edi\u00e7\u00e3o.<\/p>\n<p dir=\"ltr\">Entre os anos de 2023 e 2024, o Bi-bi j\u00e1 esteve presente em sete cidades do pa\u00eds. Aproximadamente 3.500 crian\u00e7as e 300 professores foram alcan\u00e7ados diretamente durante a primeira edi\u00e7\u00e3o do projeto, que aconteceu em Porto Alegre\/RS, Canoas\/RS, Triunfo\/RS, Montenegro\/RS, Santa Maria\/RS, Campinas\/SP e Salto\/SP.<\/p>\n<p dir=\"ltr\">O projeto conta com a produ\u00e7\u00e3o da Amora Produ\u00e7\u00f5es Culturais e patroc\u00ednio da empresa John Deere via Lei de Incentivo \u00e0 Cultura, do Minist\u00e9rio da Cultura.<\/p>\n<h4 dir=\"ltr\">Escolas contempladas:<\/h4>\n<ul>\n<li dir=\"ltr\">\n<p dir=\"ltr\" role=\"presentation\">Escola Luterana Comunit\u00e1ria\u00a0 Ensino Fundamental S\u00e3o Mateus (Canoas)<\/p>\n<\/li>\n<li dir=\"ltr\">\n<p dir=\"ltr\" role=\"presentation\">Escola Comunit\u00e1ria de Ensino Fundamental Santa Cruz (Canoas)<\/p>\n<\/li>\n<li dir=\"ltr\">\n<p dir=\"ltr\" role=\"presentation\">Escola Municipal de Ensino Fundamental D\u00e9cio Martins Costa (Porto Alegre\/Sarandi)<\/p>\n<\/li>\n<li dir=\"ltr\">\n<p dir=\"ltr\" role=\"presentation\">Escola Municipal de Ensino Fundamental Vereador Antonio Giudice (Porto Alegre\/Humait\u00e1)<\/p>\n<\/li>\n<li dir=\"ltr\">\n<p dir=\"ltr\" role=\"presentation\">Escola Estadual Crist\u00f3v\u00e3o Colombo (Porto Alegre\/Sarandi)<\/p>\n<\/li>\n<li dir=\"ltr\">\n<p dir=\"ltr\" role=\"presentation\">EEEF Aur\u00e9lio Porto (Montenegro)<\/p>\n<\/li>\n<\/ul>\n","protected":false},"excerpt":{"rendered":"<p>O Bi-Bi &#8211; Jornada de Alfabetiza\u00e7\u00e3o \u2013 projeto de biblioteca m\u00f3vel itinerante em escolas p\u00fablicas iniciado em 2023 \u2013 inicia mais uma edi\u00e7\u00e3o no Rio Grande do Sul e traz novidades. Para contribuir com a alfabetiza\u00e7\u00e3o dos alunos do 1\u00ba ao 4\u00ba ano, o projeto lan\u00e7ou o edital para convoca\u00e7\u00e3o de arte-educadores. Ser\u00e1 oferecida para [&hellip;]<\/p>\n","protected":false},"author":2,"featured_media":33684,"comment_status":"open","ping_status":"open","sticky":false,"template":"","format":"standard","meta":{"amp_status":"","footnotes":""},"categories":[76],"tags":[3918,3920,31,190,3919,214,213],"class_list":["post-33683","post","type-post","status-publish","format-standard","has-post-thumbnail","hentry","category-cultura","tag-bibi","tag-biblioteca-movel","tag-canoas","tag-featured","tag-jornada-de-alfabetizacao","tag-regiao-metropolitana","tag-rio-grande-do-sul"],"yoast_head":"<!-- This site is optimized with the Yoast SEO plugin v20.5 - https:\/\/yoast.com\/wordpress\/plugins\/seo\/ -->\n<title>Projeto lan\u00e7a edital para convoca\u00e7\u00e3o de arte-educadores em Canoas - O Timoneiro Jornal Canoas RS<\/title>\n<meta name=\"description\" content=\"Bi-Bi Jornada de Alfabetiza\u00e7\u00e3o, projeto de biblioteca m\u00f3vel itinerante em escolas p\u00fablicas iniciado em 2023 inicia edi\u00e7\u00e3o no Rio Grande do Sul\" \/>\n<meta name=\"robots\" content=\"index, follow, max-snippet:-1, max-image-preview:large, max-video-preview:-1\" \/>\n<link rel=\"canonical\" href=\"https:\/\/jornaltimoneiro.com.br\/index.php\/2025\/02\/03\/projeto-lanca-edital-para-convocacao-de-arte-educadores-em-canoas\/\" \/>\n<meta property=\"og:locale\" content=\"pt_BR\" \/>\n<meta property=\"og:type\" content=\"article\" \/>\n<meta property=\"og:title\" content=\"Projeto lan\u00e7a edital para convoca\u00e7\u00e3o de arte-educadores em Canoas - O Timoneiro Jornal Canoas RS\" \/>\n<meta property=\"og:description\" content=\"Bi-Bi Jornada de Alfabetiza\u00e7\u00e3o, projeto de biblioteca m\u00f3vel itinerante em escolas p\u00fablicas iniciado em 2023 inicia edi\u00e7\u00e3o no Rio Grande do Sul\" \/>\n<meta property=\"og:url\" content=\"https:\/\/jornaltimoneiro.com.br\/index.php\/2025\/02\/03\/projeto-lanca-edital-para-convocacao-de-arte-educadores-em-canoas\/\" \/>\n<meta property=\"og:site_name\" content=\"O Timoneiro Jornal Canoas RS\" \/>\n<meta property=\"article:publisher\" content=\"https:\/\/www.facebook.com\/jornaltimoneiro\" \/>\n<meta property=\"article:published_time\" content=\"2025-02-03T19:21:22+00:00\" \/>\n<meta property=\"og:image\" content=\"https:\/\/jornaltimoneiro.com.br\/wp-content\/uploads\/2025\/02\/Projeto-lanca-edital-para-convocacao-de-arte-educadores-em-Canoas.jpeg\" \/>\n\t<meta property=\"og:image:width\" content=\"1080\" \/>\n\t<meta property=\"og:image:height\" content=\"719\" \/>\n\t<meta property=\"og:image:type\" content=\"image\/jpeg\" \/>\n<meta name=\"author\" content=\"Reda\u00e7\u00e3o\" \/>\n<meta name=\"twitter:card\" content=\"summary_large_image\" \/>\n<meta name=\"twitter:creator\" content=\"@_OTimoneiro\" \/>\n<meta name=\"twitter:site\" content=\"@_OTimoneiro\" \/>\n<meta name=\"twitter:label1\" content=\"Escrito por\" \/>\n\t<meta name=\"twitter:data1\" content=\"Reda\u00e7\u00e3o\" \/>\n\t<meta name=\"twitter:label2\" content=\"Est. tempo de leitura\" \/>\n\t<meta name=\"twitter:data2\" content=\"4 minutos\" \/>\n<script type=\"application\/ld+json\" class=\"yoast-schema-graph\">{\"@context\":\"https:\/\/schema.org\",\"@graph\":[{\"@type\":\"Article\",\"@id\":\"https:\/\/jornaltimoneiro.com.br\/index.php\/2025\/02\/03\/projeto-lanca-edital-para-convocacao-de-arte-educadores-em-canoas\/#article\",\"isPartOf\":{\"@id\":\"https:\/\/jornaltimoneiro.com.br\/index.php\/2025\/02\/03\/projeto-lanca-edital-para-convocacao-de-arte-educadores-em-canoas\/\"},\"author\":{\"name\":\"Reda\u00e7\u00e3o\",\"@id\":\"https:\/\/jornaltimoneiro.com.br\/#\/schema\/person\/f63482f1a02b1a9592707865e509ab40\"},\"headline\":\"Projeto lan\u00e7a edital para convoca\u00e7\u00e3o de arte-educadores em Canoas\",\"datePublished\":\"2025-02-03T19:21:22+00:00\",\"dateModified\":\"2025-02-03T19:21:22+00:00\",\"mainEntityOfPage\":{\"@id\":\"https:\/\/jornaltimoneiro.com.br\/index.php\/2025\/02\/03\/projeto-lanca-edital-para-convocacao-de-arte-educadores-em-canoas\/\"},\"wordCount\":750,\"commentCount\":0,\"publisher\":{\"@id\":\"https:\/\/jornaltimoneiro.com.br\/#organization\"},\"keywords\":[\"bibi\",\"biblioteca m\u00f3vel\",\"canoas\",\"featured\",\"jornada de alfabetiza\u00e7\u00e3o\",\"regi\u00e3o metropolitana\",\"rio grande do sul\"],\"articleSection\":[\"Cultura\"],\"inLanguage\":\"pt-BR\",\"potentialAction\":[{\"@type\":\"CommentAction\",\"name\":\"Comment\",\"target\":[\"https:\/\/jornaltimoneiro.com.br\/index.php\/2025\/02\/03\/projeto-lanca-edital-para-convocacao-de-arte-educadores-em-canoas\/#respond\"]}]},{\"@type\":\"WebPage\",\"@id\":\"https:\/\/jornaltimoneiro.com.br\/index.php\/2025\/02\/03\/projeto-lanca-edital-para-convocacao-de-arte-educadores-em-canoas\/\",\"url\":\"https:\/\/jornaltimoneiro.com.br\/index.php\/2025\/02\/03\/projeto-lanca-edital-para-convocacao-de-arte-educadores-em-canoas\/\",\"name\":\"Projeto lan\u00e7a edital para convoca\u00e7\u00e3o de arte-educadores em Canoas - O Timoneiro Jornal Canoas RS\",\"isPartOf\":{\"@id\":\"https:\/\/jornaltimoneiro.com.br\/#website\"},\"datePublished\":\"2025-02-03T19:21:22+00:00\",\"dateModified\":\"2025-02-03T19:21:22+00:00\",\"description\":\"Bi-Bi Jornada de Alfabetiza\u00e7\u00e3o, projeto de biblioteca m\u00f3vel itinerante em escolas p\u00fablicas iniciado em 2023 inicia edi\u00e7\u00e3o no Rio Grande do Sul\",\"breadcrumb\":{\"@id\":\"https:\/\/jornaltimoneiro.com.br\/index.php\/2025\/02\/03\/projeto-lanca-edital-para-convocacao-de-arte-educadores-em-canoas\/#breadcrumb\"},\"inLanguage\":\"pt-BR\",\"potentialAction\":[{\"@type\":\"ReadAction\",\"target\":[\"https:\/\/jornaltimoneiro.com.br\/index.php\/2025\/02\/03\/projeto-lanca-edital-para-convocacao-de-arte-educadores-em-canoas\/\"]}]},{\"@type\":\"BreadcrumbList\",\"@id\":\"https:\/\/jornaltimoneiro.com.br\/index.php\/2025\/02\/03\/projeto-lanca-edital-para-convocacao-de-arte-educadores-em-canoas\/#breadcrumb\",\"itemListElement\":[{\"@type\":\"ListItem\",\"position\":1,\"name\":\"In\u00edcio\",\"item\":\"https:\/\/jornaltimoneiro.com.br\/\"},{\"@type\":\"ListItem\",\"position\":2,\"name\":\"Projeto lan\u00e7a edital para convoca\u00e7\u00e3o de arte-educadores em Canoas\"}]},{\"@type\":\"WebSite\",\"@id\":\"https:\/\/jornaltimoneiro.com.br\/#website\",\"url\":\"https:\/\/jornaltimoneiro.com.br\/\",\"name\":\"Jornal Timoneiro Canoas RS\",\"description\":\"Jornal O Timoneiro, o verdadeiro jornal de Canoas\",\"publisher\":{\"@id\":\"https:\/\/jornaltimoneiro.com.br\/#organization\"},\"potentialAction\":[{\"@type\":\"SearchAction\",\"target\":{\"@type\":\"EntryPoint\",\"urlTemplate\":\"https:\/\/jornaltimoneiro.com.br\/?s={search_term_string}\"},\"query-input\":\"required name=search_term_string\"}],\"inLanguage\":\"pt-BR\"},{\"@type\":\"Organization\",\"@id\":\"https:\/\/jornaltimoneiro.com.br\/#organization\",\"name\":\"Jornal Timoneiro Canoas RS\",\"url\":\"https:\/\/jornaltimoneiro.com.br\/\",\"logo\":{\"@type\":\"ImageObject\",\"inLanguage\":\"pt-BR\",\"@id\":\"https:\/\/jornaltimoneiro.com.br\/#\/schema\/logo\/image\/\",\"url\":\"https:\/\/jornaltimoneiro.com.br\/wp-content\/uploads\/2023\/03\/logonovo.png\",\"contentUrl\":\"https:\/\/jornaltimoneiro.com.br\/wp-content\/uploads\/2023\/03\/logonovo.png\",\"width\":\"469\",\"height\":\"171\",\"caption\":\"Jornal Timoneiro Canoas RS\"},\"image\":{\"@id\":\"https:\/\/jornaltimoneiro.com.br\/#\/schema\/logo\/image\/\"},\"sameAs\":[\"https:\/\/www.facebook.com\/jornaltimoneiro\",\"https:\/\/twitter.com\/_OTimoneiro\",\"https:\/\/www.instagram.com\/jornaltimoneirocanoas\/\",\"https:\/\/www.youtube.com\/@jornalotimoneiro7927\"]},{\"@type\":\"Person\",\"@id\":\"https:\/\/jornaltimoneiro.com.br\/#\/schema\/person\/f63482f1a02b1a9592707865e509ab40\",\"name\":\"Reda\u00e7\u00e3o\",\"image\":{\"@type\":\"ImageObject\",\"inLanguage\":\"pt-BR\",\"@id\":\"https:\/\/jornaltimoneiro.com.br\/#\/schema\/person\/image\/\",\"url\":\"https:\/\/jornaltimoneiro.com.br\/wp-content\/uploads\/2023\/03\/download.jpeg\",\"contentUrl\":\"https:\/\/jornaltimoneiro.com.br\/wp-content\/uploads\/2023\/03\/download.jpeg\",\"caption\":\"Reda\u00e7\u00e3o\"},\"url\":\"https:\/\/jornaltimoneiro.com.br\/index.php\/author\/simone-dutra\/\"}]}<\/script>\n<!-- \/ Yoast SEO plugin. -->","yoast_head_json":{"title":"Projeto lan\u00e7a edital para convoca\u00e7\u00e3o de arte-educadores em Canoas - O Timoneiro Jornal Canoas RS","description":"Bi-Bi Jornada de Alfabetiza\u00e7\u00e3o, projeto de biblioteca m\u00f3vel itinerante em escolas p\u00fablicas iniciado em 2023 inicia edi\u00e7\u00e3o no Rio Grande do Sul","robots":{"index":"index","follow":"follow","max-snippet":"max-snippet:-1","max-image-preview":"max-image-preview:large","max-video-preview":"max-video-preview:-1"},"canonical":"https:\/\/jornaltimoneiro.com.br\/index.php\/2025\/02\/03\/projeto-lanca-edital-para-convocacao-de-arte-educadores-em-canoas\/","og_locale":"pt_BR","og_type":"article","og_title":"Projeto lan\u00e7a edital para convoca\u00e7\u00e3o de arte-educadores em Canoas - O Timoneiro Jornal Canoas RS","og_description":"Bi-Bi Jornada de Alfabetiza\u00e7\u00e3o, projeto de biblioteca m\u00f3vel itinerante em escolas p\u00fablicas iniciado em 2023 inicia edi\u00e7\u00e3o no Rio Grande do Sul","og_url":"https:\/\/jornaltimoneiro.com.br\/index.php\/2025\/02\/03\/projeto-lanca-edital-para-convocacao-de-arte-educadores-em-canoas\/","og_site_name":"O Timoneiro Jornal Canoas RS","article_publisher":"https:\/\/www.facebook.com\/jornaltimoneiro","article_published_time":"2025-02-03T19:21:22+00:00","og_image":[{"width":"1080","height":"719","url":"https:\/\/jornaltimoneiro.com.br\/wp-content\/uploads\/2025\/02\/Projeto-lanca-edital-para-convocacao-de-arte-educadores-em-Canoas.jpeg","type":"image\/jpeg"}],"author":"Reda\u00e7\u00e3o","twitter_card":"summary_large_image","twitter_creator":"@_OTimoneiro","twitter_site":"@_OTimoneiro","twitter_misc":{"Escrito por":"Reda\u00e7\u00e3o","Est. tempo de leitura":"4 minutos"},"schema":{"@context":"https:\/\/schema.org","@graph":[{"@type":"Article","@id":"https:\/\/jornaltimoneiro.com.br\/index.php\/2025\/02\/03\/projeto-lanca-edital-para-convocacao-de-arte-educadores-em-canoas\/#article","isPartOf":{"@id":"https:\/\/jornaltimoneiro.com.br\/index.php\/2025\/02\/03\/projeto-lanca-edital-para-convocacao-de-arte-educadores-em-canoas\/"},"author":{"name":"Reda\u00e7\u00e3o","@id":"https:\/\/jornaltimoneiro.com.br\/#\/schema\/person\/f63482f1a02b1a9592707865e509ab40"},"headline":"Projeto lan\u00e7a edital para convoca\u00e7\u00e3o de arte-educadores em Canoas","datePublished":"2025-02-03T19:21:22+00:00","dateModified":"2025-02-03T19:21:22+00:00","mainEntityOfPage":{"@id":"https:\/\/jornaltimoneiro.com.br\/index.php\/2025\/02\/03\/projeto-lanca-edital-para-convocacao-de-arte-educadores-em-canoas\/"},"wordCount":750,"commentCount":0,"publisher":{"@id":"https:\/\/jornaltimoneiro.com.br\/#organization"},"keywords":["bibi","biblioteca m\u00f3vel","canoas","featured","jornada de alfabetiza\u00e7\u00e3o","regi\u00e3o metropolitana","rio grande do sul"],"articleSection":["Cultura"],"inLanguage":"pt-BR","potentialAction":[{"@type":"CommentAction","name":"Comment","target":["https:\/\/jornaltimoneiro.com.br\/index.php\/2025\/02\/03\/projeto-lanca-edital-para-convocacao-de-arte-educadores-em-canoas\/#respond"]}]},{"@type":"WebPage","@id":"https:\/\/jornaltimoneiro.com.br\/index.php\/2025\/02\/03\/projeto-lanca-edital-para-convocacao-de-arte-educadores-em-canoas\/","url":"https:\/\/jornaltimoneiro.com.br\/index.php\/2025\/02\/03\/projeto-lanca-edital-para-convocacao-de-arte-educadores-em-canoas\/","name":"Projeto lan\u00e7a edital para convoca\u00e7\u00e3o de arte-educadores em Canoas - O Timoneiro Jornal Canoas RS","isPartOf":{"@id":"https:\/\/jornaltimoneiro.com.br\/#website"},"datePublished":"2025-02-03T19:21:22+00:00","dateModified":"2025-02-03T19:21:22+00:00","description":"Bi-Bi Jornada de Alfabetiza\u00e7\u00e3o, projeto de biblioteca m\u00f3vel itinerante em escolas p\u00fablicas iniciado em 2023 inicia edi\u00e7\u00e3o no Rio Grande do Sul","breadcrumb":{"@id":"https:\/\/jornaltimoneiro.com.br\/index.php\/2025\/02\/03\/projeto-lanca-edital-para-convocacao-de-arte-educadores-em-canoas\/#breadcrumb"},"inLanguage":"pt-BR","potentialAction":[{"@type":"ReadAction","target":["https:\/\/jornaltimoneiro.com.br\/index.php\/2025\/02\/03\/projeto-lanca-edital-para-convocacao-de-arte-educadores-em-canoas\/"]}]},{"@type":"BreadcrumbList","@id":"https:\/\/jornaltimoneiro.com.br\/index.php\/2025\/02\/03\/projeto-lanca-edital-para-convocacao-de-arte-educadores-em-canoas\/#breadcrumb","itemListElement":[{"@type":"ListItem","position":1,"name":"In\u00edcio","item":"https:\/\/jornaltimoneiro.com.br\/"},{"@type":"ListItem","position":2,"name":"Projeto lan\u00e7a edital para convoca\u00e7\u00e3o de arte-educadores em Canoas"}]},{"@type":"WebSite","@id":"https:\/\/jornaltimoneiro.com.br\/#website","url":"https:\/\/jornaltimoneiro.com.br\/","name":"Jornal Timoneiro Canoas RS","description":"Jornal O Timoneiro, o verdadeiro jornal de Canoas","publisher":{"@id":"https:\/\/jornaltimoneiro.com.br\/#organization"},"potentialAction":[{"@type":"SearchAction","target":{"@type":"EntryPoint","urlTemplate":"https:\/\/jornaltimoneiro.com.br\/?s={search_term_string}"},"query-input":"required name=search_term_string"}],"inLanguage":"pt-BR"},{"@type":"Organization","@id":"https:\/\/jornaltimoneiro.com.br\/#organization","name":"Jornal Timoneiro Canoas RS","url":"https:\/\/jornaltimoneiro.com.br\/","logo":{"@type":"ImageObject","inLanguage":"pt-BR","@id":"https:\/\/jornaltimoneiro.com.br\/#\/schema\/logo\/image\/","url":"https:\/\/jornaltimoneiro.com.br\/wp-content\/uploads\/2023\/03\/logonovo.png","contentUrl":"https:\/\/jornaltimoneiro.com.br\/wp-content\/uploads\/2023\/03\/logonovo.png","width":"469","height":"171","caption":"Jornal Timoneiro Canoas RS"},"image":{"@id":"https:\/\/jornaltimoneiro.com.br\/#\/schema\/logo\/image\/"},"sameAs":["https:\/\/www.facebook.com\/jornaltimoneiro","https:\/\/twitter.com\/_OTimoneiro","https:\/\/www.instagram.com\/jornaltimoneirocanoas\/","https:\/\/www.youtube.com\/@jornalotimoneiro7927"]},{"@type":"Person","@id":"https:\/\/jornaltimoneiro.com.br\/#\/schema\/person\/f63482f1a02b1a9592707865e509ab40","name":"Reda\u00e7\u00e3o","image":{"@type":"ImageObject","inLanguage":"pt-BR","@id":"https:\/\/jornaltimoneiro.com.br\/#\/schema\/person\/image\/","url":"https:\/\/jornaltimoneiro.com.br\/wp-content\/uploads\/2023\/03\/download.jpeg","contentUrl":"https:\/\/jornaltimoneiro.com.br\/wp-content\/uploads\/2023\/03\/download.jpeg","caption":"Reda\u00e7\u00e3o"},"url":"https:\/\/jornaltimoneiro.com.br\/index.php\/author\/simone-dutra\/"}]}},"_links":{"self":[{"href":"https:\/\/jornaltimoneiro.com.br\/index.php\/wp-json\/wp\/v2\/posts\/33683"}],"collection":[{"href":"https:\/\/jornaltimoneiro.com.br\/index.php\/wp-json\/wp\/v2\/posts"}],"about":[{"href":"https:\/\/jornaltimoneiro.com.br\/index.php\/wp-json\/wp\/v2\/types\/post"}],"author":[{"embeddable":true,"href":"https:\/\/jornaltimoneiro.com.br\/index.php\/wp-json\/wp\/v2\/users\/2"}],"replies":[{"embeddable":true,"href":"https:\/\/jornaltimoneiro.com.br\/index.php\/wp-json\/wp\/v2\/comments?post=33683"}],"version-history":[{"count":1,"href":"https:\/\/jornaltimoneiro.com.br\/index.php\/wp-json\/wp\/v2\/posts\/33683\/revisions"}],"predecessor-version":[{"id":33685,"href":"https:\/\/jornaltimoneiro.com.br\/index.php\/wp-json\/wp\/v2\/posts\/33683\/revisions\/33685"}],"wp:featuredmedia":[{"embeddable":true,"href":"https:\/\/jornaltimoneiro.com.br\/index.php\/wp-json\/wp\/v2\/media\/33684"}],"wp:attachment":[{"href":"https:\/\/jornaltimoneiro.com.br\/index.php\/wp-json\/wp\/v2\/media?parent=33683"}],"wp:term":[{"taxonomy":"category","embeddable":true,"href":"https:\/\/jornaltimoneiro.com.br\/index.php\/wp-json\/wp\/v2\/categories?post=33683"},{"taxonomy":"post_tag","embeddable":true,"href":"https:\/\/jornaltimoneiro.com.br\/index.php\/wp-json\/wp\/v2\/tags?post=33683"}],"curies":[{"name":"wp","href":"https:\/\/api.w.org\/{rel}","templated":true}]}}