{"id":33662,"date":"2025-01-31T13:36:07","date_gmt":"2025-01-31T16:36:07","guid":{"rendered":"https:\/\/jornaltimoneiro.com.br\/?p=33662"},"modified":"2025-01-31T13:36:30","modified_gmt":"2025-01-31T16:36:30","slug":"dj-cabecao-pede-exoneracao-do-cargo-de-secretario-da-defesa-civil-de-canoas","status":"publish","type":"post","link":"https:\/\/jornaltimoneiro.com.br\/index.php\/2025\/01\/31\/dj-cabecao-pede-exoneracao-do-cargo-de-secretario-da-defesa-civil-de-canoas\/","title":{"rendered":"DJ Cabe\u00e7\u00e3o pede exonera\u00e7\u00e3o do cargo de secret\u00e1rio da Defesa Civil de Canoas"},"content":{"rendered":"<p>No in\u00edcio da tarde desta sexta-feira, 31, Herbert Poersch, mais conhecido como DJ Cabe\u00e7\u00e3o, pediu a exonera\u00e7\u00e3o do cargo de secret\u00e1rio da Defesa Civil e Resili\u00eancia Clim\u00e1tica de Canoas.<\/p>\n<p>A pasta \u00e9 considerada uma das mais importantes depois da enchente em Canoas, deve emitir alertas \u00e0 popula\u00e7\u00e3o diante de poss\u00edveis trag\u00e9dias ambientais, e o an\u00fancio chamou aten\u00e7\u00e3o de internautas, que cobraram o nome de uma pessoa t\u00e9cnica. DJ Cabe\u00e7\u00e3o \u00e9 conhecido no meio musical e j\u00e1 se candidatou a vereador quatro vezes, ficando como suplente pelo PT em 2012 e 2016; pelo PSD em 2020 e pelo PP em 2024.<\/p>\n<p>Em janeiro de 2024, no per\u00edodo em que o ex-prefeito Nedy de Vargas Marques esteve \u00e0 frente do Executivo \u2013 ap\u00f3s afastamento de Jairo Jorge (PSD), \u00a0Cabe\u00e7\u00e3o foi nomeado para a Secretaria da Cultura, depois ainda esteve \u00e0 frente da Coordenadoria da Juventude de Canoas.<\/p>\n<p>Assim que Jairo Jorge reassumiu a Prefeitura, nomeou para o Escrit\u00f3rio de Resili\u00eancia Clim\u00e1tica o ex-prefeito de Porto Alegre, Jos\u00e9 Fortunati.<\/p>\n<h4>Pedido de exonera\u00e7\u00e3o<\/h4>\n<p>Em v\u00eddeo postado nas redes sociais, Cabe\u00e7\u00e3o diz:<\/p>\n<blockquote><p>&#8220;\u00c9 importante esclarecer que existia uma maneira de pedir uma dispensa n\u00e3o remunerada, na qual tu sai um dia e n\u00e3o recebe (sal\u00e1rio) naquele dia, por motivo de ter um secretario adjunto, e n\u00e3o existe mais este conhecimento legal, ent\u00e3o me foi negado. Ent\u00e3o optei por abrir m\u00e3o, n\u00e3o porque n\u00e3o tenho capacidade&#8230; mas dizer que pedi a exonera\u00e7\u00e3o, pois entendo que tocar a minha carreira, eu estou no Planeta Atl\u00e2ntida h\u00e1 15 anos&#8221;.<\/p><\/blockquote>\n<p>Por fim, agradeceu ao prefeito Airton Souza e o vice Rodrigo Busato pela confian\u00e7a. Ainda n\u00e3o h\u00e1 outro nome anunciado para\u00a0 a pasta.<\/p>\n","protected":false},"excerpt":{"rendered":"<p>No in\u00edcio da tarde desta sexta-feira, 31, Herbert Poersch, mais conhecido como DJ Cabe\u00e7\u00e3o, pediu a exonera\u00e7\u00e3o do cargo de secret\u00e1rio da Defesa Civil e Resili\u00eancia Clim\u00e1tica de Canoas. A pasta \u00e9 considerada uma das mais importantes depois da enchente em Canoas, deve emitir alertas \u00e0 popula\u00e7\u00e3o diante de poss\u00edveis trag\u00e9dias ambientais, e o an\u00fancio [&hellip;]<\/p>\n","protected":false},"author":2,"featured_media":33663,"comment_status":"open","ping_status":"open","sticky":false,"template":"","format":"standard","meta":{"amp_status":"","footnotes":""},"categories":[20],"tags":[3910,3844,3908,190,3909],"class_list":["post-33662","post","type-post","status-publish","format-standard","has-post-thumbnail","hentry","category-politica-noticias","tag-canoaas","tag-dj-cabecao","tag-exoneracao","tag-featured","tag-secretaria-da-defesa-civil"],"yoast_head":"<!-- This site is optimized with the Yoast SEO plugin v20.5 - https:\/\/yoast.com\/wordpress\/plugins\/seo\/ -->\n<title>DJ Cabe\u00e7\u00e3o pede exonera\u00e7\u00e3o do cargo de secret\u00e1rio da Defesa Civil de Canoas - O Timoneiro Jornal Canoas RS<\/title>\n<meta name=\"description\" content=\"Herbert Poersch, mais conhecido como DJ Cabe\u00e7\u00e3o, pediu a exonera\u00e7\u00e3o do cargo de secret\u00e1rio da Defesa Civil e Resili\u00eancia Clim\u00e1tica de Canoas\" \/>\n<meta name=\"robots\" content=\"index, follow, max-snippet:-1, max-image-preview:large, max-video-preview:-1\" \/>\n<link rel=\"canonical\" href=\"https:\/\/jornaltimoneiro.com.br\/index.php\/2025\/01\/31\/dj-cabecao-pede-exoneracao-do-cargo-de-secretario-da-defesa-civil-de-canoas\/\" \/>\n<meta property=\"og:locale\" content=\"pt_BR\" \/>\n<meta property=\"og:type\" content=\"article\" \/>\n<meta property=\"og:title\" content=\"DJ Cabe\u00e7\u00e3o pede exonera\u00e7\u00e3o do cargo de secret\u00e1rio da Defesa Civil de Canoas - O Timoneiro Jornal Canoas RS\" \/>\n<meta property=\"og:description\" content=\"Herbert Poersch, mais conhecido como DJ Cabe\u00e7\u00e3o, pediu a exonera\u00e7\u00e3o do cargo de secret\u00e1rio da Defesa Civil e Resili\u00eancia Clim\u00e1tica de Canoas\" \/>\n<meta property=\"og:url\" content=\"https:\/\/jornaltimoneiro.com.br\/index.php\/2025\/01\/31\/dj-cabecao-pede-exoneracao-do-cargo-de-secretario-da-defesa-civil-de-canoas\/\" \/>\n<meta property=\"og:site_name\" content=\"O Timoneiro Jornal Canoas RS\" \/>\n<meta property=\"article:publisher\" content=\"https:\/\/www.facebook.com\/jornaltimoneiro\" \/>\n<meta property=\"article:published_time\" content=\"2025-01-31T16:36:07+00:00\" \/>\n<meta property=\"article:modified_time\" content=\"2025-01-31T16:36:30+00:00\" \/>\n<meta property=\"og:image\" content=\"https:\/\/jornaltimoneiro.com.br\/wp-content\/uploads\/2025\/01\/DJ-Cabecao-pede-exoneracao-do-cargo-de-secretario-da-Defesa-Civil-de-Canoas.jpeg\" \/>\n\t<meta property=\"og:image:width\" content=\"800\" \/>\n\t<meta property=\"og:image:height\" content=\"500\" \/>\n\t<meta property=\"og:image:type\" content=\"image\/jpeg\" \/>\n<meta name=\"author\" content=\"Reda\u00e7\u00e3o\" \/>\n<meta name=\"twitter:card\" content=\"summary_large_image\" \/>\n<meta name=\"twitter:creator\" content=\"@_OTimoneiro\" \/>\n<meta name=\"twitter:site\" content=\"@_OTimoneiro\" \/>\n<meta name=\"twitter:label1\" content=\"Escrito por\" \/>\n\t<meta name=\"twitter:data1\" content=\"Reda\u00e7\u00e3o\" \/>\n\t<meta name=\"twitter:label2\" content=\"Est. tempo de leitura\" \/>\n\t<meta name=\"twitter:data2\" content=\"2 minutos\" \/>\n<script type=\"application\/ld+json\" class=\"yoast-schema-graph\">{\"@context\":\"https:\/\/schema.org\",\"@graph\":[{\"@type\":\"Article\",\"@id\":\"https:\/\/jornaltimoneiro.com.br\/index.php\/2025\/01\/31\/dj-cabecao-pede-exoneracao-do-cargo-de-secretario-da-defesa-civil-de-canoas\/#article\",\"isPartOf\":{\"@id\":\"https:\/\/jornaltimoneiro.com.br\/index.php\/2025\/01\/31\/dj-cabecao-pede-exoneracao-do-cargo-de-secretario-da-defesa-civil-de-canoas\/\"},\"author\":{\"name\":\"Reda\u00e7\u00e3o\",\"@id\":\"https:\/\/jornaltimoneiro.com.br\/#\/schema\/person\/f63482f1a02b1a9592707865e509ab40\"},\"headline\":\"DJ Cabe\u00e7\u00e3o pede exonera\u00e7\u00e3o do cargo de secret\u00e1rio da Defesa Civil de Canoas\",\"datePublished\":\"2025-01-31T16:36:07+00:00\",\"dateModified\":\"2025-01-31T16:36:30+00:00\",\"mainEntityOfPage\":{\"@id\":\"https:\/\/jornaltimoneiro.com.br\/index.php\/2025\/01\/31\/dj-cabecao-pede-exoneracao-do-cargo-de-secretario-da-defesa-civil-de-canoas\/\"},\"wordCount\":311,\"commentCount\":0,\"publisher\":{\"@id\":\"https:\/\/jornaltimoneiro.com.br\/#organization\"},\"keywords\":[\"canoaas\",\"dj cabe\u00e7\u00e3o\",\"exonera\u00e7\u00e3o\",\"featured\",\"secretaria da defesa civil\"],\"articleSection\":[\"Pol\u00edtica\"],\"inLanguage\":\"pt-BR\",\"potentialAction\":[{\"@type\":\"CommentAction\",\"name\":\"Comment\",\"target\":[\"https:\/\/jornaltimoneiro.com.br\/index.php\/2025\/01\/31\/dj-cabecao-pede-exoneracao-do-cargo-de-secretario-da-defesa-civil-de-canoas\/#respond\"]}]},{\"@type\":\"WebPage\",\"@id\":\"https:\/\/jornaltimoneiro.com.br\/index.php\/2025\/01\/31\/dj-cabecao-pede-exoneracao-do-cargo-de-secretario-da-defesa-civil-de-canoas\/\",\"url\":\"https:\/\/jornaltimoneiro.com.br\/index.php\/2025\/01\/31\/dj-cabecao-pede-exoneracao-do-cargo-de-secretario-da-defesa-civil-de-canoas\/\",\"name\":\"DJ Cabe\u00e7\u00e3o pede exonera\u00e7\u00e3o do cargo de secret\u00e1rio da Defesa Civil de Canoas - O Timoneiro Jornal Canoas RS\",\"isPartOf\":{\"@id\":\"https:\/\/jornaltimoneiro.com.br\/#website\"},\"datePublished\":\"2025-01-31T16:36:07+00:00\",\"dateModified\":\"2025-01-31T16:36:30+00:00\",\"description\":\"Herbert Poersch, mais conhecido como DJ Cabe\u00e7\u00e3o, pediu a exonera\u00e7\u00e3o do cargo de secret\u00e1rio da Defesa Civil e Resili\u00eancia Clim\u00e1tica de Canoas\",\"breadcrumb\":{\"@id\":\"https:\/\/jornaltimoneiro.com.br\/index.php\/2025\/01\/31\/dj-cabecao-pede-exoneracao-do-cargo-de-secretario-da-defesa-civil-de-canoas\/#breadcrumb\"},\"inLanguage\":\"pt-BR\",\"potentialAction\":[{\"@type\":\"ReadAction\",\"target\":[\"https:\/\/jornaltimoneiro.com.br\/index.php\/2025\/01\/31\/dj-cabecao-pede-exoneracao-do-cargo-de-secretario-da-defesa-civil-de-canoas\/\"]}]},{\"@type\":\"BreadcrumbList\",\"@id\":\"https:\/\/jornaltimoneiro.com.br\/index.php\/2025\/01\/31\/dj-cabecao-pede-exoneracao-do-cargo-de-secretario-da-defesa-civil-de-canoas\/#breadcrumb\",\"itemListElement\":[{\"@type\":\"ListItem\",\"position\":1,\"name\":\"In\u00edcio\",\"item\":\"https:\/\/jornaltimoneiro.com.br\/\"},{\"@type\":\"ListItem\",\"position\":2,\"name\":\"DJ Cabe\u00e7\u00e3o pede exonera\u00e7\u00e3o do cargo de secret\u00e1rio da Defesa Civil de Canoas\"}]},{\"@type\":\"WebSite\",\"@id\":\"https:\/\/jornaltimoneiro.com.br\/#website\",\"url\":\"https:\/\/jornaltimoneiro.com.br\/\",\"name\":\"Jornal Timoneiro Canoas RS\",\"description\":\"Jornal O Timoneiro, o verdadeiro jornal de Canoas\",\"publisher\":{\"@id\":\"https:\/\/jornaltimoneiro.com.br\/#organization\"},\"potentialAction\":[{\"@type\":\"SearchAction\",\"target\":{\"@type\":\"EntryPoint\",\"urlTemplate\":\"https:\/\/jornaltimoneiro.com.br\/?s={search_term_string}\"},\"query-input\":\"required name=search_term_string\"}],\"inLanguage\":\"pt-BR\"},{\"@type\":\"Organization\",\"@id\":\"https:\/\/jornaltimoneiro.com.br\/#organization\",\"name\":\"Jornal Timoneiro Canoas RS\",\"url\":\"https:\/\/jornaltimoneiro.com.br\/\",\"logo\":{\"@type\":\"ImageObject\",\"inLanguage\":\"pt-BR\",\"@id\":\"https:\/\/jornaltimoneiro.com.br\/#\/schema\/logo\/image\/\",\"url\":\"https:\/\/jornaltimoneiro.com.br\/wp-content\/uploads\/2023\/03\/logonovo.png\",\"contentUrl\":\"https:\/\/jornaltimoneiro.com.br\/wp-content\/uploads\/2023\/03\/logonovo.png\",\"width\":\"469\",\"height\":\"171\",\"caption\":\"Jornal Timoneiro Canoas RS\"},\"image\":{\"@id\":\"https:\/\/jornaltimoneiro.com.br\/#\/schema\/logo\/image\/\"},\"sameAs\":[\"https:\/\/www.facebook.com\/jornaltimoneiro\",\"https:\/\/twitter.com\/_OTimoneiro\",\"https:\/\/www.instagram.com\/jornaltimoneirocanoas\/\",\"https:\/\/www.youtube.com\/@jornalotimoneiro7927\"]},{\"@type\":\"Person\",\"@id\":\"https:\/\/jornaltimoneiro.com.br\/#\/schema\/person\/f63482f1a02b1a9592707865e509ab40\",\"name\":\"Reda\u00e7\u00e3o\",\"image\":{\"@type\":\"ImageObject\",\"inLanguage\":\"pt-BR\",\"@id\":\"https:\/\/jornaltimoneiro.com.br\/#\/schema\/person\/image\/\",\"url\":\"https:\/\/jornaltimoneiro.com.br\/wp-content\/uploads\/2023\/03\/download.jpeg\",\"contentUrl\":\"https:\/\/jornaltimoneiro.com.br\/wp-content\/uploads\/2023\/03\/download.jpeg\",\"caption\":\"Reda\u00e7\u00e3o\"},\"url\":\"https:\/\/jornaltimoneiro.com.br\/index.php\/author\/simone-dutra\/\"}]}<\/script>\n<!-- \/ Yoast SEO plugin. -->","yoast_head_json":{"title":"DJ Cabe\u00e7\u00e3o pede exonera\u00e7\u00e3o do cargo de secret\u00e1rio da Defesa Civil de Canoas - O Timoneiro Jornal Canoas RS","description":"Herbert Poersch, mais conhecido como DJ Cabe\u00e7\u00e3o, pediu a exonera\u00e7\u00e3o do cargo de secret\u00e1rio da Defesa Civil e Resili\u00eancia Clim\u00e1tica de Canoas","robots":{"index":"index","follow":"follow","max-snippet":"max-snippet:-1","max-image-preview":"max-image-preview:large","max-video-preview":"max-video-preview:-1"},"canonical":"https:\/\/jornaltimoneiro.com.br\/index.php\/2025\/01\/31\/dj-cabecao-pede-exoneracao-do-cargo-de-secretario-da-defesa-civil-de-canoas\/","og_locale":"pt_BR","og_type":"article","og_title":"DJ Cabe\u00e7\u00e3o pede exonera\u00e7\u00e3o do cargo de secret\u00e1rio da Defesa Civil de Canoas - O Timoneiro Jornal Canoas RS","og_description":"Herbert Poersch, mais conhecido como DJ Cabe\u00e7\u00e3o, pediu a exonera\u00e7\u00e3o do cargo de secret\u00e1rio da Defesa Civil e Resili\u00eancia Clim\u00e1tica de Canoas","og_url":"https:\/\/jornaltimoneiro.com.br\/index.php\/2025\/01\/31\/dj-cabecao-pede-exoneracao-do-cargo-de-secretario-da-defesa-civil-de-canoas\/","og_site_name":"O Timoneiro Jornal Canoas RS","article_publisher":"https:\/\/www.facebook.com\/jornaltimoneiro","article_published_time":"2025-01-31T16:36:07+00:00","article_modified_time":"2025-01-31T16:36:30+00:00","og_image":[{"width":"800","height":"500","url":"https:\/\/jornaltimoneiro.com.br\/wp-content\/uploads\/2025\/01\/DJ-Cabecao-pede-exoneracao-do-cargo-de-secretario-da-Defesa-Civil-de-Canoas.jpeg","type":"image\/jpeg"}],"author":"Reda\u00e7\u00e3o","twitter_card":"summary_large_image","twitter_creator":"@_OTimoneiro","twitter_site":"@_OTimoneiro","twitter_misc":{"Escrito por":"Reda\u00e7\u00e3o","Est. tempo de leitura":"2 minutos"},"schema":{"@context":"https:\/\/schema.org","@graph":[{"@type":"Article","@id":"https:\/\/jornaltimoneiro.com.br\/index.php\/2025\/01\/31\/dj-cabecao-pede-exoneracao-do-cargo-de-secretario-da-defesa-civil-de-canoas\/#article","isPartOf":{"@id":"https:\/\/jornaltimoneiro.com.br\/index.php\/2025\/01\/31\/dj-cabecao-pede-exoneracao-do-cargo-de-secretario-da-defesa-civil-de-canoas\/"},"author":{"name":"Reda\u00e7\u00e3o","@id":"https:\/\/jornaltimoneiro.com.br\/#\/schema\/person\/f63482f1a02b1a9592707865e509ab40"},"headline":"DJ Cabe\u00e7\u00e3o pede exonera\u00e7\u00e3o do cargo de secret\u00e1rio da Defesa Civil de Canoas","datePublished":"2025-01-31T16:36:07+00:00","dateModified":"2025-01-31T16:36:30+00:00","mainEntityOfPage":{"@id":"https:\/\/jornaltimoneiro.com.br\/index.php\/2025\/01\/31\/dj-cabecao-pede-exoneracao-do-cargo-de-secretario-da-defesa-civil-de-canoas\/"},"wordCount":311,"commentCount":0,"publisher":{"@id":"https:\/\/jornaltimoneiro.com.br\/#organization"},"keywords":["canoaas","dj cabe\u00e7\u00e3o","exonera\u00e7\u00e3o","featured","secretaria da defesa civil"],"articleSection":["Pol\u00edtica"],"inLanguage":"pt-BR","potentialAction":[{"@type":"CommentAction","name":"Comment","target":["https:\/\/jornaltimoneiro.com.br\/index.php\/2025\/01\/31\/dj-cabecao-pede-exoneracao-do-cargo-de-secretario-da-defesa-civil-de-canoas\/#respond"]}]},{"@type":"WebPage","@id":"https:\/\/jornaltimoneiro.com.br\/index.php\/2025\/01\/31\/dj-cabecao-pede-exoneracao-do-cargo-de-secretario-da-defesa-civil-de-canoas\/","url":"https:\/\/jornaltimoneiro.com.br\/index.php\/2025\/01\/31\/dj-cabecao-pede-exoneracao-do-cargo-de-secretario-da-defesa-civil-de-canoas\/","name":"DJ Cabe\u00e7\u00e3o pede exonera\u00e7\u00e3o do cargo de secret\u00e1rio da Defesa Civil de Canoas - O Timoneiro Jornal Canoas RS","isPartOf":{"@id":"https:\/\/jornaltimoneiro.com.br\/#website"},"datePublished":"2025-01-31T16:36:07+00:00","dateModified":"2025-01-31T16:36:30+00:00","description":"Herbert Poersch, mais conhecido como DJ Cabe\u00e7\u00e3o, pediu a exonera\u00e7\u00e3o do cargo de secret\u00e1rio da Defesa Civil e Resili\u00eancia Clim\u00e1tica de Canoas","breadcrumb":{"@id":"https:\/\/jornaltimoneiro.com.br\/index.php\/2025\/01\/31\/dj-cabecao-pede-exoneracao-do-cargo-de-secretario-da-defesa-civil-de-canoas\/#breadcrumb"},"inLanguage":"pt-BR","potentialAction":[{"@type":"ReadAction","target":["https:\/\/jornaltimoneiro.com.br\/index.php\/2025\/01\/31\/dj-cabecao-pede-exoneracao-do-cargo-de-secretario-da-defesa-civil-de-canoas\/"]}]},{"@type":"BreadcrumbList","@id":"https:\/\/jornaltimoneiro.com.br\/index.php\/2025\/01\/31\/dj-cabecao-pede-exoneracao-do-cargo-de-secretario-da-defesa-civil-de-canoas\/#breadcrumb","itemListElement":[{"@type":"ListItem","position":1,"name":"In\u00edcio","item":"https:\/\/jornaltimoneiro.com.br\/"},{"@type":"ListItem","position":2,"name":"DJ Cabe\u00e7\u00e3o pede exonera\u00e7\u00e3o do cargo de secret\u00e1rio da Defesa Civil de Canoas"}]},{"@type":"WebSite","@id":"https:\/\/jornaltimoneiro.com.br\/#website","url":"https:\/\/jornaltimoneiro.com.br\/","name":"Jornal Timoneiro Canoas RS","description":"Jornal O Timoneiro, o verdadeiro jornal de Canoas","publisher":{"@id":"https:\/\/jornaltimoneiro.com.br\/#organization"},"potentialAction":[{"@type":"SearchAction","target":{"@type":"EntryPoint","urlTemplate":"https:\/\/jornaltimoneiro.com.br\/?s={search_term_string}"},"query-input":"required name=search_term_string"}],"inLanguage":"pt-BR"},{"@type":"Organization","@id":"https:\/\/jornaltimoneiro.com.br\/#organization","name":"Jornal Timoneiro Canoas RS","url":"https:\/\/jornaltimoneiro.com.br\/","logo":{"@type":"ImageObject","inLanguage":"pt-BR","@id":"https:\/\/jornaltimoneiro.com.br\/#\/schema\/logo\/image\/","url":"https:\/\/jornaltimoneiro.com.br\/wp-content\/uploads\/2023\/03\/logonovo.png","contentUrl":"https:\/\/jornaltimoneiro.com.br\/wp-content\/uploads\/2023\/03\/logonovo.png","width":"469","height":"171","caption":"Jornal Timoneiro Canoas RS"},"image":{"@id":"https:\/\/jornaltimoneiro.com.br\/#\/schema\/logo\/image\/"},"sameAs":["https:\/\/www.facebook.com\/jornaltimoneiro","https:\/\/twitter.com\/_OTimoneiro","https:\/\/www.instagram.com\/jornaltimoneirocanoas\/","https:\/\/www.youtube.com\/@jornalotimoneiro7927"]},{"@type":"Person","@id":"https:\/\/jornaltimoneiro.com.br\/#\/schema\/person\/f63482f1a02b1a9592707865e509ab40","name":"Reda\u00e7\u00e3o","image":{"@type":"ImageObject","inLanguage":"pt-BR","@id":"https:\/\/jornaltimoneiro.com.br\/#\/schema\/person\/image\/","url":"https:\/\/jornaltimoneiro.com.br\/wp-content\/uploads\/2023\/03\/download.jpeg","contentUrl":"https:\/\/jornaltimoneiro.com.br\/wp-content\/uploads\/2023\/03\/download.jpeg","caption":"Reda\u00e7\u00e3o"},"url":"https:\/\/jornaltimoneiro.com.br\/index.php\/author\/simone-dutra\/"}]}},"_links":{"self":[{"href":"https:\/\/jornaltimoneiro.com.br\/index.php\/wp-json\/wp\/v2\/posts\/33662"}],"collection":[{"href":"https:\/\/jornaltimoneiro.com.br\/index.php\/wp-json\/wp\/v2\/posts"}],"about":[{"href":"https:\/\/jornaltimoneiro.com.br\/index.php\/wp-json\/wp\/v2\/types\/post"}],"author":[{"embeddable":true,"href":"https:\/\/jornaltimoneiro.com.br\/index.php\/wp-json\/wp\/v2\/users\/2"}],"replies":[{"embeddable":true,"href":"https:\/\/jornaltimoneiro.com.br\/index.php\/wp-json\/wp\/v2\/comments?post=33662"}],"version-history":[{"count":2,"href":"https:\/\/jornaltimoneiro.com.br\/index.php\/wp-json\/wp\/v2\/posts\/33662\/revisions"}],"predecessor-version":[{"id":33665,"href":"https:\/\/jornaltimoneiro.com.br\/index.php\/wp-json\/wp\/v2\/posts\/33662\/revisions\/33665"}],"wp:featuredmedia":[{"embeddable":true,"href":"https:\/\/jornaltimoneiro.com.br\/index.php\/wp-json\/wp\/v2\/media\/33663"}],"wp:attachment":[{"href":"https:\/\/jornaltimoneiro.com.br\/index.php\/wp-json\/wp\/v2\/media?parent=33662"}],"wp:term":[{"taxonomy":"category","embeddable":true,"href":"https:\/\/jornaltimoneiro.com.br\/index.php\/wp-json\/wp\/v2\/categories?post=33662"},{"taxonomy":"post_tag","embeddable":true,"href":"https:\/\/jornaltimoneiro.com.br\/index.php\/wp-json\/wp\/v2\/tags?post=33662"}],"curies":[{"name":"wp","href":"https:\/\/api.w.org\/{rel}","templated":true}]}}