{"id":33466,"date":"2025-01-13T14:05:41","date_gmt":"2025-01-13T17:05:41","guid":{"rendered":"https:\/\/jornaltimoneiro.com.br\/?p=33466"},"modified":"2025-01-13T14:05:41","modified_gmt":"2025-01-13T17:05:41","slug":"diretor-do-hospital-universitario-de-canoas-edemar-da-costa-morre-em-acidente-de-carro","status":"publish","type":"post","link":"https:\/\/jornaltimoneiro.com.br\/index.php\/2025\/01\/13\/diretor-do-hospital-universitario-de-canoas-edemar-da-costa-morre-em-acidente-de-carro\/","title":{"rendered":"Diretor do Hospital Universit\u00e1rio de Canoas, Edemar da Costa morre em acidente de carro"},"content":{"rendered":"<p>O rec\u00e9m-empossado diretor do Hospital Universit\u00e1rio, Edemar da Costa, morreu em um acidente de carro na manh\u00e3 de s\u00e1bado, 11.<\/p>\n<p>A gest\u00e3o municipal emitiu uma nota de pesar em que destaca que &#8220;Neste triste momento, apresentamos nossas sentidas condol\u00eancias aos familiares, amigos e colegas, e lembramos da sua linda trajet\u00f3ria conosco. Al\u00e9m de um grande amigo daqueles que o cercavam, Edemar era um profissional da mais alta excel\u00eancia e, ao mesmo tempo, extremamente humano&#8221;.<\/p>\n<p>A nota finaliza ressaltando sua hist\u00f3ria com os canoenses, que &#8220;\u00e9 marcada por grandes conquistas na \u00e1rea da Sa\u00fade e uma busca incans\u00e1vel por um atendimento para todos. Hoje, Canoas perde um grande profissional e amigo, que n\u00e3o media esfor\u00e7os para melhorar a qualidade de vida da popula\u00e7\u00e3o&#8221;.<\/p>\n","protected":false},"excerpt":{"rendered":"<p>O rec\u00e9m-empossado diretor do Hospital Universit\u00e1rio, Edemar da Costa, morreu em um acidente de carro na manh\u00e3 de s\u00e1bado, 11. A gest\u00e3o municipal emitiu uma nota de pesar em que destaca que &#8220;Neste triste momento, apresentamos nossas sentidas condol\u00eancias aos familiares, amigos e colegas, e lembramos da sua linda trajet\u00f3ria conosco. Al\u00e9m de um grande [&hellip;]<\/p>\n","protected":false},"author":2,"featured_media":33467,"comment_status":"open","ping_status":"open","sticky":false,"template":"","format":"standard","meta":{"amp_status":"","footnotes":""},"categories":[3824],"tags":[31,3860,3859,190,443,280],"class_list":["post-33466","post","type-post","status-publish","format-standard","has-post-thumbnail","hentry","category-luto","tag-canoas","tag-direitor","tag-edemar-da-costa","tag-featured","tag-hospital-universitario-de-canoas","tag-hu"],"yoast_head":"<!-- This site is optimized with the Yoast SEO plugin v20.5 - https:\/\/yoast.com\/wordpress\/plugins\/seo\/ -->\n<title>Diretor do Hospital Universit\u00e1rio de Canoas, Edemar da Costa morre em acidente de carro - O Timoneiro Jornal Canoas RS<\/title>\n<meta name=\"description\" content=\"O rec\u00e9m-empossado diretor do Hospital Universit\u00e1rio, Edemar da Costa, morreu em um acidente de carro na manh\u00e3 de s\u00e1bado, 11\" \/>\n<meta name=\"robots\" content=\"index, follow, max-snippet:-1, max-image-preview:large, max-video-preview:-1\" \/>\n<link rel=\"canonical\" href=\"https:\/\/jornaltimoneiro.com.br\/index.php\/2025\/01\/13\/diretor-do-hospital-universitario-de-canoas-edemar-da-costa-morre-em-acidente-de-carro\/\" \/>\n<meta property=\"og:locale\" content=\"pt_BR\" \/>\n<meta property=\"og:type\" content=\"article\" \/>\n<meta property=\"og:title\" content=\"Diretor do Hospital Universit\u00e1rio de Canoas, Edemar da Costa morre em acidente de carro - O Timoneiro Jornal Canoas RS\" \/>\n<meta property=\"og:description\" content=\"O rec\u00e9m-empossado diretor do Hospital Universit\u00e1rio, Edemar da Costa, morreu em um acidente de carro na manh\u00e3 de s\u00e1bado, 11\" \/>\n<meta property=\"og:url\" content=\"https:\/\/jornaltimoneiro.com.br\/index.php\/2025\/01\/13\/diretor-do-hospital-universitario-de-canoas-edemar-da-costa-morre-em-acidente-de-carro\/\" \/>\n<meta property=\"og:site_name\" content=\"O Timoneiro Jornal Canoas RS\" \/>\n<meta property=\"article:publisher\" content=\"https:\/\/www.facebook.com\/jornaltimoneiro\" \/>\n<meta property=\"article:published_time\" content=\"2025-01-13T17:05:41+00:00\" \/>\n<meta property=\"og:image\" content=\"https:\/\/jornaltimoneiro.com.br\/wp-content\/uploads\/2025\/01\/Diretor-do-Hospital-Universitario-de-Canoas-Edemar-da-Costa-morre-em-acidente-de-carro.jpeg\" \/>\n\t<meta property=\"og:image:width\" content=\"740\" \/>\n\t<meta property=\"og:image:height\" content=\"740\" \/>\n\t<meta property=\"og:image:type\" content=\"image\/jpeg\" \/>\n<meta name=\"author\" content=\"Reda\u00e7\u00e3o\" \/>\n<meta name=\"twitter:card\" content=\"summary_large_image\" \/>\n<meta name=\"twitter:creator\" content=\"@_OTimoneiro\" \/>\n<meta name=\"twitter:site\" content=\"@_OTimoneiro\" \/>\n<meta name=\"twitter:label1\" content=\"Escrito por\" \/>\n\t<meta name=\"twitter:data1\" content=\"Reda\u00e7\u00e3o\" \/>\n\t<meta name=\"twitter:label2\" content=\"Est. tempo de leitura\" \/>\n\t<meta name=\"twitter:data2\" content=\"1 minuto\" \/>\n<script type=\"application\/ld+json\" class=\"yoast-schema-graph\">{\"@context\":\"https:\/\/schema.org\",\"@graph\":[{\"@type\":\"Article\",\"@id\":\"https:\/\/jornaltimoneiro.com.br\/index.php\/2025\/01\/13\/diretor-do-hospital-universitario-de-canoas-edemar-da-costa-morre-em-acidente-de-carro\/#article\",\"isPartOf\":{\"@id\":\"https:\/\/jornaltimoneiro.com.br\/index.php\/2025\/01\/13\/diretor-do-hospital-universitario-de-canoas-edemar-da-costa-morre-em-acidente-de-carro\/\"},\"author\":{\"name\":\"Reda\u00e7\u00e3o\",\"@id\":\"https:\/\/jornaltimoneiro.com.br\/#\/schema\/person\/f63482f1a02b1a9592707865e509ab40\"},\"headline\":\"Diretor do Hospital Universit\u00e1rio de Canoas, Edemar da Costa morre em acidente de carro\",\"datePublished\":\"2025-01-13T17:05:41+00:00\",\"dateModified\":\"2025-01-13T17:05:41+00:00\",\"mainEntityOfPage\":{\"@id\":\"https:\/\/jornaltimoneiro.com.br\/index.php\/2025\/01\/13\/diretor-do-hospital-universitario-de-canoas-edemar-da-costa-morre-em-acidente-de-carro\/\"},\"wordCount\":149,\"commentCount\":0,\"publisher\":{\"@id\":\"https:\/\/jornaltimoneiro.com.br\/#organization\"},\"keywords\":[\"canoas\",\"direitor\",\"edemar da costa\",\"featured\",\"hospital universit\u00e1rio de canoas\",\"HU\"],\"articleSection\":[\"Luto\"],\"inLanguage\":\"pt-BR\",\"potentialAction\":[{\"@type\":\"CommentAction\",\"name\":\"Comment\",\"target\":[\"https:\/\/jornaltimoneiro.com.br\/index.php\/2025\/01\/13\/diretor-do-hospital-universitario-de-canoas-edemar-da-costa-morre-em-acidente-de-carro\/#respond\"]}]},{\"@type\":\"WebPage\",\"@id\":\"https:\/\/jornaltimoneiro.com.br\/index.php\/2025\/01\/13\/diretor-do-hospital-universitario-de-canoas-edemar-da-costa-morre-em-acidente-de-carro\/\",\"url\":\"https:\/\/jornaltimoneiro.com.br\/index.php\/2025\/01\/13\/diretor-do-hospital-universitario-de-canoas-edemar-da-costa-morre-em-acidente-de-carro\/\",\"name\":\"Diretor do Hospital Universit\u00e1rio de Canoas, Edemar da Costa morre em acidente de carro - O Timoneiro Jornal Canoas RS\",\"isPartOf\":{\"@id\":\"https:\/\/jornaltimoneiro.com.br\/#website\"},\"datePublished\":\"2025-01-13T17:05:41+00:00\",\"dateModified\":\"2025-01-13T17:05:41+00:00\",\"description\":\"O rec\u00e9m-empossado diretor do Hospital Universit\u00e1rio, Edemar da Costa, morreu em um acidente de carro na manh\u00e3 de s\u00e1bado, 11\",\"breadcrumb\":{\"@id\":\"https:\/\/jornaltimoneiro.com.br\/index.php\/2025\/01\/13\/diretor-do-hospital-universitario-de-canoas-edemar-da-costa-morre-em-acidente-de-carro\/#breadcrumb\"},\"inLanguage\":\"pt-BR\",\"potentialAction\":[{\"@type\":\"ReadAction\",\"target\":[\"https:\/\/jornaltimoneiro.com.br\/index.php\/2025\/01\/13\/diretor-do-hospital-universitario-de-canoas-edemar-da-costa-morre-em-acidente-de-carro\/\"]}]},{\"@type\":\"BreadcrumbList\",\"@id\":\"https:\/\/jornaltimoneiro.com.br\/index.php\/2025\/01\/13\/diretor-do-hospital-universitario-de-canoas-edemar-da-costa-morre-em-acidente-de-carro\/#breadcrumb\",\"itemListElement\":[{\"@type\":\"ListItem\",\"position\":1,\"name\":\"In\u00edcio\",\"item\":\"https:\/\/jornaltimoneiro.com.br\/\"},{\"@type\":\"ListItem\",\"position\":2,\"name\":\"Diretor do Hospital Universit\u00e1rio de Canoas, Edemar da Costa morre em acidente de carro\"}]},{\"@type\":\"WebSite\",\"@id\":\"https:\/\/jornaltimoneiro.com.br\/#website\",\"url\":\"https:\/\/jornaltimoneiro.com.br\/\",\"name\":\"Jornal Timoneiro Canoas RS\",\"description\":\"Jornal O Timoneiro, o verdadeiro jornal de Canoas\",\"publisher\":{\"@id\":\"https:\/\/jornaltimoneiro.com.br\/#organization\"},\"potentialAction\":[{\"@type\":\"SearchAction\",\"target\":{\"@type\":\"EntryPoint\",\"urlTemplate\":\"https:\/\/jornaltimoneiro.com.br\/?s={search_term_string}\"},\"query-input\":\"required name=search_term_string\"}],\"inLanguage\":\"pt-BR\"},{\"@type\":\"Organization\",\"@id\":\"https:\/\/jornaltimoneiro.com.br\/#organization\",\"name\":\"Jornal Timoneiro Canoas RS\",\"url\":\"https:\/\/jornaltimoneiro.com.br\/\",\"logo\":{\"@type\":\"ImageObject\",\"inLanguage\":\"pt-BR\",\"@id\":\"https:\/\/jornaltimoneiro.com.br\/#\/schema\/logo\/image\/\",\"url\":\"https:\/\/jornaltimoneiro.com.br\/wp-content\/uploads\/2023\/03\/logonovo.png\",\"contentUrl\":\"https:\/\/jornaltimoneiro.com.br\/wp-content\/uploads\/2023\/03\/logonovo.png\",\"width\":\"469\",\"height\":\"171\",\"caption\":\"Jornal Timoneiro Canoas RS\"},\"image\":{\"@id\":\"https:\/\/jornaltimoneiro.com.br\/#\/schema\/logo\/image\/\"},\"sameAs\":[\"https:\/\/www.facebook.com\/jornaltimoneiro\",\"https:\/\/twitter.com\/_OTimoneiro\",\"https:\/\/www.instagram.com\/jornaltimoneirocanoas\/\",\"https:\/\/www.youtube.com\/@jornalotimoneiro7927\"]},{\"@type\":\"Person\",\"@id\":\"https:\/\/jornaltimoneiro.com.br\/#\/schema\/person\/f63482f1a02b1a9592707865e509ab40\",\"name\":\"Reda\u00e7\u00e3o\",\"image\":{\"@type\":\"ImageObject\",\"inLanguage\":\"pt-BR\",\"@id\":\"https:\/\/jornaltimoneiro.com.br\/#\/schema\/person\/image\/\",\"url\":\"https:\/\/jornaltimoneiro.com.br\/wp-content\/uploads\/2023\/03\/download.jpeg\",\"contentUrl\":\"https:\/\/jornaltimoneiro.com.br\/wp-content\/uploads\/2023\/03\/download.jpeg\",\"caption\":\"Reda\u00e7\u00e3o\"},\"url\":\"https:\/\/jornaltimoneiro.com.br\/index.php\/author\/simone-dutra\/\"}]}<\/script>\n<!-- \/ Yoast SEO plugin. -->","yoast_head_json":{"title":"Diretor do Hospital Universit\u00e1rio de Canoas, Edemar da Costa morre em acidente de carro - O Timoneiro Jornal Canoas RS","description":"O rec\u00e9m-empossado diretor do Hospital Universit\u00e1rio, Edemar da Costa, morreu em um acidente de carro na manh\u00e3 de s\u00e1bado, 11","robots":{"index":"index","follow":"follow","max-snippet":"max-snippet:-1","max-image-preview":"max-image-preview:large","max-video-preview":"max-video-preview:-1"},"canonical":"https:\/\/jornaltimoneiro.com.br\/index.php\/2025\/01\/13\/diretor-do-hospital-universitario-de-canoas-edemar-da-costa-morre-em-acidente-de-carro\/","og_locale":"pt_BR","og_type":"article","og_title":"Diretor do Hospital Universit\u00e1rio de Canoas, Edemar da Costa morre em acidente de carro - O Timoneiro Jornal Canoas RS","og_description":"O rec\u00e9m-empossado diretor do Hospital Universit\u00e1rio, Edemar da Costa, morreu em um acidente de carro na manh\u00e3 de s\u00e1bado, 11","og_url":"https:\/\/jornaltimoneiro.com.br\/index.php\/2025\/01\/13\/diretor-do-hospital-universitario-de-canoas-edemar-da-costa-morre-em-acidente-de-carro\/","og_site_name":"O Timoneiro Jornal Canoas RS","article_publisher":"https:\/\/www.facebook.com\/jornaltimoneiro","article_published_time":"2025-01-13T17:05:41+00:00","og_image":[{"width":740,"height":740,"url":"https:\/\/jornaltimoneiro.com.br\/wp-content\/uploads\/2025\/01\/Diretor-do-Hospital-Universitario-de-Canoas-Edemar-da-Costa-morre-em-acidente-de-carro.jpeg","type":"image\/jpeg"}],"author":"Reda\u00e7\u00e3o","twitter_card":"summary_large_image","twitter_creator":"@_OTimoneiro","twitter_site":"@_OTimoneiro","twitter_misc":{"Escrito por":"Reda\u00e7\u00e3o","Est. tempo de leitura":"1 minuto"},"schema":{"@context":"https:\/\/schema.org","@graph":[{"@type":"Article","@id":"https:\/\/jornaltimoneiro.com.br\/index.php\/2025\/01\/13\/diretor-do-hospital-universitario-de-canoas-edemar-da-costa-morre-em-acidente-de-carro\/#article","isPartOf":{"@id":"https:\/\/jornaltimoneiro.com.br\/index.php\/2025\/01\/13\/diretor-do-hospital-universitario-de-canoas-edemar-da-costa-morre-em-acidente-de-carro\/"},"author":{"name":"Reda\u00e7\u00e3o","@id":"https:\/\/jornaltimoneiro.com.br\/#\/schema\/person\/f63482f1a02b1a9592707865e509ab40"},"headline":"Diretor do Hospital Universit\u00e1rio de Canoas, Edemar da Costa morre em acidente de carro","datePublished":"2025-01-13T17:05:41+00:00","dateModified":"2025-01-13T17:05:41+00:00","mainEntityOfPage":{"@id":"https:\/\/jornaltimoneiro.com.br\/index.php\/2025\/01\/13\/diretor-do-hospital-universitario-de-canoas-edemar-da-costa-morre-em-acidente-de-carro\/"},"wordCount":149,"commentCount":0,"publisher":{"@id":"https:\/\/jornaltimoneiro.com.br\/#organization"},"keywords":["canoas","direitor","edemar da costa","featured","hospital universit\u00e1rio de canoas","HU"],"articleSection":["Luto"],"inLanguage":"pt-BR","potentialAction":[{"@type":"CommentAction","name":"Comment","target":["https:\/\/jornaltimoneiro.com.br\/index.php\/2025\/01\/13\/diretor-do-hospital-universitario-de-canoas-edemar-da-costa-morre-em-acidente-de-carro\/#respond"]}]},{"@type":"WebPage","@id":"https:\/\/jornaltimoneiro.com.br\/index.php\/2025\/01\/13\/diretor-do-hospital-universitario-de-canoas-edemar-da-costa-morre-em-acidente-de-carro\/","url":"https:\/\/jornaltimoneiro.com.br\/index.php\/2025\/01\/13\/diretor-do-hospital-universitario-de-canoas-edemar-da-costa-morre-em-acidente-de-carro\/","name":"Diretor do Hospital Universit\u00e1rio de Canoas, Edemar da Costa morre em acidente de carro - O Timoneiro Jornal Canoas RS","isPartOf":{"@id":"https:\/\/jornaltimoneiro.com.br\/#website"},"datePublished":"2025-01-13T17:05:41+00:00","dateModified":"2025-01-13T17:05:41+00:00","description":"O rec\u00e9m-empossado diretor do Hospital Universit\u00e1rio, Edemar da Costa, morreu em um acidente de carro na manh\u00e3 de s\u00e1bado, 11","breadcrumb":{"@id":"https:\/\/jornaltimoneiro.com.br\/index.php\/2025\/01\/13\/diretor-do-hospital-universitario-de-canoas-edemar-da-costa-morre-em-acidente-de-carro\/#breadcrumb"},"inLanguage":"pt-BR","potentialAction":[{"@type":"ReadAction","target":["https:\/\/jornaltimoneiro.com.br\/index.php\/2025\/01\/13\/diretor-do-hospital-universitario-de-canoas-edemar-da-costa-morre-em-acidente-de-carro\/"]}]},{"@type":"BreadcrumbList","@id":"https:\/\/jornaltimoneiro.com.br\/index.php\/2025\/01\/13\/diretor-do-hospital-universitario-de-canoas-edemar-da-costa-morre-em-acidente-de-carro\/#breadcrumb","itemListElement":[{"@type":"ListItem","position":1,"name":"In\u00edcio","item":"https:\/\/jornaltimoneiro.com.br\/"},{"@type":"ListItem","position":2,"name":"Diretor do Hospital Universit\u00e1rio de Canoas, Edemar da Costa morre em acidente de carro"}]},{"@type":"WebSite","@id":"https:\/\/jornaltimoneiro.com.br\/#website","url":"https:\/\/jornaltimoneiro.com.br\/","name":"Jornal Timoneiro Canoas RS","description":"Jornal O Timoneiro, o verdadeiro jornal de Canoas","publisher":{"@id":"https:\/\/jornaltimoneiro.com.br\/#organization"},"potentialAction":[{"@type":"SearchAction","target":{"@type":"EntryPoint","urlTemplate":"https:\/\/jornaltimoneiro.com.br\/?s={search_term_string}"},"query-input":"required name=search_term_string"}],"inLanguage":"pt-BR"},{"@type":"Organization","@id":"https:\/\/jornaltimoneiro.com.br\/#organization","name":"Jornal Timoneiro Canoas RS","url":"https:\/\/jornaltimoneiro.com.br\/","logo":{"@type":"ImageObject","inLanguage":"pt-BR","@id":"https:\/\/jornaltimoneiro.com.br\/#\/schema\/logo\/image\/","url":"https:\/\/jornaltimoneiro.com.br\/wp-content\/uploads\/2023\/03\/logonovo.png","contentUrl":"https:\/\/jornaltimoneiro.com.br\/wp-content\/uploads\/2023\/03\/logonovo.png","width":"469","height":"171","caption":"Jornal Timoneiro Canoas RS"},"image":{"@id":"https:\/\/jornaltimoneiro.com.br\/#\/schema\/logo\/image\/"},"sameAs":["https:\/\/www.facebook.com\/jornaltimoneiro","https:\/\/twitter.com\/_OTimoneiro","https:\/\/www.instagram.com\/jornaltimoneirocanoas\/","https:\/\/www.youtube.com\/@jornalotimoneiro7927"]},{"@type":"Person","@id":"https:\/\/jornaltimoneiro.com.br\/#\/schema\/person\/f63482f1a02b1a9592707865e509ab40","name":"Reda\u00e7\u00e3o","image":{"@type":"ImageObject","inLanguage":"pt-BR","@id":"https:\/\/jornaltimoneiro.com.br\/#\/schema\/person\/image\/","url":"https:\/\/jornaltimoneiro.com.br\/wp-content\/uploads\/2023\/03\/download.jpeg","contentUrl":"https:\/\/jornaltimoneiro.com.br\/wp-content\/uploads\/2023\/03\/download.jpeg","caption":"Reda\u00e7\u00e3o"},"url":"https:\/\/jornaltimoneiro.com.br\/index.php\/author\/simone-dutra\/"}]}},"_links":{"self":[{"href":"https:\/\/jornaltimoneiro.com.br\/index.php\/wp-json\/wp\/v2\/posts\/33466"}],"collection":[{"href":"https:\/\/jornaltimoneiro.com.br\/index.php\/wp-json\/wp\/v2\/posts"}],"about":[{"href":"https:\/\/jornaltimoneiro.com.br\/index.php\/wp-json\/wp\/v2\/types\/post"}],"author":[{"embeddable":true,"href":"https:\/\/jornaltimoneiro.com.br\/index.php\/wp-json\/wp\/v2\/users\/2"}],"replies":[{"embeddable":true,"href":"https:\/\/jornaltimoneiro.com.br\/index.php\/wp-json\/wp\/v2\/comments?post=33466"}],"version-history":[{"count":1,"href":"https:\/\/jornaltimoneiro.com.br\/index.php\/wp-json\/wp\/v2\/posts\/33466\/revisions"}],"predecessor-version":[{"id":33468,"href":"https:\/\/jornaltimoneiro.com.br\/index.php\/wp-json\/wp\/v2\/posts\/33466\/revisions\/33468"}],"wp:featuredmedia":[{"embeddable":true,"href":"https:\/\/jornaltimoneiro.com.br\/index.php\/wp-json\/wp\/v2\/media\/33467"}],"wp:attachment":[{"href":"https:\/\/jornaltimoneiro.com.br\/index.php\/wp-json\/wp\/v2\/media?parent=33466"}],"wp:term":[{"taxonomy":"category","embeddable":true,"href":"https:\/\/jornaltimoneiro.com.br\/index.php\/wp-json\/wp\/v2\/categories?post=33466"},{"taxonomy":"post_tag","embeddable":true,"href":"https:\/\/jornaltimoneiro.com.br\/index.php\/wp-json\/wp\/v2\/tags?post=33466"}],"curies":[{"name":"wp","href":"https:\/\/api.w.org\/{rel}","templated":true}]}}