{"id":33458,"date":"2025-01-10T16:38:06","date_gmt":"2025-01-10T19:38:06","guid":{"rendered":"https:\/\/jornaltimoneiro.com.br\/?p=33458"},"modified":"2025-01-10T16:38:06","modified_gmt":"2025-01-10T19:38:06","slug":"feirao-de-empregos-acontece-no-dia-15-de-janeiro-em-canoas","status":"publish","type":"post","link":"https:\/\/jornaltimoneiro.com.br\/index.php\/2025\/01\/10\/feirao-de-empregos-acontece-no-dia-15-de-janeiro-em-canoas\/","title":{"rendered":"Feir\u00e3o de empregos acontece no dia 15 de janeiro em Canoas"},"content":{"rendered":"<p>A primeira Feira de Oportunidades do ano, promovida pela Prefeitura de Canoas, j\u00e1 possui data marcada. A a\u00e7\u00e3o ser\u00e1 realizada na pr\u00f3xima quarta-feira, 15, das 9 horas ao meio-dia, na sede da Secretaria Municipal de Desenvolvimento Econ\u00f4mico e Inova\u00e7\u00e3o (SMDEI), respons\u00e1vel pela organiza\u00e7\u00e3o. At\u00e9 o momento, edi\u00e7\u00e3o ter\u00e1 uma oferta de mais de 640 vagas em 11 empresas participantes. A SMDEI est\u00e1 localizada na rua Dr. Barcelos, 969, no Centro.<\/p>\n<h4>Como se candidatar<\/h4>\n<p>Para se candidatar as vagas durante o Feir\u00e3o, o interessado deve apresentar um documento de identifica\u00e7\u00e3o com foto. \u00c9 recomendado levar mais de um curr\u00edculo impresso. Caso a pessoa n\u00e3o tenha, ser\u00e1 poss\u00edvel preencher uma ficha no local. Os atendimentos ocorrer\u00e3o por ordem de chegada.<\/p>\n<p>O Munic\u00edpio de Canoas conta ainda com o Banco de Oportunidades, uma plataforma digital com a participa\u00e7\u00e3o de 1.426 empresas e mais de 77 mil curr\u00edculos inscritos. Uma alternativa para quem est\u00e1 em busca de emprego ou mesmo uma realoca\u00e7\u00e3o no mercado de trabalho.<\/p>\n","protected":false},"excerpt":{"rendered":"<p>A primeira Feira de Oportunidades do ano, promovida pela Prefeitura de Canoas, j\u00e1 possui data marcada. A a\u00e7\u00e3o ser\u00e1 realizada na pr\u00f3xima quarta-feira, 15, das 9 horas ao meio-dia, na sede da Secretaria Municipal de Desenvolvimento Econ\u00f4mico e Inova\u00e7\u00e3o (SMDEI), respons\u00e1vel pela organiza\u00e7\u00e3o. At\u00e9 o momento, edi\u00e7\u00e3o ter\u00e1 uma oferta de mais de 640 vagas [&hellip;]<\/p>\n","protected":false},"author":2,"featured_media":26165,"comment_status":"open","ping_status":"open","sticky":false,"template":"","format":"standard","meta":{"amp_status":"","footnotes":""},"categories":[2092],"tags":[31,82,3857,839],"class_list":["post-33458","post","type-post","status-publish","format-standard","has-post-thumbnail","hentry","category-emprego","tag-canoas","tag-emprego","tag-feira-de-oportunidades","tag-feirao-de-empregos"],"yoast_head":"<!-- This site is optimized with the Yoast SEO plugin v20.5 - https:\/\/yoast.com\/wordpress\/plugins\/seo\/ -->\n<title>Feir\u00e3o de empregos acontece no dia 15 de janeiro em Canoas - O Timoneiro Jornal Canoas RS<\/title>\n<meta name=\"description\" content=\"Feira de Oportunidades promovida pela Prefeitura de Canoas ser\u00e1 realizada na pr\u00f3xima quarta-feira, 15, das 9 horas ao meio-dia\" \/>\n<meta name=\"robots\" content=\"index, follow, max-snippet:-1, max-image-preview:large, max-video-preview:-1\" \/>\n<link rel=\"canonical\" href=\"https:\/\/jornaltimoneiro.com.br\/index.php\/2025\/01\/10\/feirao-de-empregos-acontece-no-dia-15-de-janeiro-em-canoas\/\" \/>\n<meta property=\"og:locale\" content=\"pt_BR\" \/>\n<meta property=\"og:type\" content=\"article\" \/>\n<meta property=\"og:title\" content=\"Feir\u00e3o de empregos acontece no dia 15 de janeiro em Canoas - O Timoneiro Jornal Canoas RS\" \/>\n<meta property=\"og:description\" content=\"Feira de Oportunidades promovida pela Prefeitura de Canoas ser\u00e1 realizada na pr\u00f3xima quarta-feira, 15, das 9 horas ao meio-dia\" \/>\n<meta property=\"og:url\" content=\"https:\/\/jornaltimoneiro.com.br\/index.php\/2025\/01\/10\/feirao-de-empregos-acontece-no-dia-15-de-janeiro-em-canoas\/\" \/>\n<meta property=\"og:site_name\" content=\"O Timoneiro Jornal Canoas RS\" \/>\n<meta property=\"article:publisher\" content=\"https:\/\/www.facebook.com\/jornaltimoneiro\" \/>\n<meta property=\"article:published_time\" content=\"2025-01-10T19:38:06+00:00\" \/>\n<meta property=\"og:image\" content=\"https:\/\/jornaltimoneiro.com.br\/wp-content\/uploads\/2023\/10\/RED-26-07-2023-FEIRAO-DE-EMPREGOS-SUB-NOROESTE-THIAGO-GUIMARAES-1-1-NOVO.jpg\" \/>\n\t<meta property=\"og:image:width\" content=\"1080\" \/>\n\t<meta property=\"og:image:height\" content=\"719\" \/>\n\t<meta property=\"og:image:type\" content=\"image\/jpeg\" \/>\n<meta name=\"author\" content=\"Reda\u00e7\u00e3o\" \/>\n<meta name=\"twitter:card\" content=\"summary_large_image\" \/>\n<meta name=\"twitter:creator\" content=\"@_OTimoneiro\" \/>\n<meta name=\"twitter:site\" content=\"@_OTimoneiro\" \/>\n<meta name=\"twitter:label1\" content=\"Escrito por\" \/>\n\t<meta name=\"twitter:data1\" content=\"Reda\u00e7\u00e3o\" \/>\n\t<meta name=\"twitter:label2\" content=\"Est. tempo de leitura\" \/>\n\t<meta name=\"twitter:data2\" content=\"1 minuto\" \/>\n<script type=\"application\/ld+json\" class=\"yoast-schema-graph\">{\"@context\":\"https:\/\/schema.org\",\"@graph\":[{\"@type\":\"Article\",\"@id\":\"https:\/\/jornaltimoneiro.com.br\/index.php\/2025\/01\/10\/feirao-de-empregos-acontece-no-dia-15-de-janeiro-em-canoas\/#article\",\"isPartOf\":{\"@id\":\"https:\/\/jornaltimoneiro.com.br\/index.php\/2025\/01\/10\/feirao-de-empregos-acontece-no-dia-15-de-janeiro-em-canoas\/\"},\"author\":{\"name\":\"Reda\u00e7\u00e3o\",\"@id\":\"https:\/\/jornaltimoneiro.com.br\/#\/schema\/person\/f63482f1a02b1a9592707865e509ab40\"},\"headline\":\"Feir\u00e3o de empregos acontece no dia 15 de janeiro em Canoas\",\"datePublished\":\"2025-01-10T19:38:06+00:00\",\"dateModified\":\"2025-01-10T19:38:06+00:00\",\"mainEntityOfPage\":{\"@id\":\"https:\/\/jornaltimoneiro.com.br\/index.php\/2025\/01\/10\/feirao-de-empregos-acontece-no-dia-15-de-janeiro-em-canoas\/\"},\"wordCount\":182,\"commentCount\":0,\"publisher\":{\"@id\":\"https:\/\/jornaltimoneiro.com.br\/#organization\"},\"keywords\":[\"canoas\",\"emprego\",\"feira de oportunidades\",\"feir\u00e3o de empregos\"],\"articleSection\":[\"Emprego\"],\"inLanguage\":\"pt-BR\",\"potentialAction\":[{\"@type\":\"CommentAction\",\"name\":\"Comment\",\"target\":[\"https:\/\/jornaltimoneiro.com.br\/index.php\/2025\/01\/10\/feirao-de-empregos-acontece-no-dia-15-de-janeiro-em-canoas\/#respond\"]}]},{\"@type\":\"WebPage\",\"@id\":\"https:\/\/jornaltimoneiro.com.br\/index.php\/2025\/01\/10\/feirao-de-empregos-acontece-no-dia-15-de-janeiro-em-canoas\/\",\"url\":\"https:\/\/jornaltimoneiro.com.br\/index.php\/2025\/01\/10\/feirao-de-empregos-acontece-no-dia-15-de-janeiro-em-canoas\/\",\"name\":\"Feir\u00e3o de empregos acontece no dia 15 de janeiro em Canoas - O Timoneiro Jornal Canoas RS\",\"isPartOf\":{\"@id\":\"https:\/\/jornaltimoneiro.com.br\/#website\"},\"datePublished\":\"2025-01-10T19:38:06+00:00\",\"dateModified\":\"2025-01-10T19:38:06+00:00\",\"description\":\"Feira de Oportunidades promovida pela Prefeitura de Canoas ser\u00e1 realizada na pr\u00f3xima quarta-feira, 15, das 9 horas ao meio-dia\",\"breadcrumb\":{\"@id\":\"https:\/\/jornaltimoneiro.com.br\/index.php\/2025\/01\/10\/feirao-de-empregos-acontece-no-dia-15-de-janeiro-em-canoas\/#breadcrumb\"},\"inLanguage\":\"pt-BR\",\"potentialAction\":[{\"@type\":\"ReadAction\",\"target\":[\"https:\/\/jornaltimoneiro.com.br\/index.php\/2025\/01\/10\/feirao-de-empregos-acontece-no-dia-15-de-janeiro-em-canoas\/\"]}]},{\"@type\":\"BreadcrumbList\",\"@id\":\"https:\/\/jornaltimoneiro.com.br\/index.php\/2025\/01\/10\/feirao-de-empregos-acontece-no-dia-15-de-janeiro-em-canoas\/#breadcrumb\",\"itemListElement\":[{\"@type\":\"ListItem\",\"position\":1,\"name\":\"In\u00edcio\",\"item\":\"https:\/\/jornaltimoneiro.com.br\/\"},{\"@type\":\"ListItem\",\"position\":2,\"name\":\"Feir\u00e3o de empregos acontece no dia 15 de janeiro em Canoas\"}]},{\"@type\":\"WebSite\",\"@id\":\"https:\/\/jornaltimoneiro.com.br\/#website\",\"url\":\"https:\/\/jornaltimoneiro.com.br\/\",\"name\":\"Jornal Timoneiro Canoas RS\",\"description\":\"Jornal O Timoneiro, o verdadeiro jornal de Canoas\",\"publisher\":{\"@id\":\"https:\/\/jornaltimoneiro.com.br\/#organization\"},\"potentialAction\":[{\"@type\":\"SearchAction\",\"target\":{\"@type\":\"EntryPoint\",\"urlTemplate\":\"https:\/\/jornaltimoneiro.com.br\/?s={search_term_string}\"},\"query-input\":\"required name=search_term_string\"}],\"inLanguage\":\"pt-BR\"},{\"@type\":\"Organization\",\"@id\":\"https:\/\/jornaltimoneiro.com.br\/#organization\",\"name\":\"Jornal Timoneiro Canoas RS\",\"url\":\"https:\/\/jornaltimoneiro.com.br\/\",\"logo\":{\"@type\":\"ImageObject\",\"inLanguage\":\"pt-BR\",\"@id\":\"https:\/\/jornaltimoneiro.com.br\/#\/schema\/logo\/image\/\",\"url\":\"https:\/\/jornaltimoneiro.com.br\/wp-content\/uploads\/2023\/03\/logonovo.png\",\"contentUrl\":\"https:\/\/jornaltimoneiro.com.br\/wp-content\/uploads\/2023\/03\/logonovo.png\",\"width\":\"469\",\"height\":\"171\",\"caption\":\"Jornal Timoneiro Canoas RS\"},\"image\":{\"@id\":\"https:\/\/jornaltimoneiro.com.br\/#\/schema\/logo\/image\/\"},\"sameAs\":[\"https:\/\/www.facebook.com\/jornaltimoneiro\",\"https:\/\/twitter.com\/_OTimoneiro\",\"https:\/\/www.instagram.com\/jornaltimoneirocanoas\/\",\"https:\/\/www.youtube.com\/@jornalotimoneiro7927\"]},{\"@type\":\"Person\",\"@id\":\"https:\/\/jornaltimoneiro.com.br\/#\/schema\/person\/f63482f1a02b1a9592707865e509ab40\",\"name\":\"Reda\u00e7\u00e3o\",\"image\":{\"@type\":\"ImageObject\",\"inLanguage\":\"pt-BR\",\"@id\":\"https:\/\/jornaltimoneiro.com.br\/#\/schema\/person\/image\/\",\"url\":\"https:\/\/jornaltimoneiro.com.br\/wp-content\/uploads\/2023\/03\/download.jpeg\",\"contentUrl\":\"https:\/\/jornaltimoneiro.com.br\/wp-content\/uploads\/2023\/03\/download.jpeg\",\"caption\":\"Reda\u00e7\u00e3o\"},\"url\":\"https:\/\/jornaltimoneiro.com.br\/index.php\/author\/simone-dutra\/\"}]}<\/script>\n<!-- \/ Yoast SEO plugin. -->","yoast_head_json":{"title":"Feir\u00e3o de empregos acontece no dia 15 de janeiro em Canoas - O Timoneiro Jornal Canoas RS","description":"Feira de Oportunidades promovida pela Prefeitura de Canoas ser\u00e1 realizada na pr\u00f3xima quarta-feira, 15, das 9 horas ao meio-dia","robots":{"index":"index","follow":"follow","max-snippet":"max-snippet:-1","max-image-preview":"max-image-preview:large","max-video-preview":"max-video-preview:-1"},"canonical":"https:\/\/jornaltimoneiro.com.br\/index.php\/2025\/01\/10\/feirao-de-empregos-acontece-no-dia-15-de-janeiro-em-canoas\/","og_locale":"pt_BR","og_type":"article","og_title":"Feir\u00e3o de empregos acontece no dia 15 de janeiro em Canoas - O Timoneiro Jornal Canoas RS","og_description":"Feira de Oportunidades promovida pela Prefeitura de Canoas ser\u00e1 realizada na pr\u00f3xima quarta-feira, 15, das 9 horas ao meio-dia","og_url":"https:\/\/jornaltimoneiro.com.br\/index.php\/2025\/01\/10\/feirao-de-empregos-acontece-no-dia-15-de-janeiro-em-canoas\/","og_site_name":"O Timoneiro Jornal Canoas RS","article_publisher":"https:\/\/www.facebook.com\/jornaltimoneiro","article_published_time":"2025-01-10T19:38:06+00:00","og_image":[{"width":1080,"height":719,"url":"https:\/\/jornaltimoneiro.com.br\/wp-content\/uploads\/2023\/10\/RED-26-07-2023-FEIRAO-DE-EMPREGOS-SUB-NOROESTE-THIAGO-GUIMARAES-1-1-NOVO.jpg","type":"image\/jpeg"}],"author":"Reda\u00e7\u00e3o","twitter_card":"summary_large_image","twitter_creator":"@_OTimoneiro","twitter_site":"@_OTimoneiro","twitter_misc":{"Escrito por":"Reda\u00e7\u00e3o","Est. tempo de leitura":"1 minuto"},"schema":{"@context":"https:\/\/schema.org","@graph":[{"@type":"Article","@id":"https:\/\/jornaltimoneiro.com.br\/index.php\/2025\/01\/10\/feirao-de-empregos-acontece-no-dia-15-de-janeiro-em-canoas\/#article","isPartOf":{"@id":"https:\/\/jornaltimoneiro.com.br\/index.php\/2025\/01\/10\/feirao-de-empregos-acontece-no-dia-15-de-janeiro-em-canoas\/"},"author":{"name":"Reda\u00e7\u00e3o","@id":"https:\/\/jornaltimoneiro.com.br\/#\/schema\/person\/f63482f1a02b1a9592707865e509ab40"},"headline":"Feir\u00e3o de empregos acontece no dia 15 de janeiro em Canoas","datePublished":"2025-01-10T19:38:06+00:00","dateModified":"2025-01-10T19:38:06+00:00","mainEntityOfPage":{"@id":"https:\/\/jornaltimoneiro.com.br\/index.php\/2025\/01\/10\/feirao-de-empregos-acontece-no-dia-15-de-janeiro-em-canoas\/"},"wordCount":182,"commentCount":0,"publisher":{"@id":"https:\/\/jornaltimoneiro.com.br\/#organization"},"keywords":["canoas","emprego","feira de oportunidades","feir\u00e3o de empregos"],"articleSection":["Emprego"],"inLanguage":"pt-BR","potentialAction":[{"@type":"CommentAction","name":"Comment","target":["https:\/\/jornaltimoneiro.com.br\/index.php\/2025\/01\/10\/feirao-de-empregos-acontece-no-dia-15-de-janeiro-em-canoas\/#respond"]}]},{"@type":"WebPage","@id":"https:\/\/jornaltimoneiro.com.br\/index.php\/2025\/01\/10\/feirao-de-empregos-acontece-no-dia-15-de-janeiro-em-canoas\/","url":"https:\/\/jornaltimoneiro.com.br\/index.php\/2025\/01\/10\/feirao-de-empregos-acontece-no-dia-15-de-janeiro-em-canoas\/","name":"Feir\u00e3o de empregos acontece no dia 15 de janeiro em Canoas - O Timoneiro Jornal Canoas RS","isPartOf":{"@id":"https:\/\/jornaltimoneiro.com.br\/#website"},"datePublished":"2025-01-10T19:38:06+00:00","dateModified":"2025-01-10T19:38:06+00:00","description":"Feira de Oportunidades promovida pela Prefeitura de Canoas ser\u00e1 realizada na pr\u00f3xima quarta-feira, 15, das 9 horas ao meio-dia","breadcrumb":{"@id":"https:\/\/jornaltimoneiro.com.br\/index.php\/2025\/01\/10\/feirao-de-empregos-acontece-no-dia-15-de-janeiro-em-canoas\/#breadcrumb"},"inLanguage":"pt-BR","potentialAction":[{"@type":"ReadAction","target":["https:\/\/jornaltimoneiro.com.br\/index.php\/2025\/01\/10\/feirao-de-empregos-acontece-no-dia-15-de-janeiro-em-canoas\/"]}]},{"@type":"BreadcrumbList","@id":"https:\/\/jornaltimoneiro.com.br\/index.php\/2025\/01\/10\/feirao-de-empregos-acontece-no-dia-15-de-janeiro-em-canoas\/#breadcrumb","itemListElement":[{"@type":"ListItem","position":1,"name":"In\u00edcio","item":"https:\/\/jornaltimoneiro.com.br\/"},{"@type":"ListItem","position":2,"name":"Feir\u00e3o de empregos acontece no dia 15 de janeiro em Canoas"}]},{"@type":"WebSite","@id":"https:\/\/jornaltimoneiro.com.br\/#website","url":"https:\/\/jornaltimoneiro.com.br\/","name":"Jornal Timoneiro Canoas RS","description":"Jornal O Timoneiro, o verdadeiro jornal de Canoas","publisher":{"@id":"https:\/\/jornaltimoneiro.com.br\/#organization"},"potentialAction":[{"@type":"SearchAction","target":{"@type":"EntryPoint","urlTemplate":"https:\/\/jornaltimoneiro.com.br\/?s={search_term_string}"},"query-input":"required name=search_term_string"}],"inLanguage":"pt-BR"},{"@type":"Organization","@id":"https:\/\/jornaltimoneiro.com.br\/#organization","name":"Jornal Timoneiro Canoas RS","url":"https:\/\/jornaltimoneiro.com.br\/","logo":{"@type":"ImageObject","inLanguage":"pt-BR","@id":"https:\/\/jornaltimoneiro.com.br\/#\/schema\/logo\/image\/","url":"https:\/\/jornaltimoneiro.com.br\/wp-content\/uploads\/2023\/03\/logonovo.png","contentUrl":"https:\/\/jornaltimoneiro.com.br\/wp-content\/uploads\/2023\/03\/logonovo.png","width":"469","height":"171","caption":"Jornal Timoneiro Canoas RS"},"image":{"@id":"https:\/\/jornaltimoneiro.com.br\/#\/schema\/logo\/image\/"},"sameAs":["https:\/\/www.facebook.com\/jornaltimoneiro","https:\/\/twitter.com\/_OTimoneiro","https:\/\/www.instagram.com\/jornaltimoneirocanoas\/","https:\/\/www.youtube.com\/@jornalotimoneiro7927"]},{"@type":"Person","@id":"https:\/\/jornaltimoneiro.com.br\/#\/schema\/person\/f63482f1a02b1a9592707865e509ab40","name":"Reda\u00e7\u00e3o","image":{"@type":"ImageObject","inLanguage":"pt-BR","@id":"https:\/\/jornaltimoneiro.com.br\/#\/schema\/person\/image\/","url":"https:\/\/jornaltimoneiro.com.br\/wp-content\/uploads\/2023\/03\/download.jpeg","contentUrl":"https:\/\/jornaltimoneiro.com.br\/wp-content\/uploads\/2023\/03\/download.jpeg","caption":"Reda\u00e7\u00e3o"},"url":"https:\/\/jornaltimoneiro.com.br\/index.php\/author\/simone-dutra\/"}]}},"_links":{"self":[{"href":"https:\/\/jornaltimoneiro.com.br\/index.php\/wp-json\/wp\/v2\/posts\/33458"}],"collection":[{"href":"https:\/\/jornaltimoneiro.com.br\/index.php\/wp-json\/wp\/v2\/posts"}],"about":[{"href":"https:\/\/jornaltimoneiro.com.br\/index.php\/wp-json\/wp\/v2\/types\/post"}],"author":[{"embeddable":true,"href":"https:\/\/jornaltimoneiro.com.br\/index.php\/wp-json\/wp\/v2\/users\/2"}],"replies":[{"embeddable":true,"href":"https:\/\/jornaltimoneiro.com.br\/index.php\/wp-json\/wp\/v2\/comments?post=33458"}],"version-history":[{"count":1,"href":"https:\/\/jornaltimoneiro.com.br\/index.php\/wp-json\/wp\/v2\/posts\/33458\/revisions"}],"predecessor-version":[{"id":33459,"href":"https:\/\/jornaltimoneiro.com.br\/index.php\/wp-json\/wp\/v2\/posts\/33458\/revisions\/33459"}],"wp:featuredmedia":[{"embeddable":true,"href":"https:\/\/jornaltimoneiro.com.br\/index.php\/wp-json\/wp\/v2\/media\/26165"}],"wp:attachment":[{"href":"https:\/\/jornaltimoneiro.com.br\/index.php\/wp-json\/wp\/v2\/media?parent=33458"}],"wp:term":[{"taxonomy":"category","embeddable":true,"href":"https:\/\/jornaltimoneiro.com.br\/index.php\/wp-json\/wp\/v2\/categories?post=33458"},{"taxonomy":"post_tag","embeddable":true,"href":"https:\/\/jornaltimoneiro.com.br\/index.php\/wp-json\/wp\/v2\/tags?post=33458"}],"curies":[{"name":"wp","href":"https:\/\/api.w.org\/{rel}","templated":true}]}}