{"id":33418,"date":"2025-01-08T13:17:00","date_gmt":"2025-01-08T16:17:00","guid":{"rendered":"https:\/\/jornaltimoneiro.com.br\/?p=33418"},"modified":"2025-01-08T13:17:00","modified_gmt":"2025-01-08T16:17:00","slug":"circuito-de-corridas-e-atividades-do-estacao-verao-sesc-agitam-o-litoral-gaucho-neste-final-de-semana","status":"publish","type":"post","link":"https:\/\/jornaltimoneiro.com.br\/index.php\/2025\/01\/08\/circuito-de-corridas-e-atividades-do-estacao-verao-sesc-agitam-o-litoral-gaucho-neste-final-de-semana\/","title":{"rendered":"Circuito de Corridas e atividades do Esta\u00e7\u00e3o Ver\u00e3o Sesc agitam o litoral ga\u00facho neste final de semana"},"content":{"rendered":"<p dir=\"ltr\">No domingo, 12, a praia de Atl\u00e2ntida Sul, no Litoral Norte, sediar\u00e1 o in\u00edcio do Circuito Sesc de Corridas 2025. Um dos principais projetos de incentivo \u00e0s corridas de rua do Sul do Pa\u00eds ter\u00e1, na nova edi\u00e7\u00e3o, etapas em 17 munic\u00edpios ga\u00fachos, al\u00e9m da grande final, marcada para dezembro, na cidade de Passo Fundo.<\/p>\n<p dir=\"ltr\">Na prova inaugural, que ocorrer\u00e1 na beira da praia, com largada pr\u00f3xima da Av. Beira Mar, 684, \u00e0s 8h30, s\u00e3o esperados pelo menos 450 atletas em percursos de 1km e 2km voltados a crian\u00e7as entre 8 e 10 anos e 11 a 13 anos, respectivamente, e percursos de 3km, 5km e 10km, voltados aos adultos.<\/p>\n<p dir=\"ltr\">H\u00e1 categoria para pessoas com defici\u00eancia visual nas provas de 5km e 10km, e op\u00e7\u00e3o de caminhada participativa de 3km. As inscri\u00e7\u00f5es s\u00e3o feitas em qualquer Unidade do Sesc\/RS ou no site <a href=\"http:\/\/www.sesc-rs.com.br\/circuitodecorridas\" target=\"_blank\" rel=\"noopener\" data-saferedirecturl=\"https:\/\/www.google.com\/url?q=http:\/\/www.sesc-rs.com.br\/circuitodecorridas&amp;source=gmail&amp;ust=1736439104885000&amp;usg=AOvVaw2L9vmbr-durofQlJJcvJzZ\">www.sesc-rs.com.br\/<wbr \/>circuitodecorridas<\/a>, onde est\u00e1 dispon\u00edvel o regulamento, at\u00e9 o fim desta quarta-feira, dia 08.<\/p>\n<p dir=\"ltr\">Ao longo de todo o ano, acontecer\u00e3o etapas do Circuito em Uruguaiana, Caxias do Sul, Camaqu\u00e3, Lajeado, Rio Grande, S\u00e3o Luiz Gonzaga, Gua\u00edba, Santana do Livramento, Cruz Alta, Iju\u00ed, Pelotas, Santa Cruz do Sul, Santa Maria, Porto Alegre e S\u00e3o Leopoldo.<\/p>\n<blockquote>\n<p dir=\"ltr\">\u201c\u00c9 um calend\u00e1rio intenso, de muita promo\u00e7\u00e3o de esporte, sa\u00fade e h\u00e1bitos saud\u00e1veis que agita o estado e envolve milhares de pessoas&#8221;, exalta a gerente de Esporte e Lazer do Sesc\/RS, Melissa Stoffel.<\/p>\n<\/blockquote>\n<h4 dir=\"ltr\">Mais atividades<\/h4>\n<p dir=\"ltr\">Al\u00e9m da corrida, a edi\u00e7\u00e3o 2025 do\u00a0Esta\u00e7\u00e3o Ver\u00e3o Sesc\u00a0tamb\u00e9m agita o litoral ga\u00facho. Casas de praia em\u00a0Tramanda\u00ed, Torres, Pinhal e Quint\u00e3o, no Litoral Norte, e no Cassino (Rio Grande), Barrinha (S\u00e3o Louren\u00e7o do Sul) e Laranjal (Pelotas), no Litoral Sul,\u00a0realizam, sistematicamente, aul\u00f5es de dan\u00e7a e gin\u00e1stica, atividades esportivas, empr\u00e9stimos de materiais de praia e banhos acess\u00edveis para pessoas com mobilidade reduzida, entre outras a\u00e7\u00f5es.<\/p>\n<p dir=\"ltr\">Destaca-se, em Torres, os desafios de futmesa na Praia Grande. Em Tramanda\u00ed, as aulas de surf gratuitas para\u00a0crian\u00e7as dos 7 aos 12 anos\u00a0de idade, e o circuito educativo da Pol\u00edcia Civil. J\u00e1 em Quint\u00e3o, ser\u00e1 o primeiro final de semana de atividades para todas as idades, incluindo uma oficina esportiva.<\/p>\n<p dir=\"ltr\">No Litoral Sul, entre os destaques est\u00e1 uma oficina de jiu-jitsu na Barrinha, uma &#8220;c\u00e3ominhada&#8221; para a comunidade participar com os seus pets no Cassino, e uma aula de yoga no Laranjal. Totalmente gratuita, com o patroc\u00ednio das Farm\u00e1cias S\u00e3o Jo\u00e3o e o apoio das prefeituras municipais, a programa\u00e7\u00e3o dos pr\u00f3ximos dias pode ser conferida abaixo e no site\u00a0<a href=\"http:\/\/www.sesc-rs.com.br\/estacaoverao\" target=\"_blank\" rel=\"noopener\" data-saferedirecturl=\"https:\/\/www.google.com\/url?q=http:\/\/www.sesc-rs.com.br\/estacaoverao&amp;source=gmail&amp;ust=1736439104885000&amp;usg=AOvVaw3RJwPQHhO2acBGGpCeD52W\">www.sesc-rs.com.br\/<wbr \/>estacaoverao<\/a>.<\/p>\n","protected":false},"excerpt":{"rendered":"<p>No domingo, 12, a praia de Atl\u00e2ntida Sul, no Litoral Norte, sediar\u00e1 o in\u00edcio do Circuito Sesc de Corridas 2025. Um dos principais projetos de incentivo \u00e0s corridas de rua do Sul do Pa\u00eds ter\u00e1, na nova edi\u00e7\u00e3o, etapas em 17 munic\u00edpios ga\u00fachos, al\u00e9m da grande final, marcada para dezembro, na cidade de Passo Fundo. [&hellip;]<\/p>\n","protected":false},"author":2,"featured_media":33419,"comment_status":"open","ping_status":"open","sticky":false,"template":"","format":"standard","meta":{"amp_status":"","footnotes":""},"categories":[24],"tags":[3471,3846,949,234,3848,2031,1748,3847,1683],"class_list":["post-33418","post","type-post","status-publish","format-standard","has-post-thumbnail","hentry","category-esporte","tag-3471","tag-circuito-verao-sesc","tag-corrida","tag-esporte","tag-estacao-verao-sesc","tag-litoral-gaucho","tag-litoral-norte","tag-praia","tag-verao"],"yoast_head":"<!-- This site is optimized with the Yoast SEO plugin v20.5 - https:\/\/yoast.com\/wordpress\/plugins\/seo\/ -->\n<title>Circuito de Corridas e atividades do Esta\u00e7\u00e3o Ver\u00e3o Sesc agitam o litoral ga\u00facho neste final de semana - O Timoneiro Jornal Canoas RS<\/title>\n<meta name=\"description\" content=\"Atl\u00e2ntida Sul sediar\u00e1 o in\u00edcio do Circuito Sesc de Corridas 2025. Um dos principais projetos de incentivo \u00e0s corridas de rua do pa\u00eds\" \/>\n<meta name=\"robots\" content=\"index, follow, max-snippet:-1, max-image-preview:large, max-video-preview:-1\" \/>\n<link rel=\"canonical\" href=\"https:\/\/jornaltimoneiro.com.br\/index.php\/2025\/01\/08\/circuito-de-corridas-e-atividades-do-estacao-verao-sesc-agitam-o-litoral-gaucho-neste-final-de-semana\/\" \/>\n<meta property=\"og:locale\" content=\"pt_BR\" \/>\n<meta property=\"og:type\" content=\"article\" \/>\n<meta property=\"og:title\" content=\"Circuito de Corridas e atividades do Esta\u00e7\u00e3o Ver\u00e3o Sesc agitam o litoral ga\u00facho neste final de semana - O Timoneiro Jornal Canoas RS\" \/>\n<meta property=\"og:description\" content=\"Atl\u00e2ntida Sul sediar\u00e1 o in\u00edcio do Circuito Sesc de Corridas 2025. Um dos principais projetos de incentivo \u00e0s corridas de rua do pa\u00eds\" \/>\n<meta property=\"og:url\" content=\"https:\/\/jornaltimoneiro.com.br\/index.php\/2025\/01\/08\/circuito-de-corridas-e-atividades-do-estacao-verao-sesc-agitam-o-litoral-gaucho-neste-final-de-semana\/\" \/>\n<meta property=\"og:site_name\" content=\"O Timoneiro Jornal Canoas RS\" \/>\n<meta property=\"article:publisher\" content=\"https:\/\/www.facebook.com\/jornaltimoneiro\" \/>\n<meta property=\"article:published_time\" content=\"2025-01-08T16:17:00+00:00\" \/>\n<meta property=\"og:image\" content=\"https:\/\/jornaltimoneiro.com.br\/wp-content\/uploads\/2025\/01\/Circuito-de-Corridas-e-atividades-do-Estacao-Verao-Sesc-agitam-o-litoral-gaucho-neste-final-de-semana.jpg\" \/>\n\t<meta property=\"og:image:width\" content=\"1080\" \/>\n\t<meta property=\"og:image:height\" content=\"607\" \/>\n\t<meta property=\"og:image:type\" content=\"image\/jpeg\" \/>\n<meta name=\"author\" content=\"Reda\u00e7\u00e3o\" \/>\n<meta name=\"twitter:card\" content=\"summary_large_image\" \/>\n<meta name=\"twitter:creator\" content=\"@_OTimoneiro\" \/>\n<meta name=\"twitter:site\" content=\"@_OTimoneiro\" \/>\n<meta name=\"twitter:label1\" content=\"Escrito por\" \/>\n\t<meta name=\"twitter:data1\" content=\"Reda\u00e7\u00e3o\" \/>\n\t<meta name=\"twitter:label2\" content=\"Est. tempo de leitura\" \/>\n\t<meta name=\"twitter:data2\" content=\"3 minutos\" \/>\n<script type=\"application\/ld+json\" class=\"yoast-schema-graph\">{\"@context\":\"https:\/\/schema.org\",\"@graph\":[{\"@type\":\"Article\",\"@id\":\"https:\/\/jornaltimoneiro.com.br\/index.php\/2025\/01\/08\/circuito-de-corridas-e-atividades-do-estacao-verao-sesc-agitam-o-litoral-gaucho-neste-final-de-semana\/#article\",\"isPartOf\":{\"@id\":\"https:\/\/jornaltimoneiro.com.br\/index.php\/2025\/01\/08\/circuito-de-corridas-e-atividades-do-estacao-verao-sesc-agitam-o-litoral-gaucho-neste-final-de-semana\/\"},\"author\":{\"name\":\"Reda\u00e7\u00e3o\",\"@id\":\"https:\/\/jornaltimoneiro.com.br\/#\/schema\/person\/f63482f1a02b1a9592707865e509ab40\"},\"headline\":\"Circuito de Corridas e atividades do Esta\u00e7\u00e3o Ver\u00e3o Sesc agitam o litoral ga\u00facho neste final de semana\",\"datePublished\":\"2025-01-08T16:17:00+00:00\",\"dateModified\":\"2025-01-08T16:17:00+00:00\",\"mainEntityOfPage\":{\"@id\":\"https:\/\/jornaltimoneiro.com.br\/index.php\/2025\/01\/08\/circuito-de-corridas-e-atividades-do-estacao-verao-sesc-agitam-o-litoral-gaucho-neste-final-de-semana\/\"},\"wordCount\":476,\"commentCount\":0,\"publisher\":{\"@id\":\"https:\/\/jornaltimoneiro.com.br\/#organization\"},\"keywords\":[\"2025\",\"circuito ver\u00e3o sesc\",\"corrida\",\"esporte\",\"esta\u00e7\u00e3o ver\u00e3o sesc\",\"litoral ga\u00facho\",\"litoral norte\",\"praia\",\"ver\u00e3o\"],\"articleSection\":[\"Esporte\"],\"inLanguage\":\"pt-BR\",\"potentialAction\":[{\"@type\":\"CommentAction\",\"name\":\"Comment\",\"target\":[\"https:\/\/jornaltimoneiro.com.br\/index.php\/2025\/01\/08\/circuito-de-corridas-e-atividades-do-estacao-verao-sesc-agitam-o-litoral-gaucho-neste-final-de-semana\/#respond\"]}]},{\"@type\":\"WebPage\",\"@id\":\"https:\/\/jornaltimoneiro.com.br\/index.php\/2025\/01\/08\/circuito-de-corridas-e-atividades-do-estacao-verao-sesc-agitam-o-litoral-gaucho-neste-final-de-semana\/\",\"url\":\"https:\/\/jornaltimoneiro.com.br\/index.php\/2025\/01\/08\/circuito-de-corridas-e-atividades-do-estacao-verao-sesc-agitam-o-litoral-gaucho-neste-final-de-semana\/\",\"name\":\"Circuito de Corridas e atividades do Esta\u00e7\u00e3o Ver\u00e3o Sesc agitam o litoral ga\u00facho neste final de semana - O Timoneiro Jornal Canoas RS\",\"isPartOf\":{\"@id\":\"https:\/\/jornaltimoneiro.com.br\/#website\"},\"datePublished\":\"2025-01-08T16:17:00+00:00\",\"dateModified\":\"2025-01-08T16:17:00+00:00\",\"description\":\"Atl\u00e2ntida Sul sediar\u00e1 o in\u00edcio do Circuito Sesc de Corridas 2025. Um dos principais projetos de incentivo \u00e0s corridas de rua do pa\u00eds\",\"breadcrumb\":{\"@id\":\"https:\/\/jornaltimoneiro.com.br\/index.php\/2025\/01\/08\/circuito-de-corridas-e-atividades-do-estacao-verao-sesc-agitam-o-litoral-gaucho-neste-final-de-semana\/#breadcrumb\"},\"inLanguage\":\"pt-BR\",\"potentialAction\":[{\"@type\":\"ReadAction\",\"target\":[\"https:\/\/jornaltimoneiro.com.br\/index.php\/2025\/01\/08\/circuito-de-corridas-e-atividades-do-estacao-verao-sesc-agitam-o-litoral-gaucho-neste-final-de-semana\/\"]}]},{\"@type\":\"BreadcrumbList\",\"@id\":\"https:\/\/jornaltimoneiro.com.br\/index.php\/2025\/01\/08\/circuito-de-corridas-e-atividades-do-estacao-verao-sesc-agitam-o-litoral-gaucho-neste-final-de-semana\/#breadcrumb\",\"itemListElement\":[{\"@type\":\"ListItem\",\"position\":1,\"name\":\"In\u00edcio\",\"item\":\"https:\/\/jornaltimoneiro.com.br\/\"},{\"@type\":\"ListItem\",\"position\":2,\"name\":\"Circuito de Corridas e atividades do Esta\u00e7\u00e3o Ver\u00e3o Sesc agitam o litoral ga\u00facho neste final de semana\"}]},{\"@type\":\"WebSite\",\"@id\":\"https:\/\/jornaltimoneiro.com.br\/#website\",\"url\":\"https:\/\/jornaltimoneiro.com.br\/\",\"name\":\"Jornal Timoneiro Canoas RS\",\"description\":\"Jornal O Timoneiro, o verdadeiro jornal de Canoas\",\"publisher\":{\"@id\":\"https:\/\/jornaltimoneiro.com.br\/#organization\"},\"potentialAction\":[{\"@type\":\"SearchAction\",\"target\":{\"@type\":\"EntryPoint\",\"urlTemplate\":\"https:\/\/jornaltimoneiro.com.br\/?s={search_term_string}\"},\"query-input\":\"required name=search_term_string\"}],\"inLanguage\":\"pt-BR\"},{\"@type\":\"Organization\",\"@id\":\"https:\/\/jornaltimoneiro.com.br\/#organization\",\"name\":\"Jornal Timoneiro Canoas RS\",\"url\":\"https:\/\/jornaltimoneiro.com.br\/\",\"logo\":{\"@type\":\"ImageObject\",\"inLanguage\":\"pt-BR\",\"@id\":\"https:\/\/jornaltimoneiro.com.br\/#\/schema\/logo\/image\/\",\"url\":\"https:\/\/jornaltimoneiro.com.br\/wp-content\/uploads\/2023\/03\/logonovo.png\",\"contentUrl\":\"https:\/\/jornaltimoneiro.com.br\/wp-content\/uploads\/2023\/03\/logonovo.png\",\"width\":\"469\",\"height\":\"171\",\"caption\":\"Jornal Timoneiro Canoas RS\"},\"image\":{\"@id\":\"https:\/\/jornaltimoneiro.com.br\/#\/schema\/logo\/image\/\"},\"sameAs\":[\"https:\/\/www.facebook.com\/jornaltimoneiro\",\"https:\/\/twitter.com\/_OTimoneiro\",\"https:\/\/www.instagram.com\/jornaltimoneirocanoas\/\",\"https:\/\/www.youtube.com\/@jornalotimoneiro7927\"]},{\"@type\":\"Person\",\"@id\":\"https:\/\/jornaltimoneiro.com.br\/#\/schema\/person\/f63482f1a02b1a9592707865e509ab40\",\"name\":\"Reda\u00e7\u00e3o\",\"image\":{\"@type\":\"ImageObject\",\"inLanguage\":\"pt-BR\",\"@id\":\"https:\/\/jornaltimoneiro.com.br\/#\/schema\/person\/image\/\",\"url\":\"https:\/\/jornaltimoneiro.com.br\/wp-content\/uploads\/2023\/03\/download.jpeg\",\"contentUrl\":\"https:\/\/jornaltimoneiro.com.br\/wp-content\/uploads\/2023\/03\/download.jpeg\",\"caption\":\"Reda\u00e7\u00e3o\"},\"url\":\"https:\/\/jornaltimoneiro.com.br\/index.php\/author\/simone-dutra\/\"}]}<\/script>\n<!-- \/ Yoast SEO plugin. -->","yoast_head_json":{"title":"Circuito de Corridas e atividades do Esta\u00e7\u00e3o Ver\u00e3o Sesc agitam o litoral ga\u00facho neste final de semana - O Timoneiro Jornal Canoas RS","description":"Atl\u00e2ntida Sul sediar\u00e1 o in\u00edcio do Circuito Sesc de Corridas 2025. Um dos principais projetos de incentivo \u00e0s corridas de rua do pa\u00eds","robots":{"index":"index","follow":"follow","max-snippet":"max-snippet:-1","max-image-preview":"max-image-preview:large","max-video-preview":"max-video-preview:-1"},"canonical":"https:\/\/jornaltimoneiro.com.br\/index.php\/2025\/01\/08\/circuito-de-corridas-e-atividades-do-estacao-verao-sesc-agitam-o-litoral-gaucho-neste-final-de-semana\/","og_locale":"pt_BR","og_type":"article","og_title":"Circuito de Corridas e atividades do Esta\u00e7\u00e3o Ver\u00e3o Sesc agitam o litoral ga\u00facho neste final de semana - O Timoneiro Jornal Canoas RS","og_description":"Atl\u00e2ntida Sul sediar\u00e1 o in\u00edcio do Circuito Sesc de Corridas 2025. Um dos principais projetos de incentivo \u00e0s corridas de rua do pa\u00eds","og_url":"https:\/\/jornaltimoneiro.com.br\/index.php\/2025\/01\/08\/circuito-de-corridas-e-atividades-do-estacao-verao-sesc-agitam-o-litoral-gaucho-neste-final-de-semana\/","og_site_name":"O Timoneiro Jornal Canoas RS","article_publisher":"https:\/\/www.facebook.com\/jornaltimoneiro","article_published_time":"2025-01-08T16:17:00+00:00","og_image":[{"width":1080,"height":607,"url":"https:\/\/jornaltimoneiro.com.br\/wp-content\/uploads\/2025\/01\/Circuito-de-Corridas-e-atividades-do-Estacao-Verao-Sesc-agitam-o-litoral-gaucho-neste-final-de-semana.jpg","type":"image\/jpeg"}],"author":"Reda\u00e7\u00e3o","twitter_card":"summary_large_image","twitter_creator":"@_OTimoneiro","twitter_site":"@_OTimoneiro","twitter_misc":{"Escrito por":"Reda\u00e7\u00e3o","Est. tempo de leitura":"3 minutos"},"schema":{"@context":"https:\/\/schema.org","@graph":[{"@type":"Article","@id":"https:\/\/jornaltimoneiro.com.br\/index.php\/2025\/01\/08\/circuito-de-corridas-e-atividades-do-estacao-verao-sesc-agitam-o-litoral-gaucho-neste-final-de-semana\/#article","isPartOf":{"@id":"https:\/\/jornaltimoneiro.com.br\/index.php\/2025\/01\/08\/circuito-de-corridas-e-atividades-do-estacao-verao-sesc-agitam-o-litoral-gaucho-neste-final-de-semana\/"},"author":{"name":"Reda\u00e7\u00e3o","@id":"https:\/\/jornaltimoneiro.com.br\/#\/schema\/person\/f63482f1a02b1a9592707865e509ab40"},"headline":"Circuito de Corridas e atividades do Esta\u00e7\u00e3o Ver\u00e3o Sesc agitam o litoral ga\u00facho neste final de semana","datePublished":"2025-01-08T16:17:00+00:00","dateModified":"2025-01-08T16:17:00+00:00","mainEntityOfPage":{"@id":"https:\/\/jornaltimoneiro.com.br\/index.php\/2025\/01\/08\/circuito-de-corridas-e-atividades-do-estacao-verao-sesc-agitam-o-litoral-gaucho-neste-final-de-semana\/"},"wordCount":476,"commentCount":0,"publisher":{"@id":"https:\/\/jornaltimoneiro.com.br\/#organization"},"keywords":["2025","circuito ver\u00e3o sesc","corrida","esporte","esta\u00e7\u00e3o ver\u00e3o sesc","litoral ga\u00facho","litoral norte","praia","ver\u00e3o"],"articleSection":["Esporte"],"inLanguage":"pt-BR","potentialAction":[{"@type":"CommentAction","name":"Comment","target":["https:\/\/jornaltimoneiro.com.br\/index.php\/2025\/01\/08\/circuito-de-corridas-e-atividades-do-estacao-verao-sesc-agitam-o-litoral-gaucho-neste-final-de-semana\/#respond"]}]},{"@type":"WebPage","@id":"https:\/\/jornaltimoneiro.com.br\/index.php\/2025\/01\/08\/circuito-de-corridas-e-atividades-do-estacao-verao-sesc-agitam-o-litoral-gaucho-neste-final-de-semana\/","url":"https:\/\/jornaltimoneiro.com.br\/index.php\/2025\/01\/08\/circuito-de-corridas-e-atividades-do-estacao-verao-sesc-agitam-o-litoral-gaucho-neste-final-de-semana\/","name":"Circuito de Corridas e atividades do Esta\u00e7\u00e3o Ver\u00e3o Sesc agitam o litoral ga\u00facho neste final de semana - O Timoneiro Jornal Canoas RS","isPartOf":{"@id":"https:\/\/jornaltimoneiro.com.br\/#website"},"datePublished":"2025-01-08T16:17:00+00:00","dateModified":"2025-01-08T16:17:00+00:00","description":"Atl\u00e2ntida Sul sediar\u00e1 o in\u00edcio do Circuito Sesc de Corridas 2025. Um dos principais projetos de incentivo \u00e0s corridas de rua do pa\u00eds","breadcrumb":{"@id":"https:\/\/jornaltimoneiro.com.br\/index.php\/2025\/01\/08\/circuito-de-corridas-e-atividades-do-estacao-verao-sesc-agitam-o-litoral-gaucho-neste-final-de-semana\/#breadcrumb"},"inLanguage":"pt-BR","potentialAction":[{"@type":"ReadAction","target":["https:\/\/jornaltimoneiro.com.br\/index.php\/2025\/01\/08\/circuito-de-corridas-e-atividades-do-estacao-verao-sesc-agitam-o-litoral-gaucho-neste-final-de-semana\/"]}]},{"@type":"BreadcrumbList","@id":"https:\/\/jornaltimoneiro.com.br\/index.php\/2025\/01\/08\/circuito-de-corridas-e-atividades-do-estacao-verao-sesc-agitam-o-litoral-gaucho-neste-final-de-semana\/#breadcrumb","itemListElement":[{"@type":"ListItem","position":1,"name":"In\u00edcio","item":"https:\/\/jornaltimoneiro.com.br\/"},{"@type":"ListItem","position":2,"name":"Circuito de Corridas e atividades do Esta\u00e7\u00e3o Ver\u00e3o Sesc agitam o litoral ga\u00facho neste final de semana"}]},{"@type":"WebSite","@id":"https:\/\/jornaltimoneiro.com.br\/#website","url":"https:\/\/jornaltimoneiro.com.br\/","name":"Jornal Timoneiro Canoas RS","description":"Jornal O Timoneiro, o verdadeiro jornal de Canoas","publisher":{"@id":"https:\/\/jornaltimoneiro.com.br\/#organization"},"potentialAction":[{"@type":"SearchAction","target":{"@type":"EntryPoint","urlTemplate":"https:\/\/jornaltimoneiro.com.br\/?s={search_term_string}"},"query-input":"required name=search_term_string"}],"inLanguage":"pt-BR"},{"@type":"Organization","@id":"https:\/\/jornaltimoneiro.com.br\/#organization","name":"Jornal Timoneiro Canoas RS","url":"https:\/\/jornaltimoneiro.com.br\/","logo":{"@type":"ImageObject","inLanguage":"pt-BR","@id":"https:\/\/jornaltimoneiro.com.br\/#\/schema\/logo\/image\/","url":"https:\/\/jornaltimoneiro.com.br\/wp-content\/uploads\/2023\/03\/logonovo.png","contentUrl":"https:\/\/jornaltimoneiro.com.br\/wp-content\/uploads\/2023\/03\/logonovo.png","width":"469","height":"171","caption":"Jornal Timoneiro Canoas RS"},"image":{"@id":"https:\/\/jornaltimoneiro.com.br\/#\/schema\/logo\/image\/"},"sameAs":["https:\/\/www.facebook.com\/jornaltimoneiro","https:\/\/twitter.com\/_OTimoneiro","https:\/\/www.instagram.com\/jornaltimoneirocanoas\/","https:\/\/www.youtube.com\/@jornalotimoneiro7927"]},{"@type":"Person","@id":"https:\/\/jornaltimoneiro.com.br\/#\/schema\/person\/f63482f1a02b1a9592707865e509ab40","name":"Reda\u00e7\u00e3o","image":{"@type":"ImageObject","inLanguage":"pt-BR","@id":"https:\/\/jornaltimoneiro.com.br\/#\/schema\/person\/image\/","url":"https:\/\/jornaltimoneiro.com.br\/wp-content\/uploads\/2023\/03\/download.jpeg","contentUrl":"https:\/\/jornaltimoneiro.com.br\/wp-content\/uploads\/2023\/03\/download.jpeg","caption":"Reda\u00e7\u00e3o"},"url":"https:\/\/jornaltimoneiro.com.br\/index.php\/author\/simone-dutra\/"}]}},"_links":{"self":[{"href":"https:\/\/jornaltimoneiro.com.br\/index.php\/wp-json\/wp\/v2\/posts\/33418"}],"collection":[{"href":"https:\/\/jornaltimoneiro.com.br\/index.php\/wp-json\/wp\/v2\/posts"}],"about":[{"href":"https:\/\/jornaltimoneiro.com.br\/index.php\/wp-json\/wp\/v2\/types\/post"}],"author":[{"embeddable":true,"href":"https:\/\/jornaltimoneiro.com.br\/index.php\/wp-json\/wp\/v2\/users\/2"}],"replies":[{"embeddable":true,"href":"https:\/\/jornaltimoneiro.com.br\/index.php\/wp-json\/wp\/v2\/comments?post=33418"}],"version-history":[{"count":1,"href":"https:\/\/jornaltimoneiro.com.br\/index.php\/wp-json\/wp\/v2\/posts\/33418\/revisions"}],"predecessor-version":[{"id":33420,"href":"https:\/\/jornaltimoneiro.com.br\/index.php\/wp-json\/wp\/v2\/posts\/33418\/revisions\/33420"}],"wp:featuredmedia":[{"embeddable":true,"href":"https:\/\/jornaltimoneiro.com.br\/index.php\/wp-json\/wp\/v2\/media\/33419"}],"wp:attachment":[{"href":"https:\/\/jornaltimoneiro.com.br\/index.php\/wp-json\/wp\/v2\/media?parent=33418"}],"wp:term":[{"taxonomy":"category","embeddable":true,"href":"https:\/\/jornaltimoneiro.com.br\/index.php\/wp-json\/wp\/v2\/categories?post=33418"},{"taxonomy":"post_tag","embeddable":true,"href":"https:\/\/jornaltimoneiro.com.br\/index.php\/wp-json\/wp\/v2\/tags?post=33418"}],"curies":[{"name":"wp","href":"https:\/\/api.w.org\/{rel}","templated":true}]}}