{"id":33254,"date":"2024-12-18T17:07:29","date_gmt":"2024-12-18T20:07:29","guid":{"rendered":"https:\/\/jornaltimoneiro.com.br\/?p=33254"},"modified":"2024-12-18T17:07:29","modified_gmt":"2024-12-18T20:07:29","slug":"prefeito-vice-prefeito-e-os-21-vereadores-eleitos-em-canoas-sao-diplomados","status":"publish","type":"post","link":"https:\/\/jornaltimoneiro.com.br\/index.php\/2024\/12\/18\/prefeito-vice-prefeito-e-os-21-vereadores-eleitos-em-canoas-sao-diplomados\/","title":{"rendered":"Prefeito, vice-prefeito e os 21 vereadores eleitos em Canoas s\u00e3o diplomados"},"content":{"rendered":"<p>Na tarde desta quarta-feira, no Audit\u00f3rio Bord\u00f4 do Centro Educacional La Salle, os 21 vereadores e vice-prefeito \u2013 Rodrigo Busato (Uni\u00e3o) &#8211; eleitos no pleito municipal de 2024 foram diplomados em Canoas, pela Justi\u00e7a Eleitoral, representado por Guilherme Schulz Carvalho, da 66\u00aa Zona Eleitoral.<\/p>\n<h4><strong>Prefeito recebe diploma no hospital<\/strong><\/h4>\n<p>Airton Souza (PL), prefeito eleito, n\u00e3o compareceu \u00e0 cerim\u00f4nia, pois se encontra internado no Hospital Nossa Senhora das Gra\u00e7as, onde se recupera de um procedimento cir\u00fargico. De acordo com sua assessoria, ele deve ter alta neste final de semana.<\/p>\n<p>Os diplomados devem assumir a Administra\u00e7\u00e3o Municipal e A C\u00e2mara de Vereadores de Canoas no dia 1\u00ba de janeiro de 2025.<\/p>\n","protected":false},"excerpt":{"rendered":"<p>Na tarde desta quarta-feira, no Audit\u00f3rio Bord\u00f4 do Centro Educacional La Salle, os 21 vereadores e vice-prefeito \u2013 Rodrigo Busato (Uni\u00e3o) &#8211; eleitos no pleito municipal de 2024 foram diplomados em Canoas, pela Justi\u00e7a Eleitoral, representado por Guilherme Schulz Carvalho, da 66\u00aa Zona Eleitoral. Prefeito recebe diploma no hospital Airton Souza (PL), prefeito eleito, n\u00e3o [&hellip;]<\/p>\n","protected":false},"author":2,"featured_media":33256,"comment_status":"open","ping_status":"open","sticky":false,"template":"","format":"standard","meta":{"amp_status":"","footnotes":""},"categories":[3142],"tags":[2230,31,3813,708,2130,190,465,1383,3679,1122],"class_list":["post-33254","post","type-post","status-publish","format-standard","has-post-thumbnail","hentry","category-eleicoes-2024","tag-airton-souza","tag-canoas","tag-diplomacao","tag-eleicoes-2024","tag-eleicoes-municipais","tag-featured","tag-hospital-nossa-senhora-das-gracas","tag-pl","tag-rodrigo-busato","tag-uniao-brasil"],"yoast_head":"<!-- This site is optimized with the Yoast SEO plugin v20.5 - https:\/\/yoast.com\/wordpress\/plugins\/seo\/ -->\n<title>Prefeito, vice-prefeito e os 21 vereadores eleitos em Canoas s\u00e3o diplomados - O Timoneiro Jornal Canoas RS<\/title>\n<meta name=\"description\" content=\"21 vereadores e vice-prefeito \u2013 Rodrigo Busato (Uni\u00e3o) - eleitos no pleito municipal de 2024 foram diplomados em Canoas\" \/>\n<meta name=\"robots\" content=\"index, follow, max-snippet:-1, max-image-preview:large, max-video-preview:-1\" \/>\n<link rel=\"canonical\" href=\"https:\/\/jornaltimoneiro.com.br\/index.php\/2024\/12\/18\/prefeito-vice-prefeito-e-os-21-vereadores-eleitos-em-canoas-sao-diplomados\/\" \/>\n<meta property=\"og:locale\" content=\"pt_BR\" \/>\n<meta property=\"og:type\" content=\"article\" \/>\n<meta property=\"og:title\" content=\"Prefeito, vice-prefeito e os 21 vereadores eleitos em Canoas s\u00e3o diplomados - O Timoneiro Jornal Canoas RS\" \/>\n<meta property=\"og:description\" content=\"21 vereadores e vice-prefeito \u2013 Rodrigo Busato (Uni\u00e3o) - eleitos no pleito municipal de 2024 foram diplomados em Canoas\" \/>\n<meta property=\"og:url\" content=\"https:\/\/jornaltimoneiro.com.br\/index.php\/2024\/12\/18\/prefeito-vice-prefeito-e-os-21-vereadores-eleitos-em-canoas-sao-diplomados\/\" \/>\n<meta property=\"og:site_name\" content=\"O Timoneiro Jornal Canoas RS\" \/>\n<meta property=\"article:publisher\" content=\"https:\/\/www.facebook.com\/jornaltimoneiro\" \/>\n<meta property=\"article:published_time\" content=\"2024-12-18T20:07:29+00:00\" \/>\n<meta property=\"og:image\" content=\"https:\/\/jornaltimoneiro.com.br\/wp-content\/uploads\/2024\/12\/Prefeito-vice-prefeito-e-os-21-vereadores-eleitos-em-Canoas-sao-diplomados.jpeg\" \/>\n\t<meta property=\"og:image:width\" content=\"1080\" \/>\n\t<meta property=\"og:image:height\" content=\"701\" \/>\n\t<meta property=\"og:image:type\" content=\"image\/jpeg\" \/>\n<meta name=\"author\" content=\"Reda\u00e7\u00e3o\" \/>\n<meta name=\"twitter:card\" content=\"summary_large_image\" \/>\n<meta name=\"twitter:creator\" content=\"@_OTimoneiro\" \/>\n<meta name=\"twitter:site\" content=\"@_OTimoneiro\" \/>\n<meta name=\"twitter:label1\" content=\"Escrito por\" \/>\n\t<meta name=\"twitter:data1\" content=\"Reda\u00e7\u00e3o\" \/>\n\t<meta name=\"twitter:label2\" content=\"Est. tempo de leitura\" \/>\n\t<meta name=\"twitter:data2\" content=\"1 minuto\" \/>\n<script type=\"application\/ld+json\" class=\"yoast-schema-graph\">{\"@context\":\"https:\/\/schema.org\",\"@graph\":[{\"@type\":\"Article\",\"@id\":\"https:\/\/jornaltimoneiro.com.br\/index.php\/2024\/12\/18\/prefeito-vice-prefeito-e-os-21-vereadores-eleitos-em-canoas-sao-diplomados\/#article\",\"isPartOf\":{\"@id\":\"https:\/\/jornaltimoneiro.com.br\/index.php\/2024\/12\/18\/prefeito-vice-prefeito-e-os-21-vereadores-eleitos-em-canoas-sao-diplomados\/\"},\"author\":{\"name\":\"Reda\u00e7\u00e3o\",\"@id\":\"https:\/\/jornaltimoneiro.com.br\/#\/schema\/person\/f63482f1a02b1a9592707865e509ab40\"},\"headline\":\"Prefeito, vice-prefeito e os 21 vereadores eleitos em Canoas s\u00e3o diplomados\",\"datePublished\":\"2024-12-18T20:07:29+00:00\",\"dateModified\":\"2024-12-18T20:07:29+00:00\",\"mainEntityOfPage\":{\"@id\":\"https:\/\/jornaltimoneiro.com.br\/index.php\/2024\/12\/18\/prefeito-vice-prefeito-e-os-21-vereadores-eleitos-em-canoas-sao-diplomados\/\"},\"wordCount\":122,\"commentCount\":0,\"publisher\":{\"@id\":\"https:\/\/jornaltimoneiro.com.br\/#organization\"},\"keywords\":[\"airton souza\",\"canoas\",\"diploma\u00e7\u00e3o\",\"elei\u00e7\u00f5es 2024\",\"elei\u00e7\u00f5es municipais\",\"featured\",\"hospital nossa senhora das gra\u00e7as\",\"PL\",\"rodrigo busato\",\"uni\u00e3o brasil\"],\"articleSection\":[\"Elei\u00e7\u00f5es 2024\"],\"inLanguage\":\"pt-BR\",\"potentialAction\":[{\"@type\":\"CommentAction\",\"name\":\"Comment\",\"target\":[\"https:\/\/jornaltimoneiro.com.br\/index.php\/2024\/12\/18\/prefeito-vice-prefeito-e-os-21-vereadores-eleitos-em-canoas-sao-diplomados\/#respond\"]}]},{\"@type\":\"WebPage\",\"@id\":\"https:\/\/jornaltimoneiro.com.br\/index.php\/2024\/12\/18\/prefeito-vice-prefeito-e-os-21-vereadores-eleitos-em-canoas-sao-diplomados\/\",\"url\":\"https:\/\/jornaltimoneiro.com.br\/index.php\/2024\/12\/18\/prefeito-vice-prefeito-e-os-21-vereadores-eleitos-em-canoas-sao-diplomados\/\",\"name\":\"Prefeito, vice-prefeito e os 21 vereadores eleitos em Canoas s\u00e3o diplomados - O Timoneiro Jornal Canoas RS\",\"isPartOf\":{\"@id\":\"https:\/\/jornaltimoneiro.com.br\/#website\"},\"datePublished\":\"2024-12-18T20:07:29+00:00\",\"dateModified\":\"2024-12-18T20:07:29+00:00\",\"description\":\"21 vereadores e vice-prefeito \u2013 Rodrigo Busato (Uni\u00e3o) - eleitos no pleito municipal de 2024 foram diplomados em Canoas\",\"breadcrumb\":{\"@id\":\"https:\/\/jornaltimoneiro.com.br\/index.php\/2024\/12\/18\/prefeito-vice-prefeito-e-os-21-vereadores-eleitos-em-canoas-sao-diplomados\/#breadcrumb\"},\"inLanguage\":\"pt-BR\",\"potentialAction\":[{\"@type\":\"ReadAction\",\"target\":[\"https:\/\/jornaltimoneiro.com.br\/index.php\/2024\/12\/18\/prefeito-vice-prefeito-e-os-21-vereadores-eleitos-em-canoas-sao-diplomados\/\"]}]},{\"@type\":\"BreadcrumbList\",\"@id\":\"https:\/\/jornaltimoneiro.com.br\/index.php\/2024\/12\/18\/prefeito-vice-prefeito-e-os-21-vereadores-eleitos-em-canoas-sao-diplomados\/#breadcrumb\",\"itemListElement\":[{\"@type\":\"ListItem\",\"position\":1,\"name\":\"In\u00edcio\",\"item\":\"https:\/\/jornaltimoneiro.com.br\/\"},{\"@type\":\"ListItem\",\"position\":2,\"name\":\"Prefeito, vice-prefeito e os 21 vereadores eleitos em Canoas s\u00e3o diplomados\"}]},{\"@type\":\"WebSite\",\"@id\":\"https:\/\/jornaltimoneiro.com.br\/#website\",\"url\":\"https:\/\/jornaltimoneiro.com.br\/\",\"name\":\"Jornal Timoneiro Canoas RS\",\"description\":\"Jornal O Timoneiro, o verdadeiro jornal de Canoas\",\"publisher\":{\"@id\":\"https:\/\/jornaltimoneiro.com.br\/#organization\"},\"potentialAction\":[{\"@type\":\"SearchAction\",\"target\":{\"@type\":\"EntryPoint\",\"urlTemplate\":\"https:\/\/jornaltimoneiro.com.br\/?s={search_term_string}\"},\"query-input\":\"required name=search_term_string\"}],\"inLanguage\":\"pt-BR\"},{\"@type\":\"Organization\",\"@id\":\"https:\/\/jornaltimoneiro.com.br\/#organization\",\"name\":\"Jornal Timoneiro Canoas RS\",\"url\":\"https:\/\/jornaltimoneiro.com.br\/\",\"logo\":{\"@type\":\"ImageObject\",\"inLanguage\":\"pt-BR\",\"@id\":\"https:\/\/jornaltimoneiro.com.br\/#\/schema\/logo\/image\/\",\"url\":\"https:\/\/jornaltimoneiro.com.br\/wp-content\/uploads\/2023\/03\/logonovo.png\",\"contentUrl\":\"https:\/\/jornaltimoneiro.com.br\/wp-content\/uploads\/2023\/03\/logonovo.png\",\"width\":\"469\",\"height\":\"171\",\"caption\":\"Jornal Timoneiro Canoas RS\"},\"image\":{\"@id\":\"https:\/\/jornaltimoneiro.com.br\/#\/schema\/logo\/image\/\"},\"sameAs\":[\"https:\/\/www.facebook.com\/jornaltimoneiro\",\"https:\/\/twitter.com\/_OTimoneiro\",\"https:\/\/www.instagram.com\/jornaltimoneirocanoas\/\",\"https:\/\/www.youtube.com\/@jornalotimoneiro7927\"]},{\"@type\":\"Person\",\"@id\":\"https:\/\/jornaltimoneiro.com.br\/#\/schema\/person\/f63482f1a02b1a9592707865e509ab40\",\"name\":\"Reda\u00e7\u00e3o\",\"image\":{\"@type\":\"ImageObject\",\"inLanguage\":\"pt-BR\",\"@id\":\"https:\/\/jornaltimoneiro.com.br\/#\/schema\/person\/image\/\",\"url\":\"https:\/\/jornaltimoneiro.com.br\/wp-content\/uploads\/2023\/03\/download.jpeg\",\"contentUrl\":\"https:\/\/jornaltimoneiro.com.br\/wp-content\/uploads\/2023\/03\/download.jpeg\",\"caption\":\"Reda\u00e7\u00e3o\"},\"url\":\"https:\/\/jornaltimoneiro.com.br\/index.php\/author\/simone-dutra\/\"}]}<\/script>\n<!-- \/ Yoast SEO plugin. -->","yoast_head_json":{"title":"Prefeito, vice-prefeito e os 21 vereadores eleitos em Canoas s\u00e3o diplomados - O Timoneiro Jornal Canoas RS","description":"21 vereadores e vice-prefeito \u2013 Rodrigo Busato (Uni\u00e3o) - eleitos no pleito municipal de 2024 foram diplomados em Canoas","robots":{"index":"index","follow":"follow","max-snippet":"max-snippet:-1","max-image-preview":"max-image-preview:large","max-video-preview":"max-video-preview:-1"},"canonical":"https:\/\/jornaltimoneiro.com.br\/index.php\/2024\/12\/18\/prefeito-vice-prefeito-e-os-21-vereadores-eleitos-em-canoas-sao-diplomados\/","og_locale":"pt_BR","og_type":"article","og_title":"Prefeito, vice-prefeito e os 21 vereadores eleitos em Canoas s\u00e3o diplomados - O Timoneiro Jornal Canoas RS","og_description":"21 vereadores e vice-prefeito \u2013 Rodrigo Busato (Uni\u00e3o) - eleitos no pleito municipal de 2024 foram diplomados em Canoas","og_url":"https:\/\/jornaltimoneiro.com.br\/index.php\/2024\/12\/18\/prefeito-vice-prefeito-e-os-21-vereadores-eleitos-em-canoas-sao-diplomados\/","og_site_name":"O Timoneiro Jornal Canoas RS","article_publisher":"https:\/\/www.facebook.com\/jornaltimoneiro","article_published_time":"2024-12-18T20:07:29+00:00","og_image":[{"width":1080,"height":701,"url":"https:\/\/jornaltimoneiro.com.br\/wp-content\/uploads\/2024\/12\/Prefeito-vice-prefeito-e-os-21-vereadores-eleitos-em-Canoas-sao-diplomados.jpeg","type":"image\/jpeg"}],"author":"Reda\u00e7\u00e3o","twitter_card":"summary_large_image","twitter_creator":"@_OTimoneiro","twitter_site":"@_OTimoneiro","twitter_misc":{"Escrito por":"Reda\u00e7\u00e3o","Est. tempo de leitura":"1 minuto"},"schema":{"@context":"https:\/\/schema.org","@graph":[{"@type":"Article","@id":"https:\/\/jornaltimoneiro.com.br\/index.php\/2024\/12\/18\/prefeito-vice-prefeito-e-os-21-vereadores-eleitos-em-canoas-sao-diplomados\/#article","isPartOf":{"@id":"https:\/\/jornaltimoneiro.com.br\/index.php\/2024\/12\/18\/prefeito-vice-prefeito-e-os-21-vereadores-eleitos-em-canoas-sao-diplomados\/"},"author":{"name":"Reda\u00e7\u00e3o","@id":"https:\/\/jornaltimoneiro.com.br\/#\/schema\/person\/f63482f1a02b1a9592707865e509ab40"},"headline":"Prefeito, vice-prefeito e os 21 vereadores eleitos em Canoas s\u00e3o diplomados","datePublished":"2024-12-18T20:07:29+00:00","dateModified":"2024-12-18T20:07:29+00:00","mainEntityOfPage":{"@id":"https:\/\/jornaltimoneiro.com.br\/index.php\/2024\/12\/18\/prefeito-vice-prefeito-e-os-21-vereadores-eleitos-em-canoas-sao-diplomados\/"},"wordCount":122,"commentCount":0,"publisher":{"@id":"https:\/\/jornaltimoneiro.com.br\/#organization"},"keywords":["airton souza","canoas","diploma\u00e7\u00e3o","elei\u00e7\u00f5es 2024","elei\u00e7\u00f5es municipais","featured","hospital nossa senhora das gra\u00e7as","PL","rodrigo busato","uni\u00e3o brasil"],"articleSection":["Elei\u00e7\u00f5es 2024"],"inLanguage":"pt-BR","potentialAction":[{"@type":"CommentAction","name":"Comment","target":["https:\/\/jornaltimoneiro.com.br\/index.php\/2024\/12\/18\/prefeito-vice-prefeito-e-os-21-vereadores-eleitos-em-canoas-sao-diplomados\/#respond"]}]},{"@type":"WebPage","@id":"https:\/\/jornaltimoneiro.com.br\/index.php\/2024\/12\/18\/prefeito-vice-prefeito-e-os-21-vereadores-eleitos-em-canoas-sao-diplomados\/","url":"https:\/\/jornaltimoneiro.com.br\/index.php\/2024\/12\/18\/prefeito-vice-prefeito-e-os-21-vereadores-eleitos-em-canoas-sao-diplomados\/","name":"Prefeito, vice-prefeito e os 21 vereadores eleitos em Canoas s\u00e3o diplomados - O Timoneiro Jornal Canoas RS","isPartOf":{"@id":"https:\/\/jornaltimoneiro.com.br\/#website"},"datePublished":"2024-12-18T20:07:29+00:00","dateModified":"2024-12-18T20:07:29+00:00","description":"21 vereadores e vice-prefeito \u2013 Rodrigo Busato (Uni\u00e3o) - eleitos no pleito municipal de 2024 foram diplomados em Canoas","breadcrumb":{"@id":"https:\/\/jornaltimoneiro.com.br\/index.php\/2024\/12\/18\/prefeito-vice-prefeito-e-os-21-vereadores-eleitos-em-canoas-sao-diplomados\/#breadcrumb"},"inLanguage":"pt-BR","potentialAction":[{"@type":"ReadAction","target":["https:\/\/jornaltimoneiro.com.br\/index.php\/2024\/12\/18\/prefeito-vice-prefeito-e-os-21-vereadores-eleitos-em-canoas-sao-diplomados\/"]}]},{"@type":"BreadcrumbList","@id":"https:\/\/jornaltimoneiro.com.br\/index.php\/2024\/12\/18\/prefeito-vice-prefeito-e-os-21-vereadores-eleitos-em-canoas-sao-diplomados\/#breadcrumb","itemListElement":[{"@type":"ListItem","position":1,"name":"In\u00edcio","item":"https:\/\/jornaltimoneiro.com.br\/"},{"@type":"ListItem","position":2,"name":"Prefeito, vice-prefeito e os 21 vereadores eleitos em Canoas s\u00e3o diplomados"}]},{"@type":"WebSite","@id":"https:\/\/jornaltimoneiro.com.br\/#website","url":"https:\/\/jornaltimoneiro.com.br\/","name":"Jornal Timoneiro Canoas RS","description":"Jornal O Timoneiro, o verdadeiro jornal de Canoas","publisher":{"@id":"https:\/\/jornaltimoneiro.com.br\/#organization"},"potentialAction":[{"@type":"SearchAction","target":{"@type":"EntryPoint","urlTemplate":"https:\/\/jornaltimoneiro.com.br\/?s={search_term_string}"},"query-input":"required name=search_term_string"}],"inLanguage":"pt-BR"},{"@type":"Organization","@id":"https:\/\/jornaltimoneiro.com.br\/#organization","name":"Jornal Timoneiro Canoas RS","url":"https:\/\/jornaltimoneiro.com.br\/","logo":{"@type":"ImageObject","inLanguage":"pt-BR","@id":"https:\/\/jornaltimoneiro.com.br\/#\/schema\/logo\/image\/","url":"https:\/\/jornaltimoneiro.com.br\/wp-content\/uploads\/2023\/03\/logonovo.png","contentUrl":"https:\/\/jornaltimoneiro.com.br\/wp-content\/uploads\/2023\/03\/logonovo.png","width":"469","height":"171","caption":"Jornal Timoneiro Canoas RS"},"image":{"@id":"https:\/\/jornaltimoneiro.com.br\/#\/schema\/logo\/image\/"},"sameAs":["https:\/\/www.facebook.com\/jornaltimoneiro","https:\/\/twitter.com\/_OTimoneiro","https:\/\/www.instagram.com\/jornaltimoneirocanoas\/","https:\/\/www.youtube.com\/@jornalotimoneiro7927"]},{"@type":"Person","@id":"https:\/\/jornaltimoneiro.com.br\/#\/schema\/person\/f63482f1a02b1a9592707865e509ab40","name":"Reda\u00e7\u00e3o","image":{"@type":"ImageObject","inLanguage":"pt-BR","@id":"https:\/\/jornaltimoneiro.com.br\/#\/schema\/person\/image\/","url":"https:\/\/jornaltimoneiro.com.br\/wp-content\/uploads\/2023\/03\/download.jpeg","contentUrl":"https:\/\/jornaltimoneiro.com.br\/wp-content\/uploads\/2023\/03\/download.jpeg","caption":"Reda\u00e7\u00e3o"},"url":"https:\/\/jornaltimoneiro.com.br\/index.php\/author\/simone-dutra\/"}]}},"_links":{"self":[{"href":"https:\/\/jornaltimoneiro.com.br\/index.php\/wp-json\/wp\/v2\/posts\/33254"}],"collection":[{"href":"https:\/\/jornaltimoneiro.com.br\/index.php\/wp-json\/wp\/v2\/posts"}],"about":[{"href":"https:\/\/jornaltimoneiro.com.br\/index.php\/wp-json\/wp\/v2\/types\/post"}],"author":[{"embeddable":true,"href":"https:\/\/jornaltimoneiro.com.br\/index.php\/wp-json\/wp\/v2\/users\/2"}],"replies":[{"embeddable":true,"href":"https:\/\/jornaltimoneiro.com.br\/index.php\/wp-json\/wp\/v2\/comments?post=33254"}],"version-history":[{"count":1,"href":"https:\/\/jornaltimoneiro.com.br\/index.php\/wp-json\/wp\/v2\/posts\/33254\/revisions"}],"predecessor-version":[{"id":33257,"href":"https:\/\/jornaltimoneiro.com.br\/index.php\/wp-json\/wp\/v2\/posts\/33254\/revisions\/33257"}],"wp:featuredmedia":[{"embeddable":true,"href":"https:\/\/jornaltimoneiro.com.br\/index.php\/wp-json\/wp\/v2\/media\/33256"}],"wp:attachment":[{"href":"https:\/\/jornaltimoneiro.com.br\/index.php\/wp-json\/wp\/v2\/media?parent=33254"}],"wp:term":[{"taxonomy":"category","embeddable":true,"href":"https:\/\/jornaltimoneiro.com.br\/index.php\/wp-json\/wp\/v2\/categories?post=33254"},{"taxonomy":"post_tag","embeddable":true,"href":"https:\/\/jornaltimoneiro.com.br\/index.php\/wp-json\/wp\/v2\/tags?post=33254"}],"curies":[{"name":"wp","href":"https:\/\/api.w.org\/{rel}","templated":true}]}}