{"id":33062,"date":"2024-12-03T11:32:25","date_gmt":"2024-12-03T14:32:25","guid":{"rendered":"https:\/\/jornaltimoneiro.com.br\/?p=33062"},"modified":"2024-12-03T11:32:25","modified_gmt":"2024-12-03T14:32:25","slug":"sarau-do-lab-15a-edicao-feira-de-economia-solidaria-e-criativa-e-sarau-cultural-no-dia-14-de-dezembro","status":"publish","type":"post","link":"https:\/\/jornaltimoneiro.com.br\/index.php\/2024\/12\/03\/sarau-do-lab-15a-edicao-feira-de-economia-solidaria-e-criativa-e-sarau-cultural-no-dia-14-de-dezembro\/","title":{"rendered":"SARAU DO LAB &#8211; 15\u00aa EDI\u00c7\u00c3O: Feira de Economia Solid\u00e1ria e Criativa e Sarau Cultural no dia 14 de dezembro"},"content":{"rendered":"<p>Todo 2\u00ba s\u00e1bado de cada m\u00eas, o LAB (Laborat\u00f3rio-Escola de Arte Popular) realiza um sarau cultural com uma feira de variedades que re\u00fane a popula\u00e7\u00e3o canoense, artistas e muita gente para um dia recheado de arte, cultura, lazer e bem-estar.<\/p>\n<p>O Sarau do LAB \u00e9 um espa\u00e7o livre, cultural e social onde qualquer pessoa pode participar com apresenta\u00e7\u00f5es, exposi\u00e7\u00f5es ou com vendas de produtos autorais e servi\u00e7os personalizados, gerando economia solid\u00e1ria, sustent\u00e1vel e criativa.<\/p>\n<h4><strong>15\u00aa Edi\u00e7\u00e3o<\/strong><\/h4>\n<p>E a 15\u00aa Edi\u00e7\u00e3o do Sarau do LAB, que acontece dia 14\/12, das 10h \u00e0s 18h, na Pra\u00e7a Fernando Ferrari, no bairro Nossa Sra. das Gra\u00e7as, est\u00e1 repleta de agentes criativos expondo, comercializando e compartilhando produtos e servi\u00e7os personalizados, atra\u00e7\u00f5es culturais, atividades formativas e muita arte!<\/p>\n<h4><strong>Confira as stands criativas para essa edi\u00e7\u00e3o:<\/strong><\/h4>\n<ul>\n<li>Artesanato, bijuterias e produtos autorais;<\/li>\n<li>Croch\u00eas e acess\u00f3rios para a casa;<\/li>\n<li>Brech\u00f3 e roupas personalizadas;<\/li>\n<li>Moda \u00e9tnica e sustent\u00e1vel;<\/li>\n<li>Flash Tattoo com pre\u00e7os populares;<\/li>\n<li>Produtos de tem\u00e1tica medieval;<\/li>\n<li>Velas arom\u00e1ticas, ess\u00eancias, perfumes, sabonetes e lo\u00e7\u00f5es;<\/li>\n<li>Cosm\u00e9ticos para cabelos e peles afro;<\/li>\n<li>Brinquedos artesanais;<\/li>\n<li>Quadros, pinturas, adesivos, stamps e muito mais;<\/li>\n<li>Pra\u00e7a de alimenta\u00e7\u00e3o com doces, salgados, crepes, licores, drinks e sucos naturais;<\/li>\n<\/ul>\n<p><strong>Confira a programa\u00e7\u00e3o cultural e formativa:<\/strong><\/p>\n<ul>\n<li>Jogos e brincadeiras medievais como swordplay, arqueirismo e ca\u00e7a ao tesouro;<\/li>\n<li>Encontro de board games, card games e RPG;<\/li>\n<li>Karaok\u00ea e palco aberto;<\/li>\n<li>Oficinas de arte ao ar livre;<\/li>\n<li>Apresenta\u00e7\u00f5es art\u00edsticas;<\/li>\n<li>Exposi\u00e7\u00e3o de arte;<\/li>\n<li>M\u00fasica ao vivo;<\/li>\n<\/ul>\n<p>Esta proposta foi fomentada pelo PROGRAMA RETOMADA CULTURAL RS &#8211; BOLSA FUNARTE DE APOIO A A\u00c7\u00d5ES ART\u00cdSTICAS CONTINUADAS 2024 e conta com o apoio da Prefeitura de Canoas.<\/p>\n<ul>\n<li>Quanto: Entrada Franca<\/li>\n<li>P\u00fablico: Livre<\/li>\n<li>Informa\u00e7\u00f5es:<\/li>\n<li>Whats: (51) 9 9625.9773 (com Bruno)<\/li>\n<li>Instagram: @laboratorioescola<\/li>\n<\/ul>\n<p>&nbsp;<\/p>\n","protected":false},"excerpt":{"rendered":"<p>Todo 2\u00ba s\u00e1bado de cada m\u00eas, o LAB (Laborat\u00f3rio-Escola de Arte Popular) realiza um sarau cultural com uma feira de variedades que re\u00fane a popula\u00e7\u00e3o canoense, artistas e muita gente para um dia recheado de arte, cultura, lazer e bem-estar. O Sarau do LAB \u00e9 um espa\u00e7o livre, cultural e social onde qualquer pessoa pode [&hellip;]<\/p>\n","protected":false},"author":2,"featured_media":33063,"comment_status":"open","ping_status":"open","sticky":false,"template":"","format":"standard","meta":{"amp_status":"","footnotes":""},"categories":[76],"tags":[31,116,398,2027,2075,2074,2076],"class_list":["post-33062","post","type-post","status-publish","format-standard","has-post-thumbnail","hentry","category-cultura","tag-canoas","tag-cultura","tag-economia-solidaria","tag-feira","tag-sarau","tag-sarau-do-lab","tag-variedades"],"yoast_head":"<!-- This site is optimized with the Yoast SEO plugin v20.5 - https:\/\/yoast.com\/wordpress\/plugins\/seo\/ -->\n<title>SARAU DO LAB - 15\u00aa EDI\u00c7\u00c3O: Feira de Economia Solid\u00e1ria e Criativa e Sarau Cultural no dia 14 de dezembro - O Timoneiro Jornal Canoas RS<\/title>\n<meta name=\"description\" content=\"2\u00ba s\u00e1bado de cada m\u00eas, o LAB realiza um sarau cultural com uma feira de variedades que re\u00fane a popula\u00e7\u00e3o canoense, artistas e muita gente\" \/>\n<meta name=\"robots\" content=\"index, follow, max-snippet:-1, max-image-preview:large, max-video-preview:-1\" \/>\n<link rel=\"canonical\" href=\"https:\/\/jornaltimoneiro.com.br\/index.php\/2024\/12\/03\/sarau-do-lab-15a-edicao-feira-de-economia-solidaria-e-criativa-e-sarau-cultural-no-dia-14-de-dezembro\/\" \/>\n<meta property=\"og:locale\" content=\"pt_BR\" \/>\n<meta property=\"og:type\" content=\"article\" \/>\n<meta property=\"og:title\" content=\"SARAU DO LAB - 15\u00aa EDI\u00c7\u00c3O: Feira de Economia Solid\u00e1ria e Criativa e Sarau Cultural no dia 14 de dezembro - O Timoneiro Jornal Canoas RS\" \/>\n<meta property=\"og:description\" content=\"2\u00ba s\u00e1bado de cada m\u00eas, o LAB realiza um sarau cultural com uma feira de variedades que re\u00fane a popula\u00e7\u00e3o canoense, artistas e muita gente\" \/>\n<meta property=\"og:url\" content=\"https:\/\/jornaltimoneiro.com.br\/index.php\/2024\/12\/03\/sarau-do-lab-15a-edicao-feira-de-economia-solidaria-e-criativa-e-sarau-cultural-no-dia-14-de-dezembro\/\" \/>\n<meta property=\"og:site_name\" content=\"O Timoneiro Jornal Canoas RS\" \/>\n<meta property=\"article:publisher\" content=\"https:\/\/www.facebook.com\/jornaltimoneiro\" \/>\n<meta property=\"article:published_time\" content=\"2024-12-03T14:32:25+00:00\" \/>\n<meta property=\"og:image\" content=\"https:\/\/jornaltimoneiro.com.br\/wp-content\/uploads\/2024\/12\/Foto-Versal-Media-2.jpg\" \/>\n\t<meta property=\"og:image:width\" content=\"1080\" \/>\n\t<meta property=\"og:image:height\" content=\"777\" \/>\n\t<meta property=\"og:image:type\" content=\"image\/jpeg\" \/>\n<meta name=\"author\" content=\"Reda\u00e7\u00e3o\" \/>\n<meta name=\"twitter:card\" content=\"summary_large_image\" \/>\n<meta name=\"twitter:creator\" content=\"@_OTimoneiro\" \/>\n<meta name=\"twitter:site\" content=\"@_OTimoneiro\" \/>\n<meta name=\"twitter:label1\" content=\"Escrito por\" \/>\n\t<meta name=\"twitter:data1\" content=\"Reda\u00e7\u00e3o\" \/>\n\t<meta name=\"twitter:label2\" content=\"Est. tempo de leitura\" \/>\n\t<meta name=\"twitter:data2\" content=\"2 minutos\" \/>\n<script type=\"application\/ld+json\" class=\"yoast-schema-graph\">{\"@context\":\"https:\/\/schema.org\",\"@graph\":[{\"@type\":\"Article\",\"@id\":\"https:\/\/jornaltimoneiro.com.br\/index.php\/2024\/12\/03\/sarau-do-lab-15a-edicao-feira-de-economia-solidaria-e-criativa-e-sarau-cultural-no-dia-14-de-dezembro\/#article\",\"isPartOf\":{\"@id\":\"https:\/\/jornaltimoneiro.com.br\/index.php\/2024\/12\/03\/sarau-do-lab-15a-edicao-feira-de-economia-solidaria-e-criativa-e-sarau-cultural-no-dia-14-de-dezembro\/\"},\"author\":{\"name\":\"Reda\u00e7\u00e3o\",\"@id\":\"https:\/\/jornaltimoneiro.com.br\/#\/schema\/person\/f63482f1a02b1a9592707865e509ab40\"},\"headline\":\"SARAU DO LAB &#8211; 15\u00aa EDI\u00c7\u00c3O: Feira de Economia Solid\u00e1ria e Criativa e Sarau Cultural no dia 14 de dezembro\",\"datePublished\":\"2024-12-03T14:32:25+00:00\",\"dateModified\":\"2024-12-03T14:32:25+00:00\",\"mainEntityOfPage\":{\"@id\":\"https:\/\/jornaltimoneiro.com.br\/index.php\/2024\/12\/03\/sarau-do-lab-15a-edicao-feira-de-economia-solidaria-e-criativa-e-sarau-cultural-no-dia-14-de-dezembro\/\"},\"wordCount\":327,\"commentCount\":0,\"publisher\":{\"@id\":\"https:\/\/jornaltimoneiro.com.br\/#organization\"},\"keywords\":[\"canoas\",\"cultura\",\"economia solid\u00e1ria\",\"feira\",\"sarau\",\"sarau do lab\",\"variedades\"],\"articleSection\":[\"Cultura\"],\"inLanguage\":\"pt-BR\",\"potentialAction\":[{\"@type\":\"CommentAction\",\"name\":\"Comment\",\"target\":[\"https:\/\/jornaltimoneiro.com.br\/index.php\/2024\/12\/03\/sarau-do-lab-15a-edicao-feira-de-economia-solidaria-e-criativa-e-sarau-cultural-no-dia-14-de-dezembro\/#respond\"]}]},{\"@type\":\"WebPage\",\"@id\":\"https:\/\/jornaltimoneiro.com.br\/index.php\/2024\/12\/03\/sarau-do-lab-15a-edicao-feira-de-economia-solidaria-e-criativa-e-sarau-cultural-no-dia-14-de-dezembro\/\",\"url\":\"https:\/\/jornaltimoneiro.com.br\/index.php\/2024\/12\/03\/sarau-do-lab-15a-edicao-feira-de-economia-solidaria-e-criativa-e-sarau-cultural-no-dia-14-de-dezembro\/\",\"name\":\"SARAU DO LAB - 15\u00aa EDI\u00c7\u00c3O: Feira de Economia Solid\u00e1ria e Criativa e Sarau Cultural no dia 14 de dezembro - O Timoneiro Jornal Canoas RS\",\"isPartOf\":{\"@id\":\"https:\/\/jornaltimoneiro.com.br\/#website\"},\"datePublished\":\"2024-12-03T14:32:25+00:00\",\"dateModified\":\"2024-12-03T14:32:25+00:00\",\"description\":\"2\u00ba s\u00e1bado de cada m\u00eas, o LAB realiza um sarau cultural com uma feira de variedades que re\u00fane a popula\u00e7\u00e3o canoense, artistas e muita gente\",\"breadcrumb\":{\"@id\":\"https:\/\/jornaltimoneiro.com.br\/index.php\/2024\/12\/03\/sarau-do-lab-15a-edicao-feira-de-economia-solidaria-e-criativa-e-sarau-cultural-no-dia-14-de-dezembro\/#breadcrumb\"},\"inLanguage\":\"pt-BR\",\"potentialAction\":[{\"@type\":\"ReadAction\",\"target\":[\"https:\/\/jornaltimoneiro.com.br\/index.php\/2024\/12\/03\/sarau-do-lab-15a-edicao-feira-de-economia-solidaria-e-criativa-e-sarau-cultural-no-dia-14-de-dezembro\/\"]}]},{\"@type\":\"BreadcrumbList\",\"@id\":\"https:\/\/jornaltimoneiro.com.br\/index.php\/2024\/12\/03\/sarau-do-lab-15a-edicao-feira-de-economia-solidaria-e-criativa-e-sarau-cultural-no-dia-14-de-dezembro\/#breadcrumb\",\"itemListElement\":[{\"@type\":\"ListItem\",\"position\":1,\"name\":\"In\u00edcio\",\"item\":\"https:\/\/jornaltimoneiro.com.br\/\"},{\"@type\":\"ListItem\",\"position\":2,\"name\":\"SARAU DO LAB &#8211; 15\u00aa EDI\u00c7\u00c3O: Feira de Economia Solid\u00e1ria e Criativa e Sarau Cultural no dia 14 de dezembro\"}]},{\"@type\":\"WebSite\",\"@id\":\"https:\/\/jornaltimoneiro.com.br\/#website\",\"url\":\"https:\/\/jornaltimoneiro.com.br\/\",\"name\":\"Jornal Timoneiro Canoas RS\",\"description\":\"Jornal O Timoneiro, o verdadeiro jornal de Canoas\",\"publisher\":{\"@id\":\"https:\/\/jornaltimoneiro.com.br\/#organization\"},\"potentialAction\":[{\"@type\":\"SearchAction\",\"target\":{\"@type\":\"EntryPoint\",\"urlTemplate\":\"https:\/\/jornaltimoneiro.com.br\/?s={search_term_string}\"},\"query-input\":\"required name=search_term_string\"}],\"inLanguage\":\"pt-BR\"},{\"@type\":\"Organization\",\"@id\":\"https:\/\/jornaltimoneiro.com.br\/#organization\",\"name\":\"Jornal Timoneiro Canoas RS\",\"url\":\"https:\/\/jornaltimoneiro.com.br\/\",\"logo\":{\"@type\":\"ImageObject\",\"inLanguage\":\"pt-BR\",\"@id\":\"https:\/\/jornaltimoneiro.com.br\/#\/schema\/logo\/image\/\",\"url\":\"https:\/\/jornaltimoneiro.com.br\/wp-content\/uploads\/2023\/03\/logonovo.png\",\"contentUrl\":\"https:\/\/jornaltimoneiro.com.br\/wp-content\/uploads\/2023\/03\/logonovo.png\",\"width\":\"469\",\"height\":\"171\",\"caption\":\"Jornal Timoneiro Canoas RS\"},\"image\":{\"@id\":\"https:\/\/jornaltimoneiro.com.br\/#\/schema\/logo\/image\/\"},\"sameAs\":[\"https:\/\/www.facebook.com\/jornaltimoneiro\",\"https:\/\/twitter.com\/_OTimoneiro\",\"https:\/\/www.instagram.com\/jornaltimoneirocanoas\/\",\"https:\/\/www.youtube.com\/@jornalotimoneiro7927\"]},{\"@type\":\"Person\",\"@id\":\"https:\/\/jornaltimoneiro.com.br\/#\/schema\/person\/f63482f1a02b1a9592707865e509ab40\",\"name\":\"Reda\u00e7\u00e3o\",\"image\":{\"@type\":\"ImageObject\",\"inLanguage\":\"pt-BR\",\"@id\":\"https:\/\/jornaltimoneiro.com.br\/#\/schema\/person\/image\/\",\"url\":\"https:\/\/jornaltimoneiro.com.br\/wp-content\/uploads\/2023\/03\/download.jpeg\",\"contentUrl\":\"https:\/\/jornaltimoneiro.com.br\/wp-content\/uploads\/2023\/03\/download.jpeg\",\"caption\":\"Reda\u00e7\u00e3o\"},\"url\":\"https:\/\/jornaltimoneiro.com.br\/index.php\/author\/simone-dutra\/\"}]}<\/script>\n<!-- \/ Yoast SEO plugin. -->","yoast_head_json":{"title":"SARAU DO LAB - 15\u00aa EDI\u00c7\u00c3O: Feira de Economia Solid\u00e1ria e Criativa e Sarau Cultural no dia 14 de dezembro - O Timoneiro Jornal Canoas RS","description":"2\u00ba s\u00e1bado de cada m\u00eas, o LAB realiza um sarau cultural com uma feira de variedades que re\u00fane a popula\u00e7\u00e3o canoense, artistas e muita gente","robots":{"index":"index","follow":"follow","max-snippet":"max-snippet:-1","max-image-preview":"max-image-preview:large","max-video-preview":"max-video-preview:-1"},"canonical":"https:\/\/jornaltimoneiro.com.br\/index.php\/2024\/12\/03\/sarau-do-lab-15a-edicao-feira-de-economia-solidaria-e-criativa-e-sarau-cultural-no-dia-14-de-dezembro\/","og_locale":"pt_BR","og_type":"article","og_title":"SARAU DO LAB - 15\u00aa EDI\u00c7\u00c3O: Feira de Economia Solid\u00e1ria e Criativa e Sarau Cultural no dia 14 de dezembro - O Timoneiro Jornal Canoas RS","og_description":"2\u00ba s\u00e1bado de cada m\u00eas, o LAB realiza um sarau cultural com uma feira de variedades que re\u00fane a popula\u00e7\u00e3o canoense, artistas e muita gente","og_url":"https:\/\/jornaltimoneiro.com.br\/index.php\/2024\/12\/03\/sarau-do-lab-15a-edicao-feira-de-economia-solidaria-e-criativa-e-sarau-cultural-no-dia-14-de-dezembro\/","og_site_name":"O Timoneiro Jornal Canoas RS","article_publisher":"https:\/\/www.facebook.com\/jornaltimoneiro","article_published_time":"2024-12-03T14:32:25+00:00","og_image":[{"width":"1080","height":"777","url":"https:\/\/jornaltimoneiro.com.br\/wp-content\/uploads\/2024\/12\/Foto-Versal-Media-2.jpg","type":"image\/jpeg"}],"author":"Reda\u00e7\u00e3o","twitter_card":"summary_large_image","twitter_creator":"@_OTimoneiro","twitter_site":"@_OTimoneiro","twitter_misc":{"Escrito por":"Reda\u00e7\u00e3o","Est. tempo de leitura":"2 minutos"},"schema":{"@context":"https:\/\/schema.org","@graph":[{"@type":"Article","@id":"https:\/\/jornaltimoneiro.com.br\/index.php\/2024\/12\/03\/sarau-do-lab-15a-edicao-feira-de-economia-solidaria-e-criativa-e-sarau-cultural-no-dia-14-de-dezembro\/#article","isPartOf":{"@id":"https:\/\/jornaltimoneiro.com.br\/index.php\/2024\/12\/03\/sarau-do-lab-15a-edicao-feira-de-economia-solidaria-e-criativa-e-sarau-cultural-no-dia-14-de-dezembro\/"},"author":{"name":"Reda\u00e7\u00e3o","@id":"https:\/\/jornaltimoneiro.com.br\/#\/schema\/person\/f63482f1a02b1a9592707865e509ab40"},"headline":"SARAU DO LAB &#8211; 15\u00aa EDI\u00c7\u00c3O: Feira de Economia Solid\u00e1ria e Criativa e Sarau Cultural no dia 14 de dezembro","datePublished":"2024-12-03T14:32:25+00:00","dateModified":"2024-12-03T14:32:25+00:00","mainEntityOfPage":{"@id":"https:\/\/jornaltimoneiro.com.br\/index.php\/2024\/12\/03\/sarau-do-lab-15a-edicao-feira-de-economia-solidaria-e-criativa-e-sarau-cultural-no-dia-14-de-dezembro\/"},"wordCount":327,"commentCount":0,"publisher":{"@id":"https:\/\/jornaltimoneiro.com.br\/#organization"},"keywords":["canoas","cultura","economia solid\u00e1ria","feira","sarau","sarau do lab","variedades"],"articleSection":["Cultura"],"inLanguage":"pt-BR","potentialAction":[{"@type":"CommentAction","name":"Comment","target":["https:\/\/jornaltimoneiro.com.br\/index.php\/2024\/12\/03\/sarau-do-lab-15a-edicao-feira-de-economia-solidaria-e-criativa-e-sarau-cultural-no-dia-14-de-dezembro\/#respond"]}]},{"@type":"WebPage","@id":"https:\/\/jornaltimoneiro.com.br\/index.php\/2024\/12\/03\/sarau-do-lab-15a-edicao-feira-de-economia-solidaria-e-criativa-e-sarau-cultural-no-dia-14-de-dezembro\/","url":"https:\/\/jornaltimoneiro.com.br\/index.php\/2024\/12\/03\/sarau-do-lab-15a-edicao-feira-de-economia-solidaria-e-criativa-e-sarau-cultural-no-dia-14-de-dezembro\/","name":"SARAU DO LAB - 15\u00aa EDI\u00c7\u00c3O: Feira de Economia Solid\u00e1ria e Criativa e Sarau Cultural no dia 14 de dezembro - O Timoneiro Jornal Canoas RS","isPartOf":{"@id":"https:\/\/jornaltimoneiro.com.br\/#website"},"datePublished":"2024-12-03T14:32:25+00:00","dateModified":"2024-12-03T14:32:25+00:00","description":"2\u00ba s\u00e1bado de cada m\u00eas, o LAB realiza um sarau cultural com uma feira de variedades que re\u00fane a popula\u00e7\u00e3o canoense, artistas e muita gente","breadcrumb":{"@id":"https:\/\/jornaltimoneiro.com.br\/index.php\/2024\/12\/03\/sarau-do-lab-15a-edicao-feira-de-economia-solidaria-e-criativa-e-sarau-cultural-no-dia-14-de-dezembro\/#breadcrumb"},"inLanguage":"pt-BR","potentialAction":[{"@type":"ReadAction","target":["https:\/\/jornaltimoneiro.com.br\/index.php\/2024\/12\/03\/sarau-do-lab-15a-edicao-feira-de-economia-solidaria-e-criativa-e-sarau-cultural-no-dia-14-de-dezembro\/"]}]},{"@type":"BreadcrumbList","@id":"https:\/\/jornaltimoneiro.com.br\/index.php\/2024\/12\/03\/sarau-do-lab-15a-edicao-feira-de-economia-solidaria-e-criativa-e-sarau-cultural-no-dia-14-de-dezembro\/#breadcrumb","itemListElement":[{"@type":"ListItem","position":1,"name":"In\u00edcio","item":"https:\/\/jornaltimoneiro.com.br\/"},{"@type":"ListItem","position":2,"name":"SARAU DO LAB &#8211; 15\u00aa EDI\u00c7\u00c3O: Feira de Economia Solid\u00e1ria e Criativa e Sarau Cultural no dia 14 de dezembro"}]},{"@type":"WebSite","@id":"https:\/\/jornaltimoneiro.com.br\/#website","url":"https:\/\/jornaltimoneiro.com.br\/","name":"Jornal Timoneiro Canoas RS","description":"Jornal O Timoneiro, o verdadeiro jornal de Canoas","publisher":{"@id":"https:\/\/jornaltimoneiro.com.br\/#organization"},"potentialAction":[{"@type":"SearchAction","target":{"@type":"EntryPoint","urlTemplate":"https:\/\/jornaltimoneiro.com.br\/?s={search_term_string}"},"query-input":"required name=search_term_string"}],"inLanguage":"pt-BR"},{"@type":"Organization","@id":"https:\/\/jornaltimoneiro.com.br\/#organization","name":"Jornal Timoneiro Canoas RS","url":"https:\/\/jornaltimoneiro.com.br\/","logo":{"@type":"ImageObject","inLanguage":"pt-BR","@id":"https:\/\/jornaltimoneiro.com.br\/#\/schema\/logo\/image\/","url":"https:\/\/jornaltimoneiro.com.br\/wp-content\/uploads\/2023\/03\/logonovo.png","contentUrl":"https:\/\/jornaltimoneiro.com.br\/wp-content\/uploads\/2023\/03\/logonovo.png","width":"469","height":"171","caption":"Jornal Timoneiro Canoas RS"},"image":{"@id":"https:\/\/jornaltimoneiro.com.br\/#\/schema\/logo\/image\/"},"sameAs":["https:\/\/www.facebook.com\/jornaltimoneiro","https:\/\/twitter.com\/_OTimoneiro","https:\/\/www.instagram.com\/jornaltimoneirocanoas\/","https:\/\/www.youtube.com\/@jornalotimoneiro7927"]},{"@type":"Person","@id":"https:\/\/jornaltimoneiro.com.br\/#\/schema\/person\/f63482f1a02b1a9592707865e509ab40","name":"Reda\u00e7\u00e3o","image":{"@type":"ImageObject","inLanguage":"pt-BR","@id":"https:\/\/jornaltimoneiro.com.br\/#\/schema\/person\/image\/","url":"https:\/\/jornaltimoneiro.com.br\/wp-content\/uploads\/2023\/03\/download.jpeg","contentUrl":"https:\/\/jornaltimoneiro.com.br\/wp-content\/uploads\/2023\/03\/download.jpeg","caption":"Reda\u00e7\u00e3o"},"url":"https:\/\/jornaltimoneiro.com.br\/index.php\/author\/simone-dutra\/"}]}},"_links":{"self":[{"href":"https:\/\/jornaltimoneiro.com.br\/index.php\/wp-json\/wp\/v2\/posts\/33062"}],"collection":[{"href":"https:\/\/jornaltimoneiro.com.br\/index.php\/wp-json\/wp\/v2\/posts"}],"about":[{"href":"https:\/\/jornaltimoneiro.com.br\/index.php\/wp-json\/wp\/v2\/types\/post"}],"author":[{"embeddable":true,"href":"https:\/\/jornaltimoneiro.com.br\/index.php\/wp-json\/wp\/v2\/users\/2"}],"replies":[{"embeddable":true,"href":"https:\/\/jornaltimoneiro.com.br\/index.php\/wp-json\/wp\/v2\/comments?post=33062"}],"version-history":[{"count":1,"href":"https:\/\/jornaltimoneiro.com.br\/index.php\/wp-json\/wp\/v2\/posts\/33062\/revisions"}],"predecessor-version":[{"id":33064,"href":"https:\/\/jornaltimoneiro.com.br\/index.php\/wp-json\/wp\/v2\/posts\/33062\/revisions\/33064"}],"wp:featuredmedia":[{"embeddable":true,"href":"https:\/\/jornaltimoneiro.com.br\/index.php\/wp-json\/wp\/v2\/media\/33063"}],"wp:attachment":[{"href":"https:\/\/jornaltimoneiro.com.br\/index.php\/wp-json\/wp\/v2\/media?parent=33062"}],"wp:term":[{"taxonomy":"category","embeddable":true,"href":"https:\/\/jornaltimoneiro.com.br\/index.php\/wp-json\/wp\/v2\/categories?post=33062"},{"taxonomy":"post_tag","embeddable":true,"href":"https:\/\/jornaltimoneiro.com.br\/index.php\/wp-json\/wp\/v2\/tags?post=33062"}],"curies":[{"name":"wp","href":"https:\/\/api.w.org\/{rel}","templated":true}]}}