{"id":33053,"date":"2024-12-03T10:49:10","date_gmt":"2024-12-03T13:49:10","guid":{"rendered":"https:\/\/jornaltimoneiro.com.br\/?p=33053"},"modified":"2024-12-03T10:49:10","modified_gmt":"2024-12-03T13:49:10","slug":"cachorro-que-ficou-20-dias-em-cima-de-telhado-na-enchente-ganha-lar-em-canoas","status":"publish","type":"post","link":"https:\/\/jornaltimoneiro.com.br\/index.php\/2024\/12\/03\/cachorro-que-ficou-20-dias-em-cima-de-telhado-na-enchente-ganha-lar-em-canoas\/","title":{"rendered":"Cachorro que ficou 20 dias em cima de telhado na enchente ganha lar em Canoas"},"content":{"rendered":"<p>Depois de 20 dias em que presenciou teve de ficar em cima de um telhado durante a enchente que assolou Canoas em maio deste ano, o cachorrinho Black foi finalmente adotado por uma fam\u00edlia e j\u00e1 est\u00e1 totalmente adaptado ao seu novo lar, no bairro Mathias Velho.<\/p>\n<p>Segundo informa\u00e7\u00f5es da fam\u00edlia adotante, Black se adaptou completamente, e ainda de acordo com eles, nos primeiros dias, o c\u00e3o deixou de tentar fugir quando o port\u00e3o era aberto e se familiarizou rapidamente com o seu novo lar.<\/p>\n<p>Sua nova tutora, Julia Vieira, adotou Black em uma das feiras da Secretaria de Bem-Estar Animal (SMBEA), ap\u00f3s ficar comovida com a hist\u00f3ria dele e perceber uma conex\u00e3o imediata ao encontr\u00e1-lo pela primeira vez.<\/p>\n<blockquote><p>\u201cA situa\u00e7\u00e3o que ele passou \u00e9 muito comovente. N\u00e3o s\u00f3 foram 20 dias em cima de um telhado, ele estava preso a uma corrente, com cadeado e foi um resgate muito dif\u00edcil. \u00c9 muito bom ver o quanto ele est\u00e1 feliz agora e aqui em casa tamb\u00e9m estamos muito felizes por receb\u00ea-lo em nossa fam\u00edlia\u201d, disse Julia.<\/p>\n<p>\u201cO Black sempre foi um c\u00e3o especial, desde a sua chegada, muito medroso e com sinais claros de traumas. A equipe chegou a conclus\u00e3o que sofria maus-tratos e, por isso, possu\u00eda v\u00e1rios gatilhos. Foram necess\u00e1rias paci\u00eancia e dedica\u00e7\u00e3o para que ele acreditasse que n\u00e3o sofreria novamente. O Black conheceu novamente o amor e voltou a acreditar nas pessoas. Para n\u00f3s, foi uma alegria imensa ver a evolu\u00e7\u00e3o dele e o dia da ado\u00e7\u00e3o foi marcado por alegria e l\u00e1grimas de felicidade. Na SMBEA ainda temos muitos Blacks, cada um com sua hist\u00f3ria, aguardando a ado\u00e7\u00e3o\u201d, destaca a secret\u00e1ria adjunta de Bem-Estar Animal, Telma Moraes.<\/p><\/blockquote>\n<h4>Mais de 19 mil resgatados<\/h4>\n<p>Canoas teve um total de 19 mil animais resgatados durante a enchente e, muitos deles, ainda podem ser adotados atrav\u00e9s das feiras da SMBEA.<\/p>\n<blockquote><p>\u201cEu super indico que, quem puder, adote um desses animais que ficaram sem lar. Foi a melhor decis\u00e3o que a gente podia ter tomado. O Black s\u00f3 nos trouxe alegria e \u00e9 \u00f3timo saber que tamb\u00e9m fazemos a diferen\u00e7a na vida dele\u201d, disse J\u00falia.<\/p><\/blockquote>\n","protected":false},"excerpt":{"rendered":"<p>Depois de 20 dias em que presenciou teve de ficar em cima de um telhado durante a enchente que assolou Canoas em maio deste ano, o cachorrinho Black foi finalmente adotado por uma fam\u00edlia e j\u00e1 est\u00e1 totalmente adaptado ao seu novo lar, no bairro Mathias Velho. Segundo informa\u00e7\u00f5es da fam\u00edlia adotante, Black se adaptou [&hellip;]<\/p>\n","protected":false},"author":2,"featured_media":33054,"comment_status":"open","ping_status":"open","sticky":false,"template":"","format":"standard","meta":{"amp_status":"","footnotes":""},"categories":[2443],"tags":[1154,1285,3756,1825,31,791,3575,190,499,213,3757],"class_list":["post-33053","post","type-post","status-publish","format-standard","has-post-thumbnail","hentry","category-enchente-2024-canoas","tag-adocao","tag-animais","tag-black","tag-cachorro","tag-canoas","tag-enchente","tag-enchente-de-maio","tag-featured","tag-resgate","tag-rio-grande-do-sul","tag-tutor"],"yoast_head":"<!-- This site is optimized with the Yoast SEO plugin v20.5 - https:\/\/yoast.com\/wordpress\/plugins\/seo\/ -->\n<title>Cachorro que ficou 20 dias em cima de telhado na enchente ganha lar em Canoas - O Timoneiro Jornal Canoas RS<\/title>\n<meta name=\"description\" content=\"Depois de 20 dias em cima de um telhado durante a enchente de Canoas, o cachorrinho Black foi finalmente adotado por uma fam\u00edlia\" \/>\n<meta name=\"robots\" content=\"index, follow, max-snippet:-1, max-image-preview:large, max-video-preview:-1\" \/>\n<link rel=\"canonical\" href=\"https:\/\/jornaltimoneiro.com.br\/index.php\/2024\/12\/03\/cachorro-que-ficou-20-dias-em-cima-de-telhado-na-enchente-ganha-lar-em-canoas\/\" \/>\n<meta property=\"og:locale\" content=\"pt_BR\" \/>\n<meta property=\"og:type\" content=\"article\" \/>\n<meta property=\"og:title\" content=\"Cachorro que ficou 20 dias em cima de telhado na enchente ganha lar em Canoas - O Timoneiro Jornal Canoas RS\" \/>\n<meta property=\"og:description\" content=\"Depois de 20 dias em cima de um telhado durante a enchente de Canoas, o cachorrinho Black foi finalmente adotado por uma fam\u00edlia\" \/>\n<meta property=\"og:url\" content=\"https:\/\/jornaltimoneiro.com.br\/index.php\/2024\/12\/03\/cachorro-que-ficou-20-dias-em-cima-de-telhado-na-enchente-ganha-lar-em-canoas\/\" \/>\n<meta property=\"og:site_name\" content=\"O Timoneiro Jornal Canoas RS\" \/>\n<meta property=\"article:publisher\" content=\"https:\/\/www.facebook.com\/jornaltimoneiro\" \/>\n<meta property=\"article:published_time\" content=\"2024-12-03T13:49:10+00:00\" \/>\n<meta property=\"og:image\" content=\"https:\/\/jornaltimoneiro.com.br\/wp-content\/uploads\/2024\/12\/Cachorro-que-ficou-20-dias-em-cima-de-telhado-na-enchente-ganha-lar-em-Canoas.jpeg\" \/>\n\t<meta property=\"og:image:width\" content=\"1080\" \/>\n\t<meta property=\"og:image:height\" content=\"719\" \/>\n\t<meta property=\"og:image:type\" content=\"image\/jpeg\" \/>\n<meta name=\"author\" content=\"Reda\u00e7\u00e3o\" \/>\n<meta name=\"twitter:card\" content=\"summary_large_image\" \/>\n<meta name=\"twitter:creator\" content=\"@_OTimoneiro\" \/>\n<meta name=\"twitter:site\" content=\"@_OTimoneiro\" \/>\n<meta name=\"twitter:label1\" content=\"Escrito por\" \/>\n\t<meta name=\"twitter:data1\" content=\"Reda\u00e7\u00e3o\" \/>\n\t<meta name=\"twitter:label2\" content=\"Est. tempo de leitura\" \/>\n\t<meta name=\"twitter:data2\" content=\"2 minutos\" \/>\n<script type=\"application\/ld+json\" class=\"yoast-schema-graph\">{\"@context\":\"https:\/\/schema.org\",\"@graph\":[{\"@type\":\"Article\",\"@id\":\"https:\/\/jornaltimoneiro.com.br\/index.php\/2024\/12\/03\/cachorro-que-ficou-20-dias-em-cima-de-telhado-na-enchente-ganha-lar-em-canoas\/#article\",\"isPartOf\":{\"@id\":\"https:\/\/jornaltimoneiro.com.br\/index.php\/2024\/12\/03\/cachorro-que-ficou-20-dias-em-cima-de-telhado-na-enchente-ganha-lar-em-canoas\/\"},\"author\":{\"name\":\"Reda\u00e7\u00e3o\",\"@id\":\"https:\/\/jornaltimoneiro.com.br\/#\/schema\/person\/f63482f1a02b1a9592707865e509ab40\"},\"headline\":\"Cachorro que ficou 20 dias em cima de telhado na enchente ganha lar em Canoas\",\"datePublished\":\"2024-12-03T13:49:10+00:00\",\"dateModified\":\"2024-12-03T13:49:10+00:00\",\"mainEntityOfPage\":{\"@id\":\"https:\/\/jornaltimoneiro.com.br\/index.php\/2024\/12\/03\/cachorro-que-ficou-20-dias-em-cima-de-telhado-na-enchente-ganha-lar-em-canoas\/\"},\"wordCount\":395,\"commentCount\":0,\"publisher\":{\"@id\":\"https:\/\/jornaltimoneiro.com.br\/#organization\"},\"keywords\":[\"ado\u00e7\u00e3o\",\"animais\",\"black\",\"cachorro\",\"canoas\",\"enchente\",\"enchente de maio\",\"featured\",\"resgate\",\"rio grande do sul\",\"tutor\"],\"articleSection\":[\"Enchente 2024 Canoas\"],\"inLanguage\":\"pt-BR\",\"potentialAction\":[{\"@type\":\"CommentAction\",\"name\":\"Comment\",\"target\":[\"https:\/\/jornaltimoneiro.com.br\/index.php\/2024\/12\/03\/cachorro-que-ficou-20-dias-em-cima-de-telhado-na-enchente-ganha-lar-em-canoas\/#respond\"]}]},{\"@type\":\"WebPage\",\"@id\":\"https:\/\/jornaltimoneiro.com.br\/index.php\/2024\/12\/03\/cachorro-que-ficou-20-dias-em-cima-de-telhado-na-enchente-ganha-lar-em-canoas\/\",\"url\":\"https:\/\/jornaltimoneiro.com.br\/index.php\/2024\/12\/03\/cachorro-que-ficou-20-dias-em-cima-de-telhado-na-enchente-ganha-lar-em-canoas\/\",\"name\":\"Cachorro que ficou 20 dias em cima de telhado na enchente ganha lar em Canoas - O Timoneiro Jornal Canoas RS\",\"isPartOf\":{\"@id\":\"https:\/\/jornaltimoneiro.com.br\/#website\"},\"datePublished\":\"2024-12-03T13:49:10+00:00\",\"dateModified\":\"2024-12-03T13:49:10+00:00\",\"description\":\"Depois de 20 dias em cima de um telhado durante a enchente de Canoas, o cachorrinho Black foi finalmente adotado por uma fam\u00edlia\",\"breadcrumb\":{\"@id\":\"https:\/\/jornaltimoneiro.com.br\/index.php\/2024\/12\/03\/cachorro-que-ficou-20-dias-em-cima-de-telhado-na-enchente-ganha-lar-em-canoas\/#breadcrumb\"},\"inLanguage\":\"pt-BR\",\"potentialAction\":[{\"@type\":\"ReadAction\",\"target\":[\"https:\/\/jornaltimoneiro.com.br\/index.php\/2024\/12\/03\/cachorro-que-ficou-20-dias-em-cima-de-telhado-na-enchente-ganha-lar-em-canoas\/\"]}]},{\"@type\":\"BreadcrumbList\",\"@id\":\"https:\/\/jornaltimoneiro.com.br\/index.php\/2024\/12\/03\/cachorro-que-ficou-20-dias-em-cima-de-telhado-na-enchente-ganha-lar-em-canoas\/#breadcrumb\",\"itemListElement\":[{\"@type\":\"ListItem\",\"position\":1,\"name\":\"In\u00edcio\",\"item\":\"https:\/\/jornaltimoneiro.com.br\/\"},{\"@type\":\"ListItem\",\"position\":2,\"name\":\"Cachorro que ficou 20 dias em cima de telhado na enchente ganha lar em Canoas\"}]},{\"@type\":\"WebSite\",\"@id\":\"https:\/\/jornaltimoneiro.com.br\/#website\",\"url\":\"https:\/\/jornaltimoneiro.com.br\/\",\"name\":\"Jornal Timoneiro Canoas RS\",\"description\":\"Jornal O Timoneiro, o verdadeiro jornal de Canoas\",\"publisher\":{\"@id\":\"https:\/\/jornaltimoneiro.com.br\/#organization\"},\"potentialAction\":[{\"@type\":\"SearchAction\",\"target\":{\"@type\":\"EntryPoint\",\"urlTemplate\":\"https:\/\/jornaltimoneiro.com.br\/?s={search_term_string}\"},\"query-input\":\"required name=search_term_string\"}],\"inLanguage\":\"pt-BR\"},{\"@type\":\"Organization\",\"@id\":\"https:\/\/jornaltimoneiro.com.br\/#organization\",\"name\":\"Jornal Timoneiro Canoas RS\",\"url\":\"https:\/\/jornaltimoneiro.com.br\/\",\"logo\":{\"@type\":\"ImageObject\",\"inLanguage\":\"pt-BR\",\"@id\":\"https:\/\/jornaltimoneiro.com.br\/#\/schema\/logo\/image\/\",\"url\":\"https:\/\/jornaltimoneiro.com.br\/wp-content\/uploads\/2023\/03\/logonovo.png\",\"contentUrl\":\"https:\/\/jornaltimoneiro.com.br\/wp-content\/uploads\/2023\/03\/logonovo.png\",\"width\":\"469\",\"height\":\"171\",\"caption\":\"Jornal Timoneiro Canoas RS\"},\"image\":{\"@id\":\"https:\/\/jornaltimoneiro.com.br\/#\/schema\/logo\/image\/\"},\"sameAs\":[\"https:\/\/www.facebook.com\/jornaltimoneiro\",\"https:\/\/twitter.com\/_OTimoneiro\",\"https:\/\/www.instagram.com\/jornaltimoneirocanoas\/\",\"https:\/\/www.youtube.com\/@jornalotimoneiro7927\"]},{\"@type\":\"Person\",\"@id\":\"https:\/\/jornaltimoneiro.com.br\/#\/schema\/person\/f63482f1a02b1a9592707865e509ab40\",\"name\":\"Reda\u00e7\u00e3o\",\"image\":{\"@type\":\"ImageObject\",\"inLanguage\":\"pt-BR\",\"@id\":\"https:\/\/jornaltimoneiro.com.br\/#\/schema\/person\/image\/\",\"url\":\"https:\/\/jornaltimoneiro.com.br\/wp-content\/uploads\/2023\/03\/download.jpeg\",\"contentUrl\":\"https:\/\/jornaltimoneiro.com.br\/wp-content\/uploads\/2023\/03\/download.jpeg\",\"caption\":\"Reda\u00e7\u00e3o\"},\"url\":\"https:\/\/jornaltimoneiro.com.br\/index.php\/author\/simone-dutra\/\"}]}<\/script>\n<!-- \/ Yoast SEO plugin. -->","yoast_head_json":{"title":"Cachorro que ficou 20 dias em cima de telhado na enchente ganha lar em Canoas - O Timoneiro Jornal Canoas RS","description":"Depois de 20 dias em cima de um telhado durante a enchente de Canoas, o cachorrinho Black foi finalmente adotado por uma fam\u00edlia","robots":{"index":"index","follow":"follow","max-snippet":"max-snippet:-1","max-image-preview":"max-image-preview:large","max-video-preview":"max-video-preview:-1"},"canonical":"https:\/\/jornaltimoneiro.com.br\/index.php\/2024\/12\/03\/cachorro-que-ficou-20-dias-em-cima-de-telhado-na-enchente-ganha-lar-em-canoas\/","og_locale":"pt_BR","og_type":"article","og_title":"Cachorro que ficou 20 dias em cima de telhado na enchente ganha lar em Canoas - O Timoneiro Jornal Canoas RS","og_description":"Depois de 20 dias em cima de um telhado durante a enchente de Canoas, o cachorrinho Black foi finalmente adotado por uma fam\u00edlia","og_url":"https:\/\/jornaltimoneiro.com.br\/index.php\/2024\/12\/03\/cachorro-que-ficou-20-dias-em-cima-de-telhado-na-enchente-ganha-lar-em-canoas\/","og_site_name":"O Timoneiro Jornal Canoas RS","article_publisher":"https:\/\/www.facebook.com\/jornaltimoneiro","article_published_time":"2024-12-03T13:49:10+00:00","og_image":[{"width":"1080","height":"719","url":"https:\/\/jornaltimoneiro.com.br\/wp-content\/uploads\/2024\/12\/Cachorro-que-ficou-20-dias-em-cima-de-telhado-na-enchente-ganha-lar-em-Canoas.jpeg","type":"image\/jpeg"}],"author":"Reda\u00e7\u00e3o","twitter_card":"summary_large_image","twitter_creator":"@_OTimoneiro","twitter_site":"@_OTimoneiro","twitter_misc":{"Escrito por":"Reda\u00e7\u00e3o","Est. tempo de leitura":"2 minutos"},"schema":{"@context":"https:\/\/schema.org","@graph":[{"@type":"Article","@id":"https:\/\/jornaltimoneiro.com.br\/index.php\/2024\/12\/03\/cachorro-que-ficou-20-dias-em-cima-de-telhado-na-enchente-ganha-lar-em-canoas\/#article","isPartOf":{"@id":"https:\/\/jornaltimoneiro.com.br\/index.php\/2024\/12\/03\/cachorro-que-ficou-20-dias-em-cima-de-telhado-na-enchente-ganha-lar-em-canoas\/"},"author":{"name":"Reda\u00e7\u00e3o","@id":"https:\/\/jornaltimoneiro.com.br\/#\/schema\/person\/f63482f1a02b1a9592707865e509ab40"},"headline":"Cachorro que ficou 20 dias em cima de telhado na enchente ganha lar em Canoas","datePublished":"2024-12-03T13:49:10+00:00","dateModified":"2024-12-03T13:49:10+00:00","mainEntityOfPage":{"@id":"https:\/\/jornaltimoneiro.com.br\/index.php\/2024\/12\/03\/cachorro-que-ficou-20-dias-em-cima-de-telhado-na-enchente-ganha-lar-em-canoas\/"},"wordCount":395,"commentCount":0,"publisher":{"@id":"https:\/\/jornaltimoneiro.com.br\/#organization"},"keywords":["ado\u00e7\u00e3o","animais","black","cachorro","canoas","enchente","enchente de maio","featured","resgate","rio grande do sul","tutor"],"articleSection":["Enchente 2024 Canoas"],"inLanguage":"pt-BR","potentialAction":[{"@type":"CommentAction","name":"Comment","target":["https:\/\/jornaltimoneiro.com.br\/index.php\/2024\/12\/03\/cachorro-que-ficou-20-dias-em-cima-de-telhado-na-enchente-ganha-lar-em-canoas\/#respond"]}]},{"@type":"WebPage","@id":"https:\/\/jornaltimoneiro.com.br\/index.php\/2024\/12\/03\/cachorro-que-ficou-20-dias-em-cima-de-telhado-na-enchente-ganha-lar-em-canoas\/","url":"https:\/\/jornaltimoneiro.com.br\/index.php\/2024\/12\/03\/cachorro-que-ficou-20-dias-em-cima-de-telhado-na-enchente-ganha-lar-em-canoas\/","name":"Cachorro que ficou 20 dias em cima de telhado na enchente ganha lar em Canoas - O Timoneiro Jornal Canoas RS","isPartOf":{"@id":"https:\/\/jornaltimoneiro.com.br\/#website"},"datePublished":"2024-12-03T13:49:10+00:00","dateModified":"2024-12-03T13:49:10+00:00","description":"Depois de 20 dias em cima de um telhado durante a enchente de Canoas, o cachorrinho Black foi finalmente adotado por uma fam\u00edlia","breadcrumb":{"@id":"https:\/\/jornaltimoneiro.com.br\/index.php\/2024\/12\/03\/cachorro-que-ficou-20-dias-em-cima-de-telhado-na-enchente-ganha-lar-em-canoas\/#breadcrumb"},"inLanguage":"pt-BR","potentialAction":[{"@type":"ReadAction","target":["https:\/\/jornaltimoneiro.com.br\/index.php\/2024\/12\/03\/cachorro-que-ficou-20-dias-em-cima-de-telhado-na-enchente-ganha-lar-em-canoas\/"]}]},{"@type":"BreadcrumbList","@id":"https:\/\/jornaltimoneiro.com.br\/index.php\/2024\/12\/03\/cachorro-que-ficou-20-dias-em-cima-de-telhado-na-enchente-ganha-lar-em-canoas\/#breadcrumb","itemListElement":[{"@type":"ListItem","position":1,"name":"In\u00edcio","item":"https:\/\/jornaltimoneiro.com.br\/"},{"@type":"ListItem","position":2,"name":"Cachorro que ficou 20 dias em cima de telhado na enchente ganha lar em Canoas"}]},{"@type":"WebSite","@id":"https:\/\/jornaltimoneiro.com.br\/#website","url":"https:\/\/jornaltimoneiro.com.br\/","name":"Jornal Timoneiro Canoas RS","description":"Jornal O Timoneiro, o verdadeiro jornal de Canoas","publisher":{"@id":"https:\/\/jornaltimoneiro.com.br\/#organization"},"potentialAction":[{"@type":"SearchAction","target":{"@type":"EntryPoint","urlTemplate":"https:\/\/jornaltimoneiro.com.br\/?s={search_term_string}"},"query-input":"required name=search_term_string"}],"inLanguage":"pt-BR"},{"@type":"Organization","@id":"https:\/\/jornaltimoneiro.com.br\/#organization","name":"Jornal Timoneiro Canoas RS","url":"https:\/\/jornaltimoneiro.com.br\/","logo":{"@type":"ImageObject","inLanguage":"pt-BR","@id":"https:\/\/jornaltimoneiro.com.br\/#\/schema\/logo\/image\/","url":"https:\/\/jornaltimoneiro.com.br\/wp-content\/uploads\/2023\/03\/logonovo.png","contentUrl":"https:\/\/jornaltimoneiro.com.br\/wp-content\/uploads\/2023\/03\/logonovo.png","width":"469","height":"171","caption":"Jornal Timoneiro Canoas RS"},"image":{"@id":"https:\/\/jornaltimoneiro.com.br\/#\/schema\/logo\/image\/"},"sameAs":["https:\/\/www.facebook.com\/jornaltimoneiro","https:\/\/twitter.com\/_OTimoneiro","https:\/\/www.instagram.com\/jornaltimoneirocanoas\/","https:\/\/www.youtube.com\/@jornalotimoneiro7927"]},{"@type":"Person","@id":"https:\/\/jornaltimoneiro.com.br\/#\/schema\/person\/f63482f1a02b1a9592707865e509ab40","name":"Reda\u00e7\u00e3o","image":{"@type":"ImageObject","inLanguage":"pt-BR","@id":"https:\/\/jornaltimoneiro.com.br\/#\/schema\/person\/image\/","url":"https:\/\/jornaltimoneiro.com.br\/wp-content\/uploads\/2023\/03\/download.jpeg","contentUrl":"https:\/\/jornaltimoneiro.com.br\/wp-content\/uploads\/2023\/03\/download.jpeg","caption":"Reda\u00e7\u00e3o"},"url":"https:\/\/jornaltimoneiro.com.br\/index.php\/author\/simone-dutra\/"}]}},"_links":{"self":[{"href":"https:\/\/jornaltimoneiro.com.br\/index.php\/wp-json\/wp\/v2\/posts\/33053"}],"collection":[{"href":"https:\/\/jornaltimoneiro.com.br\/index.php\/wp-json\/wp\/v2\/posts"}],"about":[{"href":"https:\/\/jornaltimoneiro.com.br\/index.php\/wp-json\/wp\/v2\/types\/post"}],"author":[{"embeddable":true,"href":"https:\/\/jornaltimoneiro.com.br\/index.php\/wp-json\/wp\/v2\/users\/2"}],"replies":[{"embeddable":true,"href":"https:\/\/jornaltimoneiro.com.br\/index.php\/wp-json\/wp\/v2\/comments?post=33053"}],"version-history":[{"count":1,"href":"https:\/\/jornaltimoneiro.com.br\/index.php\/wp-json\/wp\/v2\/posts\/33053\/revisions"}],"predecessor-version":[{"id":33055,"href":"https:\/\/jornaltimoneiro.com.br\/index.php\/wp-json\/wp\/v2\/posts\/33053\/revisions\/33055"}],"wp:featuredmedia":[{"embeddable":true,"href":"https:\/\/jornaltimoneiro.com.br\/index.php\/wp-json\/wp\/v2\/media\/33054"}],"wp:attachment":[{"href":"https:\/\/jornaltimoneiro.com.br\/index.php\/wp-json\/wp\/v2\/media?parent=33053"}],"wp:term":[{"taxonomy":"category","embeddable":true,"href":"https:\/\/jornaltimoneiro.com.br\/index.php\/wp-json\/wp\/v2\/categories?post=33053"},{"taxonomy":"post_tag","embeddable":true,"href":"https:\/\/jornaltimoneiro.com.br\/index.php\/wp-json\/wp\/v2\/tags?post=33053"}],"curies":[{"name":"wp","href":"https:\/\/api.w.org\/{rel}","templated":true}]}}