{"id":33018,"date":"2024-11-29T15:21:49","date_gmt":"2024-11-29T18:21:49","guid":{"rendered":"https:\/\/jornaltimoneiro.com.br\/?p=33018"},"modified":"2024-11-29T15:21:49","modified_gmt":"2024-11-29T18:21:49","slug":"mario-bertani-lanca-o-livro-maria-uma-historia-real-de-combate-a-ma-politica","status":"publish","type":"post","link":"https:\/\/jornaltimoneiro.com.br\/index.php\/2024\/11\/29\/mario-bertani-lanca-o-livro-maria-uma-historia-real-de-combate-a-ma-politica\/","title":{"rendered":"Mario Bertani lan\u00e7a o livro &#8220;Maria, uma hist\u00f3ria real de combate \u00e0 m\u00e1 pol\u00edtica&#8221;"},"content":{"rendered":"<p>O agricultor e advogado M\u00e1rio Bertani, eventualmente escritor, lan\u00e7ar\u00e1 sua nova obra, &#8220;Maria, uma hist\u00f3ria real de combate \u00e0 m\u00e1 pol\u00edtica&#8221;, no dia 5 de dezembro, quinta-feira, das 17h \u00e0s 21h, no Bistr\u00f4 da Catedral, em Porto Alegre.<\/p>\n<p>O livro oferece uma an\u00e1lise cr\u00edtica da realidade pol\u00edtica do Brasil, abordando quest\u00f5es como a pobreza e a corrup\u00e7\u00e3o que afetam a vida da popula\u00e7\u00e3o, detalhando em n\u00fameros os reais motivos que levam \u00e0 atual situa\u00e7\u00e3o.<\/p>\n<h4>livro<\/h4>\n<p>A narrativa gira em torno de Maria, uma faxineira em tratamento de c\u00e2ncer que nutre o sonho de proporcionar um futuro melhor \u00e0s pessoas de seu bairro (o mais pobre da cidade). Dedica todo o esfor\u00e7o \u00e0 sua filha, Daniela, uma estudante dedicada aos estudos de Filosofia, com objetivo de ensinar \u00e9tica e moral, objetivando construir uma sociedade mais digna, principalmente na pol\u00edtica.<\/p>\n<p>A obra destaca tamb\u00e9m as dificuldades enfrentadas por cidad\u00e3os comuns \u201cem meio \u00e0 politicagem e \u00e0 falta de \u00e9tica na administra\u00e7\u00e3o p\u00fablica\u201d, com \u00eanfase especial na cidade de Espumoso, terra natal do autor.<\/p>\n<p>Baseando-se em fatos ver\u00eddicos, M\u00e1rio Bertani relata a trajet\u00f3ria de Maria, incluindo sua candidatura \u00e0 verean\u00e7a de Espumoso: \u201ca protagonista, com poucos recursos, se destacou por sua dignidade, \u00e9tica e idealismo\u201d.<\/p>\n<p>O autor tamb\u00e9m narra como Maria lutou por melhorias nas \u00e1reas de sa\u00fade, habita\u00e7\u00e3o e emprego, mesmo enfrentando desafios pessoais ao viajar 80 km para sess\u00f5es de quimioterapia.<\/p>\n<p>Apesar de toda a sua dedica\u00e7\u00e3o e esfor\u00e7o, ela obteve apenas (0,27% dos votos), enquanto que o vereador advers\u00e1rio, de mesmo perfil, mas com suspeita de uso da m\u00e1quina p\u00fablica (dois processos investigativos) elegeu-se com 6,33% dos votos.<\/p>\n<p>Para finalizar cita o paradoxo do Rio Grande do Sul: \u201cnos orgulhamos dos grandes pol\u00edticos, mas, na soma nacional, a classe \u00e9 a culpada pela injusta e dram\u00e1tica situa\u00e7\u00e3o do povo\u00a0brasileiro\u201d.<\/p>\n","protected":false},"excerpt":{"rendered":"<p>O agricultor e advogado M\u00e1rio Bertani, eventualmente escritor, lan\u00e7ar\u00e1 sua nova obra, &#8220;Maria, uma hist\u00f3ria real de combate \u00e0 m\u00e1 pol\u00edtica&#8221;, no dia 5 de dezembro, quinta-feira, das 17h \u00e0s 21h, no Bistr\u00f4 da Catedral, em Porto Alegre. O livro oferece uma an\u00e1lise cr\u00edtica da realidade pol\u00edtica do Brasil, abordando quest\u00f5es como a pobreza e [&hellip;]<\/p>\n","protected":false},"author":2,"featured_media":33021,"comment_status":"open","ping_status":"open","sticky":false,"template":"","format":"standard","meta":{"amp_status":"","footnotes":""},"categories":[3521],"tags":[31,339,535,3745,3746,121,213],"class_list":["post-33018","post","type-post","status-publish","format-standard","has-post-thumbnail","hentry","category-literatura","tag-canoas","tag-literatura","tag-livro","tag-maria","tag-mario-bertani","tag-porto-alegre","tag-rio-grande-do-sul"],"yoast_head":"<!-- This site is optimized with the Yoast SEO plugin v20.5 - https:\/\/yoast.com\/wordpress\/plugins\/seo\/ -->\n<title>Mario Bertani lan\u00e7a o livro &quot;Maria, uma hist\u00f3ria real de combate \u00e0 m\u00e1 pol\u00edtica&quot; - O Timoneiro Jornal Canoas RS<\/title>\n<meta name=\"description\" content=\"M\u00e1rio Bertani, eventualmente escritor, lan\u00e7ar\u00e1 sua nova obra, &quot;Maria, uma hist\u00f3ria real de combate \u00e0 m\u00e1 pol\u00edtica&quot;, em Porto Alegre\" \/>\n<meta name=\"robots\" content=\"index, follow, max-snippet:-1, max-image-preview:large, max-video-preview:-1\" \/>\n<link rel=\"canonical\" href=\"https:\/\/jornaltimoneiro.com.br\/index.php\/2024\/11\/29\/mario-bertani-lanca-o-livro-maria-uma-historia-real-de-combate-a-ma-politica\/\" \/>\n<meta property=\"og:locale\" content=\"pt_BR\" \/>\n<meta property=\"og:type\" content=\"article\" \/>\n<meta property=\"og:title\" content=\"Mario Bertani lan\u00e7a o livro &quot;Maria, uma hist\u00f3ria real de combate \u00e0 m\u00e1 pol\u00edtica&quot; - O Timoneiro Jornal Canoas RS\" \/>\n<meta property=\"og:description\" content=\"M\u00e1rio Bertani, eventualmente escritor, lan\u00e7ar\u00e1 sua nova obra, &quot;Maria, uma hist\u00f3ria real de combate \u00e0 m\u00e1 pol\u00edtica&quot;, em Porto Alegre\" \/>\n<meta property=\"og:url\" content=\"https:\/\/jornaltimoneiro.com.br\/index.php\/2024\/11\/29\/mario-bertani-lanca-o-livro-maria-uma-historia-real-de-combate-a-ma-politica\/\" \/>\n<meta property=\"og:site_name\" content=\"O Timoneiro Jornal Canoas RS\" \/>\n<meta property=\"article:publisher\" content=\"https:\/\/www.facebook.com\/jornaltimoneiro\" \/>\n<meta property=\"article:published_time\" content=\"2024-11-29T18:21:49+00:00\" \/>\n<meta property=\"og:image\" content=\"https:\/\/jornaltimoneiro.com.br\/wp-content\/uploads\/2024\/11\/Mario-Bertani-lanca-o-livro-Maria-uma-historia-real-de-combate-a-ma-politica.jpeg\" \/>\n\t<meta property=\"og:image:width\" content=\"774\" \/>\n\t<meta property=\"og:image:height\" content=\"830\" \/>\n\t<meta property=\"og:image:type\" content=\"image\/jpeg\" \/>\n<meta name=\"author\" content=\"Reda\u00e7\u00e3o\" \/>\n<meta name=\"twitter:card\" content=\"summary_large_image\" \/>\n<meta name=\"twitter:creator\" content=\"@_OTimoneiro\" \/>\n<meta name=\"twitter:site\" content=\"@_OTimoneiro\" \/>\n<meta name=\"twitter:label1\" content=\"Escrito por\" \/>\n\t<meta name=\"twitter:data1\" content=\"Reda\u00e7\u00e3o\" \/>\n\t<meta name=\"twitter:label2\" content=\"Est. tempo de leitura\" \/>\n\t<meta name=\"twitter:data2\" content=\"2 minutos\" \/>\n<script type=\"application\/ld+json\" class=\"yoast-schema-graph\">{\"@context\":\"https:\/\/schema.org\",\"@graph\":[{\"@type\":\"Article\",\"@id\":\"https:\/\/jornaltimoneiro.com.br\/index.php\/2024\/11\/29\/mario-bertani-lanca-o-livro-maria-uma-historia-real-de-combate-a-ma-politica\/#article\",\"isPartOf\":{\"@id\":\"https:\/\/jornaltimoneiro.com.br\/index.php\/2024\/11\/29\/mario-bertani-lanca-o-livro-maria-uma-historia-real-de-combate-a-ma-politica\/\"},\"author\":{\"name\":\"Reda\u00e7\u00e3o\",\"@id\":\"https:\/\/jornaltimoneiro.com.br\/#\/schema\/person\/f63482f1a02b1a9592707865e509ab40\"},\"headline\":\"Mario Bertani lan\u00e7a o livro &#8220;Maria, uma hist\u00f3ria real de combate \u00e0 m\u00e1 pol\u00edtica&#8221;\",\"datePublished\":\"2024-11-29T18:21:49+00:00\",\"dateModified\":\"2024-11-29T18:21:49+00:00\",\"mainEntityOfPage\":{\"@id\":\"https:\/\/jornaltimoneiro.com.br\/index.php\/2024\/11\/29\/mario-bertani-lanca-o-livro-maria-uma-historia-real-de-combate-a-ma-politica\/\"},\"wordCount\":340,\"commentCount\":0,\"publisher\":{\"@id\":\"https:\/\/jornaltimoneiro.com.br\/#organization\"},\"keywords\":[\"canoas\",\"literatura\",\"livro\",\"maria\",\"mario bertani\",\"Porto Alegre\",\"rio grande do sul\"],\"articleSection\":[\"Literatura\"],\"inLanguage\":\"pt-BR\",\"potentialAction\":[{\"@type\":\"CommentAction\",\"name\":\"Comment\",\"target\":[\"https:\/\/jornaltimoneiro.com.br\/index.php\/2024\/11\/29\/mario-bertani-lanca-o-livro-maria-uma-historia-real-de-combate-a-ma-politica\/#respond\"]}]},{\"@type\":\"WebPage\",\"@id\":\"https:\/\/jornaltimoneiro.com.br\/index.php\/2024\/11\/29\/mario-bertani-lanca-o-livro-maria-uma-historia-real-de-combate-a-ma-politica\/\",\"url\":\"https:\/\/jornaltimoneiro.com.br\/index.php\/2024\/11\/29\/mario-bertani-lanca-o-livro-maria-uma-historia-real-de-combate-a-ma-politica\/\",\"name\":\"Mario Bertani lan\u00e7a o livro \\\"Maria, uma hist\u00f3ria real de combate \u00e0 m\u00e1 pol\u00edtica\\\" - O Timoneiro Jornal Canoas RS\",\"isPartOf\":{\"@id\":\"https:\/\/jornaltimoneiro.com.br\/#website\"},\"datePublished\":\"2024-11-29T18:21:49+00:00\",\"dateModified\":\"2024-11-29T18:21:49+00:00\",\"description\":\"M\u00e1rio Bertani, eventualmente escritor, lan\u00e7ar\u00e1 sua nova obra, \\\"Maria, uma hist\u00f3ria real de combate \u00e0 m\u00e1 pol\u00edtica\\\", em Porto Alegre\",\"breadcrumb\":{\"@id\":\"https:\/\/jornaltimoneiro.com.br\/index.php\/2024\/11\/29\/mario-bertani-lanca-o-livro-maria-uma-historia-real-de-combate-a-ma-politica\/#breadcrumb\"},\"inLanguage\":\"pt-BR\",\"potentialAction\":[{\"@type\":\"ReadAction\",\"target\":[\"https:\/\/jornaltimoneiro.com.br\/index.php\/2024\/11\/29\/mario-bertani-lanca-o-livro-maria-uma-historia-real-de-combate-a-ma-politica\/\"]}]},{\"@type\":\"BreadcrumbList\",\"@id\":\"https:\/\/jornaltimoneiro.com.br\/index.php\/2024\/11\/29\/mario-bertani-lanca-o-livro-maria-uma-historia-real-de-combate-a-ma-politica\/#breadcrumb\",\"itemListElement\":[{\"@type\":\"ListItem\",\"position\":1,\"name\":\"In\u00edcio\",\"item\":\"https:\/\/jornaltimoneiro.com.br\/\"},{\"@type\":\"ListItem\",\"position\":2,\"name\":\"Mario Bertani lan\u00e7a o livro &#8220;Maria, uma hist\u00f3ria real de combate \u00e0 m\u00e1 pol\u00edtica&#8221;\"}]},{\"@type\":\"WebSite\",\"@id\":\"https:\/\/jornaltimoneiro.com.br\/#website\",\"url\":\"https:\/\/jornaltimoneiro.com.br\/\",\"name\":\"Jornal Timoneiro Canoas RS\",\"description\":\"Jornal O Timoneiro, o verdadeiro jornal de Canoas\",\"publisher\":{\"@id\":\"https:\/\/jornaltimoneiro.com.br\/#organization\"},\"potentialAction\":[{\"@type\":\"SearchAction\",\"target\":{\"@type\":\"EntryPoint\",\"urlTemplate\":\"https:\/\/jornaltimoneiro.com.br\/?s={search_term_string}\"},\"query-input\":\"required name=search_term_string\"}],\"inLanguage\":\"pt-BR\"},{\"@type\":\"Organization\",\"@id\":\"https:\/\/jornaltimoneiro.com.br\/#organization\",\"name\":\"Jornal Timoneiro Canoas RS\",\"url\":\"https:\/\/jornaltimoneiro.com.br\/\",\"logo\":{\"@type\":\"ImageObject\",\"inLanguage\":\"pt-BR\",\"@id\":\"https:\/\/jornaltimoneiro.com.br\/#\/schema\/logo\/image\/\",\"url\":\"https:\/\/jornaltimoneiro.com.br\/wp-content\/uploads\/2023\/03\/logonovo.png\",\"contentUrl\":\"https:\/\/jornaltimoneiro.com.br\/wp-content\/uploads\/2023\/03\/logonovo.png\",\"width\":\"469\",\"height\":\"171\",\"caption\":\"Jornal Timoneiro Canoas RS\"},\"image\":{\"@id\":\"https:\/\/jornaltimoneiro.com.br\/#\/schema\/logo\/image\/\"},\"sameAs\":[\"https:\/\/www.facebook.com\/jornaltimoneiro\",\"https:\/\/twitter.com\/_OTimoneiro\",\"https:\/\/www.instagram.com\/jornaltimoneirocanoas\/\",\"https:\/\/www.youtube.com\/@jornalotimoneiro7927\"]},{\"@type\":\"Person\",\"@id\":\"https:\/\/jornaltimoneiro.com.br\/#\/schema\/person\/f63482f1a02b1a9592707865e509ab40\",\"name\":\"Reda\u00e7\u00e3o\",\"image\":{\"@type\":\"ImageObject\",\"inLanguage\":\"pt-BR\",\"@id\":\"https:\/\/jornaltimoneiro.com.br\/#\/schema\/person\/image\/\",\"url\":\"https:\/\/jornaltimoneiro.com.br\/wp-content\/uploads\/2023\/03\/download.jpeg\",\"contentUrl\":\"https:\/\/jornaltimoneiro.com.br\/wp-content\/uploads\/2023\/03\/download.jpeg\",\"caption\":\"Reda\u00e7\u00e3o\"},\"url\":\"https:\/\/jornaltimoneiro.com.br\/index.php\/author\/simone-dutra\/\"}]}<\/script>\n<!-- \/ Yoast SEO plugin. -->","yoast_head_json":{"title":"Mario Bertani lan\u00e7a o livro \"Maria, uma hist\u00f3ria real de combate \u00e0 m\u00e1 pol\u00edtica\" - O Timoneiro Jornal Canoas RS","description":"M\u00e1rio Bertani, eventualmente escritor, lan\u00e7ar\u00e1 sua nova obra, \"Maria, uma hist\u00f3ria real de combate \u00e0 m\u00e1 pol\u00edtica\", em Porto Alegre","robots":{"index":"index","follow":"follow","max-snippet":"max-snippet:-1","max-image-preview":"max-image-preview:large","max-video-preview":"max-video-preview:-1"},"canonical":"https:\/\/jornaltimoneiro.com.br\/index.php\/2024\/11\/29\/mario-bertani-lanca-o-livro-maria-uma-historia-real-de-combate-a-ma-politica\/","og_locale":"pt_BR","og_type":"article","og_title":"Mario Bertani lan\u00e7a o livro \"Maria, uma hist\u00f3ria real de combate \u00e0 m\u00e1 pol\u00edtica\" - O Timoneiro Jornal Canoas RS","og_description":"M\u00e1rio Bertani, eventualmente escritor, lan\u00e7ar\u00e1 sua nova obra, \"Maria, uma hist\u00f3ria real de combate \u00e0 m\u00e1 pol\u00edtica\", em Porto Alegre","og_url":"https:\/\/jornaltimoneiro.com.br\/index.php\/2024\/11\/29\/mario-bertani-lanca-o-livro-maria-uma-historia-real-de-combate-a-ma-politica\/","og_site_name":"O Timoneiro Jornal Canoas RS","article_publisher":"https:\/\/www.facebook.com\/jornaltimoneiro","article_published_time":"2024-11-29T18:21:49+00:00","og_image":[{"width":"774","height":"830","url":"https:\/\/jornaltimoneiro.com.br\/wp-content\/uploads\/2024\/11\/Mario-Bertani-lanca-o-livro-Maria-uma-historia-real-de-combate-a-ma-politica.jpeg","type":"image\/jpeg"}],"author":"Reda\u00e7\u00e3o","twitter_card":"summary_large_image","twitter_creator":"@_OTimoneiro","twitter_site":"@_OTimoneiro","twitter_misc":{"Escrito por":"Reda\u00e7\u00e3o","Est. tempo de leitura":"2 minutos"},"schema":{"@context":"https:\/\/schema.org","@graph":[{"@type":"Article","@id":"https:\/\/jornaltimoneiro.com.br\/index.php\/2024\/11\/29\/mario-bertani-lanca-o-livro-maria-uma-historia-real-de-combate-a-ma-politica\/#article","isPartOf":{"@id":"https:\/\/jornaltimoneiro.com.br\/index.php\/2024\/11\/29\/mario-bertani-lanca-o-livro-maria-uma-historia-real-de-combate-a-ma-politica\/"},"author":{"name":"Reda\u00e7\u00e3o","@id":"https:\/\/jornaltimoneiro.com.br\/#\/schema\/person\/f63482f1a02b1a9592707865e509ab40"},"headline":"Mario Bertani lan\u00e7a o livro &#8220;Maria, uma hist\u00f3ria real de combate \u00e0 m\u00e1 pol\u00edtica&#8221;","datePublished":"2024-11-29T18:21:49+00:00","dateModified":"2024-11-29T18:21:49+00:00","mainEntityOfPage":{"@id":"https:\/\/jornaltimoneiro.com.br\/index.php\/2024\/11\/29\/mario-bertani-lanca-o-livro-maria-uma-historia-real-de-combate-a-ma-politica\/"},"wordCount":340,"commentCount":0,"publisher":{"@id":"https:\/\/jornaltimoneiro.com.br\/#organization"},"keywords":["canoas","literatura","livro","maria","mario bertani","Porto Alegre","rio grande do sul"],"articleSection":["Literatura"],"inLanguage":"pt-BR","potentialAction":[{"@type":"CommentAction","name":"Comment","target":["https:\/\/jornaltimoneiro.com.br\/index.php\/2024\/11\/29\/mario-bertani-lanca-o-livro-maria-uma-historia-real-de-combate-a-ma-politica\/#respond"]}]},{"@type":"WebPage","@id":"https:\/\/jornaltimoneiro.com.br\/index.php\/2024\/11\/29\/mario-bertani-lanca-o-livro-maria-uma-historia-real-de-combate-a-ma-politica\/","url":"https:\/\/jornaltimoneiro.com.br\/index.php\/2024\/11\/29\/mario-bertani-lanca-o-livro-maria-uma-historia-real-de-combate-a-ma-politica\/","name":"Mario Bertani lan\u00e7a o livro \"Maria, uma hist\u00f3ria real de combate \u00e0 m\u00e1 pol\u00edtica\" - O Timoneiro Jornal Canoas RS","isPartOf":{"@id":"https:\/\/jornaltimoneiro.com.br\/#website"},"datePublished":"2024-11-29T18:21:49+00:00","dateModified":"2024-11-29T18:21:49+00:00","description":"M\u00e1rio Bertani, eventualmente escritor, lan\u00e7ar\u00e1 sua nova obra, \"Maria, uma hist\u00f3ria real de combate \u00e0 m\u00e1 pol\u00edtica\", em Porto Alegre","breadcrumb":{"@id":"https:\/\/jornaltimoneiro.com.br\/index.php\/2024\/11\/29\/mario-bertani-lanca-o-livro-maria-uma-historia-real-de-combate-a-ma-politica\/#breadcrumb"},"inLanguage":"pt-BR","potentialAction":[{"@type":"ReadAction","target":["https:\/\/jornaltimoneiro.com.br\/index.php\/2024\/11\/29\/mario-bertani-lanca-o-livro-maria-uma-historia-real-de-combate-a-ma-politica\/"]}]},{"@type":"BreadcrumbList","@id":"https:\/\/jornaltimoneiro.com.br\/index.php\/2024\/11\/29\/mario-bertani-lanca-o-livro-maria-uma-historia-real-de-combate-a-ma-politica\/#breadcrumb","itemListElement":[{"@type":"ListItem","position":1,"name":"In\u00edcio","item":"https:\/\/jornaltimoneiro.com.br\/"},{"@type":"ListItem","position":2,"name":"Mario Bertani lan\u00e7a o livro &#8220;Maria, uma hist\u00f3ria real de combate \u00e0 m\u00e1 pol\u00edtica&#8221;"}]},{"@type":"WebSite","@id":"https:\/\/jornaltimoneiro.com.br\/#website","url":"https:\/\/jornaltimoneiro.com.br\/","name":"Jornal Timoneiro Canoas RS","description":"Jornal O Timoneiro, o verdadeiro jornal de Canoas","publisher":{"@id":"https:\/\/jornaltimoneiro.com.br\/#organization"},"potentialAction":[{"@type":"SearchAction","target":{"@type":"EntryPoint","urlTemplate":"https:\/\/jornaltimoneiro.com.br\/?s={search_term_string}"},"query-input":"required name=search_term_string"}],"inLanguage":"pt-BR"},{"@type":"Organization","@id":"https:\/\/jornaltimoneiro.com.br\/#organization","name":"Jornal Timoneiro Canoas RS","url":"https:\/\/jornaltimoneiro.com.br\/","logo":{"@type":"ImageObject","inLanguage":"pt-BR","@id":"https:\/\/jornaltimoneiro.com.br\/#\/schema\/logo\/image\/","url":"https:\/\/jornaltimoneiro.com.br\/wp-content\/uploads\/2023\/03\/logonovo.png","contentUrl":"https:\/\/jornaltimoneiro.com.br\/wp-content\/uploads\/2023\/03\/logonovo.png","width":"469","height":"171","caption":"Jornal Timoneiro Canoas RS"},"image":{"@id":"https:\/\/jornaltimoneiro.com.br\/#\/schema\/logo\/image\/"},"sameAs":["https:\/\/www.facebook.com\/jornaltimoneiro","https:\/\/twitter.com\/_OTimoneiro","https:\/\/www.instagram.com\/jornaltimoneirocanoas\/","https:\/\/www.youtube.com\/@jornalotimoneiro7927"]},{"@type":"Person","@id":"https:\/\/jornaltimoneiro.com.br\/#\/schema\/person\/f63482f1a02b1a9592707865e509ab40","name":"Reda\u00e7\u00e3o","image":{"@type":"ImageObject","inLanguage":"pt-BR","@id":"https:\/\/jornaltimoneiro.com.br\/#\/schema\/person\/image\/","url":"https:\/\/jornaltimoneiro.com.br\/wp-content\/uploads\/2023\/03\/download.jpeg","contentUrl":"https:\/\/jornaltimoneiro.com.br\/wp-content\/uploads\/2023\/03\/download.jpeg","caption":"Reda\u00e7\u00e3o"},"url":"https:\/\/jornaltimoneiro.com.br\/index.php\/author\/simone-dutra\/"}]}},"_links":{"self":[{"href":"https:\/\/jornaltimoneiro.com.br\/index.php\/wp-json\/wp\/v2\/posts\/33018"}],"collection":[{"href":"https:\/\/jornaltimoneiro.com.br\/index.php\/wp-json\/wp\/v2\/posts"}],"about":[{"href":"https:\/\/jornaltimoneiro.com.br\/index.php\/wp-json\/wp\/v2\/types\/post"}],"author":[{"embeddable":true,"href":"https:\/\/jornaltimoneiro.com.br\/index.php\/wp-json\/wp\/v2\/users\/2"}],"replies":[{"embeddable":true,"href":"https:\/\/jornaltimoneiro.com.br\/index.php\/wp-json\/wp\/v2\/comments?post=33018"}],"version-history":[{"count":1,"href":"https:\/\/jornaltimoneiro.com.br\/index.php\/wp-json\/wp\/v2\/posts\/33018\/revisions"}],"predecessor-version":[{"id":33022,"href":"https:\/\/jornaltimoneiro.com.br\/index.php\/wp-json\/wp\/v2\/posts\/33018\/revisions\/33022"}],"wp:featuredmedia":[{"embeddable":true,"href":"https:\/\/jornaltimoneiro.com.br\/index.php\/wp-json\/wp\/v2\/media\/33021"}],"wp:attachment":[{"href":"https:\/\/jornaltimoneiro.com.br\/index.php\/wp-json\/wp\/v2\/media?parent=33018"}],"wp:term":[{"taxonomy":"category","embeddable":true,"href":"https:\/\/jornaltimoneiro.com.br\/index.php\/wp-json\/wp\/v2\/categories?post=33018"},{"taxonomy":"post_tag","embeddable":true,"href":"https:\/\/jornaltimoneiro.com.br\/index.php\/wp-json\/wp\/v2\/tags?post=33018"}],"curies":[{"name":"wp","href":"https:\/\/api.w.org\/{rel}","templated":true}]}}