{"id":32971,"date":"2024-11-27T11:43:47","date_gmt":"2024-11-27T14:43:47","guid":{"rendered":"https:\/\/jornaltimoneiro.com.br\/?p=32971"},"modified":"2024-11-27T11:43:47","modified_gmt":"2024-11-27T14:43:47","slug":"feira-do-livro-recebe-centenas-de-estudantes-canoenses-durante-a-semana","status":"publish","type":"post","link":"https:\/\/jornaltimoneiro.com.br\/index.php\/2024\/11\/27\/feira-do-livro-recebe-centenas-de-estudantes-canoenses-durante-a-semana\/","title":{"rendered":"Feira do Livro recebe centenas de estudantes canoenses durante a semana"},"content":{"rendered":"<p><img decoding=\"async\" class=\"alignnone size-large wp-image-32918\" src=\"https:\/\/jornaltimoneiro.com.br\/wp-content\/uploads\/2024\/11\/Feira-do-Livro-1024x138.png\" alt=\"\" width=\"740\" height=\"100\" srcset=\"https:\/\/jornaltimoneiro.com.br\/wp-content\/uploads\/2024\/11\/Feira-do-Livro-1024x138.png 1024w, https:\/\/jornaltimoneiro.com.br\/wp-content\/uploads\/2024\/11\/Feira-do-Livro-300x40.png 300w, https:\/\/jornaltimoneiro.com.br\/wp-content\/uploads\/2024\/11\/Feira-do-Livro-768x104.png 768w, https:\/\/jornaltimoneiro.com.br\/wp-content\/uploads\/2024\/11\/Feira-do-Livro-1536x207.png 1536w, https:\/\/jornaltimoneiro.com.br\/wp-content\/uploads\/2024\/11\/Feira-do-Livro-2048x276.png 2048w\" sizes=\"(max-width: 740px) 100vw, 740px\" \/><\/p>\n<p>A 39\u00aa Feira do Livro de Canoas tem sido um sucesso entre os jovens leitores. Luiz Henrique, aluno da EMEF Erna W\u00fcrth, expressou sua felicidade enquanto mostrava suas compras no evento.<\/p>\n<blockquote><p>\u201cComprei esse livro porque adoro anime, e ele \u00e9 sobre um dos meus personagens favoritos. Nunca tinha encontrado para comprar, ent\u00e3o, quando vi, n\u00e3o pensei duas vezes. Queria muito e agora estou feliz\u201d, contou.<\/p><\/blockquote>\n<p>Luiz tamb\u00e9m compartilhou a sua empolga\u00e7\u00e3o com as atividades proporcionadas no evento. \u201cPassamos a manh\u00e3 toda aqui, gostei demais. Est\u00e1 muito legal participar da Feira, principalmente com as palestras e teatros\u201d, resumiu.<\/p>\n<p>Entre os dias 22 e 26 de novembro, mais de 50 turmas, representando 30 escolas municipais, estaduais e particulares, j\u00e1 passaram pelo evento.<\/p>\n<h4>Oportunidade para alunos<\/h4>\n<blockquote><p>Para a bibliotec\u00e1ria da Escola Tancredo Neves, T\u00e2nia M\u00e1rcia, a feira \u00e9 uma oportunidade \u00fanica para os alunos.<\/p>\n<p>\u201cTodos os anos trazemos as crian\u00e7as por meio do Projeto Livro e Leitura, com sa\u00eddas pedag\u00f3gicas. Eles ficam encantados com a possibilidade de escolher livros e levar para casa. Este ano, pedi que evitassem comprar livros de pintura e optassem por livros liter\u00e1rios para fomentar a leitura\u201d, explicou.<\/p><\/blockquote>\n<p>A EMEF tamb\u00e9m participou de uma palestra com a autora Gl\u00e1ucia de Souza, cujas obras est\u00e3o sendo trabalhadas em sala de aula.<\/p>\n<blockquote><p>\u201c\u00c9 uma experi\u00eancia muito especial para eles conhecerem a autora pessoalmente. Sempre buscamos integrar essas atividades ao aprendizado dos alunos\u201d, acrescentou T\u00e2nia.<\/p><\/blockquote>\n","protected":false},"excerpt":{"rendered":"<p>A 39\u00aa Feira do Livro de Canoas tem sido um sucesso entre os jovens leitores. Luiz Henrique, aluno da EMEF Erna W\u00fcrth, expressou sua felicidade enquanto mostrava suas compras no evento. \u201cComprei esse livro porque adoro anime, e ele \u00e9 sobre um dos meus personagens favoritos. Nunca tinha encontrado para comprar, ent\u00e3o, quando vi, n\u00e3o [&hellip;]<\/p>\n","protected":false},"author":2,"featured_media":32972,"comment_status":"open","ping_status":"open","sticky":false,"template":"","format":"standard","meta":{"amp_status":"","footnotes":""},"categories":[3529],"tags":[3570,31,116,786,3236,339],"class_list":["post-32971","post","type-post","status-publish","format-standard","has-post-thumbnail","hentry","category-feira-do-livro-2024","tag-39a-feira-do-livro-de-canoas","tag-canoas","tag-cultura","tag-estudantes","tag-feira-do-livro","tag-literatura"],"yoast_head":"<!-- This site is optimized with the Yoast SEO plugin v20.5 - https:\/\/yoast.com\/wordpress\/plugins\/seo\/ -->\n<title>Feira do Livro recebe centenas de estudantes canoenses durante a semana - O Timoneiro Jornal Canoas RS<\/title>\n<meta name=\"description\" content=\"A 39\u00aa Feira do Livro de Canoas tem sido um sucesso entre os jovens leitores. Luiz Henrique, da EMEF Erna W\u00fcrth, expressou sua felicidade\" \/>\n<meta name=\"robots\" content=\"index, follow, max-snippet:-1, max-image-preview:large, max-video-preview:-1\" \/>\n<link rel=\"canonical\" href=\"https:\/\/jornaltimoneiro.com.br\/index.php\/2024\/11\/27\/feira-do-livro-recebe-centenas-de-estudantes-canoenses-durante-a-semana\/\" \/>\n<meta property=\"og:locale\" content=\"pt_BR\" \/>\n<meta property=\"og:type\" content=\"article\" \/>\n<meta property=\"og:title\" content=\"Feira do Livro recebe centenas de estudantes canoenses durante a semana - O Timoneiro Jornal Canoas RS\" \/>\n<meta property=\"og:description\" content=\"A 39\u00aa Feira do Livro de Canoas tem sido um sucesso entre os jovens leitores. Luiz Henrique, da EMEF Erna W\u00fcrth, expressou sua felicidade\" \/>\n<meta property=\"og:url\" content=\"https:\/\/jornaltimoneiro.com.br\/index.php\/2024\/11\/27\/feira-do-livro-recebe-centenas-de-estudantes-canoenses-durante-a-semana\/\" \/>\n<meta property=\"og:site_name\" content=\"O Timoneiro Jornal Canoas RS\" \/>\n<meta property=\"article:publisher\" content=\"https:\/\/www.facebook.com\/jornaltimoneiro\" \/>\n<meta property=\"article:published_time\" content=\"2024-11-27T14:43:47+00:00\" \/>\n<meta property=\"og:image\" content=\"https:\/\/jornaltimoneiro.com.br\/wp-content\/uploads\/2024\/11\/Feira-do-Livro-recebe-centenas-de-estudantes-canoenses-durante-a-semana.jpg\" \/>\n\t<meta property=\"og:image:width\" content=\"1080\" \/>\n\t<meta property=\"og:image:height\" content=\"719\" \/>\n\t<meta property=\"og:image:type\" content=\"image\/jpeg\" \/>\n<meta name=\"author\" content=\"Reda\u00e7\u00e3o\" \/>\n<meta name=\"twitter:card\" content=\"summary_large_image\" \/>\n<meta name=\"twitter:creator\" content=\"@_OTimoneiro\" \/>\n<meta name=\"twitter:site\" content=\"@_OTimoneiro\" \/>\n<meta name=\"twitter:label1\" content=\"Escrito por\" \/>\n\t<meta name=\"twitter:data1\" content=\"Reda\u00e7\u00e3o\" \/>\n\t<meta name=\"twitter:label2\" content=\"Est. tempo de leitura\" \/>\n\t<meta name=\"twitter:data2\" content=\"2 minutos\" \/>\n<script type=\"application\/ld+json\" class=\"yoast-schema-graph\">{\"@context\":\"https:\/\/schema.org\",\"@graph\":[{\"@type\":\"Article\",\"@id\":\"https:\/\/jornaltimoneiro.com.br\/index.php\/2024\/11\/27\/feira-do-livro-recebe-centenas-de-estudantes-canoenses-durante-a-semana\/#article\",\"isPartOf\":{\"@id\":\"https:\/\/jornaltimoneiro.com.br\/index.php\/2024\/11\/27\/feira-do-livro-recebe-centenas-de-estudantes-canoenses-durante-a-semana\/\"},\"author\":{\"name\":\"Reda\u00e7\u00e3o\",\"@id\":\"https:\/\/jornaltimoneiro.com.br\/#\/schema\/person\/f63482f1a02b1a9592707865e509ab40\"},\"headline\":\"Feira do Livro recebe centenas de estudantes canoenses durante a semana\",\"datePublished\":\"2024-11-27T14:43:47+00:00\",\"dateModified\":\"2024-11-27T14:43:47+00:00\",\"mainEntityOfPage\":{\"@id\":\"https:\/\/jornaltimoneiro.com.br\/index.php\/2024\/11\/27\/feira-do-livro-recebe-centenas-de-estudantes-canoenses-durante-a-semana\/\"},\"wordCount\":253,\"commentCount\":0,\"publisher\":{\"@id\":\"https:\/\/jornaltimoneiro.com.br\/#organization\"},\"keywords\":[\"39\u00aa feira do livro de canoas\",\"canoas\",\"cultura\",\"estudantes\",\"feira do livro\",\"literatura\"],\"articleSection\":[\"Feira do Livro 2024\"],\"inLanguage\":\"pt-BR\",\"potentialAction\":[{\"@type\":\"CommentAction\",\"name\":\"Comment\",\"target\":[\"https:\/\/jornaltimoneiro.com.br\/index.php\/2024\/11\/27\/feira-do-livro-recebe-centenas-de-estudantes-canoenses-durante-a-semana\/#respond\"]}]},{\"@type\":\"WebPage\",\"@id\":\"https:\/\/jornaltimoneiro.com.br\/index.php\/2024\/11\/27\/feira-do-livro-recebe-centenas-de-estudantes-canoenses-durante-a-semana\/\",\"url\":\"https:\/\/jornaltimoneiro.com.br\/index.php\/2024\/11\/27\/feira-do-livro-recebe-centenas-de-estudantes-canoenses-durante-a-semana\/\",\"name\":\"Feira do Livro recebe centenas de estudantes canoenses durante a semana - O Timoneiro Jornal Canoas RS\",\"isPartOf\":{\"@id\":\"https:\/\/jornaltimoneiro.com.br\/#website\"},\"datePublished\":\"2024-11-27T14:43:47+00:00\",\"dateModified\":\"2024-11-27T14:43:47+00:00\",\"description\":\"A 39\u00aa Feira do Livro de Canoas tem sido um sucesso entre os jovens leitores. Luiz Henrique, da EMEF Erna W\u00fcrth, expressou sua felicidade\",\"breadcrumb\":{\"@id\":\"https:\/\/jornaltimoneiro.com.br\/index.php\/2024\/11\/27\/feira-do-livro-recebe-centenas-de-estudantes-canoenses-durante-a-semana\/#breadcrumb\"},\"inLanguage\":\"pt-BR\",\"potentialAction\":[{\"@type\":\"ReadAction\",\"target\":[\"https:\/\/jornaltimoneiro.com.br\/index.php\/2024\/11\/27\/feira-do-livro-recebe-centenas-de-estudantes-canoenses-durante-a-semana\/\"]}]},{\"@type\":\"BreadcrumbList\",\"@id\":\"https:\/\/jornaltimoneiro.com.br\/index.php\/2024\/11\/27\/feira-do-livro-recebe-centenas-de-estudantes-canoenses-durante-a-semana\/#breadcrumb\",\"itemListElement\":[{\"@type\":\"ListItem\",\"position\":1,\"name\":\"In\u00edcio\",\"item\":\"https:\/\/jornaltimoneiro.com.br\/\"},{\"@type\":\"ListItem\",\"position\":2,\"name\":\"Feira do Livro recebe centenas de estudantes canoenses durante a semana\"}]},{\"@type\":\"WebSite\",\"@id\":\"https:\/\/jornaltimoneiro.com.br\/#website\",\"url\":\"https:\/\/jornaltimoneiro.com.br\/\",\"name\":\"Jornal Timoneiro Canoas RS\",\"description\":\"Jornal O Timoneiro, o verdadeiro jornal de Canoas\",\"publisher\":{\"@id\":\"https:\/\/jornaltimoneiro.com.br\/#organization\"},\"potentialAction\":[{\"@type\":\"SearchAction\",\"target\":{\"@type\":\"EntryPoint\",\"urlTemplate\":\"https:\/\/jornaltimoneiro.com.br\/?s={search_term_string}\"},\"query-input\":\"required name=search_term_string\"}],\"inLanguage\":\"pt-BR\"},{\"@type\":\"Organization\",\"@id\":\"https:\/\/jornaltimoneiro.com.br\/#organization\",\"name\":\"Jornal Timoneiro Canoas RS\",\"url\":\"https:\/\/jornaltimoneiro.com.br\/\",\"logo\":{\"@type\":\"ImageObject\",\"inLanguage\":\"pt-BR\",\"@id\":\"https:\/\/jornaltimoneiro.com.br\/#\/schema\/logo\/image\/\",\"url\":\"https:\/\/jornaltimoneiro.com.br\/wp-content\/uploads\/2023\/03\/logonovo.png\",\"contentUrl\":\"https:\/\/jornaltimoneiro.com.br\/wp-content\/uploads\/2023\/03\/logonovo.png\",\"width\":\"469\",\"height\":\"171\",\"caption\":\"Jornal Timoneiro Canoas RS\"},\"image\":{\"@id\":\"https:\/\/jornaltimoneiro.com.br\/#\/schema\/logo\/image\/\"},\"sameAs\":[\"https:\/\/www.facebook.com\/jornaltimoneiro\",\"https:\/\/twitter.com\/_OTimoneiro\",\"https:\/\/www.instagram.com\/jornaltimoneirocanoas\/\",\"https:\/\/www.youtube.com\/@jornalotimoneiro7927\"]},{\"@type\":\"Person\",\"@id\":\"https:\/\/jornaltimoneiro.com.br\/#\/schema\/person\/f63482f1a02b1a9592707865e509ab40\",\"name\":\"Reda\u00e7\u00e3o\",\"image\":{\"@type\":\"ImageObject\",\"inLanguage\":\"pt-BR\",\"@id\":\"https:\/\/jornaltimoneiro.com.br\/#\/schema\/person\/image\/\",\"url\":\"https:\/\/jornaltimoneiro.com.br\/wp-content\/uploads\/2023\/03\/download.jpeg\",\"contentUrl\":\"https:\/\/jornaltimoneiro.com.br\/wp-content\/uploads\/2023\/03\/download.jpeg\",\"caption\":\"Reda\u00e7\u00e3o\"},\"url\":\"https:\/\/jornaltimoneiro.com.br\/index.php\/author\/simone-dutra\/\"}]}<\/script>\n<!-- \/ Yoast SEO plugin. -->","yoast_head_json":{"title":"Feira do Livro recebe centenas de estudantes canoenses durante a semana - O Timoneiro Jornal Canoas RS","description":"A 39\u00aa Feira do Livro de Canoas tem sido um sucesso entre os jovens leitores. Luiz Henrique, da EMEF Erna W\u00fcrth, expressou sua felicidade","robots":{"index":"index","follow":"follow","max-snippet":"max-snippet:-1","max-image-preview":"max-image-preview:large","max-video-preview":"max-video-preview:-1"},"canonical":"https:\/\/jornaltimoneiro.com.br\/index.php\/2024\/11\/27\/feira-do-livro-recebe-centenas-de-estudantes-canoenses-durante-a-semana\/","og_locale":"pt_BR","og_type":"article","og_title":"Feira do Livro recebe centenas de estudantes canoenses durante a semana - O Timoneiro Jornal Canoas RS","og_description":"A 39\u00aa Feira do Livro de Canoas tem sido um sucesso entre os jovens leitores. Luiz Henrique, da EMEF Erna W\u00fcrth, expressou sua felicidade","og_url":"https:\/\/jornaltimoneiro.com.br\/index.php\/2024\/11\/27\/feira-do-livro-recebe-centenas-de-estudantes-canoenses-durante-a-semana\/","og_site_name":"O Timoneiro Jornal Canoas RS","article_publisher":"https:\/\/www.facebook.com\/jornaltimoneiro","article_published_time":"2024-11-27T14:43:47+00:00","og_image":[{"width":1080,"height":719,"url":"https:\/\/jornaltimoneiro.com.br\/wp-content\/uploads\/2024\/11\/Feira-do-Livro-recebe-centenas-de-estudantes-canoenses-durante-a-semana.jpg","type":"image\/jpeg"}],"author":"Reda\u00e7\u00e3o","twitter_card":"summary_large_image","twitter_creator":"@_OTimoneiro","twitter_site":"@_OTimoneiro","twitter_misc":{"Escrito por":"Reda\u00e7\u00e3o","Est. tempo de leitura":"2 minutos"},"schema":{"@context":"https:\/\/schema.org","@graph":[{"@type":"Article","@id":"https:\/\/jornaltimoneiro.com.br\/index.php\/2024\/11\/27\/feira-do-livro-recebe-centenas-de-estudantes-canoenses-durante-a-semana\/#article","isPartOf":{"@id":"https:\/\/jornaltimoneiro.com.br\/index.php\/2024\/11\/27\/feira-do-livro-recebe-centenas-de-estudantes-canoenses-durante-a-semana\/"},"author":{"name":"Reda\u00e7\u00e3o","@id":"https:\/\/jornaltimoneiro.com.br\/#\/schema\/person\/f63482f1a02b1a9592707865e509ab40"},"headline":"Feira do Livro recebe centenas de estudantes canoenses durante a semana","datePublished":"2024-11-27T14:43:47+00:00","dateModified":"2024-11-27T14:43:47+00:00","mainEntityOfPage":{"@id":"https:\/\/jornaltimoneiro.com.br\/index.php\/2024\/11\/27\/feira-do-livro-recebe-centenas-de-estudantes-canoenses-durante-a-semana\/"},"wordCount":253,"commentCount":0,"publisher":{"@id":"https:\/\/jornaltimoneiro.com.br\/#organization"},"keywords":["39\u00aa feira do livro de canoas","canoas","cultura","estudantes","feira do livro","literatura"],"articleSection":["Feira do Livro 2024"],"inLanguage":"pt-BR","potentialAction":[{"@type":"CommentAction","name":"Comment","target":["https:\/\/jornaltimoneiro.com.br\/index.php\/2024\/11\/27\/feira-do-livro-recebe-centenas-de-estudantes-canoenses-durante-a-semana\/#respond"]}]},{"@type":"WebPage","@id":"https:\/\/jornaltimoneiro.com.br\/index.php\/2024\/11\/27\/feira-do-livro-recebe-centenas-de-estudantes-canoenses-durante-a-semana\/","url":"https:\/\/jornaltimoneiro.com.br\/index.php\/2024\/11\/27\/feira-do-livro-recebe-centenas-de-estudantes-canoenses-durante-a-semana\/","name":"Feira do Livro recebe centenas de estudantes canoenses durante a semana - O Timoneiro Jornal Canoas RS","isPartOf":{"@id":"https:\/\/jornaltimoneiro.com.br\/#website"},"datePublished":"2024-11-27T14:43:47+00:00","dateModified":"2024-11-27T14:43:47+00:00","description":"A 39\u00aa Feira do Livro de Canoas tem sido um sucesso entre os jovens leitores. Luiz Henrique, da EMEF Erna W\u00fcrth, expressou sua felicidade","breadcrumb":{"@id":"https:\/\/jornaltimoneiro.com.br\/index.php\/2024\/11\/27\/feira-do-livro-recebe-centenas-de-estudantes-canoenses-durante-a-semana\/#breadcrumb"},"inLanguage":"pt-BR","potentialAction":[{"@type":"ReadAction","target":["https:\/\/jornaltimoneiro.com.br\/index.php\/2024\/11\/27\/feira-do-livro-recebe-centenas-de-estudantes-canoenses-durante-a-semana\/"]}]},{"@type":"BreadcrumbList","@id":"https:\/\/jornaltimoneiro.com.br\/index.php\/2024\/11\/27\/feira-do-livro-recebe-centenas-de-estudantes-canoenses-durante-a-semana\/#breadcrumb","itemListElement":[{"@type":"ListItem","position":1,"name":"In\u00edcio","item":"https:\/\/jornaltimoneiro.com.br\/"},{"@type":"ListItem","position":2,"name":"Feira do Livro recebe centenas de estudantes canoenses durante a semana"}]},{"@type":"WebSite","@id":"https:\/\/jornaltimoneiro.com.br\/#website","url":"https:\/\/jornaltimoneiro.com.br\/","name":"Jornal Timoneiro Canoas RS","description":"Jornal O Timoneiro, o verdadeiro jornal de Canoas","publisher":{"@id":"https:\/\/jornaltimoneiro.com.br\/#organization"},"potentialAction":[{"@type":"SearchAction","target":{"@type":"EntryPoint","urlTemplate":"https:\/\/jornaltimoneiro.com.br\/?s={search_term_string}"},"query-input":"required name=search_term_string"}],"inLanguage":"pt-BR"},{"@type":"Organization","@id":"https:\/\/jornaltimoneiro.com.br\/#organization","name":"Jornal Timoneiro Canoas RS","url":"https:\/\/jornaltimoneiro.com.br\/","logo":{"@type":"ImageObject","inLanguage":"pt-BR","@id":"https:\/\/jornaltimoneiro.com.br\/#\/schema\/logo\/image\/","url":"https:\/\/jornaltimoneiro.com.br\/wp-content\/uploads\/2023\/03\/logonovo.png","contentUrl":"https:\/\/jornaltimoneiro.com.br\/wp-content\/uploads\/2023\/03\/logonovo.png","width":"469","height":"171","caption":"Jornal Timoneiro Canoas RS"},"image":{"@id":"https:\/\/jornaltimoneiro.com.br\/#\/schema\/logo\/image\/"},"sameAs":["https:\/\/www.facebook.com\/jornaltimoneiro","https:\/\/twitter.com\/_OTimoneiro","https:\/\/www.instagram.com\/jornaltimoneirocanoas\/","https:\/\/www.youtube.com\/@jornalotimoneiro7927"]},{"@type":"Person","@id":"https:\/\/jornaltimoneiro.com.br\/#\/schema\/person\/f63482f1a02b1a9592707865e509ab40","name":"Reda\u00e7\u00e3o","image":{"@type":"ImageObject","inLanguage":"pt-BR","@id":"https:\/\/jornaltimoneiro.com.br\/#\/schema\/person\/image\/","url":"https:\/\/jornaltimoneiro.com.br\/wp-content\/uploads\/2023\/03\/download.jpeg","contentUrl":"https:\/\/jornaltimoneiro.com.br\/wp-content\/uploads\/2023\/03\/download.jpeg","caption":"Reda\u00e7\u00e3o"},"url":"https:\/\/jornaltimoneiro.com.br\/index.php\/author\/simone-dutra\/"}]}},"_links":{"self":[{"href":"https:\/\/jornaltimoneiro.com.br\/index.php\/wp-json\/wp\/v2\/posts\/32971"}],"collection":[{"href":"https:\/\/jornaltimoneiro.com.br\/index.php\/wp-json\/wp\/v2\/posts"}],"about":[{"href":"https:\/\/jornaltimoneiro.com.br\/index.php\/wp-json\/wp\/v2\/types\/post"}],"author":[{"embeddable":true,"href":"https:\/\/jornaltimoneiro.com.br\/index.php\/wp-json\/wp\/v2\/users\/2"}],"replies":[{"embeddable":true,"href":"https:\/\/jornaltimoneiro.com.br\/index.php\/wp-json\/wp\/v2\/comments?post=32971"}],"version-history":[{"count":1,"href":"https:\/\/jornaltimoneiro.com.br\/index.php\/wp-json\/wp\/v2\/posts\/32971\/revisions"}],"predecessor-version":[{"id":32973,"href":"https:\/\/jornaltimoneiro.com.br\/index.php\/wp-json\/wp\/v2\/posts\/32971\/revisions\/32973"}],"wp:featuredmedia":[{"embeddable":true,"href":"https:\/\/jornaltimoneiro.com.br\/index.php\/wp-json\/wp\/v2\/media\/32972"}],"wp:attachment":[{"href":"https:\/\/jornaltimoneiro.com.br\/index.php\/wp-json\/wp\/v2\/media?parent=32971"}],"wp:term":[{"taxonomy":"category","embeddable":true,"href":"https:\/\/jornaltimoneiro.com.br\/index.php\/wp-json\/wp\/v2\/categories?post=32971"},{"taxonomy":"post_tag","embeddable":true,"href":"https:\/\/jornaltimoneiro.com.br\/index.php\/wp-json\/wp\/v2\/tags?post=32971"}],"curies":[{"name":"wp","href":"https:\/\/api.w.org\/{rel}","templated":true}]}}