{"id":32960,"date":"2024-11-26T17:14:48","date_gmt":"2024-11-26T20:14:48","guid":{"rendered":"https:\/\/jornaltimoneiro.com.br\/?p=32960"},"modified":"2024-11-26T17:14:48","modified_gmt":"2024-11-26T20:14:48","slug":"tragedia-anunciada-mortes-no-presidio-de-canoas-e-afastamento-do-diretor-e-mais-quatro","status":"publish","type":"post","link":"https:\/\/jornaltimoneiro.com.br\/index.php\/2024\/11\/26\/tragedia-anunciada-mortes-no-presidio-de-canoas-e-afastamento-do-diretor-e-mais-quatro\/","title":{"rendered":"TRAG\u00c9DIA ANUNCIADA: Mortes no pres\u00eddio de Canoas e afastamento do Diretor e mais quatro"},"content":{"rendered":"<p>Na \u00faltima semana, o Pres\u00eddio de Canoas foi palco de duas mortes e iniciou um intenso debate sobre a seguran\u00e7a e a gest\u00e3o das casas prisionais no Rio Grande do Sul. Dois detentos assassinados, o que levou o Governo do Estado a tomar medidas dr\u00e1sticas, incluindo o afastamento do diretor da unidade e mais quatro servidores.<\/p>\n<p>De acordo com informa\u00e7\u00f5es divulgadas pela Superintend\u00eancia dos Servi\u00e7os Penitenci\u00e1rios (Susepe), Nego Jackson, de 41 anos,\u00a0 era chefe de uma organiza\u00e7\u00e3o criminosa, foi encontrado sem vida em sua cela durante uma rotina de inspe\u00e7\u00e3o dos agentes penitenci\u00e1rios.<\/p>\n<p>O preso morto e o suspeito do assassinato estavam em celas diferentes, mas dentro de uma mesma galeria. Eles seriam de fac\u00e7\u00f5es rivais. Os detentos estavam em Canoas de modo tempor\u00e1rio, enquanto aguardavam deslocamento para a Penitenci\u00e1ria de Alta Seguran\u00e7a de Charqueadas.<\/p>\n<p>A princ\u00edpio, a hip\u00f3tese mais prov\u00e1vel \u00e9 que a morte tenha sido resultado de um confronto entre fac\u00e7\u00f5es criminosas, uma vez que o PECAN, como outras unidades prisionais do estado, enfrentou problemas com a disputa por poder e controle entre grupos criminosos.<\/p>\n<h4><strong>Afastamento do Diretor<\/strong><\/h4>\n<p>Em meio ao caos gerado pelas mortes, na tarde de segunda-feira, 25, o Governo do Estado decidiu afastar o diretor e mais quatro servidores do Pres\u00eddio de Canoas, identificando uma poss\u00edvel falha na gest\u00e3o da unidade. A medida foi tomada ap\u00f3s uma an\u00e1lise preliminar de que o sistema de seguran\u00e7a estava falho e n\u00e3o conseguiu evitar o confronto entre os detentos.<\/p>\n<p>O Minist\u00e9rio P\u00fablico do Rio Grande do Sul tamb\u00e9m se manifestou, cobrando esclarecimentos das autoridades e exigindo mais investimentos em seguran\u00e7a e infraestrutura para evitar que novos epis\u00f3dios de viol\u00eancia ocorram.<\/p>\n<h4><strong>Morto teria escrito carta<\/strong><\/h4>\n<p>Conforme o governador em exerc\u00edcio do Rio Grande do Sul, Gabriel Souza, um dos servidores afastados teria recebido uma carta escrita pelo preso assassinado dias antes do crime, mas que desconhecia o teor.<\/p>\n<div id=\"chunk-9n6a1\">\n<div class=\"mc-column content-text active-extra-styles \" data-block-type=\"unstyled\" data-block-weight=\"47\" data-block-id=\"26\">\n<p class=\" content-text__container \" data-track-category=\"Link no Texto\" data-track-links=\"\" data-mrf-recirculation=\"Artigo - Links Texto\">De acordo com o Comando de Policiamento Metropolitano, Jackson tem no seu hist\u00f3rico uma liga\u00e7\u00e3o com 29 homic\u00eddios, como mandante e executor, al\u00e9m de crimes como tr\u00e1fico de drogas e lavagem de dinheiro. Em 2017, era considerado o maior procurado do Rio Grande do Sul, quando foi preso no Paraguai.<\/p>\n<\/div>\n<\/div>\n<div id=\"chunk-42bt1\">\n<div class=\"mc-column content-text active-extra-styles\" data-block-type=\"raw\" data-block-weight=\"5\" data-block-id=\"19\">\n<div class=\"content-intertitle\">\n<h4>Arma jogada por drone<\/h4>\n<\/div>\n<\/div>\n<\/div>\n<div id=\"chunk-8dsjf\">\n<div class=\"mc-column content-text active-extra-styles \" data-block-type=\"unstyled\" data-block-weight=\"37\" data-block-id=\"20\">\n<p class=\" content-text__container \" data-track-category=\"Link no Texto\" data-track-links=\"\" data-mrf-recirculation=\"Artigo - Links Texto\">Segundo informa\u00e7\u00f5es da Secretaria de Sistemas Penal e Socioeducativo, <span class=\"highlight highlighted\">a suspeita \u00e9 de que a arma que matou o detento tenha entrado o no pres\u00eddio atrav\u00e9s de um drone, que teria sido registrado em v\u00eddeo durante a madrugada.<\/p>\n<p>O caso segue sendo investigado.<\/span><\/p>\n<\/div>\n<\/div>\n","protected":false},"excerpt":{"rendered":"<p>Na \u00faltima semana, o Pres\u00eddio de Canoas foi palco de duas mortes e iniciou um intenso debate sobre a seguran\u00e7a e a gest\u00e3o das casas prisionais no Rio Grande do Sul. Dois detentos assassinados, o que levou o Governo do Estado a tomar medidas dr\u00e1sticas, incluindo o afastamento do diretor da unidade e mais quatro [&hellip;]<\/p>\n","protected":false},"author":2,"featured_media":32961,"comment_status":"open","ping_status":"open","sticky":false,"template":"","format":"standard","meta":{"amp_status":"","footnotes":""},"categories":[30],"tags":[3724,31,190,807,3307,3591,213],"class_list":["post-32960","post","type-post","status-publish","format-standard","has-post-thumbnail","hentry","category-policial","tag-assassinatos","tag-canoas","tag-featured","tag-governo-do-estado","tag-pecan","tag-penitenciaria-estadual-de-canoas","tag-rio-grande-do-sul"],"yoast_head":"<!-- This site is optimized with the Yoast SEO plugin v20.5 - https:\/\/yoast.com\/wordpress\/plugins\/seo\/ -->\n<title>TRAG\u00c9DIA ANUNCIADA: Mortes no pres\u00eddio de Canoas e afastamento do Diretor e mais quatro - O Timoneiro Jornal Canoas RS<\/title>\n<meta name=\"description\" content=\"O Pres\u00eddio de Canoas foi palco de duas mortes e iniciou um intenso debate sobre a seguran\u00e7a e a gest\u00e3o das casas prisionais no RS\" \/>\n<meta name=\"robots\" content=\"index, follow, max-snippet:-1, max-image-preview:large, max-video-preview:-1\" \/>\n<link rel=\"canonical\" href=\"https:\/\/jornaltimoneiro.com.br\/index.php\/2024\/11\/26\/tragedia-anunciada-mortes-no-presidio-de-canoas-e-afastamento-do-diretor-e-mais-quatro\/\" \/>\n<meta property=\"og:locale\" content=\"pt_BR\" \/>\n<meta property=\"og:type\" content=\"article\" \/>\n<meta property=\"og:title\" content=\"TRAG\u00c9DIA ANUNCIADA: Mortes no pres\u00eddio de Canoas e afastamento do Diretor e mais quatro - O Timoneiro Jornal Canoas RS\" \/>\n<meta property=\"og:description\" content=\"O Pres\u00eddio de Canoas foi palco de duas mortes e iniciou um intenso debate sobre a seguran\u00e7a e a gest\u00e3o das casas prisionais no RS\" \/>\n<meta property=\"og:url\" content=\"https:\/\/jornaltimoneiro.com.br\/index.php\/2024\/11\/26\/tragedia-anunciada-mortes-no-presidio-de-canoas-e-afastamento-do-diretor-e-mais-quatro\/\" \/>\n<meta property=\"og:site_name\" content=\"O Timoneiro Jornal Canoas RS\" \/>\n<meta property=\"article:publisher\" content=\"https:\/\/www.facebook.com\/jornaltimoneiro\" \/>\n<meta property=\"article:published_time\" content=\"2024-11-26T20:14:48+00:00\" \/>\n<meta property=\"og:image\" content=\"https:\/\/jornaltimoneiro.com.br\/wp-content\/uploads\/2024\/11\/TRAGEDIA-ANUNCIADA-Mortes-no-presidio-de-Canoas-e-afastamento-do-Diretor-e-mais-quatro.jpeg\" \/>\n\t<meta property=\"og:image:width\" content=\"800\" \/>\n\t<meta property=\"og:image:height\" content=\"450\" \/>\n\t<meta property=\"og:image:type\" content=\"image\/jpeg\" \/>\n<meta name=\"author\" content=\"Reda\u00e7\u00e3o\" \/>\n<meta name=\"twitter:card\" content=\"summary_large_image\" \/>\n<meta name=\"twitter:creator\" content=\"@_OTimoneiro\" \/>\n<meta name=\"twitter:site\" content=\"@_OTimoneiro\" \/>\n<meta name=\"twitter:label1\" content=\"Escrito por\" \/>\n\t<meta name=\"twitter:data1\" content=\"Reda\u00e7\u00e3o\" \/>\n\t<meta name=\"twitter:label2\" content=\"Est. tempo de leitura\" \/>\n\t<meta name=\"twitter:data2\" content=\"3 minutos\" \/>\n<script type=\"application\/ld+json\" class=\"yoast-schema-graph\">{\"@context\":\"https:\/\/schema.org\",\"@graph\":[{\"@type\":\"Article\",\"@id\":\"https:\/\/jornaltimoneiro.com.br\/index.php\/2024\/11\/26\/tragedia-anunciada-mortes-no-presidio-de-canoas-e-afastamento-do-diretor-e-mais-quatro\/#article\",\"isPartOf\":{\"@id\":\"https:\/\/jornaltimoneiro.com.br\/index.php\/2024\/11\/26\/tragedia-anunciada-mortes-no-presidio-de-canoas-e-afastamento-do-diretor-e-mais-quatro\/\"},\"author\":{\"name\":\"Reda\u00e7\u00e3o\",\"@id\":\"https:\/\/jornaltimoneiro.com.br\/#\/schema\/person\/f63482f1a02b1a9592707865e509ab40\"},\"headline\":\"TRAG\u00c9DIA ANUNCIADA: Mortes no pres\u00eddio de Canoas e afastamento do Diretor e mais quatro\",\"datePublished\":\"2024-11-26T20:14:48+00:00\",\"dateModified\":\"2024-11-26T20:14:48+00:00\",\"mainEntityOfPage\":{\"@id\":\"https:\/\/jornaltimoneiro.com.br\/index.php\/2024\/11\/26\/tragedia-anunciada-mortes-no-presidio-de-canoas-e-afastamento-do-diretor-e-mais-quatro\/\"},\"wordCount\":458,\"commentCount\":0,\"publisher\":{\"@id\":\"https:\/\/jornaltimoneiro.com.br\/#organization\"},\"keywords\":[\"assassinatos\",\"canoas\",\"featured\",\"governo do estado\",\"pecan\",\"penitenci\u00e1ria estadual de canoas\",\"rio grande do sul\"],\"articleSection\":[\"Policial\"],\"inLanguage\":\"pt-BR\",\"potentialAction\":[{\"@type\":\"CommentAction\",\"name\":\"Comment\",\"target\":[\"https:\/\/jornaltimoneiro.com.br\/index.php\/2024\/11\/26\/tragedia-anunciada-mortes-no-presidio-de-canoas-e-afastamento-do-diretor-e-mais-quatro\/#respond\"]}]},{\"@type\":\"WebPage\",\"@id\":\"https:\/\/jornaltimoneiro.com.br\/index.php\/2024\/11\/26\/tragedia-anunciada-mortes-no-presidio-de-canoas-e-afastamento-do-diretor-e-mais-quatro\/\",\"url\":\"https:\/\/jornaltimoneiro.com.br\/index.php\/2024\/11\/26\/tragedia-anunciada-mortes-no-presidio-de-canoas-e-afastamento-do-diretor-e-mais-quatro\/\",\"name\":\"TRAG\u00c9DIA ANUNCIADA: Mortes no pres\u00eddio de Canoas e afastamento do Diretor e mais quatro - O Timoneiro Jornal Canoas RS\",\"isPartOf\":{\"@id\":\"https:\/\/jornaltimoneiro.com.br\/#website\"},\"datePublished\":\"2024-11-26T20:14:48+00:00\",\"dateModified\":\"2024-11-26T20:14:48+00:00\",\"description\":\"O Pres\u00eddio de Canoas foi palco de duas mortes e iniciou um intenso debate sobre a seguran\u00e7a e a gest\u00e3o das casas prisionais no RS\",\"breadcrumb\":{\"@id\":\"https:\/\/jornaltimoneiro.com.br\/index.php\/2024\/11\/26\/tragedia-anunciada-mortes-no-presidio-de-canoas-e-afastamento-do-diretor-e-mais-quatro\/#breadcrumb\"},\"inLanguage\":\"pt-BR\",\"potentialAction\":[{\"@type\":\"ReadAction\",\"target\":[\"https:\/\/jornaltimoneiro.com.br\/index.php\/2024\/11\/26\/tragedia-anunciada-mortes-no-presidio-de-canoas-e-afastamento-do-diretor-e-mais-quatro\/\"]}]},{\"@type\":\"BreadcrumbList\",\"@id\":\"https:\/\/jornaltimoneiro.com.br\/index.php\/2024\/11\/26\/tragedia-anunciada-mortes-no-presidio-de-canoas-e-afastamento-do-diretor-e-mais-quatro\/#breadcrumb\",\"itemListElement\":[{\"@type\":\"ListItem\",\"position\":1,\"name\":\"In\u00edcio\",\"item\":\"https:\/\/jornaltimoneiro.com.br\/\"},{\"@type\":\"ListItem\",\"position\":2,\"name\":\"TRAG\u00c9DIA ANUNCIADA: Mortes no pres\u00eddio de Canoas e afastamento do Diretor e mais quatro\"}]},{\"@type\":\"WebSite\",\"@id\":\"https:\/\/jornaltimoneiro.com.br\/#website\",\"url\":\"https:\/\/jornaltimoneiro.com.br\/\",\"name\":\"Jornal Timoneiro Canoas RS\",\"description\":\"Jornal O Timoneiro, o verdadeiro jornal de Canoas\",\"publisher\":{\"@id\":\"https:\/\/jornaltimoneiro.com.br\/#organization\"},\"potentialAction\":[{\"@type\":\"SearchAction\",\"target\":{\"@type\":\"EntryPoint\",\"urlTemplate\":\"https:\/\/jornaltimoneiro.com.br\/?s={search_term_string}\"},\"query-input\":\"required name=search_term_string\"}],\"inLanguage\":\"pt-BR\"},{\"@type\":\"Organization\",\"@id\":\"https:\/\/jornaltimoneiro.com.br\/#organization\",\"name\":\"Jornal Timoneiro Canoas RS\",\"url\":\"https:\/\/jornaltimoneiro.com.br\/\",\"logo\":{\"@type\":\"ImageObject\",\"inLanguage\":\"pt-BR\",\"@id\":\"https:\/\/jornaltimoneiro.com.br\/#\/schema\/logo\/image\/\",\"url\":\"https:\/\/jornaltimoneiro.com.br\/wp-content\/uploads\/2023\/03\/logonovo.png\",\"contentUrl\":\"https:\/\/jornaltimoneiro.com.br\/wp-content\/uploads\/2023\/03\/logonovo.png\",\"width\":\"469\",\"height\":\"171\",\"caption\":\"Jornal Timoneiro Canoas RS\"},\"image\":{\"@id\":\"https:\/\/jornaltimoneiro.com.br\/#\/schema\/logo\/image\/\"},\"sameAs\":[\"https:\/\/www.facebook.com\/jornaltimoneiro\",\"https:\/\/twitter.com\/_OTimoneiro\",\"https:\/\/www.instagram.com\/jornaltimoneirocanoas\/\",\"https:\/\/www.youtube.com\/@jornalotimoneiro7927\"]},{\"@type\":\"Person\",\"@id\":\"https:\/\/jornaltimoneiro.com.br\/#\/schema\/person\/f63482f1a02b1a9592707865e509ab40\",\"name\":\"Reda\u00e7\u00e3o\",\"image\":{\"@type\":\"ImageObject\",\"inLanguage\":\"pt-BR\",\"@id\":\"https:\/\/jornaltimoneiro.com.br\/#\/schema\/person\/image\/\",\"url\":\"https:\/\/jornaltimoneiro.com.br\/wp-content\/uploads\/2023\/03\/download.jpeg\",\"contentUrl\":\"https:\/\/jornaltimoneiro.com.br\/wp-content\/uploads\/2023\/03\/download.jpeg\",\"caption\":\"Reda\u00e7\u00e3o\"},\"url\":\"https:\/\/jornaltimoneiro.com.br\/index.php\/author\/simone-dutra\/\"}]}<\/script>\n<!-- \/ Yoast SEO plugin. -->","yoast_head_json":{"title":"TRAG\u00c9DIA ANUNCIADA: Mortes no pres\u00eddio de Canoas e afastamento do Diretor e mais quatro - O Timoneiro Jornal Canoas RS","description":"O Pres\u00eddio de Canoas foi palco de duas mortes e iniciou um intenso debate sobre a seguran\u00e7a e a gest\u00e3o das casas prisionais no RS","robots":{"index":"index","follow":"follow","max-snippet":"max-snippet:-1","max-image-preview":"max-image-preview:large","max-video-preview":"max-video-preview:-1"},"canonical":"https:\/\/jornaltimoneiro.com.br\/index.php\/2024\/11\/26\/tragedia-anunciada-mortes-no-presidio-de-canoas-e-afastamento-do-diretor-e-mais-quatro\/","og_locale":"pt_BR","og_type":"article","og_title":"TRAG\u00c9DIA ANUNCIADA: Mortes no pres\u00eddio de Canoas e afastamento do Diretor e mais quatro - O Timoneiro Jornal Canoas RS","og_description":"O Pres\u00eddio de Canoas foi palco de duas mortes e iniciou um intenso debate sobre a seguran\u00e7a e a gest\u00e3o das casas prisionais no RS","og_url":"https:\/\/jornaltimoneiro.com.br\/index.php\/2024\/11\/26\/tragedia-anunciada-mortes-no-presidio-de-canoas-e-afastamento-do-diretor-e-mais-quatro\/","og_site_name":"O Timoneiro Jornal Canoas RS","article_publisher":"https:\/\/www.facebook.com\/jornaltimoneiro","article_published_time":"2024-11-26T20:14:48+00:00","og_image":[{"width":"800","height":"450","url":"https:\/\/jornaltimoneiro.com.br\/wp-content\/uploads\/2024\/11\/TRAGEDIA-ANUNCIADA-Mortes-no-presidio-de-Canoas-e-afastamento-do-Diretor-e-mais-quatro.jpeg","type":"image\/jpeg"}],"author":"Reda\u00e7\u00e3o","twitter_card":"summary_large_image","twitter_creator":"@_OTimoneiro","twitter_site":"@_OTimoneiro","twitter_misc":{"Escrito por":"Reda\u00e7\u00e3o","Est. tempo de leitura":"3 minutos"},"schema":{"@context":"https:\/\/schema.org","@graph":[{"@type":"Article","@id":"https:\/\/jornaltimoneiro.com.br\/index.php\/2024\/11\/26\/tragedia-anunciada-mortes-no-presidio-de-canoas-e-afastamento-do-diretor-e-mais-quatro\/#article","isPartOf":{"@id":"https:\/\/jornaltimoneiro.com.br\/index.php\/2024\/11\/26\/tragedia-anunciada-mortes-no-presidio-de-canoas-e-afastamento-do-diretor-e-mais-quatro\/"},"author":{"name":"Reda\u00e7\u00e3o","@id":"https:\/\/jornaltimoneiro.com.br\/#\/schema\/person\/f63482f1a02b1a9592707865e509ab40"},"headline":"TRAG\u00c9DIA ANUNCIADA: Mortes no pres\u00eddio de Canoas e afastamento do Diretor e mais quatro","datePublished":"2024-11-26T20:14:48+00:00","dateModified":"2024-11-26T20:14:48+00:00","mainEntityOfPage":{"@id":"https:\/\/jornaltimoneiro.com.br\/index.php\/2024\/11\/26\/tragedia-anunciada-mortes-no-presidio-de-canoas-e-afastamento-do-diretor-e-mais-quatro\/"},"wordCount":458,"commentCount":0,"publisher":{"@id":"https:\/\/jornaltimoneiro.com.br\/#organization"},"keywords":["assassinatos","canoas","featured","governo do estado","pecan","penitenci\u00e1ria estadual de canoas","rio grande do sul"],"articleSection":["Policial"],"inLanguage":"pt-BR","potentialAction":[{"@type":"CommentAction","name":"Comment","target":["https:\/\/jornaltimoneiro.com.br\/index.php\/2024\/11\/26\/tragedia-anunciada-mortes-no-presidio-de-canoas-e-afastamento-do-diretor-e-mais-quatro\/#respond"]}]},{"@type":"WebPage","@id":"https:\/\/jornaltimoneiro.com.br\/index.php\/2024\/11\/26\/tragedia-anunciada-mortes-no-presidio-de-canoas-e-afastamento-do-diretor-e-mais-quatro\/","url":"https:\/\/jornaltimoneiro.com.br\/index.php\/2024\/11\/26\/tragedia-anunciada-mortes-no-presidio-de-canoas-e-afastamento-do-diretor-e-mais-quatro\/","name":"TRAG\u00c9DIA ANUNCIADA: Mortes no pres\u00eddio de Canoas e afastamento do Diretor e mais quatro - O Timoneiro Jornal Canoas RS","isPartOf":{"@id":"https:\/\/jornaltimoneiro.com.br\/#website"},"datePublished":"2024-11-26T20:14:48+00:00","dateModified":"2024-11-26T20:14:48+00:00","description":"O Pres\u00eddio de Canoas foi palco de duas mortes e iniciou um intenso debate sobre a seguran\u00e7a e a gest\u00e3o das casas prisionais no RS","breadcrumb":{"@id":"https:\/\/jornaltimoneiro.com.br\/index.php\/2024\/11\/26\/tragedia-anunciada-mortes-no-presidio-de-canoas-e-afastamento-do-diretor-e-mais-quatro\/#breadcrumb"},"inLanguage":"pt-BR","potentialAction":[{"@type":"ReadAction","target":["https:\/\/jornaltimoneiro.com.br\/index.php\/2024\/11\/26\/tragedia-anunciada-mortes-no-presidio-de-canoas-e-afastamento-do-diretor-e-mais-quatro\/"]}]},{"@type":"BreadcrumbList","@id":"https:\/\/jornaltimoneiro.com.br\/index.php\/2024\/11\/26\/tragedia-anunciada-mortes-no-presidio-de-canoas-e-afastamento-do-diretor-e-mais-quatro\/#breadcrumb","itemListElement":[{"@type":"ListItem","position":1,"name":"In\u00edcio","item":"https:\/\/jornaltimoneiro.com.br\/"},{"@type":"ListItem","position":2,"name":"TRAG\u00c9DIA ANUNCIADA: Mortes no pres\u00eddio de Canoas e afastamento do Diretor e mais quatro"}]},{"@type":"WebSite","@id":"https:\/\/jornaltimoneiro.com.br\/#website","url":"https:\/\/jornaltimoneiro.com.br\/","name":"Jornal Timoneiro Canoas RS","description":"Jornal O Timoneiro, o verdadeiro jornal de Canoas","publisher":{"@id":"https:\/\/jornaltimoneiro.com.br\/#organization"},"potentialAction":[{"@type":"SearchAction","target":{"@type":"EntryPoint","urlTemplate":"https:\/\/jornaltimoneiro.com.br\/?s={search_term_string}"},"query-input":"required name=search_term_string"}],"inLanguage":"pt-BR"},{"@type":"Organization","@id":"https:\/\/jornaltimoneiro.com.br\/#organization","name":"Jornal Timoneiro Canoas RS","url":"https:\/\/jornaltimoneiro.com.br\/","logo":{"@type":"ImageObject","inLanguage":"pt-BR","@id":"https:\/\/jornaltimoneiro.com.br\/#\/schema\/logo\/image\/","url":"https:\/\/jornaltimoneiro.com.br\/wp-content\/uploads\/2023\/03\/logonovo.png","contentUrl":"https:\/\/jornaltimoneiro.com.br\/wp-content\/uploads\/2023\/03\/logonovo.png","width":"469","height":"171","caption":"Jornal Timoneiro Canoas RS"},"image":{"@id":"https:\/\/jornaltimoneiro.com.br\/#\/schema\/logo\/image\/"},"sameAs":["https:\/\/www.facebook.com\/jornaltimoneiro","https:\/\/twitter.com\/_OTimoneiro","https:\/\/www.instagram.com\/jornaltimoneirocanoas\/","https:\/\/www.youtube.com\/@jornalotimoneiro7927"]},{"@type":"Person","@id":"https:\/\/jornaltimoneiro.com.br\/#\/schema\/person\/f63482f1a02b1a9592707865e509ab40","name":"Reda\u00e7\u00e3o","image":{"@type":"ImageObject","inLanguage":"pt-BR","@id":"https:\/\/jornaltimoneiro.com.br\/#\/schema\/person\/image\/","url":"https:\/\/jornaltimoneiro.com.br\/wp-content\/uploads\/2023\/03\/download.jpeg","contentUrl":"https:\/\/jornaltimoneiro.com.br\/wp-content\/uploads\/2023\/03\/download.jpeg","caption":"Reda\u00e7\u00e3o"},"url":"https:\/\/jornaltimoneiro.com.br\/index.php\/author\/simone-dutra\/"}]}},"_links":{"self":[{"href":"https:\/\/jornaltimoneiro.com.br\/index.php\/wp-json\/wp\/v2\/posts\/32960"}],"collection":[{"href":"https:\/\/jornaltimoneiro.com.br\/index.php\/wp-json\/wp\/v2\/posts"}],"about":[{"href":"https:\/\/jornaltimoneiro.com.br\/index.php\/wp-json\/wp\/v2\/types\/post"}],"author":[{"embeddable":true,"href":"https:\/\/jornaltimoneiro.com.br\/index.php\/wp-json\/wp\/v2\/users\/2"}],"replies":[{"embeddable":true,"href":"https:\/\/jornaltimoneiro.com.br\/index.php\/wp-json\/wp\/v2\/comments?post=32960"}],"version-history":[{"count":1,"href":"https:\/\/jornaltimoneiro.com.br\/index.php\/wp-json\/wp\/v2\/posts\/32960\/revisions"}],"predecessor-version":[{"id":32962,"href":"https:\/\/jornaltimoneiro.com.br\/index.php\/wp-json\/wp\/v2\/posts\/32960\/revisions\/32962"}],"wp:featuredmedia":[{"embeddable":true,"href":"https:\/\/jornaltimoneiro.com.br\/index.php\/wp-json\/wp\/v2\/media\/32961"}],"wp:attachment":[{"href":"https:\/\/jornaltimoneiro.com.br\/index.php\/wp-json\/wp\/v2\/media?parent=32960"}],"wp:term":[{"taxonomy":"category","embeddable":true,"href":"https:\/\/jornaltimoneiro.com.br\/index.php\/wp-json\/wp\/v2\/categories?post=32960"},{"taxonomy":"post_tag","embeddable":true,"href":"https:\/\/jornaltimoneiro.com.br\/index.php\/wp-json\/wp\/v2\/tags?post=32960"}],"curies":[{"name":"wp","href":"https:\/\/api.w.org\/{rel}","templated":true}]}}