{"id":32940,"date":"2024-11-26T13:40:14","date_gmt":"2024-11-26T16:40:14","guid":{"rendered":"https:\/\/jornaltimoneiro.com.br\/?p=32940"},"modified":"2024-11-26T13:40:14","modified_gmt":"2024-11-26T16:40:14","slug":"grupo-de-pernas-pro-ar-encanta-com-espetaculo-o-lancador-de-foguetes","status":"publish","type":"post","link":"https:\/\/jornaltimoneiro.com.br\/index.php\/2024\/11\/26\/grupo-de-pernas-pro-ar-encanta-com-espetaculo-o-lancador-de-foguetes\/","title":{"rendered":"Grupo de Pernas Pro Ar encanta com espet\u00e1culo O Lan\u00e7ador de Foguetes"},"content":{"rendered":"<p><img decoding=\"async\" class=\"alignnone size-large wp-image-32918\" src=\"https:\/\/jornaltimoneiro.com.br\/wp-content\/uploads\/2024\/11\/Feira-do-Livro-1024x138.png\" alt=\"\" width=\"740\" height=\"100\" srcset=\"https:\/\/jornaltimoneiro.com.br\/wp-content\/uploads\/2024\/11\/Feira-do-Livro-1024x138.png 1024w, https:\/\/jornaltimoneiro.com.br\/wp-content\/uploads\/2024\/11\/Feira-do-Livro-300x40.png 300w, https:\/\/jornaltimoneiro.com.br\/wp-content\/uploads\/2024\/11\/Feira-do-Livro-768x104.png 768w, https:\/\/jornaltimoneiro.com.br\/wp-content\/uploads\/2024\/11\/Feira-do-Livro-1536x207.png 1536w, https:\/\/jornaltimoneiro.com.br\/wp-content\/uploads\/2024\/11\/Feira-do-Livro-2048x276.png 2048w\" sizes=\"(max-width: 740px) 100vw, 740px\" \/><\/p>\n<p>O Grupo De Pernas Pro Ar trouxe alegria e curiosidade para quem passou pela 39\u00aa Feira do Livro de Canoas, nesta segunda-feira, 25. O espet\u00e1culo O Lan\u00e7ador de Foguetes fez parte da programa\u00e7\u00e3o da feira, reunindo estudantes de escolas municipais e particulares, al\u00e9m de muitos curiosos que pararam para prestigiar a apresenta\u00e7\u00e3o.<\/p>\n<p>O espet\u00e1culo, realizado pelo ator Luciano Wieser, \u00e9 constru\u00eddo sem falas, permitindo que crian\u00e7as e adultos se envolvam de maneira l\u00fadica. O enredo acompanha um exc\u00eantrico cientista que, com o aux\u00edlio do p\u00fablico, lan\u00e7a foguetes ao ar utilizando princ\u00edpios de propuls\u00e3o. A proposta \u00e9 despertar o interesse pela ci\u00eancia e transformar a experi\u00eancia em um momento inesquec\u00edvel de aprendizado e divers\u00e3o.<\/p>\n<p>Raquel Durigon, codiretora do espet\u00e1culo ao lado de Luciano Wieser e uma das fundadoras do grupo, destacou o prazer de se apresentar na Feira do Livro da sua cidade natal.<\/p>\n<p>\u201cEstamos aqui no nosso quintal, falando diretamente com o nosso p\u00fablico, com as crian\u00e7as das nossas escolas. J\u00e1 percorremos mais de 20 estados com o nosso trabalho, mas \u00e9 especial estar em Canoas\u201d, afirmou.<\/p>\n<p>A Feira do Livro segue at\u00e9 o dia 30 de novembro, na \u00e1rea central de Canoas e as ruas 15 de Janeiro e Ipiranga. A feira re\u00fane 27 escritores, tanto locais quanto de outras regi\u00f5es do estado e do Brasil, e conta com 26 bancas de livros.<\/p>\n","protected":false},"excerpt":{"rendered":"<p>O Grupo De Pernas Pro Ar trouxe alegria e curiosidade para quem passou pela 39\u00aa Feira do Livro de Canoas, nesta segunda-feira, 25. O espet\u00e1culo O Lan\u00e7ador de Foguetes fez parte da programa\u00e7\u00e3o da feira, reunindo estudantes de escolas municipais e particulares, al\u00e9m de muitos curiosos que pararam para prestigiar a apresenta\u00e7\u00e3o. O espet\u00e1culo, realizado [&hellip;]<\/p>\n","protected":false},"author":2,"featured_media":32941,"comment_status":"open","ping_status":"open","sticky":false,"template":"","format":"standard","meta":{"amp_status":"","footnotes":""},"categories":[3529],"tags":[3671,31,118,1584,3719,339,3720],"class_list":["post-32940","post","type-post","status-publish","format-standard","has-post-thumbnail","hentry","category-feira-do-livro-2024","tag-39a-feira-do-livro-de-canaos","tag-canoas","tag-espetaculo","tag-feira-do-livro-de-canoas","tag-grupo-de-pernas-pro-ar","tag-literatura","tag-o-lancador-de-foguetes"],"yoast_head":"<!-- This site is optimized with the Yoast SEO plugin v20.5 - https:\/\/yoast.com\/wordpress\/plugins\/seo\/ -->\n<title>Grupo de Pernas Pro Ar encanta com espet\u00e1culo O Lan\u00e7ador de Foguetes - O Timoneiro Jornal Canoas RS<\/title>\n<meta name=\"description\" content=\"Grupo De Pernas Pro Ar trouxe alegria para quem passou pela 39\u00aa Feira do Livro de Canoas com o espet\u00e1culo O Lan\u00e7ador de Foguetes\" \/>\n<meta name=\"robots\" content=\"index, follow, max-snippet:-1, max-image-preview:large, max-video-preview:-1\" \/>\n<link rel=\"canonical\" href=\"https:\/\/jornaltimoneiro.com.br\/index.php\/2024\/11\/26\/grupo-de-pernas-pro-ar-encanta-com-espetaculo-o-lancador-de-foguetes\/\" \/>\n<meta property=\"og:locale\" content=\"pt_BR\" \/>\n<meta property=\"og:type\" content=\"article\" \/>\n<meta property=\"og:title\" content=\"Grupo de Pernas Pro Ar encanta com espet\u00e1culo O Lan\u00e7ador de Foguetes - O Timoneiro Jornal Canoas RS\" \/>\n<meta property=\"og:description\" content=\"Grupo De Pernas Pro Ar trouxe alegria para quem passou pela 39\u00aa Feira do Livro de Canoas com o espet\u00e1culo O Lan\u00e7ador de Foguetes\" \/>\n<meta property=\"og:url\" content=\"https:\/\/jornaltimoneiro.com.br\/index.php\/2024\/11\/26\/grupo-de-pernas-pro-ar-encanta-com-espetaculo-o-lancador-de-foguetes\/\" \/>\n<meta property=\"og:site_name\" content=\"O Timoneiro Jornal Canoas RS\" \/>\n<meta property=\"article:publisher\" content=\"https:\/\/www.facebook.com\/jornaltimoneiro\" \/>\n<meta property=\"article:published_time\" content=\"2024-11-26T16:40:14+00:00\" \/>\n<meta property=\"og:image\" content=\"https:\/\/jornaltimoneiro.com.br\/wp-content\/uploads\/2024\/11\/Grupo-de-Pernas-Pro-Ar-encanta-com-espetaculo-O-Lancador-de-Foguetes.jpeg\" \/>\n\t<meta property=\"og:image:width\" content=\"1080\" \/>\n\t<meta property=\"og:image:height\" content=\"719\" \/>\n\t<meta property=\"og:image:type\" content=\"image\/jpeg\" \/>\n<meta name=\"author\" content=\"Reda\u00e7\u00e3o\" \/>\n<meta name=\"twitter:card\" content=\"summary_large_image\" \/>\n<meta name=\"twitter:creator\" content=\"@_OTimoneiro\" \/>\n<meta name=\"twitter:site\" content=\"@_OTimoneiro\" \/>\n<meta name=\"twitter:label1\" content=\"Escrito por\" \/>\n\t<meta name=\"twitter:data1\" content=\"Reda\u00e7\u00e3o\" \/>\n\t<meta name=\"twitter:label2\" content=\"Est. tempo de leitura\" \/>\n\t<meta name=\"twitter:data2\" content=\"2 minutos\" \/>\n<script type=\"application\/ld+json\" class=\"yoast-schema-graph\">{\"@context\":\"https:\/\/schema.org\",\"@graph\":[{\"@type\":\"Article\",\"@id\":\"https:\/\/jornaltimoneiro.com.br\/index.php\/2024\/11\/26\/grupo-de-pernas-pro-ar-encanta-com-espetaculo-o-lancador-de-foguetes\/#article\",\"isPartOf\":{\"@id\":\"https:\/\/jornaltimoneiro.com.br\/index.php\/2024\/11\/26\/grupo-de-pernas-pro-ar-encanta-com-espetaculo-o-lancador-de-foguetes\/\"},\"author\":{\"name\":\"Reda\u00e7\u00e3o\",\"@id\":\"https:\/\/jornaltimoneiro.com.br\/#\/schema\/person\/f63482f1a02b1a9592707865e509ab40\"},\"headline\":\"Grupo de Pernas Pro Ar encanta com espet\u00e1culo O Lan\u00e7ador de Foguetes\",\"datePublished\":\"2024-11-26T16:40:14+00:00\",\"dateModified\":\"2024-11-26T16:40:14+00:00\",\"mainEntityOfPage\":{\"@id\":\"https:\/\/jornaltimoneiro.com.br\/index.php\/2024\/11\/26\/grupo-de-pernas-pro-ar-encanta-com-espetaculo-o-lancador-de-foguetes\/\"},\"wordCount\":252,\"commentCount\":0,\"publisher\":{\"@id\":\"https:\/\/jornaltimoneiro.com.br\/#organization\"},\"keywords\":[\"39\u00aa Feira do Livro de Canaos\",\"canoas\",\"espet\u00e1culo\",\"feira do livro de canoas\",\"Grupo de Pernas Pro Ar\",\"literatura\",\"O Lan\u00e7ador de Foguetes\"],\"articleSection\":[\"Feira do Livro 2024\"],\"inLanguage\":\"pt-BR\",\"potentialAction\":[{\"@type\":\"CommentAction\",\"name\":\"Comment\",\"target\":[\"https:\/\/jornaltimoneiro.com.br\/index.php\/2024\/11\/26\/grupo-de-pernas-pro-ar-encanta-com-espetaculo-o-lancador-de-foguetes\/#respond\"]}]},{\"@type\":\"WebPage\",\"@id\":\"https:\/\/jornaltimoneiro.com.br\/index.php\/2024\/11\/26\/grupo-de-pernas-pro-ar-encanta-com-espetaculo-o-lancador-de-foguetes\/\",\"url\":\"https:\/\/jornaltimoneiro.com.br\/index.php\/2024\/11\/26\/grupo-de-pernas-pro-ar-encanta-com-espetaculo-o-lancador-de-foguetes\/\",\"name\":\"Grupo de Pernas Pro Ar encanta com espet\u00e1culo O Lan\u00e7ador de Foguetes - O Timoneiro Jornal Canoas RS\",\"isPartOf\":{\"@id\":\"https:\/\/jornaltimoneiro.com.br\/#website\"},\"datePublished\":\"2024-11-26T16:40:14+00:00\",\"dateModified\":\"2024-11-26T16:40:14+00:00\",\"description\":\"Grupo De Pernas Pro Ar trouxe alegria para quem passou pela 39\u00aa Feira do Livro de Canoas com o espet\u00e1culo O Lan\u00e7ador de Foguetes\",\"breadcrumb\":{\"@id\":\"https:\/\/jornaltimoneiro.com.br\/index.php\/2024\/11\/26\/grupo-de-pernas-pro-ar-encanta-com-espetaculo-o-lancador-de-foguetes\/#breadcrumb\"},\"inLanguage\":\"pt-BR\",\"potentialAction\":[{\"@type\":\"ReadAction\",\"target\":[\"https:\/\/jornaltimoneiro.com.br\/index.php\/2024\/11\/26\/grupo-de-pernas-pro-ar-encanta-com-espetaculo-o-lancador-de-foguetes\/\"]}]},{\"@type\":\"BreadcrumbList\",\"@id\":\"https:\/\/jornaltimoneiro.com.br\/index.php\/2024\/11\/26\/grupo-de-pernas-pro-ar-encanta-com-espetaculo-o-lancador-de-foguetes\/#breadcrumb\",\"itemListElement\":[{\"@type\":\"ListItem\",\"position\":1,\"name\":\"In\u00edcio\",\"item\":\"https:\/\/jornaltimoneiro.com.br\/\"},{\"@type\":\"ListItem\",\"position\":2,\"name\":\"Grupo de Pernas Pro Ar encanta com espet\u00e1culo O Lan\u00e7ador de Foguetes\"}]},{\"@type\":\"WebSite\",\"@id\":\"https:\/\/jornaltimoneiro.com.br\/#website\",\"url\":\"https:\/\/jornaltimoneiro.com.br\/\",\"name\":\"Jornal Timoneiro Canoas RS\",\"description\":\"Jornal O Timoneiro, o verdadeiro jornal de Canoas\",\"publisher\":{\"@id\":\"https:\/\/jornaltimoneiro.com.br\/#organization\"},\"potentialAction\":[{\"@type\":\"SearchAction\",\"target\":{\"@type\":\"EntryPoint\",\"urlTemplate\":\"https:\/\/jornaltimoneiro.com.br\/?s={search_term_string}\"},\"query-input\":\"required name=search_term_string\"}],\"inLanguage\":\"pt-BR\"},{\"@type\":\"Organization\",\"@id\":\"https:\/\/jornaltimoneiro.com.br\/#organization\",\"name\":\"Jornal Timoneiro Canoas RS\",\"url\":\"https:\/\/jornaltimoneiro.com.br\/\",\"logo\":{\"@type\":\"ImageObject\",\"inLanguage\":\"pt-BR\",\"@id\":\"https:\/\/jornaltimoneiro.com.br\/#\/schema\/logo\/image\/\",\"url\":\"https:\/\/jornaltimoneiro.com.br\/wp-content\/uploads\/2023\/03\/logonovo.png\",\"contentUrl\":\"https:\/\/jornaltimoneiro.com.br\/wp-content\/uploads\/2023\/03\/logonovo.png\",\"width\":\"469\",\"height\":\"171\",\"caption\":\"Jornal Timoneiro Canoas RS\"},\"image\":{\"@id\":\"https:\/\/jornaltimoneiro.com.br\/#\/schema\/logo\/image\/\"},\"sameAs\":[\"https:\/\/www.facebook.com\/jornaltimoneiro\",\"https:\/\/twitter.com\/_OTimoneiro\",\"https:\/\/www.instagram.com\/jornaltimoneirocanoas\/\",\"https:\/\/www.youtube.com\/@jornalotimoneiro7927\"]},{\"@type\":\"Person\",\"@id\":\"https:\/\/jornaltimoneiro.com.br\/#\/schema\/person\/f63482f1a02b1a9592707865e509ab40\",\"name\":\"Reda\u00e7\u00e3o\",\"image\":{\"@type\":\"ImageObject\",\"inLanguage\":\"pt-BR\",\"@id\":\"https:\/\/jornaltimoneiro.com.br\/#\/schema\/person\/image\/\",\"url\":\"https:\/\/jornaltimoneiro.com.br\/wp-content\/uploads\/2023\/03\/download.jpeg\",\"contentUrl\":\"https:\/\/jornaltimoneiro.com.br\/wp-content\/uploads\/2023\/03\/download.jpeg\",\"caption\":\"Reda\u00e7\u00e3o\"},\"url\":\"https:\/\/jornaltimoneiro.com.br\/index.php\/author\/simone-dutra\/\"}]}<\/script>\n<!-- \/ Yoast SEO plugin. -->","yoast_head_json":{"title":"Grupo de Pernas Pro Ar encanta com espet\u00e1culo O Lan\u00e7ador de Foguetes - O Timoneiro Jornal Canoas RS","description":"Grupo De Pernas Pro Ar trouxe alegria para quem passou pela 39\u00aa Feira do Livro de Canoas com o espet\u00e1culo O Lan\u00e7ador de Foguetes","robots":{"index":"index","follow":"follow","max-snippet":"max-snippet:-1","max-image-preview":"max-image-preview:large","max-video-preview":"max-video-preview:-1"},"canonical":"https:\/\/jornaltimoneiro.com.br\/index.php\/2024\/11\/26\/grupo-de-pernas-pro-ar-encanta-com-espetaculo-o-lancador-de-foguetes\/","og_locale":"pt_BR","og_type":"article","og_title":"Grupo de Pernas Pro Ar encanta com espet\u00e1culo O Lan\u00e7ador de Foguetes - O Timoneiro Jornal Canoas RS","og_description":"Grupo De Pernas Pro Ar trouxe alegria para quem passou pela 39\u00aa Feira do Livro de Canoas com o espet\u00e1culo O Lan\u00e7ador de Foguetes","og_url":"https:\/\/jornaltimoneiro.com.br\/index.php\/2024\/11\/26\/grupo-de-pernas-pro-ar-encanta-com-espetaculo-o-lancador-de-foguetes\/","og_site_name":"O Timoneiro Jornal Canoas RS","article_publisher":"https:\/\/www.facebook.com\/jornaltimoneiro","article_published_time":"2024-11-26T16:40:14+00:00","og_image":[{"width":1080,"height":719,"url":"https:\/\/jornaltimoneiro.com.br\/wp-content\/uploads\/2024\/11\/Grupo-de-Pernas-Pro-Ar-encanta-com-espetaculo-O-Lancador-de-Foguetes.jpeg","type":"image\/jpeg"}],"author":"Reda\u00e7\u00e3o","twitter_card":"summary_large_image","twitter_creator":"@_OTimoneiro","twitter_site":"@_OTimoneiro","twitter_misc":{"Escrito por":"Reda\u00e7\u00e3o","Est. tempo de leitura":"2 minutos"},"schema":{"@context":"https:\/\/schema.org","@graph":[{"@type":"Article","@id":"https:\/\/jornaltimoneiro.com.br\/index.php\/2024\/11\/26\/grupo-de-pernas-pro-ar-encanta-com-espetaculo-o-lancador-de-foguetes\/#article","isPartOf":{"@id":"https:\/\/jornaltimoneiro.com.br\/index.php\/2024\/11\/26\/grupo-de-pernas-pro-ar-encanta-com-espetaculo-o-lancador-de-foguetes\/"},"author":{"name":"Reda\u00e7\u00e3o","@id":"https:\/\/jornaltimoneiro.com.br\/#\/schema\/person\/f63482f1a02b1a9592707865e509ab40"},"headline":"Grupo de Pernas Pro Ar encanta com espet\u00e1culo O Lan\u00e7ador de Foguetes","datePublished":"2024-11-26T16:40:14+00:00","dateModified":"2024-11-26T16:40:14+00:00","mainEntityOfPage":{"@id":"https:\/\/jornaltimoneiro.com.br\/index.php\/2024\/11\/26\/grupo-de-pernas-pro-ar-encanta-com-espetaculo-o-lancador-de-foguetes\/"},"wordCount":252,"commentCount":0,"publisher":{"@id":"https:\/\/jornaltimoneiro.com.br\/#organization"},"keywords":["39\u00aa Feira do Livro de Canaos","canoas","espet\u00e1culo","feira do livro de canoas","Grupo de Pernas Pro Ar","literatura","O Lan\u00e7ador de Foguetes"],"articleSection":["Feira do Livro 2024"],"inLanguage":"pt-BR","potentialAction":[{"@type":"CommentAction","name":"Comment","target":["https:\/\/jornaltimoneiro.com.br\/index.php\/2024\/11\/26\/grupo-de-pernas-pro-ar-encanta-com-espetaculo-o-lancador-de-foguetes\/#respond"]}]},{"@type":"WebPage","@id":"https:\/\/jornaltimoneiro.com.br\/index.php\/2024\/11\/26\/grupo-de-pernas-pro-ar-encanta-com-espetaculo-o-lancador-de-foguetes\/","url":"https:\/\/jornaltimoneiro.com.br\/index.php\/2024\/11\/26\/grupo-de-pernas-pro-ar-encanta-com-espetaculo-o-lancador-de-foguetes\/","name":"Grupo de Pernas Pro Ar encanta com espet\u00e1culo O Lan\u00e7ador de Foguetes - O Timoneiro Jornal Canoas RS","isPartOf":{"@id":"https:\/\/jornaltimoneiro.com.br\/#website"},"datePublished":"2024-11-26T16:40:14+00:00","dateModified":"2024-11-26T16:40:14+00:00","description":"Grupo De Pernas Pro Ar trouxe alegria para quem passou pela 39\u00aa Feira do Livro de Canoas com o espet\u00e1culo O Lan\u00e7ador de Foguetes","breadcrumb":{"@id":"https:\/\/jornaltimoneiro.com.br\/index.php\/2024\/11\/26\/grupo-de-pernas-pro-ar-encanta-com-espetaculo-o-lancador-de-foguetes\/#breadcrumb"},"inLanguage":"pt-BR","potentialAction":[{"@type":"ReadAction","target":["https:\/\/jornaltimoneiro.com.br\/index.php\/2024\/11\/26\/grupo-de-pernas-pro-ar-encanta-com-espetaculo-o-lancador-de-foguetes\/"]}]},{"@type":"BreadcrumbList","@id":"https:\/\/jornaltimoneiro.com.br\/index.php\/2024\/11\/26\/grupo-de-pernas-pro-ar-encanta-com-espetaculo-o-lancador-de-foguetes\/#breadcrumb","itemListElement":[{"@type":"ListItem","position":1,"name":"In\u00edcio","item":"https:\/\/jornaltimoneiro.com.br\/"},{"@type":"ListItem","position":2,"name":"Grupo de Pernas Pro Ar encanta com espet\u00e1culo O Lan\u00e7ador de Foguetes"}]},{"@type":"WebSite","@id":"https:\/\/jornaltimoneiro.com.br\/#website","url":"https:\/\/jornaltimoneiro.com.br\/","name":"Jornal Timoneiro Canoas RS","description":"Jornal O Timoneiro, o verdadeiro jornal de Canoas","publisher":{"@id":"https:\/\/jornaltimoneiro.com.br\/#organization"},"potentialAction":[{"@type":"SearchAction","target":{"@type":"EntryPoint","urlTemplate":"https:\/\/jornaltimoneiro.com.br\/?s={search_term_string}"},"query-input":"required name=search_term_string"}],"inLanguage":"pt-BR"},{"@type":"Organization","@id":"https:\/\/jornaltimoneiro.com.br\/#organization","name":"Jornal Timoneiro Canoas RS","url":"https:\/\/jornaltimoneiro.com.br\/","logo":{"@type":"ImageObject","inLanguage":"pt-BR","@id":"https:\/\/jornaltimoneiro.com.br\/#\/schema\/logo\/image\/","url":"https:\/\/jornaltimoneiro.com.br\/wp-content\/uploads\/2023\/03\/logonovo.png","contentUrl":"https:\/\/jornaltimoneiro.com.br\/wp-content\/uploads\/2023\/03\/logonovo.png","width":"469","height":"171","caption":"Jornal Timoneiro Canoas RS"},"image":{"@id":"https:\/\/jornaltimoneiro.com.br\/#\/schema\/logo\/image\/"},"sameAs":["https:\/\/www.facebook.com\/jornaltimoneiro","https:\/\/twitter.com\/_OTimoneiro","https:\/\/www.instagram.com\/jornaltimoneirocanoas\/","https:\/\/www.youtube.com\/@jornalotimoneiro7927"]},{"@type":"Person","@id":"https:\/\/jornaltimoneiro.com.br\/#\/schema\/person\/f63482f1a02b1a9592707865e509ab40","name":"Reda\u00e7\u00e3o","image":{"@type":"ImageObject","inLanguage":"pt-BR","@id":"https:\/\/jornaltimoneiro.com.br\/#\/schema\/person\/image\/","url":"https:\/\/jornaltimoneiro.com.br\/wp-content\/uploads\/2023\/03\/download.jpeg","contentUrl":"https:\/\/jornaltimoneiro.com.br\/wp-content\/uploads\/2023\/03\/download.jpeg","caption":"Reda\u00e7\u00e3o"},"url":"https:\/\/jornaltimoneiro.com.br\/index.php\/author\/simone-dutra\/"}]}},"_links":{"self":[{"href":"https:\/\/jornaltimoneiro.com.br\/index.php\/wp-json\/wp\/v2\/posts\/32940"}],"collection":[{"href":"https:\/\/jornaltimoneiro.com.br\/index.php\/wp-json\/wp\/v2\/posts"}],"about":[{"href":"https:\/\/jornaltimoneiro.com.br\/index.php\/wp-json\/wp\/v2\/types\/post"}],"author":[{"embeddable":true,"href":"https:\/\/jornaltimoneiro.com.br\/index.php\/wp-json\/wp\/v2\/users\/2"}],"replies":[{"embeddable":true,"href":"https:\/\/jornaltimoneiro.com.br\/index.php\/wp-json\/wp\/v2\/comments?post=32940"}],"version-history":[{"count":1,"href":"https:\/\/jornaltimoneiro.com.br\/index.php\/wp-json\/wp\/v2\/posts\/32940\/revisions"}],"predecessor-version":[{"id":32942,"href":"https:\/\/jornaltimoneiro.com.br\/index.php\/wp-json\/wp\/v2\/posts\/32940\/revisions\/32942"}],"wp:featuredmedia":[{"embeddable":true,"href":"https:\/\/jornaltimoneiro.com.br\/index.php\/wp-json\/wp\/v2\/media\/32941"}],"wp:attachment":[{"href":"https:\/\/jornaltimoneiro.com.br\/index.php\/wp-json\/wp\/v2\/media?parent=32940"}],"wp:term":[{"taxonomy":"category","embeddable":true,"href":"https:\/\/jornaltimoneiro.com.br\/index.php\/wp-json\/wp\/v2\/categories?post=32940"},{"taxonomy":"post_tag","embeddable":true,"href":"https:\/\/jornaltimoneiro.com.br\/index.php\/wp-json\/wp\/v2\/tags?post=32940"}],"curies":[{"name":"wp","href":"https:\/\/api.w.org\/{rel}","templated":true}]}}