{"id":32901,"date":"2024-11-22T16:24:28","date_gmt":"2024-11-22T19:24:28","guid":{"rendered":"https:\/\/jornaltimoneiro.com.br\/?p=32901"},"modified":"2024-11-22T16:24:28","modified_gmt":"2024-11-22T19:24:28","slug":"evento-no-calcadao-de-canoas-ofertara-mais-de-900-vagas-de-emprego","status":"publish","type":"post","link":"https:\/\/jornaltimoneiro.com.br\/index.php\/2024\/11\/22\/evento-no-calcadao-de-canoas-ofertara-mais-de-900-vagas-de-emprego\/","title":{"rendered":"Evento no Cal\u00e7ad\u00e3o de Canoas ofertar\u00e1 mais de 900 vagas de emprego"},"content":{"rendered":"<p>Na pr\u00f3xima quarta-feira, 27, os canoenses que est\u00e3o em busca de uma oportunidade no mercado de trabalho poder\u00e3o participar do Super Feir\u00e3o de Emprego.<\/p>\n<p>A a\u00e7\u00e3o, promovida pela Prefeitura de Canoas, por meio da Secretaria Municipal do Desenvolvimento Econ\u00f4mico Turismo e Inova\u00e7\u00e3o, disponibilizar\u00e1 mais de 900 vagas em 16 empresas. O evento ser\u00e1 realizado no Cal\u00e7ad\u00e3o, no Centro, das 9h \u00e0s 16h.<\/p>\n<p>A titular da SMDETI, Simone Sabin, destacou o impacto do Feir\u00e3o na recupera\u00e7\u00e3o da cidade.<\/p>\n<blockquote><p>\u201cAo facilitar o acesso r\u00e1pido a vagas de trabalho e programas de capacita\u00e7\u00e3o, os feir\u00f5es ajudam a reerguer a economia local e promovem a reintegra\u00e7\u00e3o dos moradores ao mercado de trabalho. Al\u00e9m disso, esses eventos est\u00e3o alinhados ao objetivo cont\u00ednuo de desenvolver Canoas, n\u00e3o apenas no momento da crise, mas sempre, criando condi\u00e7\u00f5es para um futuro mais pr\u00f3spero e inclusivo\u201d, afirmou.<\/p><\/blockquote>\n<h4><strong>Como participar<\/strong><\/h4>\n<p>Para se candidatar, basta levar um documento de identidade com foto. \u00c9 recomendado levar mais de um curr\u00edculo impresso. Caso n\u00e3o tenha, ser\u00e1 poss\u00edvel preencher uma ficha no local. Os atendimentos ocorrer\u00e3o por ordem de chegada.<\/p>\n<h4>As vagas abrangem diversas \u00e1reas, como:<\/h4>\n<p>\u2013 Gerente de Loja<br \/>\n\u2013 Telefonista<br \/>\n\u2013 Auxiliar de Servi\u00e7os Gerais<br \/>\n\u2013 Mec\u00e2nico Industrial<br \/>\n\u2013 Estagi\u00e1rio T\u00e9cnico Mec\u00e2nico<br \/>\n\u2013 Encarregado de A\u00e7ougue<br \/>\n\u2013 Analista de Marketing<br \/>\n\u2013 Representante Comercial Externo<br \/>\n\u2013 Estagi\u00e1rio T\u00e9cnico em Enfermagem<br \/>\n\u2013 T\u00e9cnico em Enfermagem<\/p>\n","protected":false},"excerpt":{"rendered":"<p>Na pr\u00f3xima quarta-feira, 27, os canoenses que est\u00e3o em busca de uma oportunidade no mercado de trabalho poder\u00e3o participar do Super Feir\u00e3o de Emprego. A a\u00e7\u00e3o, promovida pela Prefeitura de Canoas, por meio da Secretaria Municipal do Desenvolvimento Econ\u00f4mico Turismo e Inova\u00e7\u00e3o, disponibilizar\u00e1 mais de 900 vagas em 16 empresas. O evento ser\u00e1 realizado no [&hellip;]<\/p>\n","protected":false},"author":2,"featured_media":26555,"comment_status":"open","ping_status":"open","sticky":false,"template":"","format":"standard","meta":{"amp_status":"","footnotes":""},"categories":[2092],"tags":[1480,31,190,660,213,404],"class_list":["post-32901","post","type-post","status-publish","format-standard","has-post-thumbnail","hentry","category-emprego","tag-calcadao","tag-canoas","tag-featured","tag-feirao-de-emprego","tag-rio-grande-do-sul","tag-vagas"],"yoast_head":"<!-- This site is optimized with the Yoast SEO plugin v20.5 - https:\/\/yoast.com\/wordpress\/plugins\/seo\/ -->\n<title>Evento no Cal\u00e7ad\u00e3o de Canoas ofertar\u00e1 mais de 900 vagas de emprego - O Timoneiro Jornal Canoas RS<\/title>\n<meta name=\"description\" content=\"os canoenses que est\u00e3o em busca de uma oportunidade no mercado de trabalho poder\u00e3o participar do Super Feir\u00e3o de Emprego\" \/>\n<meta name=\"robots\" content=\"index, follow, max-snippet:-1, max-image-preview:large, max-video-preview:-1\" \/>\n<link rel=\"canonical\" href=\"https:\/\/jornaltimoneiro.com.br\/index.php\/2024\/11\/22\/evento-no-calcadao-de-canoas-ofertara-mais-de-900-vagas-de-emprego\/\" \/>\n<meta property=\"og:locale\" content=\"pt_BR\" \/>\n<meta property=\"og:type\" content=\"article\" \/>\n<meta property=\"og:title\" content=\"Evento no Cal\u00e7ad\u00e3o de Canoas ofertar\u00e1 mais de 900 vagas de emprego - O Timoneiro Jornal Canoas RS\" \/>\n<meta property=\"og:description\" content=\"os canoenses que est\u00e3o em busca de uma oportunidade no mercado de trabalho poder\u00e3o participar do Super Feir\u00e3o de Emprego\" \/>\n<meta property=\"og:url\" content=\"https:\/\/jornaltimoneiro.com.br\/index.php\/2024\/11\/22\/evento-no-calcadao-de-canoas-ofertara-mais-de-900-vagas-de-emprego\/\" \/>\n<meta property=\"og:site_name\" content=\"O Timoneiro Jornal Canoas RS\" \/>\n<meta property=\"article:publisher\" content=\"https:\/\/www.facebook.com\/jornaltimoneiro\" \/>\n<meta property=\"article:published_time\" content=\"2024-11-22T19:24:28+00:00\" \/>\n<meta property=\"og:image\" content=\"https:\/\/jornaltimoneiro.com.br\/wp-content\/uploads\/2023\/12\/baixa-feirao.jpg\" \/>\n\t<meta property=\"og:image:width\" content=\"1080\" \/>\n\t<meta property=\"og:image:height\" content=\"719\" \/>\n\t<meta property=\"og:image:type\" content=\"image\/jpeg\" \/>\n<meta name=\"author\" content=\"Reda\u00e7\u00e3o\" \/>\n<meta name=\"twitter:card\" content=\"summary_large_image\" \/>\n<meta name=\"twitter:creator\" content=\"@_OTimoneiro\" \/>\n<meta name=\"twitter:site\" content=\"@_OTimoneiro\" \/>\n<meta name=\"twitter:label1\" content=\"Escrito por\" \/>\n\t<meta name=\"twitter:data1\" content=\"Reda\u00e7\u00e3o\" \/>\n\t<meta name=\"twitter:label2\" content=\"Est. tempo de leitura\" \/>\n\t<meta name=\"twitter:data2\" content=\"2 minutos\" \/>\n<script type=\"application\/ld+json\" class=\"yoast-schema-graph\">{\"@context\":\"https:\/\/schema.org\",\"@graph\":[{\"@type\":\"Article\",\"@id\":\"https:\/\/jornaltimoneiro.com.br\/index.php\/2024\/11\/22\/evento-no-calcadao-de-canoas-ofertara-mais-de-900-vagas-de-emprego\/#article\",\"isPartOf\":{\"@id\":\"https:\/\/jornaltimoneiro.com.br\/index.php\/2024\/11\/22\/evento-no-calcadao-de-canoas-ofertara-mais-de-900-vagas-de-emprego\/\"},\"author\":{\"name\":\"Reda\u00e7\u00e3o\",\"@id\":\"https:\/\/jornaltimoneiro.com.br\/#\/schema\/person\/f63482f1a02b1a9592707865e509ab40\"},\"headline\":\"Evento no Cal\u00e7ad\u00e3o de Canoas ofertar\u00e1 mais de 900 vagas de emprego\",\"datePublished\":\"2024-11-22T19:24:28+00:00\",\"dateModified\":\"2024-11-22T19:24:28+00:00\",\"mainEntityOfPage\":{\"@id\":\"https:\/\/jornaltimoneiro.com.br\/index.php\/2024\/11\/22\/evento-no-calcadao-de-canoas-ofertara-mais-de-900-vagas-de-emprego\/\"},\"wordCount\":254,\"commentCount\":0,\"publisher\":{\"@id\":\"https:\/\/jornaltimoneiro.com.br\/#organization\"},\"keywords\":[\"cal\u00e7ad\u00e3o\",\"canoas\",\"featured\",\"feir\u00e3o de emprego\",\"rio grande do sul\",\"vagas\"],\"articleSection\":[\"Emprego\"],\"inLanguage\":\"pt-BR\",\"potentialAction\":[{\"@type\":\"CommentAction\",\"name\":\"Comment\",\"target\":[\"https:\/\/jornaltimoneiro.com.br\/index.php\/2024\/11\/22\/evento-no-calcadao-de-canoas-ofertara-mais-de-900-vagas-de-emprego\/#respond\"]}]},{\"@type\":\"WebPage\",\"@id\":\"https:\/\/jornaltimoneiro.com.br\/index.php\/2024\/11\/22\/evento-no-calcadao-de-canoas-ofertara-mais-de-900-vagas-de-emprego\/\",\"url\":\"https:\/\/jornaltimoneiro.com.br\/index.php\/2024\/11\/22\/evento-no-calcadao-de-canoas-ofertara-mais-de-900-vagas-de-emprego\/\",\"name\":\"Evento no Cal\u00e7ad\u00e3o de Canoas ofertar\u00e1 mais de 900 vagas de emprego - O Timoneiro Jornal Canoas RS\",\"isPartOf\":{\"@id\":\"https:\/\/jornaltimoneiro.com.br\/#website\"},\"datePublished\":\"2024-11-22T19:24:28+00:00\",\"dateModified\":\"2024-11-22T19:24:28+00:00\",\"description\":\"os canoenses que est\u00e3o em busca de uma oportunidade no mercado de trabalho poder\u00e3o participar do Super Feir\u00e3o de Emprego\",\"breadcrumb\":{\"@id\":\"https:\/\/jornaltimoneiro.com.br\/index.php\/2024\/11\/22\/evento-no-calcadao-de-canoas-ofertara-mais-de-900-vagas-de-emprego\/#breadcrumb\"},\"inLanguage\":\"pt-BR\",\"potentialAction\":[{\"@type\":\"ReadAction\",\"target\":[\"https:\/\/jornaltimoneiro.com.br\/index.php\/2024\/11\/22\/evento-no-calcadao-de-canoas-ofertara-mais-de-900-vagas-de-emprego\/\"]}]},{\"@type\":\"BreadcrumbList\",\"@id\":\"https:\/\/jornaltimoneiro.com.br\/index.php\/2024\/11\/22\/evento-no-calcadao-de-canoas-ofertara-mais-de-900-vagas-de-emprego\/#breadcrumb\",\"itemListElement\":[{\"@type\":\"ListItem\",\"position\":1,\"name\":\"In\u00edcio\",\"item\":\"https:\/\/jornaltimoneiro.com.br\/\"},{\"@type\":\"ListItem\",\"position\":2,\"name\":\"Evento no Cal\u00e7ad\u00e3o de Canoas ofertar\u00e1 mais de 900 vagas de emprego\"}]},{\"@type\":\"WebSite\",\"@id\":\"https:\/\/jornaltimoneiro.com.br\/#website\",\"url\":\"https:\/\/jornaltimoneiro.com.br\/\",\"name\":\"Jornal Timoneiro Canoas RS\",\"description\":\"Jornal O Timoneiro, o verdadeiro jornal de Canoas\",\"publisher\":{\"@id\":\"https:\/\/jornaltimoneiro.com.br\/#organization\"},\"potentialAction\":[{\"@type\":\"SearchAction\",\"target\":{\"@type\":\"EntryPoint\",\"urlTemplate\":\"https:\/\/jornaltimoneiro.com.br\/?s={search_term_string}\"},\"query-input\":\"required name=search_term_string\"}],\"inLanguage\":\"pt-BR\"},{\"@type\":\"Organization\",\"@id\":\"https:\/\/jornaltimoneiro.com.br\/#organization\",\"name\":\"Jornal Timoneiro Canoas RS\",\"url\":\"https:\/\/jornaltimoneiro.com.br\/\",\"logo\":{\"@type\":\"ImageObject\",\"inLanguage\":\"pt-BR\",\"@id\":\"https:\/\/jornaltimoneiro.com.br\/#\/schema\/logo\/image\/\",\"url\":\"https:\/\/jornaltimoneiro.com.br\/wp-content\/uploads\/2023\/03\/logonovo.png\",\"contentUrl\":\"https:\/\/jornaltimoneiro.com.br\/wp-content\/uploads\/2023\/03\/logonovo.png\",\"width\":\"469\",\"height\":\"171\",\"caption\":\"Jornal Timoneiro Canoas RS\"},\"image\":{\"@id\":\"https:\/\/jornaltimoneiro.com.br\/#\/schema\/logo\/image\/\"},\"sameAs\":[\"https:\/\/www.facebook.com\/jornaltimoneiro\",\"https:\/\/twitter.com\/_OTimoneiro\",\"https:\/\/www.instagram.com\/jornaltimoneirocanoas\/\",\"https:\/\/www.youtube.com\/@jornalotimoneiro7927\"]},{\"@type\":\"Person\",\"@id\":\"https:\/\/jornaltimoneiro.com.br\/#\/schema\/person\/f63482f1a02b1a9592707865e509ab40\",\"name\":\"Reda\u00e7\u00e3o\",\"image\":{\"@type\":\"ImageObject\",\"inLanguage\":\"pt-BR\",\"@id\":\"https:\/\/jornaltimoneiro.com.br\/#\/schema\/person\/image\/\",\"url\":\"https:\/\/jornaltimoneiro.com.br\/wp-content\/uploads\/2023\/03\/download.jpeg\",\"contentUrl\":\"https:\/\/jornaltimoneiro.com.br\/wp-content\/uploads\/2023\/03\/download.jpeg\",\"caption\":\"Reda\u00e7\u00e3o\"},\"url\":\"https:\/\/jornaltimoneiro.com.br\/index.php\/author\/simone-dutra\/\"}]}<\/script>\n<!-- \/ Yoast SEO plugin. -->","yoast_head_json":{"title":"Evento no Cal\u00e7ad\u00e3o de Canoas ofertar\u00e1 mais de 900 vagas de emprego - O Timoneiro Jornal Canoas RS","description":"os canoenses que est\u00e3o em busca de uma oportunidade no mercado de trabalho poder\u00e3o participar do Super Feir\u00e3o de Emprego","robots":{"index":"index","follow":"follow","max-snippet":"max-snippet:-1","max-image-preview":"max-image-preview:large","max-video-preview":"max-video-preview:-1"},"canonical":"https:\/\/jornaltimoneiro.com.br\/index.php\/2024\/11\/22\/evento-no-calcadao-de-canoas-ofertara-mais-de-900-vagas-de-emprego\/","og_locale":"pt_BR","og_type":"article","og_title":"Evento no Cal\u00e7ad\u00e3o de Canoas ofertar\u00e1 mais de 900 vagas de emprego - O Timoneiro Jornal Canoas RS","og_description":"os canoenses que est\u00e3o em busca de uma oportunidade no mercado de trabalho poder\u00e3o participar do Super Feir\u00e3o de Emprego","og_url":"https:\/\/jornaltimoneiro.com.br\/index.php\/2024\/11\/22\/evento-no-calcadao-de-canoas-ofertara-mais-de-900-vagas-de-emprego\/","og_site_name":"O Timoneiro Jornal Canoas RS","article_publisher":"https:\/\/www.facebook.com\/jornaltimoneiro","article_published_time":"2024-11-22T19:24:28+00:00","og_image":[{"width":"1080","height":"719","url":"https:\/\/jornaltimoneiro.com.br\/wp-content\/uploads\/2023\/12\/baixa-feirao.jpg","type":"image\/jpeg"}],"author":"Reda\u00e7\u00e3o","twitter_card":"summary_large_image","twitter_creator":"@_OTimoneiro","twitter_site":"@_OTimoneiro","twitter_misc":{"Escrito por":"Reda\u00e7\u00e3o","Est. tempo de leitura":"2 minutos"},"schema":{"@context":"https:\/\/schema.org","@graph":[{"@type":"Article","@id":"https:\/\/jornaltimoneiro.com.br\/index.php\/2024\/11\/22\/evento-no-calcadao-de-canoas-ofertara-mais-de-900-vagas-de-emprego\/#article","isPartOf":{"@id":"https:\/\/jornaltimoneiro.com.br\/index.php\/2024\/11\/22\/evento-no-calcadao-de-canoas-ofertara-mais-de-900-vagas-de-emprego\/"},"author":{"name":"Reda\u00e7\u00e3o","@id":"https:\/\/jornaltimoneiro.com.br\/#\/schema\/person\/f63482f1a02b1a9592707865e509ab40"},"headline":"Evento no Cal\u00e7ad\u00e3o de Canoas ofertar\u00e1 mais de 900 vagas de emprego","datePublished":"2024-11-22T19:24:28+00:00","dateModified":"2024-11-22T19:24:28+00:00","mainEntityOfPage":{"@id":"https:\/\/jornaltimoneiro.com.br\/index.php\/2024\/11\/22\/evento-no-calcadao-de-canoas-ofertara-mais-de-900-vagas-de-emprego\/"},"wordCount":254,"commentCount":0,"publisher":{"@id":"https:\/\/jornaltimoneiro.com.br\/#organization"},"keywords":["cal\u00e7ad\u00e3o","canoas","featured","feir\u00e3o de emprego","rio grande do sul","vagas"],"articleSection":["Emprego"],"inLanguage":"pt-BR","potentialAction":[{"@type":"CommentAction","name":"Comment","target":["https:\/\/jornaltimoneiro.com.br\/index.php\/2024\/11\/22\/evento-no-calcadao-de-canoas-ofertara-mais-de-900-vagas-de-emprego\/#respond"]}]},{"@type":"WebPage","@id":"https:\/\/jornaltimoneiro.com.br\/index.php\/2024\/11\/22\/evento-no-calcadao-de-canoas-ofertara-mais-de-900-vagas-de-emprego\/","url":"https:\/\/jornaltimoneiro.com.br\/index.php\/2024\/11\/22\/evento-no-calcadao-de-canoas-ofertara-mais-de-900-vagas-de-emprego\/","name":"Evento no Cal\u00e7ad\u00e3o de Canoas ofertar\u00e1 mais de 900 vagas de emprego - O Timoneiro Jornal Canoas RS","isPartOf":{"@id":"https:\/\/jornaltimoneiro.com.br\/#website"},"datePublished":"2024-11-22T19:24:28+00:00","dateModified":"2024-11-22T19:24:28+00:00","description":"os canoenses que est\u00e3o em busca de uma oportunidade no mercado de trabalho poder\u00e3o participar do Super Feir\u00e3o de Emprego","breadcrumb":{"@id":"https:\/\/jornaltimoneiro.com.br\/index.php\/2024\/11\/22\/evento-no-calcadao-de-canoas-ofertara-mais-de-900-vagas-de-emprego\/#breadcrumb"},"inLanguage":"pt-BR","potentialAction":[{"@type":"ReadAction","target":["https:\/\/jornaltimoneiro.com.br\/index.php\/2024\/11\/22\/evento-no-calcadao-de-canoas-ofertara-mais-de-900-vagas-de-emprego\/"]}]},{"@type":"BreadcrumbList","@id":"https:\/\/jornaltimoneiro.com.br\/index.php\/2024\/11\/22\/evento-no-calcadao-de-canoas-ofertara-mais-de-900-vagas-de-emprego\/#breadcrumb","itemListElement":[{"@type":"ListItem","position":1,"name":"In\u00edcio","item":"https:\/\/jornaltimoneiro.com.br\/"},{"@type":"ListItem","position":2,"name":"Evento no Cal\u00e7ad\u00e3o de Canoas ofertar\u00e1 mais de 900 vagas de emprego"}]},{"@type":"WebSite","@id":"https:\/\/jornaltimoneiro.com.br\/#website","url":"https:\/\/jornaltimoneiro.com.br\/","name":"Jornal Timoneiro Canoas RS","description":"Jornal O Timoneiro, o verdadeiro jornal de Canoas","publisher":{"@id":"https:\/\/jornaltimoneiro.com.br\/#organization"},"potentialAction":[{"@type":"SearchAction","target":{"@type":"EntryPoint","urlTemplate":"https:\/\/jornaltimoneiro.com.br\/?s={search_term_string}"},"query-input":"required name=search_term_string"}],"inLanguage":"pt-BR"},{"@type":"Organization","@id":"https:\/\/jornaltimoneiro.com.br\/#organization","name":"Jornal Timoneiro Canoas RS","url":"https:\/\/jornaltimoneiro.com.br\/","logo":{"@type":"ImageObject","inLanguage":"pt-BR","@id":"https:\/\/jornaltimoneiro.com.br\/#\/schema\/logo\/image\/","url":"https:\/\/jornaltimoneiro.com.br\/wp-content\/uploads\/2023\/03\/logonovo.png","contentUrl":"https:\/\/jornaltimoneiro.com.br\/wp-content\/uploads\/2023\/03\/logonovo.png","width":"469","height":"171","caption":"Jornal Timoneiro Canoas RS"},"image":{"@id":"https:\/\/jornaltimoneiro.com.br\/#\/schema\/logo\/image\/"},"sameAs":["https:\/\/www.facebook.com\/jornaltimoneiro","https:\/\/twitter.com\/_OTimoneiro","https:\/\/www.instagram.com\/jornaltimoneirocanoas\/","https:\/\/www.youtube.com\/@jornalotimoneiro7927"]},{"@type":"Person","@id":"https:\/\/jornaltimoneiro.com.br\/#\/schema\/person\/f63482f1a02b1a9592707865e509ab40","name":"Reda\u00e7\u00e3o","image":{"@type":"ImageObject","inLanguage":"pt-BR","@id":"https:\/\/jornaltimoneiro.com.br\/#\/schema\/person\/image\/","url":"https:\/\/jornaltimoneiro.com.br\/wp-content\/uploads\/2023\/03\/download.jpeg","contentUrl":"https:\/\/jornaltimoneiro.com.br\/wp-content\/uploads\/2023\/03\/download.jpeg","caption":"Reda\u00e7\u00e3o"},"url":"https:\/\/jornaltimoneiro.com.br\/index.php\/author\/simone-dutra\/"}]}},"_links":{"self":[{"href":"https:\/\/jornaltimoneiro.com.br\/index.php\/wp-json\/wp\/v2\/posts\/32901"}],"collection":[{"href":"https:\/\/jornaltimoneiro.com.br\/index.php\/wp-json\/wp\/v2\/posts"}],"about":[{"href":"https:\/\/jornaltimoneiro.com.br\/index.php\/wp-json\/wp\/v2\/types\/post"}],"author":[{"embeddable":true,"href":"https:\/\/jornaltimoneiro.com.br\/index.php\/wp-json\/wp\/v2\/users\/2"}],"replies":[{"embeddable":true,"href":"https:\/\/jornaltimoneiro.com.br\/index.php\/wp-json\/wp\/v2\/comments?post=32901"}],"version-history":[{"count":1,"href":"https:\/\/jornaltimoneiro.com.br\/index.php\/wp-json\/wp\/v2\/posts\/32901\/revisions"}],"predecessor-version":[{"id":32902,"href":"https:\/\/jornaltimoneiro.com.br\/index.php\/wp-json\/wp\/v2\/posts\/32901\/revisions\/32902"}],"wp:featuredmedia":[{"embeddable":true,"href":"https:\/\/jornaltimoneiro.com.br\/index.php\/wp-json\/wp\/v2\/media\/26555"}],"wp:attachment":[{"href":"https:\/\/jornaltimoneiro.com.br\/index.php\/wp-json\/wp\/v2\/media?parent=32901"}],"wp:term":[{"taxonomy":"category","embeddable":true,"href":"https:\/\/jornaltimoneiro.com.br\/index.php\/wp-json\/wp\/v2\/categories?post=32901"},{"taxonomy":"post_tag","embeddable":true,"href":"https:\/\/jornaltimoneiro.com.br\/index.php\/wp-json\/wp\/v2\/tags?post=32901"}],"curies":[{"name":"wp","href":"https:\/\/api.w.org\/{rel}","templated":true}]}}