{"id":32835,"date":"2024-11-18T18:45:45","date_gmt":"2024-11-18T21:45:45","guid":{"rendered":"https:\/\/jornaltimoneiro.com.br\/?p=32835"},"modified":"2024-11-18T18:45:45","modified_gmt":"2024-11-18T21:45:45","slug":"bibo-nunes-solicita-autopsia-de-autor-das-explosoes-para-esclarecer-especulacoes","status":"publish","type":"post","link":"https:\/\/jornaltimoneiro.com.br\/index.php\/2024\/11\/18\/bibo-nunes-solicita-autopsia-de-autor-das-explosoes-para-esclarecer-especulacoes\/","title":{"rendered":"Bibo Nunes solicita aut\u00f3psia de autor das explos\u00f5es para esclarecer especula\u00e7\u00f5es"},"content":{"rendered":"<p>Na manh\u00e3 desta segunda-feira, 18, o deputado federal Bibo Nunes protocolou um Requerimento de Informa\u00e7\u00f5es solicitando o resultado da aut\u00f3psia de Francisco Vanderlei Luiz, autor das explos\u00f5es na Pra\u00e7a dos Tr\u00eas Poderes.<\/p>\n<p>O objetivo do pedido \u00e9 esclarecer as diversas especula\u00e7\u00f5es e vers\u00f5es que circulam na imprensa e nas redes sociais sobre a morte de Francisco. Entre as informa\u00e7\u00f5es divulgadas, algumas apontam que ele teria detonado uma bomba em seu rosto, enquanto outras afirmam que ele foi alvejado por tiros disparados pela equipe de seguran\u00e7a local.<\/p>\n<blockquote><p>&#8220;Sou defensor da clareza das informa\u00e7\u00f5es \u2013 um dos pilares da Democracia, bem como da liberdade de opini\u00e3o&#8221;, declarou o deputado ao justificar a necessidade de transpar\u00eancia sobre o caso.<\/p><\/blockquote>\n<p>O parlamentar acredita que a elucida\u00e7\u00e3o dos fatos \u00e9 fundamental para evitar a dissemina\u00e7\u00e3o de desinforma\u00e7\u00e3o e garantir que os acontecimentos sejam tratados com a seriedade que a situa\u00e7\u00e3o exige.<\/p>\n","protected":false},"excerpt":{"rendered":"<p>Na manh\u00e3 desta segunda-feira, 18, o deputado federal Bibo Nunes protocolou um Requerimento de Informa\u00e7\u00f5es solicitando o resultado da aut\u00f3psia de Francisco Vanderlei Luiz, autor das explos\u00f5es na Pra\u00e7a dos Tr\u00eas Poderes. O objetivo do pedido \u00e9 esclarecer as diversas especula\u00e7\u00f5es e vers\u00f5es que circulam na imprensa e nas redes sociais sobre a morte de [&hellip;]<\/p>\n","protected":false},"author":2,"featured_media":32836,"comment_status":"open","ping_status":"open","sticky":false,"template":"","format":"standard","meta":{"amp_status":"","footnotes":""},"categories":[73],"tags":[2209,667,608,2934,3683,3684],"class_list":["post-32835","post","type-post","status-publish","format-standard","has-post-thumbnail","hentry","category-pais","tag-bibo-nunes","tag-brasilia","tag-crime","tag-deputado-federal","tag-explosao","tag-praca-dos-tres-poderes"],"yoast_head":"<!-- This site is optimized with the Yoast SEO plugin v20.5 - https:\/\/yoast.com\/wordpress\/plugins\/seo\/ -->\n<title>Bibo Nunes solicita aut\u00f3psia de autor das explos\u00f5es para esclarecer especula\u00e7\u00f5es - O Timoneiro Jornal Canoas RS<\/title>\n<meta name=\"description\" content=\"Bibo Nunes solicita o resultado da aut\u00f3psia de Francisco Vanderlei Luiz, autor das explos\u00f5es na Pra\u00e7a dos Tr\u00eas Poderes\" \/>\n<meta name=\"robots\" content=\"index, follow, max-snippet:-1, max-image-preview:large, max-video-preview:-1\" \/>\n<link rel=\"canonical\" href=\"https:\/\/jornaltimoneiro.com.br\/index.php\/2024\/11\/18\/bibo-nunes-solicita-autopsia-de-autor-das-explosoes-para-esclarecer-especulacoes\/\" \/>\n<meta property=\"og:locale\" content=\"pt_BR\" \/>\n<meta property=\"og:type\" content=\"article\" \/>\n<meta property=\"og:title\" content=\"Bibo Nunes solicita aut\u00f3psia de autor das explos\u00f5es para esclarecer especula\u00e7\u00f5es - O Timoneiro Jornal Canoas RS\" \/>\n<meta property=\"og:description\" content=\"Bibo Nunes solicita o resultado da aut\u00f3psia de Francisco Vanderlei Luiz, autor das explos\u00f5es na Pra\u00e7a dos Tr\u00eas Poderes\" \/>\n<meta property=\"og:url\" content=\"https:\/\/jornaltimoneiro.com.br\/index.php\/2024\/11\/18\/bibo-nunes-solicita-autopsia-de-autor-das-explosoes-para-esclarecer-especulacoes\/\" \/>\n<meta property=\"og:site_name\" content=\"O Timoneiro Jornal Canoas RS\" \/>\n<meta property=\"article:publisher\" content=\"https:\/\/www.facebook.com\/jornaltimoneiro\" \/>\n<meta property=\"article:published_time\" content=\"2024-11-18T21:45:45+00:00\" \/>\n<meta property=\"og:image\" content=\"https:\/\/jornaltimoneiro.com.br\/wp-content\/uploads\/2024\/11\/Bibo-Nunes-solicita-autopsia-de-autor-das-explosoes-para-esclarecer-especulacoes.jpeg\" \/>\n\t<meta property=\"og:image:width\" content=\"675\" \/>\n\t<meta property=\"og:image:height\" content=\"450\" \/>\n\t<meta property=\"og:image:type\" content=\"image\/jpeg\" \/>\n<meta name=\"author\" content=\"Reda\u00e7\u00e3o\" \/>\n<meta name=\"twitter:card\" content=\"summary_large_image\" \/>\n<meta name=\"twitter:creator\" content=\"@_OTimoneiro\" \/>\n<meta name=\"twitter:site\" content=\"@_OTimoneiro\" \/>\n<meta name=\"twitter:label1\" content=\"Escrito por\" \/>\n\t<meta name=\"twitter:data1\" content=\"Reda\u00e7\u00e3o\" \/>\n\t<meta name=\"twitter:label2\" content=\"Est. tempo de leitura\" \/>\n\t<meta name=\"twitter:data2\" content=\"1 minuto\" \/>\n<script type=\"application\/ld+json\" class=\"yoast-schema-graph\">{\"@context\":\"https:\/\/schema.org\",\"@graph\":[{\"@type\":\"Article\",\"@id\":\"https:\/\/jornaltimoneiro.com.br\/index.php\/2024\/11\/18\/bibo-nunes-solicita-autopsia-de-autor-das-explosoes-para-esclarecer-especulacoes\/#article\",\"isPartOf\":{\"@id\":\"https:\/\/jornaltimoneiro.com.br\/index.php\/2024\/11\/18\/bibo-nunes-solicita-autopsia-de-autor-das-explosoes-para-esclarecer-especulacoes\/\"},\"author\":{\"name\":\"Reda\u00e7\u00e3o\",\"@id\":\"https:\/\/jornaltimoneiro.com.br\/#\/schema\/person\/f63482f1a02b1a9592707865e509ab40\"},\"headline\":\"Bibo Nunes solicita aut\u00f3psia de autor das explos\u00f5es para esclarecer especula\u00e7\u00f5es\",\"datePublished\":\"2024-11-18T21:45:45+00:00\",\"dateModified\":\"2024-11-18T21:45:45+00:00\",\"mainEntityOfPage\":{\"@id\":\"https:\/\/jornaltimoneiro.com.br\/index.php\/2024\/11\/18\/bibo-nunes-solicita-autopsia-de-autor-das-explosoes-para-esclarecer-especulacoes\/\"},\"wordCount\":172,\"commentCount\":0,\"publisher\":{\"@id\":\"https:\/\/jornaltimoneiro.com.br\/#organization\"},\"keywords\":[\"bibo nunes\",\"bras\u00edlia\",\"crime\",\"deputado federal\",\"explos\u00e3o\",\"pra\u00e7a dos Tr\u00eas poderes\"],\"articleSection\":[\"Pa\u00eds\"],\"inLanguage\":\"pt-BR\",\"potentialAction\":[{\"@type\":\"CommentAction\",\"name\":\"Comment\",\"target\":[\"https:\/\/jornaltimoneiro.com.br\/index.php\/2024\/11\/18\/bibo-nunes-solicita-autopsia-de-autor-das-explosoes-para-esclarecer-especulacoes\/#respond\"]}]},{\"@type\":\"WebPage\",\"@id\":\"https:\/\/jornaltimoneiro.com.br\/index.php\/2024\/11\/18\/bibo-nunes-solicita-autopsia-de-autor-das-explosoes-para-esclarecer-especulacoes\/\",\"url\":\"https:\/\/jornaltimoneiro.com.br\/index.php\/2024\/11\/18\/bibo-nunes-solicita-autopsia-de-autor-das-explosoes-para-esclarecer-especulacoes\/\",\"name\":\"Bibo Nunes solicita aut\u00f3psia de autor das explos\u00f5es para esclarecer especula\u00e7\u00f5es - O Timoneiro Jornal Canoas RS\",\"isPartOf\":{\"@id\":\"https:\/\/jornaltimoneiro.com.br\/#website\"},\"datePublished\":\"2024-11-18T21:45:45+00:00\",\"dateModified\":\"2024-11-18T21:45:45+00:00\",\"description\":\"Bibo Nunes solicita o resultado da aut\u00f3psia de Francisco Vanderlei Luiz, autor das explos\u00f5es na Pra\u00e7a dos Tr\u00eas Poderes\",\"breadcrumb\":{\"@id\":\"https:\/\/jornaltimoneiro.com.br\/index.php\/2024\/11\/18\/bibo-nunes-solicita-autopsia-de-autor-das-explosoes-para-esclarecer-especulacoes\/#breadcrumb\"},\"inLanguage\":\"pt-BR\",\"potentialAction\":[{\"@type\":\"ReadAction\",\"target\":[\"https:\/\/jornaltimoneiro.com.br\/index.php\/2024\/11\/18\/bibo-nunes-solicita-autopsia-de-autor-das-explosoes-para-esclarecer-especulacoes\/\"]}]},{\"@type\":\"BreadcrumbList\",\"@id\":\"https:\/\/jornaltimoneiro.com.br\/index.php\/2024\/11\/18\/bibo-nunes-solicita-autopsia-de-autor-das-explosoes-para-esclarecer-especulacoes\/#breadcrumb\",\"itemListElement\":[{\"@type\":\"ListItem\",\"position\":1,\"name\":\"In\u00edcio\",\"item\":\"https:\/\/jornaltimoneiro.com.br\/\"},{\"@type\":\"ListItem\",\"position\":2,\"name\":\"Bibo Nunes solicita aut\u00f3psia de autor das explos\u00f5es para esclarecer especula\u00e7\u00f5es\"}]},{\"@type\":\"WebSite\",\"@id\":\"https:\/\/jornaltimoneiro.com.br\/#website\",\"url\":\"https:\/\/jornaltimoneiro.com.br\/\",\"name\":\"Jornal Timoneiro Canoas RS\",\"description\":\"Jornal O Timoneiro, o verdadeiro jornal de Canoas\",\"publisher\":{\"@id\":\"https:\/\/jornaltimoneiro.com.br\/#organization\"},\"potentialAction\":[{\"@type\":\"SearchAction\",\"target\":{\"@type\":\"EntryPoint\",\"urlTemplate\":\"https:\/\/jornaltimoneiro.com.br\/?s={search_term_string}\"},\"query-input\":\"required name=search_term_string\"}],\"inLanguage\":\"pt-BR\"},{\"@type\":\"Organization\",\"@id\":\"https:\/\/jornaltimoneiro.com.br\/#organization\",\"name\":\"Jornal Timoneiro Canoas RS\",\"url\":\"https:\/\/jornaltimoneiro.com.br\/\",\"logo\":{\"@type\":\"ImageObject\",\"inLanguage\":\"pt-BR\",\"@id\":\"https:\/\/jornaltimoneiro.com.br\/#\/schema\/logo\/image\/\",\"url\":\"https:\/\/jornaltimoneiro.com.br\/wp-content\/uploads\/2023\/03\/logonovo.png\",\"contentUrl\":\"https:\/\/jornaltimoneiro.com.br\/wp-content\/uploads\/2023\/03\/logonovo.png\",\"width\":\"469\",\"height\":\"171\",\"caption\":\"Jornal Timoneiro Canoas RS\"},\"image\":{\"@id\":\"https:\/\/jornaltimoneiro.com.br\/#\/schema\/logo\/image\/\"},\"sameAs\":[\"https:\/\/www.facebook.com\/jornaltimoneiro\",\"https:\/\/twitter.com\/_OTimoneiro\",\"https:\/\/www.instagram.com\/jornaltimoneirocanoas\/\",\"https:\/\/www.youtube.com\/@jornalotimoneiro7927\"]},{\"@type\":\"Person\",\"@id\":\"https:\/\/jornaltimoneiro.com.br\/#\/schema\/person\/f63482f1a02b1a9592707865e509ab40\",\"name\":\"Reda\u00e7\u00e3o\",\"image\":{\"@type\":\"ImageObject\",\"inLanguage\":\"pt-BR\",\"@id\":\"https:\/\/jornaltimoneiro.com.br\/#\/schema\/person\/image\/\",\"url\":\"https:\/\/jornaltimoneiro.com.br\/wp-content\/uploads\/2023\/03\/download.jpeg\",\"contentUrl\":\"https:\/\/jornaltimoneiro.com.br\/wp-content\/uploads\/2023\/03\/download.jpeg\",\"caption\":\"Reda\u00e7\u00e3o\"},\"url\":\"https:\/\/jornaltimoneiro.com.br\/index.php\/author\/simone-dutra\/\"}]}<\/script>\n<!-- \/ Yoast SEO plugin. -->","yoast_head_json":{"title":"Bibo Nunes solicita aut\u00f3psia de autor das explos\u00f5es para esclarecer especula\u00e7\u00f5es - O Timoneiro Jornal Canoas RS","description":"Bibo Nunes solicita o resultado da aut\u00f3psia de Francisco Vanderlei Luiz, autor das explos\u00f5es na Pra\u00e7a dos Tr\u00eas Poderes","robots":{"index":"index","follow":"follow","max-snippet":"max-snippet:-1","max-image-preview":"max-image-preview:large","max-video-preview":"max-video-preview:-1"},"canonical":"https:\/\/jornaltimoneiro.com.br\/index.php\/2024\/11\/18\/bibo-nunes-solicita-autopsia-de-autor-das-explosoes-para-esclarecer-especulacoes\/","og_locale":"pt_BR","og_type":"article","og_title":"Bibo Nunes solicita aut\u00f3psia de autor das explos\u00f5es para esclarecer especula\u00e7\u00f5es - O Timoneiro Jornal Canoas RS","og_description":"Bibo Nunes solicita o resultado da aut\u00f3psia de Francisco Vanderlei Luiz, autor das explos\u00f5es na Pra\u00e7a dos Tr\u00eas Poderes","og_url":"https:\/\/jornaltimoneiro.com.br\/index.php\/2024\/11\/18\/bibo-nunes-solicita-autopsia-de-autor-das-explosoes-para-esclarecer-especulacoes\/","og_site_name":"O Timoneiro Jornal Canoas RS","article_publisher":"https:\/\/www.facebook.com\/jornaltimoneiro","article_published_time":"2024-11-18T21:45:45+00:00","og_image":[{"width":675,"height":450,"url":"https:\/\/jornaltimoneiro.com.br\/wp-content\/uploads\/2024\/11\/Bibo-Nunes-solicita-autopsia-de-autor-das-explosoes-para-esclarecer-especulacoes.jpeg","type":"image\/jpeg"}],"author":"Reda\u00e7\u00e3o","twitter_card":"summary_large_image","twitter_creator":"@_OTimoneiro","twitter_site":"@_OTimoneiro","twitter_misc":{"Escrito por":"Reda\u00e7\u00e3o","Est. tempo de leitura":"1 minuto"},"schema":{"@context":"https:\/\/schema.org","@graph":[{"@type":"Article","@id":"https:\/\/jornaltimoneiro.com.br\/index.php\/2024\/11\/18\/bibo-nunes-solicita-autopsia-de-autor-das-explosoes-para-esclarecer-especulacoes\/#article","isPartOf":{"@id":"https:\/\/jornaltimoneiro.com.br\/index.php\/2024\/11\/18\/bibo-nunes-solicita-autopsia-de-autor-das-explosoes-para-esclarecer-especulacoes\/"},"author":{"name":"Reda\u00e7\u00e3o","@id":"https:\/\/jornaltimoneiro.com.br\/#\/schema\/person\/f63482f1a02b1a9592707865e509ab40"},"headline":"Bibo Nunes solicita aut\u00f3psia de autor das explos\u00f5es para esclarecer especula\u00e7\u00f5es","datePublished":"2024-11-18T21:45:45+00:00","dateModified":"2024-11-18T21:45:45+00:00","mainEntityOfPage":{"@id":"https:\/\/jornaltimoneiro.com.br\/index.php\/2024\/11\/18\/bibo-nunes-solicita-autopsia-de-autor-das-explosoes-para-esclarecer-especulacoes\/"},"wordCount":172,"commentCount":0,"publisher":{"@id":"https:\/\/jornaltimoneiro.com.br\/#organization"},"keywords":["bibo nunes","bras\u00edlia","crime","deputado federal","explos\u00e3o","pra\u00e7a dos Tr\u00eas poderes"],"articleSection":["Pa\u00eds"],"inLanguage":"pt-BR","potentialAction":[{"@type":"CommentAction","name":"Comment","target":["https:\/\/jornaltimoneiro.com.br\/index.php\/2024\/11\/18\/bibo-nunes-solicita-autopsia-de-autor-das-explosoes-para-esclarecer-especulacoes\/#respond"]}]},{"@type":"WebPage","@id":"https:\/\/jornaltimoneiro.com.br\/index.php\/2024\/11\/18\/bibo-nunes-solicita-autopsia-de-autor-das-explosoes-para-esclarecer-especulacoes\/","url":"https:\/\/jornaltimoneiro.com.br\/index.php\/2024\/11\/18\/bibo-nunes-solicita-autopsia-de-autor-das-explosoes-para-esclarecer-especulacoes\/","name":"Bibo Nunes solicita aut\u00f3psia de autor das explos\u00f5es para esclarecer especula\u00e7\u00f5es - O Timoneiro Jornal Canoas RS","isPartOf":{"@id":"https:\/\/jornaltimoneiro.com.br\/#website"},"datePublished":"2024-11-18T21:45:45+00:00","dateModified":"2024-11-18T21:45:45+00:00","description":"Bibo Nunes solicita o resultado da aut\u00f3psia de Francisco Vanderlei Luiz, autor das explos\u00f5es na Pra\u00e7a dos Tr\u00eas Poderes","breadcrumb":{"@id":"https:\/\/jornaltimoneiro.com.br\/index.php\/2024\/11\/18\/bibo-nunes-solicita-autopsia-de-autor-das-explosoes-para-esclarecer-especulacoes\/#breadcrumb"},"inLanguage":"pt-BR","potentialAction":[{"@type":"ReadAction","target":["https:\/\/jornaltimoneiro.com.br\/index.php\/2024\/11\/18\/bibo-nunes-solicita-autopsia-de-autor-das-explosoes-para-esclarecer-especulacoes\/"]}]},{"@type":"BreadcrumbList","@id":"https:\/\/jornaltimoneiro.com.br\/index.php\/2024\/11\/18\/bibo-nunes-solicita-autopsia-de-autor-das-explosoes-para-esclarecer-especulacoes\/#breadcrumb","itemListElement":[{"@type":"ListItem","position":1,"name":"In\u00edcio","item":"https:\/\/jornaltimoneiro.com.br\/"},{"@type":"ListItem","position":2,"name":"Bibo Nunes solicita aut\u00f3psia de autor das explos\u00f5es para esclarecer especula\u00e7\u00f5es"}]},{"@type":"WebSite","@id":"https:\/\/jornaltimoneiro.com.br\/#website","url":"https:\/\/jornaltimoneiro.com.br\/","name":"Jornal Timoneiro Canoas RS","description":"Jornal O Timoneiro, o verdadeiro jornal de Canoas","publisher":{"@id":"https:\/\/jornaltimoneiro.com.br\/#organization"},"potentialAction":[{"@type":"SearchAction","target":{"@type":"EntryPoint","urlTemplate":"https:\/\/jornaltimoneiro.com.br\/?s={search_term_string}"},"query-input":"required name=search_term_string"}],"inLanguage":"pt-BR"},{"@type":"Organization","@id":"https:\/\/jornaltimoneiro.com.br\/#organization","name":"Jornal Timoneiro Canoas RS","url":"https:\/\/jornaltimoneiro.com.br\/","logo":{"@type":"ImageObject","inLanguage":"pt-BR","@id":"https:\/\/jornaltimoneiro.com.br\/#\/schema\/logo\/image\/","url":"https:\/\/jornaltimoneiro.com.br\/wp-content\/uploads\/2023\/03\/logonovo.png","contentUrl":"https:\/\/jornaltimoneiro.com.br\/wp-content\/uploads\/2023\/03\/logonovo.png","width":"469","height":"171","caption":"Jornal Timoneiro Canoas RS"},"image":{"@id":"https:\/\/jornaltimoneiro.com.br\/#\/schema\/logo\/image\/"},"sameAs":["https:\/\/www.facebook.com\/jornaltimoneiro","https:\/\/twitter.com\/_OTimoneiro","https:\/\/www.instagram.com\/jornaltimoneirocanoas\/","https:\/\/www.youtube.com\/@jornalotimoneiro7927"]},{"@type":"Person","@id":"https:\/\/jornaltimoneiro.com.br\/#\/schema\/person\/f63482f1a02b1a9592707865e509ab40","name":"Reda\u00e7\u00e3o","image":{"@type":"ImageObject","inLanguage":"pt-BR","@id":"https:\/\/jornaltimoneiro.com.br\/#\/schema\/person\/image\/","url":"https:\/\/jornaltimoneiro.com.br\/wp-content\/uploads\/2023\/03\/download.jpeg","contentUrl":"https:\/\/jornaltimoneiro.com.br\/wp-content\/uploads\/2023\/03\/download.jpeg","caption":"Reda\u00e7\u00e3o"},"url":"https:\/\/jornaltimoneiro.com.br\/index.php\/author\/simone-dutra\/"}]}},"_links":{"self":[{"href":"https:\/\/jornaltimoneiro.com.br\/index.php\/wp-json\/wp\/v2\/posts\/32835"}],"collection":[{"href":"https:\/\/jornaltimoneiro.com.br\/index.php\/wp-json\/wp\/v2\/posts"}],"about":[{"href":"https:\/\/jornaltimoneiro.com.br\/index.php\/wp-json\/wp\/v2\/types\/post"}],"author":[{"embeddable":true,"href":"https:\/\/jornaltimoneiro.com.br\/index.php\/wp-json\/wp\/v2\/users\/2"}],"replies":[{"embeddable":true,"href":"https:\/\/jornaltimoneiro.com.br\/index.php\/wp-json\/wp\/v2\/comments?post=32835"}],"version-history":[{"count":1,"href":"https:\/\/jornaltimoneiro.com.br\/index.php\/wp-json\/wp\/v2\/posts\/32835\/revisions"}],"predecessor-version":[{"id":32837,"href":"https:\/\/jornaltimoneiro.com.br\/index.php\/wp-json\/wp\/v2\/posts\/32835\/revisions\/32837"}],"wp:featuredmedia":[{"embeddable":true,"href":"https:\/\/jornaltimoneiro.com.br\/index.php\/wp-json\/wp\/v2\/media\/32836"}],"wp:attachment":[{"href":"https:\/\/jornaltimoneiro.com.br\/index.php\/wp-json\/wp\/v2\/media?parent=32835"}],"wp:term":[{"taxonomy":"category","embeddable":true,"href":"https:\/\/jornaltimoneiro.com.br\/index.php\/wp-json\/wp\/v2\/categories?post=32835"},{"taxonomy":"post_tag","embeddable":true,"href":"https:\/\/jornaltimoneiro.com.br\/index.php\/wp-json\/wp\/v2\/tags?post=32835"}],"curies":[{"name":"wp","href":"https:\/\/api.w.org\/{rel}","templated":true}]}}