{"id":32772,"date":"2024-11-12T22:54:49","date_gmt":"2024-11-13T01:54:49","guid":{"rendered":"https:\/\/jornaltimoneiro.com.br\/?p=32772"},"modified":"2024-11-12T22:54:49","modified_gmt":"2024-11-13T01:54:49","slug":"airton-souza-se-manifesta-sobre-decisao-do-stj-que-mantem-condenacao","status":"publish","type":"post","link":"https:\/\/jornaltimoneiro.com.br\/index.php\/2024\/11\/12\/airton-souza-se-manifesta-sobre-decisao-do-stj-que-mantem-condenacao\/","title":{"rendered":"Airton Souza se manifesta sobre decis\u00e3o do STJ que mant\u00e9m condena\u00e7\u00e3o"},"content":{"rendered":"<p>A segunda turma do Superior Tribunal de Justi\u00e7a (STJ) negou, nesta ter\u00e7a-feira, 12, os embargos de declara\u00e7\u00e3o que Airton Souza (PL), prefeito eleito de Canoas, apresentou para tentar derrubar as senten\u00e7as de condena\u00e7\u00e3o por improbidade administrativas que foram dadas em 1\u00aa e 2\u00aa inst\u00e2ncias.<br \/>\nMomentos depois da decis\u00e3o, diante da repercuss\u00e3o e d\u00favidas em rela\u00e7\u00e3o a sua posse em 1\u00ba de janeiro de 2025, o prefeito eleito emitiu nota onde diz que o processo ainda n\u00e3o transitou em julgado (n\u00e3o chegou ao seu fim) e que n\u00e3o altera o resultado da elei\u00e7\u00e3o. Airton diz, ainda, que est\u00e1 tranquilo e que os trabalhos de transi\u00e7\u00e3o de governo seguem. Veja a nota na \u00edntegra abaixo:<\/p>\n<blockquote>\n<p style=\"text-align: left;\">\n&#8220;1. A decis\u00e3o desta ter\u00e7a-feira (12) em nada altera o resultado da elei\u00e7\u00e3o e da vontade soberana dos canoenses. Minha candidatura foi homologada pela Justi\u00e7a Eleitoral porque sou ficha limpa \u2014 e continuo sendo.<\/p>\n<p style=\"text-align: left;\">2. O processo ainda n\u00e3o transitou em julgado, ou seja, ainda n\u00e3o terminou e a minha defesa ingressar\u00e1 com os recursos cab\u00edveis para que a verdade prevale\u00e7a. Jamais agi de m\u00e1-f\u00e9, prova disso que o pr\u00f3prio Tribunal de Justi\u00e7a frisou o fato de n\u00e3o haver dolo na a\u00e7\u00e3o, muito menos enriquecimento il\u00edcito. Por esse motivo, confio que mais cedo ou mais tarde a Justi\u00e7a ser\u00e1 feita.<\/p>\n<p style=\"text-align: left;\">3. Tenho a tranquilidade em dizer que a vontade majorit\u00e1ria dos canoenses ser\u00e1 respeitada. Conquistamos uma vit\u00f3ria leg\u00edtima, tanto em 1\u00ba, quanto em 2\u00ba turno. Os trabalhos do grupo de transi\u00e7\u00e3o est\u00e3o ocorrendo e, a partir de janeiro, iniciaremos as transforma\u00e7\u00f5es que nossa cidade tanto precisa.<\/p>\n<p style=\"text-align: left;\">Atenciosamente,<br \/>\nAirton Souza, vereador e prefeito eleito de Canoas&#8221;<\/p>\n<\/blockquote>\n","protected":false},"excerpt":{"rendered":"<p>A segunda turma do Superior Tribunal de Justi\u00e7a (STJ) negou, nesta ter\u00e7a-feira, 12, os embargos de declara\u00e7\u00e3o que Airton Souza (PL), prefeito eleito de Canoas, apresentou para tentar derrubar as senten\u00e7as de condena\u00e7\u00e3o por improbidade administrativas que foram dadas em 1\u00aa e 2\u00aa inst\u00e2ncias. Momentos depois da decis\u00e3o, diante da repercuss\u00e3o e d\u00favidas em rela\u00e7\u00e3o [&hellip;]<\/p>\n","protected":false},"author":2,"featured_media":32477,"comment_status":"open","ping_status":"open","sticky":false,"template":"","format":"standard","meta":{"amp_status":"","footnotes":""},"categories":[3142,20],"tags":[2230,31,190],"class_list":["post-32772","post","type-post","status-publish","format-standard","has-post-thumbnail","hentry","category-eleicoes-2024","category-politica-noticias","tag-airton-souza","tag-canoas","tag-featured"],"yoast_head":"<!-- This site is optimized with the Yoast SEO plugin v20.5 - https:\/\/yoast.com\/wordpress\/plugins\/seo\/ -->\n<title>Airton Souza se manifesta sobre decis\u00e3o do STJ que mant\u00e9m condena\u00e7\u00e3o - O Timoneiro Jornal Canoas RS<\/title>\n<meta name=\"robots\" content=\"index, follow, max-snippet:-1, max-image-preview:large, max-video-preview:-1\" \/>\n<link rel=\"canonical\" href=\"https:\/\/jornaltimoneiro.com.br\/index.php\/2024\/11\/12\/airton-souza-se-manifesta-sobre-decisao-do-stj-que-mantem-condenacao\/\" \/>\n<meta property=\"og:locale\" content=\"pt_BR\" \/>\n<meta property=\"og:type\" content=\"article\" \/>\n<meta property=\"og:title\" content=\"Airton Souza se manifesta sobre decis\u00e3o do STJ que mant\u00e9m condena\u00e7\u00e3o - O Timoneiro Jornal Canoas RS\" \/>\n<meta property=\"og:description\" content=\"A segunda turma do Superior Tribunal de Justi\u00e7a (STJ) negou, nesta ter\u00e7a-feira, 12, os embargos de declara\u00e7\u00e3o que Airton Souza (PL), prefeito eleito de Canoas, apresentou para tentar derrubar as senten\u00e7as de condena\u00e7\u00e3o por improbidade administrativas que foram dadas em 1\u00aa e 2\u00aa inst\u00e2ncias. Momentos depois da decis\u00e3o, diante da repercuss\u00e3o e d\u00favidas em rela\u00e7\u00e3o [&hellip;]\" \/>\n<meta property=\"og:url\" content=\"https:\/\/jornaltimoneiro.com.br\/index.php\/2024\/11\/12\/airton-souza-se-manifesta-sobre-decisao-do-stj-que-mantem-condenacao\/\" \/>\n<meta property=\"og:site_name\" content=\"O Timoneiro Jornal Canoas RS\" \/>\n<meta property=\"article:publisher\" content=\"https:\/\/www.facebook.com\/jornaltimoneiro\" \/>\n<meta property=\"article:published_time\" content=\"2024-11-13T01:54:49+00:00\" \/>\n<meta property=\"og:image\" content=\"https:\/\/jornaltimoneiro.com.br\/wp-content\/uploads\/2024\/10\/WhatsApp-Image-2024-10-27-at-22.46.38-scaled.jpeg\" \/>\n\t<meta property=\"og:image:width\" content=\"2560\" \/>\n\t<meta property=\"og:image:height\" content=\"1699\" \/>\n\t<meta property=\"og:image:type\" content=\"image\/jpeg\" \/>\n<meta name=\"author\" content=\"Reda\u00e7\u00e3o\" \/>\n<meta name=\"twitter:card\" content=\"summary_large_image\" \/>\n<meta name=\"twitter:creator\" content=\"@_OTimoneiro\" \/>\n<meta name=\"twitter:site\" content=\"@_OTimoneiro\" \/>\n<meta name=\"twitter:label1\" content=\"Escrito por\" \/>\n\t<meta name=\"twitter:data1\" content=\"Reda\u00e7\u00e3o\" \/>\n\t<meta name=\"twitter:label2\" content=\"Est. tempo de leitura\" \/>\n\t<meta name=\"twitter:data2\" content=\"2 minutos\" \/>\n<script type=\"application\/ld+json\" class=\"yoast-schema-graph\">{\"@context\":\"https:\/\/schema.org\",\"@graph\":[{\"@type\":\"Article\",\"@id\":\"https:\/\/jornaltimoneiro.com.br\/index.php\/2024\/11\/12\/airton-souza-se-manifesta-sobre-decisao-do-stj-que-mantem-condenacao\/#article\",\"isPartOf\":{\"@id\":\"https:\/\/jornaltimoneiro.com.br\/index.php\/2024\/11\/12\/airton-souza-se-manifesta-sobre-decisao-do-stj-que-mantem-condenacao\/\"},\"author\":{\"name\":\"Reda\u00e7\u00e3o\",\"@id\":\"https:\/\/jornaltimoneiro.com.br\/#\/schema\/person\/f63482f1a02b1a9592707865e509ab40\"},\"headline\":\"Airton Souza se manifesta sobre decis\u00e3o do STJ que mant\u00e9m condena\u00e7\u00e3o\",\"datePublished\":\"2024-11-13T01:54:49+00:00\",\"dateModified\":\"2024-11-13T01:54:49+00:00\",\"mainEntityOfPage\":{\"@id\":\"https:\/\/jornaltimoneiro.com.br\/index.php\/2024\/11\/12\/airton-souza-se-manifesta-sobre-decisao-do-stj-que-mantem-condenacao\/\"},\"wordCount\":306,\"commentCount\":0,\"publisher\":{\"@id\":\"https:\/\/jornaltimoneiro.com.br\/#organization\"},\"keywords\":[\"airton souza\",\"canoas\",\"featured\"],\"articleSection\":[\"Elei\u00e7\u00f5es 2024\",\"Pol\u00edtica\"],\"inLanguage\":\"pt-BR\",\"potentialAction\":[{\"@type\":\"CommentAction\",\"name\":\"Comment\",\"target\":[\"https:\/\/jornaltimoneiro.com.br\/index.php\/2024\/11\/12\/airton-souza-se-manifesta-sobre-decisao-do-stj-que-mantem-condenacao\/#respond\"]}]},{\"@type\":\"WebPage\",\"@id\":\"https:\/\/jornaltimoneiro.com.br\/index.php\/2024\/11\/12\/airton-souza-se-manifesta-sobre-decisao-do-stj-que-mantem-condenacao\/\",\"url\":\"https:\/\/jornaltimoneiro.com.br\/index.php\/2024\/11\/12\/airton-souza-se-manifesta-sobre-decisao-do-stj-que-mantem-condenacao\/\",\"name\":\"Airton Souza se manifesta sobre decis\u00e3o do STJ que mant\u00e9m condena\u00e7\u00e3o - O Timoneiro Jornal Canoas RS\",\"isPartOf\":{\"@id\":\"https:\/\/jornaltimoneiro.com.br\/#website\"},\"datePublished\":\"2024-11-13T01:54:49+00:00\",\"dateModified\":\"2024-11-13T01:54:49+00:00\",\"breadcrumb\":{\"@id\":\"https:\/\/jornaltimoneiro.com.br\/index.php\/2024\/11\/12\/airton-souza-se-manifesta-sobre-decisao-do-stj-que-mantem-condenacao\/#breadcrumb\"},\"inLanguage\":\"pt-BR\",\"potentialAction\":[{\"@type\":\"ReadAction\",\"target\":[\"https:\/\/jornaltimoneiro.com.br\/index.php\/2024\/11\/12\/airton-souza-se-manifesta-sobre-decisao-do-stj-que-mantem-condenacao\/\"]}]},{\"@type\":\"BreadcrumbList\",\"@id\":\"https:\/\/jornaltimoneiro.com.br\/index.php\/2024\/11\/12\/airton-souza-se-manifesta-sobre-decisao-do-stj-que-mantem-condenacao\/#breadcrumb\",\"itemListElement\":[{\"@type\":\"ListItem\",\"position\":1,\"name\":\"In\u00edcio\",\"item\":\"https:\/\/jornaltimoneiro.com.br\/\"},{\"@type\":\"ListItem\",\"position\":2,\"name\":\"Airton Souza se manifesta sobre decis\u00e3o do STJ que mant\u00e9m condena\u00e7\u00e3o\"}]},{\"@type\":\"WebSite\",\"@id\":\"https:\/\/jornaltimoneiro.com.br\/#website\",\"url\":\"https:\/\/jornaltimoneiro.com.br\/\",\"name\":\"Jornal Timoneiro Canoas RS\",\"description\":\"Jornal O Timoneiro, o verdadeiro jornal de Canoas\",\"publisher\":{\"@id\":\"https:\/\/jornaltimoneiro.com.br\/#organization\"},\"potentialAction\":[{\"@type\":\"SearchAction\",\"target\":{\"@type\":\"EntryPoint\",\"urlTemplate\":\"https:\/\/jornaltimoneiro.com.br\/?s={search_term_string}\"},\"query-input\":\"required name=search_term_string\"}],\"inLanguage\":\"pt-BR\"},{\"@type\":\"Organization\",\"@id\":\"https:\/\/jornaltimoneiro.com.br\/#organization\",\"name\":\"Jornal Timoneiro Canoas RS\",\"url\":\"https:\/\/jornaltimoneiro.com.br\/\",\"logo\":{\"@type\":\"ImageObject\",\"inLanguage\":\"pt-BR\",\"@id\":\"https:\/\/jornaltimoneiro.com.br\/#\/schema\/logo\/image\/\",\"url\":\"https:\/\/jornaltimoneiro.com.br\/wp-content\/uploads\/2023\/03\/logonovo.png\",\"contentUrl\":\"https:\/\/jornaltimoneiro.com.br\/wp-content\/uploads\/2023\/03\/logonovo.png\",\"width\":\"469\",\"height\":\"171\",\"caption\":\"Jornal Timoneiro Canoas RS\"},\"image\":{\"@id\":\"https:\/\/jornaltimoneiro.com.br\/#\/schema\/logo\/image\/\"},\"sameAs\":[\"https:\/\/www.facebook.com\/jornaltimoneiro\",\"https:\/\/twitter.com\/_OTimoneiro\",\"https:\/\/www.instagram.com\/jornaltimoneirocanoas\/\",\"https:\/\/www.youtube.com\/@jornalotimoneiro7927\"]},{\"@type\":\"Person\",\"@id\":\"https:\/\/jornaltimoneiro.com.br\/#\/schema\/person\/f63482f1a02b1a9592707865e509ab40\",\"name\":\"Reda\u00e7\u00e3o\",\"image\":{\"@type\":\"ImageObject\",\"inLanguage\":\"pt-BR\",\"@id\":\"https:\/\/jornaltimoneiro.com.br\/#\/schema\/person\/image\/\",\"url\":\"https:\/\/jornaltimoneiro.com.br\/wp-content\/uploads\/2023\/03\/download.jpeg\",\"contentUrl\":\"https:\/\/jornaltimoneiro.com.br\/wp-content\/uploads\/2023\/03\/download.jpeg\",\"caption\":\"Reda\u00e7\u00e3o\"},\"url\":\"https:\/\/jornaltimoneiro.com.br\/index.php\/author\/simone-dutra\/\"}]}<\/script>\n<!-- \/ Yoast SEO plugin. -->","yoast_head_json":{"title":"Airton Souza se manifesta sobre decis\u00e3o do STJ que mant\u00e9m condena\u00e7\u00e3o - O Timoneiro Jornal Canoas RS","robots":{"index":"index","follow":"follow","max-snippet":"max-snippet:-1","max-image-preview":"max-image-preview:large","max-video-preview":"max-video-preview:-1"},"canonical":"https:\/\/jornaltimoneiro.com.br\/index.php\/2024\/11\/12\/airton-souza-se-manifesta-sobre-decisao-do-stj-que-mantem-condenacao\/","og_locale":"pt_BR","og_type":"article","og_title":"Airton Souza se manifesta sobre decis\u00e3o do STJ que mant\u00e9m condena\u00e7\u00e3o - O Timoneiro Jornal Canoas RS","og_description":"A segunda turma do Superior Tribunal de Justi\u00e7a (STJ) negou, nesta ter\u00e7a-feira, 12, os embargos de declara\u00e7\u00e3o que Airton Souza (PL), prefeito eleito de Canoas, apresentou para tentar derrubar as senten\u00e7as de condena\u00e7\u00e3o por improbidade administrativas que foram dadas em 1\u00aa e 2\u00aa inst\u00e2ncias. Momentos depois da decis\u00e3o, diante da repercuss\u00e3o e d\u00favidas em rela\u00e7\u00e3o [&hellip;]","og_url":"https:\/\/jornaltimoneiro.com.br\/index.php\/2024\/11\/12\/airton-souza-se-manifesta-sobre-decisao-do-stj-que-mantem-condenacao\/","og_site_name":"O Timoneiro Jornal Canoas RS","article_publisher":"https:\/\/www.facebook.com\/jornaltimoneiro","article_published_time":"2024-11-13T01:54:49+00:00","og_image":[{"width":"2560","height":"1699","url":"https:\/\/jornaltimoneiro.com.br\/wp-content\/uploads\/2024\/10\/WhatsApp-Image-2024-10-27-at-22.46.38-scaled.jpeg","type":"image\/jpeg"}],"author":"Reda\u00e7\u00e3o","twitter_card":"summary_large_image","twitter_creator":"@_OTimoneiro","twitter_site":"@_OTimoneiro","twitter_misc":{"Escrito por":"Reda\u00e7\u00e3o","Est. tempo de leitura":"2 minutos"},"schema":{"@context":"https:\/\/schema.org","@graph":[{"@type":"Article","@id":"https:\/\/jornaltimoneiro.com.br\/index.php\/2024\/11\/12\/airton-souza-se-manifesta-sobre-decisao-do-stj-que-mantem-condenacao\/#article","isPartOf":{"@id":"https:\/\/jornaltimoneiro.com.br\/index.php\/2024\/11\/12\/airton-souza-se-manifesta-sobre-decisao-do-stj-que-mantem-condenacao\/"},"author":{"name":"Reda\u00e7\u00e3o","@id":"https:\/\/jornaltimoneiro.com.br\/#\/schema\/person\/f63482f1a02b1a9592707865e509ab40"},"headline":"Airton Souza se manifesta sobre decis\u00e3o do STJ que mant\u00e9m condena\u00e7\u00e3o","datePublished":"2024-11-13T01:54:49+00:00","dateModified":"2024-11-13T01:54:49+00:00","mainEntityOfPage":{"@id":"https:\/\/jornaltimoneiro.com.br\/index.php\/2024\/11\/12\/airton-souza-se-manifesta-sobre-decisao-do-stj-que-mantem-condenacao\/"},"wordCount":306,"commentCount":0,"publisher":{"@id":"https:\/\/jornaltimoneiro.com.br\/#organization"},"keywords":["airton souza","canoas","featured"],"articleSection":["Elei\u00e7\u00f5es 2024","Pol\u00edtica"],"inLanguage":"pt-BR","potentialAction":[{"@type":"CommentAction","name":"Comment","target":["https:\/\/jornaltimoneiro.com.br\/index.php\/2024\/11\/12\/airton-souza-se-manifesta-sobre-decisao-do-stj-que-mantem-condenacao\/#respond"]}]},{"@type":"WebPage","@id":"https:\/\/jornaltimoneiro.com.br\/index.php\/2024\/11\/12\/airton-souza-se-manifesta-sobre-decisao-do-stj-que-mantem-condenacao\/","url":"https:\/\/jornaltimoneiro.com.br\/index.php\/2024\/11\/12\/airton-souza-se-manifesta-sobre-decisao-do-stj-que-mantem-condenacao\/","name":"Airton Souza se manifesta sobre decis\u00e3o do STJ que mant\u00e9m condena\u00e7\u00e3o - O Timoneiro Jornal Canoas RS","isPartOf":{"@id":"https:\/\/jornaltimoneiro.com.br\/#website"},"datePublished":"2024-11-13T01:54:49+00:00","dateModified":"2024-11-13T01:54:49+00:00","breadcrumb":{"@id":"https:\/\/jornaltimoneiro.com.br\/index.php\/2024\/11\/12\/airton-souza-se-manifesta-sobre-decisao-do-stj-que-mantem-condenacao\/#breadcrumb"},"inLanguage":"pt-BR","potentialAction":[{"@type":"ReadAction","target":["https:\/\/jornaltimoneiro.com.br\/index.php\/2024\/11\/12\/airton-souza-se-manifesta-sobre-decisao-do-stj-que-mantem-condenacao\/"]}]},{"@type":"BreadcrumbList","@id":"https:\/\/jornaltimoneiro.com.br\/index.php\/2024\/11\/12\/airton-souza-se-manifesta-sobre-decisao-do-stj-que-mantem-condenacao\/#breadcrumb","itemListElement":[{"@type":"ListItem","position":1,"name":"In\u00edcio","item":"https:\/\/jornaltimoneiro.com.br\/"},{"@type":"ListItem","position":2,"name":"Airton Souza se manifesta sobre decis\u00e3o do STJ que mant\u00e9m condena\u00e7\u00e3o"}]},{"@type":"WebSite","@id":"https:\/\/jornaltimoneiro.com.br\/#website","url":"https:\/\/jornaltimoneiro.com.br\/","name":"Jornal Timoneiro Canoas RS","description":"Jornal O Timoneiro, o verdadeiro jornal de Canoas","publisher":{"@id":"https:\/\/jornaltimoneiro.com.br\/#organization"},"potentialAction":[{"@type":"SearchAction","target":{"@type":"EntryPoint","urlTemplate":"https:\/\/jornaltimoneiro.com.br\/?s={search_term_string}"},"query-input":"required name=search_term_string"}],"inLanguage":"pt-BR"},{"@type":"Organization","@id":"https:\/\/jornaltimoneiro.com.br\/#organization","name":"Jornal Timoneiro Canoas RS","url":"https:\/\/jornaltimoneiro.com.br\/","logo":{"@type":"ImageObject","inLanguage":"pt-BR","@id":"https:\/\/jornaltimoneiro.com.br\/#\/schema\/logo\/image\/","url":"https:\/\/jornaltimoneiro.com.br\/wp-content\/uploads\/2023\/03\/logonovo.png","contentUrl":"https:\/\/jornaltimoneiro.com.br\/wp-content\/uploads\/2023\/03\/logonovo.png","width":"469","height":"171","caption":"Jornal Timoneiro Canoas RS"},"image":{"@id":"https:\/\/jornaltimoneiro.com.br\/#\/schema\/logo\/image\/"},"sameAs":["https:\/\/www.facebook.com\/jornaltimoneiro","https:\/\/twitter.com\/_OTimoneiro","https:\/\/www.instagram.com\/jornaltimoneirocanoas\/","https:\/\/www.youtube.com\/@jornalotimoneiro7927"]},{"@type":"Person","@id":"https:\/\/jornaltimoneiro.com.br\/#\/schema\/person\/f63482f1a02b1a9592707865e509ab40","name":"Reda\u00e7\u00e3o","image":{"@type":"ImageObject","inLanguage":"pt-BR","@id":"https:\/\/jornaltimoneiro.com.br\/#\/schema\/person\/image\/","url":"https:\/\/jornaltimoneiro.com.br\/wp-content\/uploads\/2023\/03\/download.jpeg","contentUrl":"https:\/\/jornaltimoneiro.com.br\/wp-content\/uploads\/2023\/03\/download.jpeg","caption":"Reda\u00e7\u00e3o"},"url":"https:\/\/jornaltimoneiro.com.br\/index.php\/author\/simone-dutra\/"}]}},"_links":{"self":[{"href":"https:\/\/jornaltimoneiro.com.br\/index.php\/wp-json\/wp\/v2\/posts\/32772"}],"collection":[{"href":"https:\/\/jornaltimoneiro.com.br\/index.php\/wp-json\/wp\/v2\/posts"}],"about":[{"href":"https:\/\/jornaltimoneiro.com.br\/index.php\/wp-json\/wp\/v2\/types\/post"}],"author":[{"embeddable":true,"href":"https:\/\/jornaltimoneiro.com.br\/index.php\/wp-json\/wp\/v2\/users\/2"}],"replies":[{"embeddable":true,"href":"https:\/\/jornaltimoneiro.com.br\/index.php\/wp-json\/wp\/v2\/comments?post=32772"}],"version-history":[{"count":1,"href":"https:\/\/jornaltimoneiro.com.br\/index.php\/wp-json\/wp\/v2\/posts\/32772\/revisions"}],"predecessor-version":[{"id":32773,"href":"https:\/\/jornaltimoneiro.com.br\/index.php\/wp-json\/wp\/v2\/posts\/32772\/revisions\/32773"}],"wp:featuredmedia":[{"embeddable":true,"href":"https:\/\/jornaltimoneiro.com.br\/index.php\/wp-json\/wp\/v2\/media\/32477"}],"wp:attachment":[{"href":"https:\/\/jornaltimoneiro.com.br\/index.php\/wp-json\/wp\/v2\/media?parent=32772"}],"wp:term":[{"taxonomy":"category","embeddable":true,"href":"https:\/\/jornaltimoneiro.com.br\/index.php\/wp-json\/wp\/v2\/categories?post=32772"},{"taxonomy":"post_tag","embeddable":true,"href":"https:\/\/jornaltimoneiro.com.br\/index.php\/wp-json\/wp\/v2\/tags?post=32772"}],"curies":[{"name":"wp","href":"https:\/\/api.w.org\/{rel}","templated":true}]}}