{"id":32737,"date":"2024-11-12T09:13:50","date_gmt":"2024-11-12T12:13:50","guid":{"rendered":"https:\/\/jornaltimoneiro.com.br\/?p=32737"},"modified":"2024-11-12T10:17:12","modified_gmt":"2024-11-12T13:17:12","slug":"feirao-de-emprego-em-canoas-oferta-vagas-na-empresa-jbs","status":"publish","type":"post","link":"https:\/\/jornaltimoneiro.com.br\/index.php\/2024\/11\/12\/feirao-de-emprego-em-canoas-oferta-vagas-na-empresa-jbs\/","title":{"rendered":"Feir\u00e3o de Emprego em Canoas oferta vagas na empresa JBS"},"content":{"rendered":"<p class=\"single-title custom-post-type-title\"><span style=\"font-size: 16px;\">Nesta ter\u00e7a-feira, 12, a Prefeitura de Canoas, por meio da Secretaria de Desenvolvimento Econ\u00f4mico, Turismo e Inova\u00e7\u00e3o, promove mais uma edi\u00e7\u00e3o do Feir\u00e3o de Emprego, com vagas para a empresa JBS. O evento acontece na sede da SMDETI, localizada na Rua Doutor Barcelos, 969, no Centro, das 9h \u00e0s 12h.<\/span><\/p>\n<div class=\"single-image-desc\">\n<p>As oportunidades incluem posi\u00e7\u00f5es de conferente e ajudante. A JBS oferece sal\u00e1rio fixo e benef\u00edcios aos selecionados.<\/p>\n<h4><strong>Como participar<\/strong><\/h4>\n<p>Os interessados devem comparecer ao local portando um documento com foto. Caso n\u00e3o seja poss\u00edvel, um formul\u00e1rio estar\u00e1 dispon\u00edvel no evento. O atendimento ser\u00e1 realizado por ordem de chegada, com distribui\u00e7\u00e3o de fichas, se necess\u00e1rio.<\/p>\n<\/div>\n","protected":false},"excerpt":{"rendered":"<p>Nesta ter\u00e7a-feira, 12, a Prefeitura de Canoas, por meio da Secretaria de Desenvolvimento Econ\u00f4mico, Turismo e Inova\u00e7\u00e3o, promove mais uma edi\u00e7\u00e3o do Feir\u00e3o de Emprego, com vagas para a empresa JBS. O evento acontece na sede da SMDETI, localizada na Rua Doutor Barcelos, 969, no Centro, das 9h \u00e0s 12h. As oportunidades incluem posi\u00e7\u00f5es de [&hellip;]<\/p>\n","protected":false},"author":2,"featured_media":30135,"comment_status":"open","ping_status":"open","sticky":false,"template":"","format":"standard","meta":{"amp_status":"","footnotes":""},"categories":[2092],"tags":[31,82,190,1269,612,44,404],"class_list":["post-32737","post","type-post","status-publish","format-standard","has-post-thumbnail","hentry","category-emprego","tag-canoas","tag-emprego","tag-featured","tag-jbs","tag-oportunidade","tag-prefeitura-de-canoas","tag-vagas"],"yoast_head":"<!-- This site is optimized with the Yoast SEO plugin v20.5 - https:\/\/yoast.com\/wordpress\/plugins\/seo\/ -->\n<title>Feir\u00e3o de Emprego em Canoas oferta vagas na empresa JBS - O Timoneiro Jornal Canoas RS<\/title>\n<meta name=\"description\" content=\"A Prefeitura de Canoas promove mais uma edi\u00e7\u00e3o do Feir\u00e3o de Emprego, com vagas para a empresa JBS, nesta ter\u00e7a-feira, 12\" \/>\n<meta name=\"robots\" content=\"index, follow, max-snippet:-1, max-image-preview:large, max-video-preview:-1\" \/>\n<link rel=\"canonical\" href=\"https:\/\/jornaltimoneiro.com.br\/index.php\/2024\/11\/12\/feirao-de-emprego-em-canoas-oferta-vagas-na-empresa-jbs\/\" \/>\n<meta property=\"og:locale\" content=\"pt_BR\" \/>\n<meta property=\"og:type\" content=\"article\" \/>\n<meta property=\"og:title\" content=\"Feir\u00e3o de Emprego em Canoas oferta vagas na empresa JBS - O Timoneiro Jornal Canoas RS\" \/>\n<meta property=\"og:description\" content=\"A Prefeitura de Canoas promove mais uma edi\u00e7\u00e3o do Feir\u00e3o de Emprego, com vagas para a empresa JBS, nesta ter\u00e7a-feira, 12\" \/>\n<meta property=\"og:url\" content=\"https:\/\/jornaltimoneiro.com.br\/index.php\/2024\/11\/12\/feirao-de-emprego-em-canoas-oferta-vagas-na-empresa-jbs\/\" \/>\n<meta property=\"og:site_name\" content=\"O Timoneiro Jornal Canoas RS\" \/>\n<meta property=\"article:publisher\" content=\"https:\/\/www.facebook.com\/jornaltimoneiro\" \/>\n<meta property=\"article:published_time\" content=\"2024-11-12T12:13:50+00:00\" \/>\n<meta property=\"article:modified_time\" content=\"2024-11-12T13:17:12+00:00\" \/>\n<meta property=\"og:image\" content=\"https:\/\/jornaltimoneiro.com.br\/wp-content\/uploads\/2024\/06\/REDUZIDAS_11.06.2024-FEIRAO-DE-EMPREGOS-SUB-SULDESTE-5-scaled.jpg\" \/>\n\t<meta property=\"og:image:width\" content=\"2560\" \/>\n\t<meta property=\"og:image:height\" content=\"1707\" \/>\n\t<meta property=\"og:image:type\" content=\"image\/jpeg\" \/>\n<meta name=\"author\" content=\"Reda\u00e7\u00e3o\" \/>\n<meta name=\"twitter:card\" content=\"summary_large_image\" \/>\n<meta name=\"twitter:creator\" content=\"@_OTimoneiro\" \/>\n<meta name=\"twitter:site\" content=\"@_OTimoneiro\" \/>\n<meta name=\"twitter:label1\" content=\"Escrito por\" \/>\n\t<meta name=\"twitter:data1\" content=\"Reda\u00e7\u00e3o\" \/>\n\t<meta name=\"twitter:label2\" content=\"Est. tempo de leitura\" \/>\n\t<meta name=\"twitter:data2\" content=\"1 minuto\" \/>\n<script type=\"application\/ld+json\" class=\"yoast-schema-graph\">{\"@context\":\"https:\/\/schema.org\",\"@graph\":[{\"@type\":\"Article\",\"@id\":\"https:\/\/jornaltimoneiro.com.br\/index.php\/2024\/11\/12\/feirao-de-emprego-em-canoas-oferta-vagas-na-empresa-jbs\/#article\",\"isPartOf\":{\"@id\":\"https:\/\/jornaltimoneiro.com.br\/index.php\/2024\/11\/12\/feirao-de-emprego-em-canoas-oferta-vagas-na-empresa-jbs\/\"},\"author\":{\"name\":\"Reda\u00e7\u00e3o\",\"@id\":\"https:\/\/jornaltimoneiro.com.br\/#\/schema\/person\/f63482f1a02b1a9592707865e509ab40\"},\"headline\":\"Feir\u00e3o de Emprego em Canoas oferta vagas na empresa JBS\",\"datePublished\":\"2024-11-12T12:13:50+00:00\",\"dateModified\":\"2024-11-12T13:17:12+00:00\",\"mainEntityOfPage\":{\"@id\":\"https:\/\/jornaltimoneiro.com.br\/index.php\/2024\/11\/12\/feirao-de-emprego-em-canoas-oferta-vagas-na-empresa-jbs\/\"},\"wordCount\":127,\"commentCount\":0,\"publisher\":{\"@id\":\"https:\/\/jornaltimoneiro.com.br\/#organization\"},\"keywords\":[\"canoas\",\"emprego\",\"featured\",\"JBS\",\"oportunidade\",\"Prefeitura de Canoas\",\"vagas\"],\"articleSection\":[\"Emprego\"],\"inLanguage\":\"pt-BR\",\"potentialAction\":[{\"@type\":\"CommentAction\",\"name\":\"Comment\",\"target\":[\"https:\/\/jornaltimoneiro.com.br\/index.php\/2024\/11\/12\/feirao-de-emprego-em-canoas-oferta-vagas-na-empresa-jbs\/#respond\"]}]},{\"@type\":\"WebPage\",\"@id\":\"https:\/\/jornaltimoneiro.com.br\/index.php\/2024\/11\/12\/feirao-de-emprego-em-canoas-oferta-vagas-na-empresa-jbs\/\",\"url\":\"https:\/\/jornaltimoneiro.com.br\/index.php\/2024\/11\/12\/feirao-de-emprego-em-canoas-oferta-vagas-na-empresa-jbs\/\",\"name\":\"Feir\u00e3o de Emprego em Canoas oferta vagas na empresa JBS - O Timoneiro Jornal Canoas RS\",\"isPartOf\":{\"@id\":\"https:\/\/jornaltimoneiro.com.br\/#website\"},\"datePublished\":\"2024-11-12T12:13:50+00:00\",\"dateModified\":\"2024-11-12T13:17:12+00:00\",\"description\":\"A Prefeitura de Canoas promove mais uma edi\u00e7\u00e3o do Feir\u00e3o de Emprego, com vagas para a empresa JBS, nesta ter\u00e7a-feira, 12\",\"breadcrumb\":{\"@id\":\"https:\/\/jornaltimoneiro.com.br\/index.php\/2024\/11\/12\/feirao-de-emprego-em-canoas-oferta-vagas-na-empresa-jbs\/#breadcrumb\"},\"inLanguage\":\"pt-BR\",\"potentialAction\":[{\"@type\":\"ReadAction\",\"target\":[\"https:\/\/jornaltimoneiro.com.br\/index.php\/2024\/11\/12\/feirao-de-emprego-em-canoas-oferta-vagas-na-empresa-jbs\/\"]}]},{\"@type\":\"BreadcrumbList\",\"@id\":\"https:\/\/jornaltimoneiro.com.br\/index.php\/2024\/11\/12\/feirao-de-emprego-em-canoas-oferta-vagas-na-empresa-jbs\/#breadcrumb\",\"itemListElement\":[{\"@type\":\"ListItem\",\"position\":1,\"name\":\"In\u00edcio\",\"item\":\"https:\/\/jornaltimoneiro.com.br\/\"},{\"@type\":\"ListItem\",\"position\":2,\"name\":\"Feir\u00e3o de Emprego em Canoas oferta vagas na empresa JBS\"}]},{\"@type\":\"WebSite\",\"@id\":\"https:\/\/jornaltimoneiro.com.br\/#website\",\"url\":\"https:\/\/jornaltimoneiro.com.br\/\",\"name\":\"Jornal Timoneiro Canoas RS\",\"description\":\"Jornal O Timoneiro, o verdadeiro jornal de Canoas\",\"publisher\":{\"@id\":\"https:\/\/jornaltimoneiro.com.br\/#organization\"},\"potentialAction\":[{\"@type\":\"SearchAction\",\"target\":{\"@type\":\"EntryPoint\",\"urlTemplate\":\"https:\/\/jornaltimoneiro.com.br\/?s={search_term_string}\"},\"query-input\":\"required name=search_term_string\"}],\"inLanguage\":\"pt-BR\"},{\"@type\":\"Organization\",\"@id\":\"https:\/\/jornaltimoneiro.com.br\/#organization\",\"name\":\"Jornal Timoneiro Canoas RS\",\"url\":\"https:\/\/jornaltimoneiro.com.br\/\",\"logo\":{\"@type\":\"ImageObject\",\"inLanguage\":\"pt-BR\",\"@id\":\"https:\/\/jornaltimoneiro.com.br\/#\/schema\/logo\/image\/\",\"url\":\"https:\/\/jornaltimoneiro.com.br\/wp-content\/uploads\/2023\/03\/logonovo.png\",\"contentUrl\":\"https:\/\/jornaltimoneiro.com.br\/wp-content\/uploads\/2023\/03\/logonovo.png\",\"width\":\"469\",\"height\":\"171\",\"caption\":\"Jornal Timoneiro Canoas RS\"},\"image\":{\"@id\":\"https:\/\/jornaltimoneiro.com.br\/#\/schema\/logo\/image\/\"},\"sameAs\":[\"https:\/\/www.facebook.com\/jornaltimoneiro\",\"https:\/\/twitter.com\/_OTimoneiro\",\"https:\/\/www.instagram.com\/jornaltimoneirocanoas\/\",\"https:\/\/www.youtube.com\/@jornalotimoneiro7927\"]},{\"@type\":\"Person\",\"@id\":\"https:\/\/jornaltimoneiro.com.br\/#\/schema\/person\/f63482f1a02b1a9592707865e509ab40\",\"name\":\"Reda\u00e7\u00e3o\",\"image\":{\"@type\":\"ImageObject\",\"inLanguage\":\"pt-BR\",\"@id\":\"https:\/\/jornaltimoneiro.com.br\/#\/schema\/person\/image\/\",\"url\":\"https:\/\/jornaltimoneiro.com.br\/wp-content\/uploads\/2023\/03\/download.jpeg\",\"contentUrl\":\"https:\/\/jornaltimoneiro.com.br\/wp-content\/uploads\/2023\/03\/download.jpeg\",\"caption\":\"Reda\u00e7\u00e3o\"},\"url\":\"https:\/\/jornaltimoneiro.com.br\/index.php\/author\/simone-dutra\/\"}]}<\/script>\n<!-- \/ Yoast SEO plugin. -->","yoast_head_json":{"title":"Feir\u00e3o de Emprego em Canoas oferta vagas na empresa JBS - O Timoneiro Jornal Canoas RS","description":"A Prefeitura de Canoas promove mais uma edi\u00e7\u00e3o do Feir\u00e3o de Emprego, com vagas para a empresa JBS, nesta ter\u00e7a-feira, 12","robots":{"index":"index","follow":"follow","max-snippet":"max-snippet:-1","max-image-preview":"max-image-preview:large","max-video-preview":"max-video-preview:-1"},"canonical":"https:\/\/jornaltimoneiro.com.br\/index.php\/2024\/11\/12\/feirao-de-emprego-em-canoas-oferta-vagas-na-empresa-jbs\/","og_locale":"pt_BR","og_type":"article","og_title":"Feir\u00e3o de Emprego em Canoas oferta vagas na empresa JBS - O Timoneiro Jornal Canoas RS","og_description":"A Prefeitura de Canoas promove mais uma edi\u00e7\u00e3o do Feir\u00e3o de Emprego, com vagas para a empresa JBS, nesta ter\u00e7a-feira, 12","og_url":"https:\/\/jornaltimoneiro.com.br\/index.php\/2024\/11\/12\/feirao-de-emprego-em-canoas-oferta-vagas-na-empresa-jbs\/","og_site_name":"O Timoneiro Jornal Canoas RS","article_publisher":"https:\/\/www.facebook.com\/jornaltimoneiro","article_published_time":"2024-11-12T12:13:50+00:00","article_modified_time":"2024-11-12T13:17:12+00:00","og_image":[{"width":2560,"height":1707,"url":"https:\/\/jornaltimoneiro.com.br\/wp-content\/uploads\/2024\/06\/REDUZIDAS_11.06.2024-FEIRAO-DE-EMPREGOS-SUB-SULDESTE-5-scaled.jpg","type":"image\/jpeg"}],"author":"Reda\u00e7\u00e3o","twitter_card":"summary_large_image","twitter_creator":"@_OTimoneiro","twitter_site":"@_OTimoneiro","twitter_misc":{"Escrito por":"Reda\u00e7\u00e3o","Est. tempo de leitura":"1 minuto"},"schema":{"@context":"https:\/\/schema.org","@graph":[{"@type":"Article","@id":"https:\/\/jornaltimoneiro.com.br\/index.php\/2024\/11\/12\/feirao-de-emprego-em-canoas-oferta-vagas-na-empresa-jbs\/#article","isPartOf":{"@id":"https:\/\/jornaltimoneiro.com.br\/index.php\/2024\/11\/12\/feirao-de-emprego-em-canoas-oferta-vagas-na-empresa-jbs\/"},"author":{"name":"Reda\u00e7\u00e3o","@id":"https:\/\/jornaltimoneiro.com.br\/#\/schema\/person\/f63482f1a02b1a9592707865e509ab40"},"headline":"Feir\u00e3o de Emprego em Canoas oferta vagas na empresa JBS","datePublished":"2024-11-12T12:13:50+00:00","dateModified":"2024-11-12T13:17:12+00:00","mainEntityOfPage":{"@id":"https:\/\/jornaltimoneiro.com.br\/index.php\/2024\/11\/12\/feirao-de-emprego-em-canoas-oferta-vagas-na-empresa-jbs\/"},"wordCount":127,"commentCount":0,"publisher":{"@id":"https:\/\/jornaltimoneiro.com.br\/#organization"},"keywords":["canoas","emprego","featured","JBS","oportunidade","Prefeitura de Canoas","vagas"],"articleSection":["Emprego"],"inLanguage":"pt-BR","potentialAction":[{"@type":"CommentAction","name":"Comment","target":["https:\/\/jornaltimoneiro.com.br\/index.php\/2024\/11\/12\/feirao-de-emprego-em-canoas-oferta-vagas-na-empresa-jbs\/#respond"]}]},{"@type":"WebPage","@id":"https:\/\/jornaltimoneiro.com.br\/index.php\/2024\/11\/12\/feirao-de-emprego-em-canoas-oferta-vagas-na-empresa-jbs\/","url":"https:\/\/jornaltimoneiro.com.br\/index.php\/2024\/11\/12\/feirao-de-emprego-em-canoas-oferta-vagas-na-empresa-jbs\/","name":"Feir\u00e3o de Emprego em Canoas oferta vagas na empresa JBS - O Timoneiro Jornal Canoas RS","isPartOf":{"@id":"https:\/\/jornaltimoneiro.com.br\/#website"},"datePublished":"2024-11-12T12:13:50+00:00","dateModified":"2024-11-12T13:17:12+00:00","description":"A Prefeitura de Canoas promove mais uma edi\u00e7\u00e3o do Feir\u00e3o de Emprego, com vagas para a empresa JBS, nesta ter\u00e7a-feira, 12","breadcrumb":{"@id":"https:\/\/jornaltimoneiro.com.br\/index.php\/2024\/11\/12\/feirao-de-emprego-em-canoas-oferta-vagas-na-empresa-jbs\/#breadcrumb"},"inLanguage":"pt-BR","potentialAction":[{"@type":"ReadAction","target":["https:\/\/jornaltimoneiro.com.br\/index.php\/2024\/11\/12\/feirao-de-emprego-em-canoas-oferta-vagas-na-empresa-jbs\/"]}]},{"@type":"BreadcrumbList","@id":"https:\/\/jornaltimoneiro.com.br\/index.php\/2024\/11\/12\/feirao-de-emprego-em-canoas-oferta-vagas-na-empresa-jbs\/#breadcrumb","itemListElement":[{"@type":"ListItem","position":1,"name":"In\u00edcio","item":"https:\/\/jornaltimoneiro.com.br\/"},{"@type":"ListItem","position":2,"name":"Feir\u00e3o de Emprego em Canoas oferta vagas na empresa JBS"}]},{"@type":"WebSite","@id":"https:\/\/jornaltimoneiro.com.br\/#website","url":"https:\/\/jornaltimoneiro.com.br\/","name":"Jornal Timoneiro Canoas RS","description":"Jornal O Timoneiro, o verdadeiro jornal de Canoas","publisher":{"@id":"https:\/\/jornaltimoneiro.com.br\/#organization"},"potentialAction":[{"@type":"SearchAction","target":{"@type":"EntryPoint","urlTemplate":"https:\/\/jornaltimoneiro.com.br\/?s={search_term_string}"},"query-input":"required name=search_term_string"}],"inLanguage":"pt-BR"},{"@type":"Organization","@id":"https:\/\/jornaltimoneiro.com.br\/#organization","name":"Jornal Timoneiro Canoas RS","url":"https:\/\/jornaltimoneiro.com.br\/","logo":{"@type":"ImageObject","inLanguage":"pt-BR","@id":"https:\/\/jornaltimoneiro.com.br\/#\/schema\/logo\/image\/","url":"https:\/\/jornaltimoneiro.com.br\/wp-content\/uploads\/2023\/03\/logonovo.png","contentUrl":"https:\/\/jornaltimoneiro.com.br\/wp-content\/uploads\/2023\/03\/logonovo.png","width":"469","height":"171","caption":"Jornal Timoneiro Canoas RS"},"image":{"@id":"https:\/\/jornaltimoneiro.com.br\/#\/schema\/logo\/image\/"},"sameAs":["https:\/\/www.facebook.com\/jornaltimoneiro","https:\/\/twitter.com\/_OTimoneiro","https:\/\/www.instagram.com\/jornaltimoneirocanoas\/","https:\/\/www.youtube.com\/@jornalotimoneiro7927"]},{"@type":"Person","@id":"https:\/\/jornaltimoneiro.com.br\/#\/schema\/person\/f63482f1a02b1a9592707865e509ab40","name":"Reda\u00e7\u00e3o","image":{"@type":"ImageObject","inLanguage":"pt-BR","@id":"https:\/\/jornaltimoneiro.com.br\/#\/schema\/person\/image\/","url":"https:\/\/jornaltimoneiro.com.br\/wp-content\/uploads\/2023\/03\/download.jpeg","contentUrl":"https:\/\/jornaltimoneiro.com.br\/wp-content\/uploads\/2023\/03\/download.jpeg","caption":"Reda\u00e7\u00e3o"},"url":"https:\/\/jornaltimoneiro.com.br\/index.php\/author\/simone-dutra\/"}]}},"_links":{"self":[{"href":"https:\/\/jornaltimoneiro.com.br\/index.php\/wp-json\/wp\/v2\/posts\/32737"}],"collection":[{"href":"https:\/\/jornaltimoneiro.com.br\/index.php\/wp-json\/wp\/v2\/posts"}],"about":[{"href":"https:\/\/jornaltimoneiro.com.br\/index.php\/wp-json\/wp\/v2\/types\/post"}],"author":[{"embeddable":true,"href":"https:\/\/jornaltimoneiro.com.br\/index.php\/wp-json\/wp\/v2\/users\/2"}],"replies":[{"embeddable":true,"href":"https:\/\/jornaltimoneiro.com.br\/index.php\/wp-json\/wp\/v2\/comments?post=32737"}],"version-history":[{"count":1,"href":"https:\/\/jornaltimoneiro.com.br\/index.php\/wp-json\/wp\/v2\/posts\/32737\/revisions"}],"predecessor-version":[{"id":32738,"href":"https:\/\/jornaltimoneiro.com.br\/index.php\/wp-json\/wp\/v2\/posts\/32737\/revisions\/32738"}],"wp:featuredmedia":[{"embeddable":true,"href":"https:\/\/jornaltimoneiro.com.br\/index.php\/wp-json\/wp\/v2\/media\/30135"}],"wp:attachment":[{"href":"https:\/\/jornaltimoneiro.com.br\/index.php\/wp-json\/wp\/v2\/media?parent=32737"}],"wp:term":[{"taxonomy":"category","embeddable":true,"href":"https:\/\/jornaltimoneiro.com.br\/index.php\/wp-json\/wp\/v2\/categories?post=32737"},{"taxonomy":"post_tag","embeddable":true,"href":"https:\/\/jornaltimoneiro.com.br\/index.php\/wp-json\/wp\/v2\/tags?post=32737"}],"curies":[{"name":"wp","href":"https:\/\/api.w.org\/{rel}","templated":true}]}}