{"id":32535,"date":"2024-10-30T12:27:11","date_gmt":"2024-10-30T15:27:11","guid":{"rendered":"https:\/\/jornaltimoneiro.com.br\/?p=32535"},"modified":"2024-10-30T12:27:11","modified_gmt":"2024-10-30T15:27:11","slug":"livros-livres-trensurb-celebra-o-dia-nacional-do-livro-compartilhando-obras-literarias-nos-trens","status":"publish","type":"post","link":"https:\/\/jornaltimoneiro.com.br\/index.php\/2024\/10\/30\/livros-livres-trensurb-celebra-o-dia-nacional-do-livro-compartilhando-obras-literarias-nos-trens\/","title":{"rendered":"Livros Livres: Trensurb celebra o Dia Nacional do Livro compartilhando obras liter\u00e1rias nos trens"},"content":{"rendered":"<p>Em comemora\u00e7\u00e3o ao Dia Nacional do Livro, celebrado em 29 de outubro, a Trensurb realizou mais uma a\u00e7\u00e3o do projeto Livros Livres na tarde da ter\u00e7a-feira, 29.<\/p>\n<p>A iniciativa \u00e9 promovida pelo Espa\u00e7o Multicultural Livros sobre Trilhos, a biblioteca do metr\u00f4, e marca a retomada do projeto, suspenso desde as enchentes de maio no estado.<\/p>\n<p>Na ocasi\u00e3o, cerca de 250 exemplares de t\u00edtulos variados foram distribu\u00eddos pelos assentos dos trens que partiam da esta\u00e7\u00e3o terminal Novo Hamburgo.<\/p>\n<div id=\"attachment_32536\" style=\"width: 750px\" class=\"wp-caption alignnone\"><img decoding=\"async\" aria-describedby=\"caption-attachment-32536\" class=\"wp-image-32536 size-large\" src=\"https:\/\/jornaltimoneiro.com.br\/wp-content\/uploads\/2024\/10\/52611785575_bdf1e303ec_o-1024x768.jpg\" alt=\"\" width=\"740\" height=\"555\" srcset=\"https:\/\/jornaltimoneiro.com.br\/wp-content\/uploads\/2024\/10\/52611785575_bdf1e303ec_o-1024x768.jpg 1024w, https:\/\/jornaltimoneiro.com.br\/wp-content\/uploads\/2024\/10\/52611785575_bdf1e303ec_o-300x225.jpg 300w, https:\/\/jornaltimoneiro.com.br\/wp-content\/uploads\/2024\/10\/52611785575_bdf1e303ec_o-768x576.jpg 768w, https:\/\/jornaltimoneiro.com.br\/wp-content\/uploads\/2024\/10\/52611785575_bdf1e303ec_o.jpg 1080w\" sizes=\"(max-width: 740px) 100vw, 740px\" \/><p id=\"caption-attachment-32536\" class=\"wp-caption-text\">Foto Juliano LannesTrensurb<\/p><\/div>\n<h4><b>A\u00e7\u00e3o<\/b><\/h4>\n<p>Durante a a\u00e7\u00e3o, diversos passageiros tiveram a oportunidade de encontrar livros no interior dos trens e alguns deles compartilharam suas impress\u00f5es sobre a iniciativa. Ana Luiza Borges, 54 anos, utiliza o metr\u00f4 diariamente.<\/p>\n<p>Para ela, a experi\u00eancia trouxe emo\u00e7\u00e3o: Lucas Almeida, 28 anos, encontrou um dos exemplares enquanto voltava para casa e viu na iniciativa uma oportunidade de lembrar a import\u00e2ncia da leitura para as filhas.<\/p>\n<p>\u201cAchei a ideia genial. Quando vi o livro ali, fiquei curioso e dei uma olhada. Tenho duas filhas pequenas e \u00e9 um desafio fazer com que se interessem mais por livros do que por telas\u201d, destacou.<\/p>\n<h4><b>Uma biblioteca no metr\u00f4<\/b><\/h4>\n<p>Criado e mantido pela Trensurb desde dezembro de 2008, o Espa\u00e7o Multicultural Livros sobre Trilhos conta com unidades nas esta\u00e7\u00f5es Mercado \u2013 fechada em fun\u00e7\u00e3o das enchentes \u2013 e Novo Hamburgo.<\/p>\n<p>O hor\u00e1rio de funcionamento \u00e9 das 14h \u00e0s 18h, nos dias \u00fateis, oferecendo o servi\u00e7o gratuito de empr\u00e9stimo de livros. Ampliado somente por meio de doa\u00e7\u00f5es, o\u00a0<a href=\"https:\/\/biblioteca-trilhos.trensurb.gov.br\/?action=search_bibliographic\" target=\"_blank\" rel=\"noopener\" data-saferedirecturl=\"https:\/\/www.google.com\/url?q=https:\/\/biblioteca-trilhos.trensurb.gov.br\/?action%3Dsearch_bibliographic&amp;source=gmail&amp;ust=1730328536318000&amp;usg=AOvVaw3wAxQ7VoAbBS4h353Cur6s\"><u>acervo<\/u><\/a>\u00a0da biblioteca conta com mais de 13 mil exemplares, dispon\u00edveis para os 8 mil associados.<\/p>\n<p>Para ter acesso a esse cat\u00e1logo, basta associar-se, indo at\u00e9 o Espa\u00e7o Multicultural em Novo Hamburgo e apresentando documento de identidade, CPF e comprovante de endere\u00e7o.<\/p>\n<h4>Livros Livres<\/h4>\n<p>O projeto Livros Livres foi lan\u00e7ado originalmente pela Trensurb em 2015 e, posteriormente, retomado em 2018, com a parceria do Banco de Livros, parte da Funda\u00e7\u00e3o Ga\u00facha dos Bancos Sociais, institu\u00edda pela Federa\u00e7\u00e3o das Ind\u00fastrias do Rio Grande do Sul (FIERGS).<\/p>\n<p>Anteriormente, os livros eram disponibilizados para compartilhamento em caixas customizadas em algumas esta\u00e7\u00f5es, onde os usu\u00e1rios tamb\u00e9m poderiam deixar seus livros para serem passados adiante. Foi em julho de 2019 que entrou em nova fase, no formato atual, que conta com distribui\u00e7\u00e3o dos exemplares no interior dos trens.<\/p>\n","protected":false},"excerpt":{"rendered":"<p>Em comemora\u00e7\u00e3o ao Dia Nacional do Livro, celebrado em 29 de outubro, a Trensurb realizou mais uma a\u00e7\u00e3o do projeto Livros Livres na tarde da ter\u00e7a-feira, 29. A iniciativa \u00e9 promovida pelo Espa\u00e7o Multicultural Livros sobre Trilhos, a biblioteca do metr\u00f4, e marca a retomada do projeto, suspenso desde as enchentes de maio no estado. [&hellip;]<\/p>\n","protected":false},"author":2,"featured_media":32537,"comment_status":"open","ping_status":"open","sticky":false,"template":"","format":"standard","meta":{"amp_status":"","footnotes":""},"categories":[3521],"tags":[616,31,3574,339,226,214,213,2649,250],"class_list":["post-32535","post","type-post","status-publish","format-standard","has-post-thumbnail","hentry","category-literatura","tag-acao","tag-canoas","tag-dia-do-livro","tag-literatura","tag-livros","tag-regiao-metropolitana","tag-rio-grande-do-sul","tag-trens","tag-trensurb"],"yoast_head":"<!-- This site is optimized with the Yoast SEO plugin v20.5 - https:\/\/yoast.com\/wordpress\/plugins\/seo\/ -->\n<title>Livros Livres: Trensurb celebra o Dia Nacional do Livro compartilhando obras liter\u00e1rias nos trens - O Timoneiro Jornal Canoas RS<\/title>\n<meta name=\"description\" content=\"Em comemora\u00e7\u00e3o ao Dia Nacional do Livro, celebrado em 29 de outubro, a Trensurb realizou mais uma a\u00e7\u00e3o do projeto Livros Livres\" \/>\n<meta name=\"robots\" content=\"index, follow, max-snippet:-1, max-image-preview:large, max-video-preview:-1\" \/>\n<link rel=\"canonical\" href=\"https:\/\/jornaltimoneiro.com.br\/index.php\/2024\/10\/30\/livros-livres-trensurb-celebra-o-dia-nacional-do-livro-compartilhando-obras-literarias-nos-trens\/\" \/>\n<meta property=\"og:locale\" content=\"pt_BR\" \/>\n<meta property=\"og:type\" content=\"article\" \/>\n<meta property=\"og:title\" content=\"Livros Livres: Trensurb celebra o Dia Nacional do Livro compartilhando obras liter\u00e1rias nos trens - O Timoneiro Jornal Canoas RS\" \/>\n<meta property=\"og:description\" content=\"Em comemora\u00e7\u00e3o ao Dia Nacional do Livro, celebrado em 29 de outubro, a Trensurb realizou mais uma a\u00e7\u00e3o do projeto Livros Livres\" \/>\n<meta property=\"og:url\" content=\"https:\/\/jornaltimoneiro.com.br\/index.php\/2024\/10\/30\/livros-livres-trensurb-celebra-o-dia-nacional-do-livro-compartilhando-obras-literarias-nos-trens\/\" \/>\n<meta property=\"og:site_name\" content=\"O Timoneiro Jornal Canoas RS\" \/>\n<meta property=\"article:publisher\" content=\"https:\/\/www.facebook.com\/jornaltimoneiro\" \/>\n<meta property=\"article:published_time\" content=\"2024-10-30T15:27:11+00:00\" \/>\n<meta property=\"og:image\" content=\"https:\/\/jornaltimoneiro.com.br\/wp-content\/uploads\/2024\/10\/Livros-Livres-Trensurb-celebra-o-Dia-Nacional-do-Livro-compartilhando-obras-literarias-nos-trens.jpg\" \/>\n\t<meta property=\"og:image:width\" content=\"1080\" \/>\n\t<meta property=\"og:image:height\" content=\"715\" \/>\n\t<meta property=\"og:image:type\" content=\"image\/jpeg\" \/>\n<meta name=\"author\" content=\"Reda\u00e7\u00e3o\" \/>\n<meta name=\"twitter:card\" content=\"summary_large_image\" \/>\n<meta name=\"twitter:creator\" content=\"@_OTimoneiro\" \/>\n<meta name=\"twitter:site\" content=\"@_OTimoneiro\" \/>\n<meta name=\"twitter:label1\" content=\"Escrito por\" \/>\n\t<meta name=\"twitter:data1\" content=\"Reda\u00e7\u00e3o\" \/>\n\t<meta name=\"twitter:label2\" content=\"Est. tempo de leitura\" \/>\n\t<meta name=\"twitter:data2\" content=\"3 minutos\" \/>\n<script type=\"application\/ld+json\" class=\"yoast-schema-graph\">{\"@context\":\"https:\/\/schema.org\",\"@graph\":[{\"@type\":\"Article\",\"@id\":\"https:\/\/jornaltimoneiro.com.br\/index.php\/2024\/10\/30\/livros-livres-trensurb-celebra-o-dia-nacional-do-livro-compartilhando-obras-literarias-nos-trens\/#article\",\"isPartOf\":{\"@id\":\"https:\/\/jornaltimoneiro.com.br\/index.php\/2024\/10\/30\/livros-livres-trensurb-celebra-o-dia-nacional-do-livro-compartilhando-obras-literarias-nos-trens\/\"},\"author\":{\"name\":\"Reda\u00e7\u00e3o\",\"@id\":\"https:\/\/jornaltimoneiro.com.br\/#\/schema\/person\/f63482f1a02b1a9592707865e509ab40\"},\"headline\":\"Livros Livres: Trensurb celebra o Dia Nacional do Livro compartilhando obras liter\u00e1rias nos trens\",\"datePublished\":\"2024-10-30T15:27:11+00:00\",\"dateModified\":\"2024-10-30T15:27:11+00:00\",\"mainEntityOfPage\":{\"@id\":\"https:\/\/jornaltimoneiro.com.br\/index.php\/2024\/10\/30\/livros-livres-trensurb-celebra-o-dia-nacional-do-livro-compartilhando-obras-literarias-nos-trens\/\"},\"wordCount\":419,\"commentCount\":0,\"publisher\":{\"@id\":\"https:\/\/jornaltimoneiro.com.br\/#organization\"},\"keywords\":[\"a\u00e7\u00e3o\",\"canoas\",\"dia do livro\",\"literatura\",\"livros\",\"regi\u00e3o metropolitana\",\"rio grande do sul\",\"trens\",\"trensurb\"],\"articleSection\":[\"Literatura\"],\"inLanguage\":\"pt-BR\",\"potentialAction\":[{\"@type\":\"CommentAction\",\"name\":\"Comment\",\"target\":[\"https:\/\/jornaltimoneiro.com.br\/index.php\/2024\/10\/30\/livros-livres-trensurb-celebra-o-dia-nacional-do-livro-compartilhando-obras-literarias-nos-trens\/#respond\"]}]},{\"@type\":\"WebPage\",\"@id\":\"https:\/\/jornaltimoneiro.com.br\/index.php\/2024\/10\/30\/livros-livres-trensurb-celebra-o-dia-nacional-do-livro-compartilhando-obras-literarias-nos-trens\/\",\"url\":\"https:\/\/jornaltimoneiro.com.br\/index.php\/2024\/10\/30\/livros-livres-trensurb-celebra-o-dia-nacional-do-livro-compartilhando-obras-literarias-nos-trens\/\",\"name\":\"Livros Livres: Trensurb celebra o Dia Nacional do Livro compartilhando obras liter\u00e1rias nos trens - O Timoneiro Jornal Canoas RS\",\"isPartOf\":{\"@id\":\"https:\/\/jornaltimoneiro.com.br\/#website\"},\"datePublished\":\"2024-10-30T15:27:11+00:00\",\"dateModified\":\"2024-10-30T15:27:11+00:00\",\"description\":\"Em comemora\u00e7\u00e3o ao Dia Nacional do Livro, celebrado em 29 de outubro, a Trensurb realizou mais uma a\u00e7\u00e3o do projeto Livros Livres\",\"breadcrumb\":{\"@id\":\"https:\/\/jornaltimoneiro.com.br\/index.php\/2024\/10\/30\/livros-livres-trensurb-celebra-o-dia-nacional-do-livro-compartilhando-obras-literarias-nos-trens\/#breadcrumb\"},\"inLanguage\":\"pt-BR\",\"potentialAction\":[{\"@type\":\"ReadAction\",\"target\":[\"https:\/\/jornaltimoneiro.com.br\/index.php\/2024\/10\/30\/livros-livres-trensurb-celebra-o-dia-nacional-do-livro-compartilhando-obras-literarias-nos-trens\/\"]}]},{\"@type\":\"BreadcrumbList\",\"@id\":\"https:\/\/jornaltimoneiro.com.br\/index.php\/2024\/10\/30\/livros-livres-trensurb-celebra-o-dia-nacional-do-livro-compartilhando-obras-literarias-nos-trens\/#breadcrumb\",\"itemListElement\":[{\"@type\":\"ListItem\",\"position\":1,\"name\":\"In\u00edcio\",\"item\":\"https:\/\/jornaltimoneiro.com.br\/\"},{\"@type\":\"ListItem\",\"position\":2,\"name\":\"Livros Livres: Trensurb celebra o Dia Nacional do Livro compartilhando obras liter\u00e1rias nos trens\"}]},{\"@type\":\"WebSite\",\"@id\":\"https:\/\/jornaltimoneiro.com.br\/#website\",\"url\":\"https:\/\/jornaltimoneiro.com.br\/\",\"name\":\"Jornal Timoneiro Canoas RS\",\"description\":\"Jornal O Timoneiro, o verdadeiro jornal de Canoas\",\"publisher\":{\"@id\":\"https:\/\/jornaltimoneiro.com.br\/#organization\"},\"potentialAction\":[{\"@type\":\"SearchAction\",\"target\":{\"@type\":\"EntryPoint\",\"urlTemplate\":\"https:\/\/jornaltimoneiro.com.br\/?s={search_term_string}\"},\"query-input\":\"required name=search_term_string\"}],\"inLanguage\":\"pt-BR\"},{\"@type\":\"Organization\",\"@id\":\"https:\/\/jornaltimoneiro.com.br\/#organization\",\"name\":\"Jornal Timoneiro Canoas RS\",\"url\":\"https:\/\/jornaltimoneiro.com.br\/\",\"logo\":{\"@type\":\"ImageObject\",\"inLanguage\":\"pt-BR\",\"@id\":\"https:\/\/jornaltimoneiro.com.br\/#\/schema\/logo\/image\/\",\"url\":\"https:\/\/jornaltimoneiro.com.br\/wp-content\/uploads\/2023\/03\/logonovo.png\",\"contentUrl\":\"https:\/\/jornaltimoneiro.com.br\/wp-content\/uploads\/2023\/03\/logonovo.png\",\"width\":\"469\",\"height\":\"171\",\"caption\":\"Jornal Timoneiro Canoas RS\"},\"image\":{\"@id\":\"https:\/\/jornaltimoneiro.com.br\/#\/schema\/logo\/image\/\"},\"sameAs\":[\"https:\/\/www.facebook.com\/jornaltimoneiro\",\"https:\/\/twitter.com\/_OTimoneiro\",\"https:\/\/www.instagram.com\/jornaltimoneirocanoas\/\",\"https:\/\/www.youtube.com\/@jornalotimoneiro7927\"]},{\"@type\":\"Person\",\"@id\":\"https:\/\/jornaltimoneiro.com.br\/#\/schema\/person\/f63482f1a02b1a9592707865e509ab40\",\"name\":\"Reda\u00e7\u00e3o\",\"image\":{\"@type\":\"ImageObject\",\"inLanguage\":\"pt-BR\",\"@id\":\"https:\/\/jornaltimoneiro.com.br\/#\/schema\/person\/image\/\",\"url\":\"https:\/\/jornaltimoneiro.com.br\/wp-content\/uploads\/2023\/03\/download.jpeg\",\"contentUrl\":\"https:\/\/jornaltimoneiro.com.br\/wp-content\/uploads\/2023\/03\/download.jpeg\",\"caption\":\"Reda\u00e7\u00e3o\"},\"url\":\"https:\/\/jornaltimoneiro.com.br\/index.php\/author\/simone-dutra\/\"}]}<\/script>\n<!-- \/ Yoast SEO plugin. -->","yoast_head_json":{"title":"Livros Livres: Trensurb celebra o Dia Nacional do Livro compartilhando obras liter\u00e1rias nos trens - O Timoneiro Jornal Canoas RS","description":"Em comemora\u00e7\u00e3o ao Dia Nacional do Livro, celebrado em 29 de outubro, a Trensurb realizou mais uma a\u00e7\u00e3o do projeto Livros Livres","robots":{"index":"index","follow":"follow","max-snippet":"max-snippet:-1","max-image-preview":"max-image-preview:large","max-video-preview":"max-video-preview:-1"},"canonical":"https:\/\/jornaltimoneiro.com.br\/index.php\/2024\/10\/30\/livros-livres-trensurb-celebra-o-dia-nacional-do-livro-compartilhando-obras-literarias-nos-trens\/","og_locale":"pt_BR","og_type":"article","og_title":"Livros Livres: Trensurb celebra o Dia Nacional do Livro compartilhando obras liter\u00e1rias nos trens - O Timoneiro Jornal Canoas RS","og_description":"Em comemora\u00e7\u00e3o ao Dia Nacional do Livro, celebrado em 29 de outubro, a Trensurb realizou mais uma a\u00e7\u00e3o do projeto Livros Livres","og_url":"https:\/\/jornaltimoneiro.com.br\/index.php\/2024\/10\/30\/livros-livres-trensurb-celebra-o-dia-nacional-do-livro-compartilhando-obras-literarias-nos-trens\/","og_site_name":"O Timoneiro Jornal Canoas RS","article_publisher":"https:\/\/www.facebook.com\/jornaltimoneiro","article_published_time":"2024-10-30T15:27:11+00:00","og_image":[{"width":1080,"height":715,"url":"https:\/\/jornaltimoneiro.com.br\/wp-content\/uploads\/2024\/10\/Livros-Livres-Trensurb-celebra-o-Dia-Nacional-do-Livro-compartilhando-obras-literarias-nos-trens.jpg","type":"image\/jpeg"}],"author":"Reda\u00e7\u00e3o","twitter_card":"summary_large_image","twitter_creator":"@_OTimoneiro","twitter_site":"@_OTimoneiro","twitter_misc":{"Escrito por":"Reda\u00e7\u00e3o","Est. tempo de leitura":"3 minutos"},"schema":{"@context":"https:\/\/schema.org","@graph":[{"@type":"Article","@id":"https:\/\/jornaltimoneiro.com.br\/index.php\/2024\/10\/30\/livros-livres-trensurb-celebra-o-dia-nacional-do-livro-compartilhando-obras-literarias-nos-trens\/#article","isPartOf":{"@id":"https:\/\/jornaltimoneiro.com.br\/index.php\/2024\/10\/30\/livros-livres-trensurb-celebra-o-dia-nacional-do-livro-compartilhando-obras-literarias-nos-trens\/"},"author":{"name":"Reda\u00e7\u00e3o","@id":"https:\/\/jornaltimoneiro.com.br\/#\/schema\/person\/f63482f1a02b1a9592707865e509ab40"},"headline":"Livros Livres: Trensurb celebra o Dia Nacional do Livro compartilhando obras liter\u00e1rias nos trens","datePublished":"2024-10-30T15:27:11+00:00","dateModified":"2024-10-30T15:27:11+00:00","mainEntityOfPage":{"@id":"https:\/\/jornaltimoneiro.com.br\/index.php\/2024\/10\/30\/livros-livres-trensurb-celebra-o-dia-nacional-do-livro-compartilhando-obras-literarias-nos-trens\/"},"wordCount":419,"commentCount":0,"publisher":{"@id":"https:\/\/jornaltimoneiro.com.br\/#organization"},"keywords":["a\u00e7\u00e3o","canoas","dia do livro","literatura","livros","regi\u00e3o metropolitana","rio grande do sul","trens","trensurb"],"articleSection":["Literatura"],"inLanguage":"pt-BR","potentialAction":[{"@type":"CommentAction","name":"Comment","target":["https:\/\/jornaltimoneiro.com.br\/index.php\/2024\/10\/30\/livros-livres-trensurb-celebra-o-dia-nacional-do-livro-compartilhando-obras-literarias-nos-trens\/#respond"]}]},{"@type":"WebPage","@id":"https:\/\/jornaltimoneiro.com.br\/index.php\/2024\/10\/30\/livros-livres-trensurb-celebra-o-dia-nacional-do-livro-compartilhando-obras-literarias-nos-trens\/","url":"https:\/\/jornaltimoneiro.com.br\/index.php\/2024\/10\/30\/livros-livres-trensurb-celebra-o-dia-nacional-do-livro-compartilhando-obras-literarias-nos-trens\/","name":"Livros Livres: Trensurb celebra o Dia Nacional do Livro compartilhando obras liter\u00e1rias nos trens - O Timoneiro Jornal Canoas RS","isPartOf":{"@id":"https:\/\/jornaltimoneiro.com.br\/#website"},"datePublished":"2024-10-30T15:27:11+00:00","dateModified":"2024-10-30T15:27:11+00:00","description":"Em comemora\u00e7\u00e3o ao Dia Nacional do Livro, celebrado em 29 de outubro, a Trensurb realizou mais uma a\u00e7\u00e3o do projeto Livros Livres","breadcrumb":{"@id":"https:\/\/jornaltimoneiro.com.br\/index.php\/2024\/10\/30\/livros-livres-trensurb-celebra-o-dia-nacional-do-livro-compartilhando-obras-literarias-nos-trens\/#breadcrumb"},"inLanguage":"pt-BR","potentialAction":[{"@type":"ReadAction","target":["https:\/\/jornaltimoneiro.com.br\/index.php\/2024\/10\/30\/livros-livres-trensurb-celebra-o-dia-nacional-do-livro-compartilhando-obras-literarias-nos-trens\/"]}]},{"@type":"BreadcrumbList","@id":"https:\/\/jornaltimoneiro.com.br\/index.php\/2024\/10\/30\/livros-livres-trensurb-celebra-o-dia-nacional-do-livro-compartilhando-obras-literarias-nos-trens\/#breadcrumb","itemListElement":[{"@type":"ListItem","position":1,"name":"In\u00edcio","item":"https:\/\/jornaltimoneiro.com.br\/"},{"@type":"ListItem","position":2,"name":"Livros Livres: Trensurb celebra o Dia Nacional do Livro compartilhando obras liter\u00e1rias nos trens"}]},{"@type":"WebSite","@id":"https:\/\/jornaltimoneiro.com.br\/#website","url":"https:\/\/jornaltimoneiro.com.br\/","name":"Jornal Timoneiro Canoas RS","description":"Jornal O Timoneiro, o verdadeiro jornal de Canoas","publisher":{"@id":"https:\/\/jornaltimoneiro.com.br\/#organization"},"potentialAction":[{"@type":"SearchAction","target":{"@type":"EntryPoint","urlTemplate":"https:\/\/jornaltimoneiro.com.br\/?s={search_term_string}"},"query-input":"required name=search_term_string"}],"inLanguage":"pt-BR"},{"@type":"Organization","@id":"https:\/\/jornaltimoneiro.com.br\/#organization","name":"Jornal Timoneiro Canoas RS","url":"https:\/\/jornaltimoneiro.com.br\/","logo":{"@type":"ImageObject","inLanguage":"pt-BR","@id":"https:\/\/jornaltimoneiro.com.br\/#\/schema\/logo\/image\/","url":"https:\/\/jornaltimoneiro.com.br\/wp-content\/uploads\/2023\/03\/logonovo.png","contentUrl":"https:\/\/jornaltimoneiro.com.br\/wp-content\/uploads\/2023\/03\/logonovo.png","width":"469","height":"171","caption":"Jornal Timoneiro Canoas RS"},"image":{"@id":"https:\/\/jornaltimoneiro.com.br\/#\/schema\/logo\/image\/"},"sameAs":["https:\/\/www.facebook.com\/jornaltimoneiro","https:\/\/twitter.com\/_OTimoneiro","https:\/\/www.instagram.com\/jornaltimoneirocanoas\/","https:\/\/www.youtube.com\/@jornalotimoneiro7927"]},{"@type":"Person","@id":"https:\/\/jornaltimoneiro.com.br\/#\/schema\/person\/f63482f1a02b1a9592707865e509ab40","name":"Reda\u00e7\u00e3o","image":{"@type":"ImageObject","inLanguage":"pt-BR","@id":"https:\/\/jornaltimoneiro.com.br\/#\/schema\/person\/image\/","url":"https:\/\/jornaltimoneiro.com.br\/wp-content\/uploads\/2023\/03\/download.jpeg","contentUrl":"https:\/\/jornaltimoneiro.com.br\/wp-content\/uploads\/2023\/03\/download.jpeg","caption":"Reda\u00e7\u00e3o"},"url":"https:\/\/jornaltimoneiro.com.br\/index.php\/author\/simone-dutra\/"}]}},"_links":{"self":[{"href":"https:\/\/jornaltimoneiro.com.br\/index.php\/wp-json\/wp\/v2\/posts\/32535"}],"collection":[{"href":"https:\/\/jornaltimoneiro.com.br\/index.php\/wp-json\/wp\/v2\/posts"}],"about":[{"href":"https:\/\/jornaltimoneiro.com.br\/index.php\/wp-json\/wp\/v2\/types\/post"}],"author":[{"embeddable":true,"href":"https:\/\/jornaltimoneiro.com.br\/index.php\/wp-json\/wp\/v2\/users\/2"}],"replies":[{"embeddable":true,"href":"https:\/\/jornaltimoneiro.com.br\/index.php\/wp-json\/wp\/v2\/comments?post=32535"}],"version-history":[{"count":1,"href":"https:\/\/jornaltimoneiro.com.br\/index.php\/wp-json\/wp\/v2\/posts\/32535\/revisions"}],"predecessor-version":[{"id":32538,"href":"https:\/\/jornaltimoneiro.com.br\/index.php\/wp-json\/wp\/v2\/posts\/32535\/revisions\/32538"}],"wp:featuredmedia":[{"embeddable":true,"href":"https:\/\/jornaltimoneiro.com.br\/index.php\/wp-json\/wp\/v2\/media\/32537"}],"wp:attachment":[{"href":"https:\/\/jornaltimoneiro.com.br\/index.php\/wp-json\/wp\/v2\/media?parent=32535"}],"wp:term":[{"taxonomy":"category","embeddable":true,"href":"https:\/\/jornaltimoneiro.com.br\/index.php\/wp-json\/wp\/v2\/categories?post=32535"},{"taxonomy":"post_tag","embeddable":true,"href":"https:\/\/jornaltimoneiro.com.br\/index.php\/wp-json\/wp\/v2\/tags?post=32535"}],"curies":[{"name":"wp","href":"https:\/\/api.w.org\/{rel}","templated":true}]}}