{"id":32444,"date":"2024-10-24T17:06:02","date_gmt":"2024-10-24T20:06:02","guid":{"rendered":"https:\/\/jornaltimoneiro.com.br\/?p=32444"},"modified":"2024-10-24T17:06:02","modified_gmt":"2024-10-24T20:06:02","slug":"ventos-de-89-km-h-prefeitura-atende-chamados-de-destelhamento-e-quedas-de-arvores-devido-ao-temporal-em-canoas","status":"publish","type":"post","link":"https:\/\/jornaltimoneiro.com.br\/index.php\/2024\/10\/24\/ventos-de-89-km-h-prefeitura-atende-chamados-de-destelhamento-e-quedas-de-arvores-devido-ao-temporal-em-canoas\/","title":{"rendered":"VENTOS DE 89 KM\/H: Prefeitura atende chamados de destelhamento e quedas de \u00e1rvores devido ao temporal em Canoas"},"content":{"rendered":"<p>O temporal registrado pr\u00f3ximo ao meio-dia desta quinta-feira, 24, em Canoas, resultou em ocorr\u00eancias pontuais nos bairros Harmonia, Guajuviras, Rio Branco, F\u00e1tima, Mathias Velho e Nossa Senhora das Gra\u00e7as.<\/p>\n<p>O gabinete de crise junto ao Centro Integrado de Comando e Controle (CICC), na sede da Seguran\u00e7a P\u00fablica de Canoas, concentrou os atendimentos \u00e0s demandas resultantes do evento clim\u00e1tico previsto.<\/p>\n<h4><strong>Canal SOS Canoas <\/strong><\/h4>\n<p>De acordo com o Escrit\u00f3rio de Resili\u00eancia Clim\u00e1tica (Eclima), o canal SOS Canoas contabilizou pouco mais de dez chamadas no primeiro momento do temporal. A partir dos pedidos de apoio, a Defesa Civil atendeu 16 resid\u00eancias com destelhamento e tr\u00eas demandas relacionada a risco ou mesmo queda de \u00e1rvores e de objetos com a for\u00e7a dos ventos.<\/p>\n<p>No bairro Niter\u00f3i, por volta do meio-dia, as rajadas atingiram a velocidade de 89 km\/h. Segundo o Eclima, entre 11h30 e 15h, o volume de chuva atingiu 9,6 mil\u00edmetros (mm).<\/p>\n<h4><strong>Outdoor tombado<\/strong><\/h4>\n<p>Na regi\u00e3o central, um outdoor tombou pr\u00f3ximo \u00e0 esquina das avenidas Inconfid\u00eancia com a Guilherme Schell, perto do viaduto. Ningu\u00e9m ficou ferido. Houve ainda danos em im\u00f3veis como um port\u00e3o ca\u00eddo em resid\u00eancia na Rua dos Metal\u00fargicos, no Harmonia.<\/p>\n<p>Uma equipe da Diretoria de Tr\u00e2nsito tamb\u00e9m isolou trecho da Rua Humait\u00e1 em raz\u00e3o de fios ca\u00eddos na pista, sob risco de estarem energizados.<\/p>\n","protected":false},"excerpt":{"rendered":"<p>O temporal registrado pr\u00f3ximo ao meio-dia desta quinta-feira, 24, em Canoas, resultou em ocorr\u00eancias pontuais nos bairros Harmonia, Guajuviras, Rio Branco, F\u00e1tima, Mathias Velho e Nossa Senhora das Gra\u00e7as. O gabinete de crise junto ao Centro Integrado de Comando e Controle (CICC), na sede da Seguran\u00e7a P\u00fablica de Canoas, concentrou os atendimentos \u00e0s demandas resultantes [&hellip;]<\/p>\n","protected":false},"author":2,"featured_media":32445,"comment_status":"open","ping_status":"open","sticky":false,"template":"","format":"standard","meta":{"amp_status":"","footnotes":""},"categories":[2193],"tags":[31,793,190,213,794,392,2608],"class_list":["post-32444","post","type-post","status-publish","format-standard","has-post-thumbnail","hentry","category-clima","tag-canoas","tag-clima","tag-featured","tag-rio-grande-do-sul","tag-tempo","tag-temporal","tag-ventos"],"yoast_head":"<!-- This site is optimized with the Yoast SEO plugin v20.5 - https:\/\/yoast.com\/wordpress\/plugins\/seo\/ -->\n<title>VENTOS DE 89 KM\/H: Prefeitura atende chamados de destelhamento e quedas de \u00e1rvores devido ao temporal em Canoas - O Timoneiro Jornal Canoas RS<\/title>\n<meta name=\"description\" content=\"O temporal em Canoas resultou em ocorr\u00eancias nos bairros Harmonia, Guajuviras, Rio Branco, F\u00e1tima, Mathias Velho e Nossa Senhora das Gra\u00e7as\" \/>\n<meta name=\"robots\" content=\"index, follow, max-snippet:-1, max-image-preview:large, max-video-preview:-1\" \/>\n<link rel=\"canonical\" href=\"https:\/\/jornaltimoneiro.com.br\/index.php\/2024\/10\/24\/ventos-de-89-km-h-prefeitura-atende-chamados-de-destelhamento-e-quedas-de-arvores-devido-ao-temporal-em-canoas\/\" \/>\n<meta property=\"og:locale\" content=\"pt_BR\" \/>\n<meta property=\"og:type\" content=\"article\" \/>\n<meta property=\"og:title\" content=\"VENTOS DE 89 KM\/H: Prefeitura atende chamados de destelhamento e quedas de \u00e1rvores devido ao temporal em Canoas - O Timoneiro Jornal Canoas RS\" \/>\n<meta property=\"og:description\" content=\"O temporal em Canoas resultou em ocorr\u00eancias nos bairros Harmonia, Guajuviras, Rio Branco, F\u00e1tima, Mathias Velho e Nossa Senhora das Gra\u00e7as\" \/>\n<meta property=\"og:url\" content=\"https:\/\/jornaltimoneiro.com.br\/index.php\/2024\/10\/24\/ventos-de-89-km-h-prefeitura-atende-chamados-de-destelhamento-e-quedas-de-arvores-devido-ao-temporal-em-canoas\/\" \/>\n<meta property=\"og:site_name\" content=\"O Timoneiro Jornal Canoas RS\" \/>\n<meta property=\"article:publisher\" content=\"https:\/\/www.facebook.com\/jornaltimoneiro\" \/>\n<meta property=\"article:published_time\" content=\"2024-10-24T20:06:02+00:00\" \/>\n<meta property=\"og:image\" content=\"https:\/\/jornaltimoneiro.com.br\/wp-content\/uploads\/2024\/10\/VENTOS-DE-89-KMH-Prefeitura-atende-chamados-de-destelhamento-e-quedas-de-arvores-devido-ao-temporal-em-Canoas.jpeg\" \/>\n\t<meta property=\"og:image:width\" content=\"1080\" \/>\n\t<meta property=\"og:image:height\" content=\"694\" \/>\n\t<meta property=\"og:image:type\" content=\"image\/jpeg\" \/>\n<meta name=\"author\" content=\"Reda\u00e7\u00e3o\" \/>\n<meta name=\"twitter:card\" content=\"summary_large_image\" \/>\n<meta name=\"twitter:creator\" content=\"@_OTimoneiro\" \/>\n<meta name=\"twitter:site\" content=\"@_OTimoneiro\" \/>\n<meta name=\"twitter:label1\" content=\"Escrito por\" \/>\n\t<meta name=\"twitter:data1\" content=\"Reda\u00e7\u00e3o\" \/>\n\t<meta name=\"twitter:label2\" content=\"Est. tempo de leitura\" \/>\n\t<meta name=\"twitter:data2\" content=\"2 minutos\" \/>\n<script type=\"application\/ld+json\" class=\"yoast-schema-graph\">{\"@context\":\"https:\/\/schema.org\",\"@graph\":[{\"@type\":\"Article\",\"@id\":\"https:\/\/jornaltimoneiro.com.br\/index.php\/2024\/10\/24\/ventos-de-89-km-h-prefeitura-atende-chamados-de-destelhamento-e-quedas-de-arvores-devido-ao-temporal-em-canoas\/#article\",\"isPartOf\":{\"@id\":\"https:\/\/jornaltimoneiro.com.br\/index.php\/2024\/10\/24\/ventos-de-89-km-h-prefeitura-atende-chamados-de-destelhamento-e-quedas-de-arvores-devido-ao-temporal-em-canoas\/\"},\"author\":{\"name\":\"Reda\u00e7\u00e3o\",\"@id\":\"https:\/\/jornaltimoneiro.com.br\/#\/schema\/person\/f63482f1a02b1a9592707865e509ab40\"},\"headline\":\"VENTOS DE 89 KM\/H: Prefeitura atende chamados de destelhamento e quedas de \u00e1rvores devido ao temporal em Canoas\",\"datePublished\":\"2024-10-24T20:06:02+00:00\",\"dateModified\":\"2024-10-24T20:06:02+00:00\",\"mainEntityOfPage\":{\"@id\":\"https:\/\/jornaltimoneiro.com.br\/index.php\/2024\/10\/24\/ventos-de-89-km-h-prefeitura-atende-chamados-de-destelhamento-e-quedas-de-arvores-devido-ao-temporal-em-canoas\/\"},\"wordCount\":256,\"commentCount\":0,\"publisher\":{\"@id\":\"https:\/\/jornaltimoneiro.com.br\/#organization\"},\"keywords\":[\"canoas\",\"clima\",\"featured\",\"rio grande do sul\",\"tempo\",\"temporal\",\"ventos\"],\"articleSection\":[\"Clima\"],\"inLanguage\":\"pt-BR\",\"potentialAction\":[{\"@type\":\"CommentAction\",\"name\":\"Comment\",\"target\":[\"https:\/\/jornaltimoneiro.com.br\/index.php\/2024\/10\/24\/ventos-de-89-km-h-prefeitura-atende-chamados-de-destelhamento-e-quedas-de-arvores-devido-ao-temporal-em-canoas\/#respond\"]}]},{\"@type\":\"WebPage\",\"@id\":\"https:\/\/jornaltimoneiro.com.br\/index.php\/2024\/10\/24\/ventos-de-89-km-h-prefeitura-atende-chamados-de-destelhamento-e-quedas-de-arvores-devido-ao-temporal-em-canoas\/\",\"url\":\"https:\/\/jornaltimoneiro.com.br\/index.php\/2024\/10\/24\/ventos-de-89-km-h-prefeitura-atende-chamados-de-destelhamento-e-quedas-de-arvores-devido-ao-temporal-em-canoas\/\",\"name\":\"VENTOS DE 89 KM\/H: Prefeitura atende chamados de destelhamento e quedas de \u00e1rvores devido ao temporal em Canoas - O Timoneiro Jornal Canoas RS\",\"isPartOf\":{\"@id\":\"https:\/\/jornaltimoneiro.com.br\/#website\"},\"datePublished\":\"2024-10-24T20:06:02+00:00\",\"dateModified\":\"2024-10-24T20:06:02+00:00\",\"description\":\"O temporal em Canoas resultou em ocorr\u00eancias nos bairros Harmonia, Guajuviras, Rio Branco, F\u00e1tima, Mathias Velho e Nossa Senhora das Gra\u00e7as\",\"breadcrumb\":{\"@id\":\"https:\/\/jornaltimoneiro.com.br\/index.php\/2024\/10\/24\/ventos-de-89-km-h-prefeitura-atende-chamados-de-destelhamento-e-quedas-de-arvores-devido-ao-temporal-em-canoas\/#breadcrumb\"},\"inLanguage\":\"pt-BR\",\"potentialAction\":[{\"@type\":\"ReadAction\",\"target\":[\"https:\/\/jornaltimoneiro.com.br\/index.php\/2024\/10\/24\/ventos-de-89-km-h-prefeitura-atende-chamados-de-destelhamento-e-quedas-de-arvores-devido-ao-temporal-em-canoas\/\"]}]},{\"@type\":\"BreadcrumbList\",\"@id\":\"https:\/\/jornaltimoneiro.com.br\/index.php\/2024\/10\/24\/ventos-de-89-km-h-prefeitura-atende-chamados-de-destelhamento-e-quedas-de-arvores-devido-ao-temporal-em-canoas\/#breadcrumb\",\"itemListElement\":[{\"@type\":\"ListItem\",\"position\":1,\"name\":\"In\u00edcio\",\"item\":\"https:\/\/jornaltimoneiro.com.br\/\"},{\"@type\":\"ListItem\",\"position\":2,\"name\":\"VENTOS DE 89 KM\/H: Prefeitura atende chamados de destelhamento e quedas de \u00e1rvores devido ao temporal em Canoas\"}]},{\"@type\":\"WebSite\",\"@id\":\"https:\/\/jornaltimoneiro.com.br\/#website\",\"url\":\"https:\/\/jornaltimoneiro.com.br\/\",\"name\":\"Jornal Timoneiro Canoas RS\",\"description\":\"Jornal O Timoneiro, o verdadeiro jornal de Canoas\",\"publisher\":{\"@id\":\"https:\/\/jornaltimoneiro.com.br\/#organization\"},\"potentialAction\":[{\"@type\":\"SearchAction\",\"target\":{\"@type\":\"EntryPoint\",\"urlTemplate\":\"https:\/\/jornaltimoneiro.com.br\/?s={search_term_string}\"},\"query-input\":\"required name=search_term_string\"}],\"inLanguage\":\"pt-BR\"},{\"@type\":\"Organization\",\"@id\":\"https:\/\/jornaltimoneiro.com.br\/#organization\",\"name\":\"Jornal Timoneiro Canoas RS\",\"url\":\"https:\/\/jornaltimoneiro.com.br\/\",\"logo\":{\"@type\":\"ImageObject\",\"inLanguage\":\"pt-BR\",\"@id\":\"https:\/\/jornaltimoneiro.com.br\/#\/schema\/logo\/image\/\",\"url\":\"https:\/\/jornaltimoneiro.com.br\/wp-content\/uploads\/2023\/03\/logonovo.png\",\"contentUrl\":\"https:\/\/jornaltimoneiro.com.br\/wp-content\/uploads\/2023\/03\/logonovo.png\",\"width\":\"469\",\"height\":\"171\",\"caption\":\"Jornal Timoneiro Canoas RS\"},\"image\":{\"@id\":\"https:\/\/jornaltimoneiro.com.br\/#\/schema\/logo\/image\/\"},\"sameAs\":[\"https:\/\/www.facebook.com\/jornaltimoneiro\",\"https:\/\/twitter.com\/_OTimoneiro\",\"https:\/\/www.instagram.com\/jornaltimoneirocanoas\/\",\"https:\/\/www.youtube.com\/@jornalotimoneiro7927\"]},{\"@type\":\"Person\",\"@id\":\"https:\/\/jornaltimoneiro.com.br\/#\/schema\/person\/f63482f1a02b1a9592707865e509ab40\",\"name\":\"Reda\u00e7\u00e3o\",\"image\":{\"@type\":\"ImageObject\",\"inLanguage\":\"pt-BR\",\"@id\":\"https:\/\/jornaltimoneiro.com.br\/#\/schema\/person\/image\/\",\"url\":\"https:\/\/jornaltimoneiro.com.br\/wp-content\/uploads\/2023\/03\/download.jpeg\",\"contentUrl\":\"https:\/\/jornaltimoneiro.com.br\/wp-content\/uploads\/2023\/03\/download.jpeg\",\"caption\":\"Reda\u00e7\u00e3o\"},\"url\":\"https:\/\/jornaltimoneiro.com.br\/index.php\/author\/simone-dutra\/\"}]}<\/script>\n<!-- \/ Yoast SEO plugin. -->","yoast_head_json":{"title":"VENTOS DE 89 KM\/H: Prefeitura atende chamados de destelhamento e quedas de \u00e1rvores devido ao temporal em Canoas - O Timoneiro Jornal Canoas RS","description":"O temporal em Canoas resultou em ocorr\u00eancias nos bairros Harmonia, Guajuviras, Rio Branco, F\u00e1tima, Mathias Velho e Nossa Senhora das Gra\u00e7as","robots":{"index":"index","follow":"follow","max-snippet":"max-snippet:-1","max-image-preview":"max-image-preview:large","max-video-preview":"max-video-preview:-1"},"canonical":"https:\/\/jornaltimoneiro.com.br\/index.php\/2024\/10\/24\/ventos-de-89-km-h-prefeitura-atende-chamados-de-destelhamento-e-quedas-de-arvores-devido-ao-temporal-em-canoas\/","og_locale":"pt_BR","og_type":"article","og_title":"VENTOS DE 89 KM\/H: Prefeitura atende chamados de destelhamento e quedas de \u00e1rvores devido ao temporal em Canoas - O Timoneiro Jornal Canoas RS","og_description":"O temporal em Canoas resultou em ocorr\u00eancias nos bairros Harmonia, Guajuviras, Rio Branco, F\u00e1tima, Mathias Velho e Nossa Senhora das Gra\u00e7as","og_url":"https:\/\/jornaltimoneiro.com.br\/index.php\/2024\/10\/24\/ventos-de-89-km-h-prefeitura-atende-chamados-de-destelhamento-e-quedas-de-arvores-devido-ao-temporal-em-canoas\/","og_site_name":"O Timoneiro Jornal Canoas RS","article_publisher":"https:\/\/www.facebook.com\/jornaltimoneiro","article_published_time":"2024-10-24T20:06:02+00:00","og_image":[{"width":"1080","height":"694","url":"https:\/\/jornaltimoneiro.com.br\/wp-content\/uploads\/2024\/10\/VENTOS-DE-89-KMH-Prefeitura-atende-chamados-de-destelhamento-e-quedas-de-arvores-devido-ao-temporal-em-Canoas.jpeg","type":"image\/jpeg"}],"author":"Reda\u00e7\u00e3o","twitter_card":"summary_large_image","twitter_creator":"@_OTimoneiro","twitter_site":"@_OTimoneiro","twitter_misc":{"Escrito por":"Reda\u00e7\u00e3o","Est. tempo de leitura":"2 minutos"},"schema":{"@context":"https:\/\/schema.org","@graph":[{"@type":"Article","@id":"https:\/\/jornaltimoneiro.com.br\/index.php\/2024\/10\/24\/ventos-de-89-km-h-prefeitura-atende-chamados-de-destelhamento-e-quedas-de-arvores-devido-ao-temporal-em-canoas\/#article","isPartOf":{"@id":"https:\/\/jornaltimoneiro.com.br\/index.php\/2024\/10\/24\/ventos-de-89-km-h-prefeitura-atende-chamados-de-destelhamento-e-quedas-de-arvores-devido-ao-temporal-em-canoas\/"},"author":{"name":"Reda\u00e7\u00e3o","@id":"https:\/\/jornaltimoneiro.com.br\/#\/schema\/person\/f63482f1a02b1a9592707865e509ab40"},"headline":"VENTOS DE 89 KM\/H: Prefeitura atende chamados de destelhamento e quedas de \u00e1rvores devido ao temporal em Canoas","datePublished":"2024-10-24T20:06:02+00:00","dateModified":"2024-10-24T20:06:02+00:00","mainEntityOfPage":{"@id":"https:\/\/jornaltimoneiro.com.br\/index.php\/2024\/10\/24\/ventos-de-89-km-h-prefeitura-atende-chamados-de-destelhamento-e-quedas-de-arvores-devido-ao-temporal-em-canoas\/"},"wordCount":256,"commentCount":0,"publisher":{"@id":"https:\/\/jornaltimoneiro.com.br\/#organization"},"keywords":["canoas","clima","featured","rio grande do sul","tempo","temporal","ventos"],"articleSection":["Clima"],"inLanguage":"pt-BR","potentialAction":[{"@type":"CommentAction","name":"Comment","target":["https:\/\/jornaltimoneiro.com.br\/index.php\/2024\/10\/24\/ventos-de-89-km-h-prefeitura-atende-chamados-de-destelhamento-e-quedas-de-arvores-devido-ao-temporal-em-canoas\/#respond"]}]},{"@type":"WebPage","@id":"https:\/\/jornaltimoneiro.com.br\/index.php\/2024\/10\/24\/ventos-de-89-km-h-prefeitura-atende-chamados-de-destelhamento-e-quedas-de-arvores-devido-ao-temporal-em-canoas\/","url":"https:\/\/jornaltimoneiro.com.br\/index.php\/2024\/10\/24\/ventos-de-89-km-h-prefeitura-atende-chamados-de-destelhamento-e-quedas-de-arvores-devido-ao-temporal-em-canoas\/","name":"VENTOS DE 89 KM\/H: Prefeitura atende chamados de destelhamento e quedas de \u00e1rvores devido ao temporal em Canoas - O Timoneiro Jornal Canoas RS","isPartOf":{"@id":"https:\/\/jornaltimoneiro.com.br\/#website"},"datePublished":"2024-10-24T20:06:02+00:00","dateModified":"2024-10-24T20:06:02+00:00","description":"O temporal em Canoas resultou em ocorr\u00eancias nos bairros Harmonia, Guajuviras, Rio Branco, F\u00e1tima, Mathias Velho e Nossa Senhora das Gra\u00e7as","breadcrumb":{"@id":"https:\/\/jornaltimoneiro.com.br\/index.php\/2024\/10\/24\/ventos-de-89-km-h-prefeitura-atende-chamados-de-destelhamento-e-quedas-de-arvores-devido-ao-temporal-em-canoas\/#breadcrumb"},"inLanguage":"pt-BR","potentialAction":[{"@type":"ReadAction","target":["https:\/\/jornaltimoneiro.com.br\/index.php\/2024\/10\/24\/ventos-de-89-km-h-prefeitura-atende-chamados-de-destelhamento-e-quedas-de-arvores-devido-ao-temporal-em-canoas\/"]}]},{"@type":"BreadcrumbList","@id":"https:\/\/jornaltimoneiro.com.br\/index.php\/2024\/10\/24\/ventos-de-89-km-h-prefeitura-atende-chamados-de-destelhamento-e-quedas-de-arvores-devido-ao-temporal-em-canoas\/#breadcrumb","itemListElement":[{"@type":"ListItem","position":1,"name":"In\u00edcio","item":"https:\/\/jornaltimoneiro.com.br\/"},{"@type":"ListItem","position":2,"name":"VENTOS DE 89 KM\/H: Prefeitura atende chamados de destelhamento e quedas de \u00e1rvores devido ao temporal em Canoas"}]},{"@type":"WebSite","@id":"https:\/\/jornaltimoneiro.com.br\/#website","url":"https:\/\/jornaltimoneiro.com.br\/","name":"Jornal Timoneiro Canoas RS","description":"Jornal O Timoneiro, o verdadeiro jornal de Canoas","publisher":{"@id":"https:\/\/jornaltimoneiro.com.br\/#organization"},"potentialAction":[{"@type":"SearchAction","target":{"@type":"EntryPoint","urlTemplate":"https:\/\/jornaltimoneiro.com.br\/?s={search_term_string}"},"query-input":"required name=search_term_string"}],"inLanguage":"pt-BR"},{"@type":"Organization","@id":"https:\/\/jornaltimoneiro.com.br\/#organization","name":"Jornal Timoneiro Canoas RS","url":"https:\/\/jornaltimoneiro.com.br\/","logo":{"@type":"ImageObject","inLanguage":"pt-BR","@id":"https:\/\/jornaltimoneiro.com.br\/#\/schema\/logo\/image\/","url":"https:\/\/jornaltimoneiro.com.br\/wp-content\/uploads\/2023\/03\/logonovo.png","contentUrl":"https:\/\/jornaltimoneiro.com.br\/wp-content\/uploads\/2023\/03\/logonovo.png","width":"469","height":"171","caption":"Jornal Timoneiro Canoas RS"},"image":{"@id":"https:\/\/jornaltimoneiro.com.br\/#\/schema\/logo\/image\/"},"sameAs":["https:\/\/www.facebook.com\/jornaltimoneiro","https:\/\/twitter.com\/_OTimoneiro","https:\/\/www.instagram.com\/jornaltimoneirocanoas\/","https:\/\/www.youtube.com\/@jornalotimoneiro7927"]},{"@type":"Person","@id":"https:\/\/jornaltimoneiro.com.br\/#\/schema\/person\/f63482f1a02b1a9592707865e509ab40","name":"Reda\u00e7\u00e3o","image":{"@type":"ImageObject","inLanguage":"pt-BR","@id":"https:\/\/jornaltimoneiro.com.br\/#\/schema\/person\/image\/","url":"https:\/\/jornaltimoneiro.com.br\/wp-content\/uploads\/2023\/03\/download.jpeg","contentUrl":"https:\/\/jornaltimoneiro.com.br\/wp-content\/uploads\/2023\/03\/download.jpeg","caption":"Reda\u00e7\u00e3o"},"url":"https:\/\/jornaltimoneiro.com.br\/index.php\/author\/simone-dutra\/"}]}},"_links":{"self":[{"href":"https:\/\/jornaltimoneiro.com.br\/index.php\/wp-json\/wp\/v2\/posts\/32444"}],"collection":[{"href":"https:\/\/jornaltimoneiro.com.br\/index.php\/wp-json\/wp\/v2\/posts"}],"about":[{"href":"https:\/\/jornaltimoneiro.com.br\/index.php\/wp-json\/wp\/v2\/types\/post"}],"author":[{"embeddable":true,"href":"https:\/\/jornaltimoneiro.com.br\/index.php\/wp-json\/wp\/v2\/users\/2"}],"replies":[{"embeddable":true,"href":"https:\/\/jornaltimoneiro.com.br\/index.php\/wp-json\/wp\/v2\/comments?post=32444"}],"version-history":[{"count":1,"href":"https:\/\/jornaltimoneiro.com.br\/index.php\/wp-json\/wp\/v2\/posts\/32444\/revisions"}],"predecessor-version":[{"id":32446,"href":"https:\/\/jornaltimoneiro.com.br\/index.php\/wp-json\/wp\/v2\/posts\/32444\/revisions\/32446"}],"wp:featuredmedia":[{"embeddable":true,"href":"https:\/\/jornaltimoneiro.com.br\/index.php\/wp-json\/wp\/v2\/media\/32445"}],"wp:attachment":[{"href":"https:\/\/jornaltimoneiro.com.br\/index.php\/wp-json\/wp\/v2\/media?parent=32444"}],"wp:term":[{"taxonomy":"category","embeddable":true,"href":"https:\/\/jornaltimoneiro.com.br\/index.php\/wp-json\/wp\/v2\/categories?post=32444"},{"taxonomy":"post_tag","embeddable":true,"href":"https:\/\/jornaltimoneiro.com.br\/index.php\/wp-json\/wp\/v2\/tags?post=32444"}],"curies":[{"name":"wp","href":"https:\/\/api.w.org\/{rel}","templated":true}]}}