{"id":32438,"date":"2024-10-24T15:31:50","date_gmt":"2024-10-24T18:31:50","guid":{"rendered":"https:\/\/jornaltimoneiro.com.br\/?p=32438"},"modified":"2024-10-24T17:10:02","modified_gmt":"2024-10-24T20:10:02","slug":"sarau-cultural-com-feira-de-variedades-reune-populacao-canoense-e-artistas","status":"publish","type":"post","link":"https:\/\/jornaltimoneiro.com.br\/index.php\/2024\/10\/24\/sarau-cultural-com-feira-de-variedades-reune-populacao-canoense-e-artistas\/","title":{"rendered":"Sarau cultural com feira de variedades re\u00fane popula\u00e7\u00e3o canoense e artistas"},"content":{"rendered":"<p>Todo 2\u00ba s\u00e1bado de cada m\u00eas, o LAB (Laborat\u00f3rio-Escola de Arte Popular) realiza um sarau cultural com uma feira de variedades que re\u00fane a popula\u00e7\u00e3o canoense, artistas e muita gente para um dia recheado de arte, cultura, lazer e bem-estar.<\/p>\n<p>O Sarau do LAB \u00e9 um espa\u00e7o livre, cultural e social onde qualquer pessoa pode participar com apresenta\u00e7\u00f5es, exposi\u00e7\u00f5es ou com vendas de produtos autorais e servi\u00e7os personalizados, gerando economia solid\u00e1ria, sustent\u00e1vel e criativa.<\/p>\n<p>E a 14\u00aa Edi\u00e7\u00e3o do Sarau do LAB, que acontece dia 9\/11, das 14h \u00e0s 22h, na Casa das Artes Villa Mimosa, est\u00e1 repleta de agentes criativos expondo, comercializando e compartilhando produtos e servi\u00e7os personalizados, atra\u00e7\u00f5es culturais, atividades formativas e muita arte!<\/p>\n<h4><strong>Confira os stands criativas para essa edi\u00e7\u00e3o:<\/strong><\/h4>\n<ul>\n<li>Artesanato, bijuterias e produtos autorais;<\/li>\n<li>Croch\u00eas e acess\u00f3rios para a casa;<\/li>\n<li>Brech\u00f3 e roupas personalizadas;<\/li>\n<li>Moda \u00e9tnica e sustent\u00e1vel;<\/li>\n<li>Flash Tattoo com pre\u00e7os populares;<\/li>\n<li>Produtos de tem\u00e1tica medieval;<\/li>\n<li>Velas arom\u00e1ticas, ess\u00eancias, perfumes, sabonetes e lo\u00e7\u00f5es;<\/li>\n<li>Cosm\u00e9ticos para cabelos e peles afro;<\/li>\n<li>Brinquedos artesanais;<\/li>\n<li>Quadros, pinturas, adesivos, stamps e muito mais;<\/li>\n<li>Pra\u00e7a de alimenta\u00e7\u00e3o com doces, salgados, crepes, licores, drinks e sucos naturais.<\/li>\n<\/ul>\n<h4><strong>Confira a programa\u00e7\u00e3o cultural e formativa:<\/strong><\/h4>\n<ul>\n<li>Jogos e brincadeiras medievais como swordplay, arqueirismo e ca\u00e7a ao tesouro;<\/li>\n<li>Encontro de board games, card games e RPG;<\/li>\n<li>Clube de desenho com materiais livre para uso;<\/li>\n<li>Karaok\u00ea e palco aberto;<\/li>\n<li>Workshop de pole dance;<\/li>\n<li>Apresenta\u00e7\u00f5es art\u00edsticas;<\/li>\n<li>Exposi\u00e7\u00e3o de arte;<\/li>\n<li>M\u00fasica ao vivo;<\/li>\n<li>Live Painting com pr\u00eamio em dinheiro;<\/li>\n<li>Concurso de melhor performance e maquiagem com pr\u00eamio em dinheiro;<\/li>\n<\/ul>\n<h4>Servi\u00e7o<\/h4>\n<p><strong>O que: <\/strong>Sarau do LAB &#8211; 14\u00aa Edi\u00e7\u00e3o<br \/>\n<strong>Onde:<\/strong> Casa das Artes Villa Mimosa | Rua Guilherme Schell 6270, Centro &#8211; Canoas\/RS<br \/>\n<strong>Quando: <\/strong>09\/11 &#8211; Das 14h \u00e0s 22h<br \/>\n<strong>Quanto: <\/strong>Entrada Franca<br \/>\n<strong>P\u00fablico: <\/strong>Livre<br \/>\n<strong>Informa\u00e7\u00f5es: <\/strong>Whats: (51) 9 9625.9773 (com Bruno) I Instagram: @laboratorioescola<\/p>\n<h4><strong>Inscri\u00e7\u00f5es<\/strong><\/h4>\n<p>Est\u00e3o abertas as inscri\u00e7\u00f5es para o Sarau do LAB, evento que ocorre em Canoas todo 2\u00ba s\u00e1bado de cada m\u00eas, promovido pelo o LAB (Laborat\u00f3rio-Escola de Arte Popular).<\/p>\n<p>O evento consiste num sarau cultural com uma feira de variedades que re\u00fane a popula\u00e7\u00e3o canoense, artistas e muita gente para um dia recheado de arte, cultura, lazer e bem-estar.<\/p>\n<p>O Sarau do LAB \u00e9 um espa\u00e7o livre, cultural e social onde qualquer pessoa pode participar com apresenta\u00e7\u00f5es, exposi\u00e7\u00f5es ou com vendas de produtos autorais e servi\u00e7os personalizados, gerando economia solid\u00e1ria, sustent\u00e1vel e criativa.<\/p>\n<h4><strong>Estrutura<\/strong><\/h4>\n<p>O evento fornece toda a estrutura para feirantes com mesas, cadeiras, gazebos, libera\u00e7\u00e3o para vendas, isen\u00e7\u00e3o de taxas, al\u00e9m do espa\u00e7o.<\/p>\n<p>Para artistas, \u00e9 poss\u00edvel fazer apresenta\u00e7\u00f5es de rua ou sala contando com uma estrutura compacta de palco, som e luz. J\u00e1 para as oficinas, ser\u00e3o disponibilizadas salas adequadas ou espa\u00e7os alternativos, dependendo do local do sarau.<\/p>\n<p><strong>Inscri\u00e7\u00f5es:<\/strong> <a href=\"https:\/\/forms.gle\/EWmSJCJwf8AaNKfb8\">https:\/\/forms.gle\/EWmSJCJwf8AaNKfb8<\/a><\/p>\n","protected":false},"excerpt":{"rendered":"<p>Todo 2\u00ba s\u00e1bado de cada m\u00eas, o LAB (Laborat\u00f3rio-Escola de Arte Popular) realiza um sarau cultural com uma feira de variedades que re\u00fane a popula\u00e7\u00e3o canoense, artistas e muita gente para um dia recheado de arte, cultura, lazer e bem-estar. O Sarau do LAB \u00e9 um espa\u00e7o livre, cultural e social onde qualquer pessoa pode [&hellip;]<\/p>\n","protected":false},"author":2,"featured_media":32439,"comment_status":"open","ping_status":"open","sticky":false,"template":"","format":"standard","meta":{"amp_status":"","footnotes":""},"categories":[76],"tags":[1198,31,1243,339,2075,3540],"class_list":["post-32438","post","type-post","status-publish","format-standard","has-post-thumbnail","hentry","category-cultura","tag-artesanato","tag-canoas","tag-lab","tag-literatura","tag-sarau","tag-sarau-cultural"],"yoast_head":"<!-- This site is optimized with the Yoast SEO plugin v20.5 - https:\/\/yoast.com\/wordpress\/plugins\/seo\/ -->\n<title>Sarau cultural com feira de variedades re\u00fane popula\u00e7\u00e3o canoense e artistas - O Timoneiro Jornal Canoas RS<\/title>\n<meta name=\"description\" content=\"O LAB realiza sarau cultural com feira de variedades que re\u00fane a popula\u00e7\u00e3o canoense, artistas para um dia de arte, cultura, lazer e bem-estar\" \/>\n<meta name=\"robots\" content=\"index, follow, max-snippet:-1, max-image-preview:large, max-video-preview:-1\" \/>\n<link rel=\"canonical\" href=\"https:\/\/jornaltimoneiro.com.br\/index.php\/2024\/10\/24\/sarau-cultural-com-feira-de-variedades-reune-populacao-canoense-e-artistas\/\" \/>\n<meta property=\"og:locale\" content=\"pt_BR\" \/>\n<meta property=\"og:type\" content=\"article\" \/>\n<meta property=\"og:title\" content=\"Sarau cultural com feira de variedades re\u00fane popula\u00e7\u00e3o canoense e artistas - O Timoneiro Jornal Canoas RS\" \/>\n<meta property=\"og:description\" content=\"O LAB realiza sarau cultural com feira de variedades que re\u00fane a popula\u00e7\u00e3o canoense, artistas para um dia de arte, cultura, lazer e bem-estar\" \/>\n<meta property=\"og:url\" content=\"https:\/\/jornaltimoneiro.com.br\/index.php\/2024\/10\/24\/sarau-cultural-com-feira-de-variedades-reune-populacao-canoense-e-artistas\/\" \/>\n<meta property=\"og:site_name\" content=\"O Timoneiro Jornal Canoas RS\" \/>\n<meta property=\"article:publisher\" content=\"https:\/\/www.facebook.com\/jornaltimoneiro\" \/>\n<meta property=\"article:published_time\" content=\"2024-10-24T18:31:50+00:00\" \/>\n<meta property=\"article:modified_time\" content=\"2024-10-24T20:10:02+00:00\" \/>\n<meta property=\"og:image\" content=\"https:\/\/jornaltimoneiro.com.br\/wp-content\/uploads\/2024\/10\/Acervo-LAB-1.jpeg\" \/>\n\t<meta property=\"og:image:width\" content=\"1080\" \/>\n\t<meta property=\"og:image:height\" content=\"596\" \/>\n\t<meta property=\"og:image:type\" content=\"image\/jpeg\" \/>\n<meta name=\"author\" content=\"Reda\u00e7\u00e3o\" \/>\n<meta name=\"twitter:card\" content=\"summary_large_image\" \/>\n<meta name=\"twitter:creator\" content=\"@_OTimoneiro\" \/>\n<meta name=\"twitter:site\" content=\"@_OTimoneiro\" \/>\n<meta name=\"twitter:label1\" content=\"Escrito por\" \/>\n\t<meta name=\"twitter:data1\" content=\"Reda\u00e7\u00e3o\" \/>\n\t<meta name=\"twitter:label2\" content=\"Est. tempo de leitura\" \/>\n\t<meta name=\"twitter:data2\" content=\"3 minutos\" \/>\n<script type=\"application\/ld+json\" class=\"yoast-schema-graph\">{\"@context\":\"https:\/\/schema.org\",\"@graph\":[{\"@type\":\"Article\",\"@id\":\"https:\/\/jornaltimoneiro.com.br\/index.php\/2024\/10\/24\/sarau-cultural-com-feira-de-variedades-reune-populacao-canoense-e-artistas\/#article\",\"isPartOf\":{\"@id\":\"https:\/\/jornaltimoneiro.com.br\/index.php\/2024\/10\/24\/sarau-cultural-com-feira-de-variedades-reune-populacao-canoense-e-artistas\/\"},\"author\":{\"name\":\"Reda\u00e7\u00e3o\",\"@id\":\"https:\/\/jornaltimoneiro.com.br\/#\/schema\/person\/f63482f1a02b1a9592707865e509ab40\"},\"headline\":\"Sarau cultural com feira de variedades re\u00fane popula\u00e7\u00e3o canoense e artistas\",\"datePublished\":\"2024-10-24T18:31:50+00:00\",\"dateModified\":\"2024-10-24T20:10:02+00:00\",\"mainEntityOfPage\":{\"@id\":\"https:\/\/jornaltimoneiro.com.br\/index.php\/2024\/10\/24\/sarau-cultural-com-feira-de-variedades-reune-populacao-canoense-e-artistas\/\"},\"wordCount\":513,\"commentCount\":0,\"publisher\":{\"@id\":\"https:\/\/jornaltimoneiro.com.br\/#organization\"},\"keywords\":[\"artesanato\",\"canoas\",\"LAB\",\"literatura\",\"sarau\",\"sarau cultural\"],\"articleSection\":[\"Cultura\"],\"inLanguage\":\"pt-BR\",\"potentialAction\":[{\"@type\":\"CommentAction\",\"name\":\"Comment\",\"target\":[\"https:\/\/jornaltimoneiro.com.br\/index.php\/2024\/10\/24\/sarau-cultural-com-feira-de-variedades-reune-populacao-canoense-e-artistas\/#respond\"]}]},{\"@type\":\"WebPage\",\"@id\":\"https:\/\/jornaltimoneiro.com.br\/index.php\/2024\/10\/24\/sarau-cultural-com-feira-de-variedades-reune-populacao-canoense-e-artistas\/\",\"url\":\"https:\/\/jornaltimoneiro.com.br\/index.php\/2024\/10\/24\/sarau-cultural-com-feira-de-variedades-reune-populacao-canoense-e-artistas\/\",\"name\":\"Sarau cultural com feira de variedades re\u00fane popula\u00e7\u00e3o canoense e artistas - O Timoneiro Jornal Canoas RS\",\"isPartOf\":{\"@id\":\"https:\/\/jornaltimoneiro.com.br\/#website\"},\"datePublished\":\"2024-10-24T18:31:50+00:00\",\"dateModified\":\"2024-10-24T20:10:02+00:00\",\"description\":\"O LAB realiza sarau cultural com feira de variedades que re\u00fane a popula\u00e7\u00e3o canoense, artistas para um dia de arte, cultura, lazer e bem-estar\",\"breadcrumb\":{\"@id\":\"https:\/\/jornaltimoneiro.com.br\/index.php\/2024\/10\/24\/sarau-cultural-com-feira-de-variedades-reune-populacao-canoense-e-artistas\/#breadcrumb\"},\"inLanguage\":\"pt-BR\",\"potentialAction\":[{\"@type\":\"ReadAction\",\"target\":[\"https:\/\/jornaltimoneiro.com.br\/index.php\/2024\/10\/24\/sarau-cultural-com-feira-de-variedades-reune-populacao-canoense-e-artistas\/\"]}]},{\"@type\":\"BreadcrumbList\",\"@id\":\"https:\/\/jornaltimoneiro.com.br\/index.php\/2024\/10\/24\/sarau-cultural-com-feira-de-variedades-reune-populacao-canoense-e-artistas\/#breadcrumb\",\"itemListElement\":[{\"@type\":\"ListItem\",\"position\":1,\"name\":\"In\u00edcio\",\"item\":\"https:\/\/jornaltimoneiro.com.br\/\"},{\"@type\":\"ListItem\",\"position\":2,\"name\":\"Sarau cultural com feira de variedades re\u00fane popula\u00e7\u00e3o canoense e artistas\"}]},{\"@type\":\"WebSite\",\"@id\":\"https:\/\/jornaltimoneiro.com.br\/#website\",\"url\":\"https:\/\/jornaltimoneiro.com.br\/\",\"name\":\"Jornal Timoneiro Canoas RS\",\"description\":\"Jornal O Timoneiro, o verdadeiro jornal de Canoas\",\"publisher\":{\"@id\":\"https:\/\/jornaltimoneiro.com.br\/#organization\"},\"potentialAction\":[{\"@type\":\"SearchAction\",\"target\":{\"@type\":\"EntryPoint\",\"urlTemplate\":\"https:\/\/jornaltimoneiro.com.br\/?s={search_term_string}\"},\"query-input\":\"required name=search_term_string\"}],\"inLanguage\":\"pt-BR\"},{\"@type\":\"Organization\",\"@id\":\"https:\/\/jornaltimoneiro.com.br\/#organization\",\"name\":\"Jornal Timoneiro Canoas RS\",\"url\":\"https:\/\/jornaltimoneiro.com.br\/\",\"logo\":{\"@type\":\"ImageObject\",\"inLanguage\":\"pt-BR\",\"@id\":\"https:\/\/jornaltimoneiro.com.br\/#\/schema\/logo\/image\/\",\"url\":\"https:\/\/jornaltimoneiro.com.br\/wp-content\/uploads\/2023\/03\/logonovo.png\",\"contentUrl\":\"https:\/\/jornaltimoneiro.com.br\/wp-content\/uploads\/2023\/03\/logonovo.png\",\"width\":\"469\",\"height\":\"171\",\"caption\":\"Jornal Timoneiro Canoas RS\"},\"image\":{\"@id\":\"https:\/\/jornaltimoneiro.com.br\/#\/schema\/logo\/image\/\"},\"sameAs\":[\"https:\/\/www.facebook.com\/jornaltimoneiro\",\"https:\/\/twitter.com\/_OTimoneiro\",\"https:\/\/www.instagram.com\/jornaltimoneirocanoas\/\",\"https:\/\/www.youtube.com\/@jornalotimoneiro7927\"]},{\"@type\":\"Person\",\"@id\":\"https:\/\/jornaltimoneiro.com.br\/#\/schema\/person\/f63482f1a02b1a9592707865e509ab40\",\"name\":\"Reda\u00e7\u00e3o\",\"image\":{\"@type\":\"ImageObject\",\"inLanguage\":\"pt-BR\",\"@id\":\"https:\/\/jornaltimoneiro.com.br\/#\/schema\/person\/image\/\",\"url\":\"https:\/\/jornaltimoneiro.com.br\/wp-content\/uploads\/2023\/03\/download.jpeg\",\"contentUrl\":\"https:\/\/jornaltimoneiro.com.br\/wp-content\/uploads\/2023\/03\/download.jpeg\",\"caption\":\"Reda\u00e7\u00e3o\"},\"url\":\"https:\/\/jornaltimoneiro.com.br\/index.php\/author\/simone-dutra\/\"}]}<\/script>\n<!-- \/ Yoast SEO plugin. -->","yoast_head_json":{"title":"Sarau cultural com feira de variedades re\u00fane popula\u00e7\u00e3o canoense e artistas - O Timoneiro Jornal Canoas RS","description":"O LAB realiza sarau cultural com feira de variedades que re\u00fane a popula\u00e7\u00e3o canoense, artistas para um dia de arte, cultura, lazer e bem-estar","robots":{"index":"index","follow":"follow","max-snippet":"max-snippet:-1","max-image-preview":"max-image-preview:large","max-video-preview":"max-video-preview:-1"},"canonical":"https:\/\/jornaltimoneiro.com.br\/index.php\/2024\/10\/24\/sarau-cultural-com-feira-de-variedades-reune-populacao-canoense-e-artistas\/","og_locale":"pt_BR","og_type":"article","og_title":"Sarau cultural com feira de variedades re\u00fane popula\u00e7\u00e3o canoense e artistas - O Timoneiro Jornal Canoas RS","og_description":"O LAB realiza sarau cultural com feira de variedades que re\u00fane a popula\u00e7\u00e3o canoense, artistas para um dia de arte, cultura, lazer e bem-estar","og_url":"https:\/\/jornaltimoneiro.com.br\/index.php\/2024\/10\/24\/sarau-cultural-com-feira-de-variedades-reune-populacao-canoense-e-artistas\/","og_site_name":"O Timoneiro Jornal Canoas RS","article_publisher":"https:\/\/www.facebook.com\/jornaltimoneiro","article_published_time":"2024-10-24T18:31:50+00:00","article_modified_time":"2024-10-24T20:10:02+00:00","og_image":[{"width":"1080","height":"596","url":"https:\/\/jornaltimoneiro.com.br\/wp-content\/uploads\/2024\/10\/Acervo-LAB-1.jpeg","type":"image\/jpeg"}],"author":"Reda\u00e7\u00e3o","twitter_card":"summary_large_image","twitter_creator":"@_OTimoneiro","twitter_site":"@_OTimoneiro","twitter_misc":{"Escrito por":"Reda\u00e7\u00e3o","Est. tempo de leitura":"3 minutos"},"schema":{"@context":"https:\/\/schema.org","@graph":[{"@type":"Article","@id":"https:\/\/jornaltimoneiro.com.br\/index.php\/2024\/10\/24\/sarau-cultural-com-feira-de-variedades-reune-populacao-canoense-e-artistas\/#article","isPartOf":{"@id":"https:\/\/jornaltimoneiro.com.br\/index.php\/2024\/10\/24\/sarau-cultural-com-feira-de-variedades-reune-populacao-canoense-e-artistas\/"},"author":{"name":"Reda\u00e7\u00e3o","@id":"https:\/\/jornaltimoneiro.com.br\/#\/schema\/person\/f63482f1a02b1a9592707865e509ab40"},"headline":"Sarau cultural com feira de variedades re\u00fane popula\u00e7\u00e3o canoense e artistas","datePublished":"2024-10-24T18:31:50+00:00","dateModified":"2024-10-24T20:10:02+00:00","mainEntityOfPage":{"@id":"https:\/\/jornaltimoneiro.com.br\/index.php\/2024\/10\/24\/sarau-cultural-com-feira-de-variedades-reune-populacao-canoense-e-artistas\/"},"wordCount":513,"commentCount":0,"publisher":{"@id":"https:\/\/jornaltimoneiro.com.br\/#organization"},"keywords":["artesanato","canoas","LAB","literatura","sarau","sarau cultural"],"articleSection":["Cultura"],"inLanguage":"pt-BR","potentialAction":[{"@type":"CommentAction","name":"Comment","target":["https:\/\/jornaltimoneiro.com.br\/index.php\/2024\/10\/24\/sarau-cultural-com-feira-de-variedades-reune-populacao-canoense-e-artistas\/#respond"]}]},{"@type":"WebPage","@id":"https:\/\/jornaltimoneiro.com.br\/index.php\/2024\/10\/24\/sarau-cultural-com-feira-de-variedades-reune-populacao-canoense-e-artistas\/","url":"https:\/\/jornaltimoneiro.com.br\/index.php\/2024\/10\/24\/sarau-cultural-com-feira-de-variedades-reune-populacao-canoense-e-artistas\/","name":"Sarau cultural com feira de variedades re\u00fane popula\u00e7\u00e3o canoense e artistas - O Timoneiro Jornal Canoas RS","isPartOf":{"@id":"https:\/\/jornaltimoneiro.com.br\/#website"},"datePublished":"2024-10-24T18:31:50+00:00","dateModified":"2024-10-24T20:10:02+00:00","description":"O LAB realiza sarau cultural com feira de variedades que re\u00fane a popula\u00e7\u00e3o canoense, artistas para um dia de arte, cultura, lazer e bem-estar","breadcrumb":{"@id":"https:\/\/jornaltimoneiro.com.br\/index.php\/2024\/10\/24\/sarau-cultural-com-feira-de-variedades-reune-populacao-canoense-e-artistas\/#breadcrumb"},"inLanguage":"pt-BR","potentialAction":[{"@type":"ReadAction","target":["https:\/\/jornaltimoneiro.com.br\/index.php\/2024\/10\/24\/sarau-cultural-com-feira-de-variedades-reune-populacao-canoense-e-artistas\/"]}]},{"@type":"BreadcrumbList","@id":"https:\/\/jornaltimoneiro.com.br\/index.php\/2024\/10\/24\/sarau-cultural-com-feira-de-variedades-reune-populacao-canoense-e-artistas\/#breadcrumb","itemListElement":[{"@type":"ListItem","position":1,"name":"In\u00edcio","item":"https:\/\/jornaltimoneiro.com.br\/"},{"@type":"ListItem","position":2,"name":"Sarau cultural com feira de variedades re\u00fane popula\u00e7\u00e3o canoense e artistas"}]},{"@type":"WebSite","@id":"https:\/\/jornaltimoneiro.com.br\/#website","url":"https:\/\/jornaltimoneiro.com.br\/","name":"Jornal Timoneiro Canoas RS","description":"Jornal O Timoneiro, o verdadeiro jornal de Canoas","publisher":{"@id":"https:\/\/jornaltimoneiro.com.br\/#organization"},"potentialAction":[{"@type":"SearchAction","target":{"@type":"EntryPoint","urlTemplate":"https:\/\/jornaltimoneiro.com.br\/?s={search_term_string}"},"query-input":"required name=search_term_string"}],"inLanguage":"pt-BR"},{"@type":"Organization","@id":"https:\/\/jornaltimoneiro.com.br\/#organization","name":"Jornal Timoneiro Canoas RS","url":"https:\/\/jornaltimoneiro.com.br\/","logo":{"@type":"ImageObject","inLanguage":"pt-BR","@id":"https:\/\/jornaltimoneiro.com.br\/#\/schema\/logo\/image\/","url":"https:\/\/jornaltimoneiro.com.br\/wp-content\/uploads\/2023\/03\/logonovo.png","contentUrl":"https:\/\/jornaltimoneiro.com.br\/wp-content\/uploads\/2023\/03\/logonovo.png","width":"469","height":"171","caption":"Jornal Timoneiro Canoas RS"},"image":{"@id":"https:\/\/jornaltimoneiro.com.br\/#\/schema\/logo\/image\/"},"sameAs":["https:\/\/www.facebook.com\/jornaltimoneiro","https:\/\/twitter.com\/_OTimoneiro","https:\/\/www.instagram.com\/jornaltimoneirocanoas\/","https:\/\/www.youtube.com\/@jornalotimoneiro7927"]},{"@type":"Person","@id":"https:\/\/jornaltimoneiro.com.br\/#\/schema\/person\/f63482f1a02b1a9592707865e509ab40","name":"Reda\u00e7\u00e3o","image":{"@type":"ImageObject","inLanguage":"pt-BR","@id":"https:\/\/jornaltimoneiro.com.br\/#\/schema\/person\/image\/","url":"https:\/\/jornaltimoneiro.com.br\/wp-content\/uploads\/2023\/03\/download.jpeg","contentUrl":"https:\/\/jornaltimoneiro.com.br\/wp-content\/uploads\/2023\/03\/download.jpeg","caption":"Reda\u00e7\u00e3o"},"url":"https:\/\/jornaltimoneiro.com.br\/index.php\/author\/simone-dutra\/"}]}},"_links":{"self":[{"href":"https:\/\/jornaltimoneiro.com.br\/index.php\/wp-json\/wp\/v2\/posts\/32438"}],"collection":[{"href":"https:\/\/jornaltimoneiro.com.br\/index.php\/wp-json\/wp\/v2\/posts"}],"about":[{"href":"https:\/\/jornaltimoneiro.com.br\/index.php\/wp-json\/wp\/v2\/types\/post"}],"author":[{"embeddable":true,"href":"https:\/\/jornaltimoneiro.com.br\/index.php\/wp-json\/wp\/v2\/users\/2"}],"replies":[{"embeddable":true,"href":"https:\/\/jornaltimoneiro.com.br\/index.php\/wp-json\/wp\/v2\/comments?post=32438"}],"version-history":[{"count":2,"href":"https:\/\/jornaltimoneiro.com.br\/index.php\/wp-json\/wp\/v2\/posts\/32438\/revisions"}],"predecessor-version":[{"id":32447,"href":"https:\/\/jornaltimoneiro.com.br\/index.php\/wp-json\/wp\/v2\/posts\/32438\/revisions\/32447"}],"wp:featuredmedia":[{"embeddable":true,"href":"https:\/\/jornaltimoneiro.com.br\/index.php\/wp-json\/wp\/v2\/media\/32439"}],"wp:attachment":[{"href":"https:\/\/jornaltimoneiro.com.br\/index.php\/wp-json\/wp\/v2\/media?parent=32438"}],"wp:term":[{"taxonomy":"category","embeddable":true,"href":"https:\/\/jornaltimoneiro.com.br\/index.php\/wp-json\/wp\/v2\/categories?post=32438"},{"taxonomy":"post_tag","embeddable":true,"href":"https:\/\/jornaltimoneiro.com.br\/index.php\/wp-json\/wp\/v2\/tags?post=32438"}],"curies":[{"name":"wp","href":"https:\/\/api.w.org\/{rel}","templated":true}]}}