{"id":32296,"date":"2024-10-14T17:56:52","date_gmt":"2024-10-14T20:56:52","guid":{"rendered":"https:\/\/jornaltimoneiro.com.br\/?p=32296"},"modified":"2024-10-14T17:56:52","modified_gmt":"2024-10-14T20:56:52","slug":"dia-mundial-da-alimentacao-tera-oficina-de-educacao-alimentar-e-distribuicao-de-mudas-e-hortalicas-na-estacao-la-salle-canoas","status":"publish","type":"post","link":"https:\/\/jornaltimoneiro.com.br\/index.php\/2024\/10\/14\/dia-mundial-da-alimentacao-tera-oficina-de-educacao-alimentar-e-distribuicao-de-mudas-e-hortalicas-na-estacao-la-salle-canoas\/","title":{"rendered":"Dia Mundial da Alimenta\u00e7\u00e3o ter\u00e1 oficina de educa\u00e7\u00e3o alimentar e distribui\u00e7\u00e3o de mudas e hortali\u00e7as na Esta\u00e7\u00e3o La Salle\/Canoas"},"content":{"rendered":"<p>Para marcar o Dia Mundial da Alimenta\u00e7\u00e3o, celebrado quarta-feira, 16, a Prefeitura de Canoas, por meio do Conselho de Seguran\u00e7a Alimentar e Nutricional (Consean), promove oficinas de educa\u00e7\u00e3o alimentar e distribui\u00e7\u00e3o de mudas e hortali\u00e7as. A atividade ocorrer\u00e1 na Esta\u00e7\u00e3o La Salle \/ Canoas ser\u00e1 em frente \u00e0 loja da Economia Solid\u00e1ria, das 9h \u00e0s 14h.<\/p>\n<p>Al\u00e9m de fiscalizar as a\u00e7\u00f5es de seguran\u00e7a alimentar do munic\u00edpio, o Conselho de Seguran\u00e7a Alimentar e Nutricional tem o papel de promover atividades para divulgar o direito humano \u00e0 alimenta\u00e7\u00e3o adequada.<\/p>\n<h4>Sobre a data<\/h4>\n<p>O Dia Mundial da alimenta\u00e7\u00e3o \u00e9 celebrado anualmente e foi institu\u00eddo pela Organiza\u00e7\u00e3o das Na\u00e7\u00f5es Unidas para a Alimenta\u00e7\u00e3o e a Agricultura (FAO). O objetivo da dessa data \u00e9 chamar aten\u00e7\u00e3o para a import\u00e2ncia de uma alimenta\u00e7\u00e3o adequada e sustent\u00e1vel<\/p>\n","protected":false},"excerpt":{"rendered":"<p>Para marcar o Dia Mundial da Alimenta\u00e7\u00e3o, celebrado quarta-feira, 16, a Prefeitura de Canoas, por meio do Conselho de Seguran\u00e7a Alimentar e Nutricional (Consean), promove oficinas de educa\u00e7\u00e3o alimentar e distribui\u00e7\u00e3o de mudas e hortali\u00e7as. A atividade ocorrer\u00e1 na Esta\u00e7\u00e3o La Salle \/ Canoas ser\u00e1 em frente \u00e0 loja da Economia Solid\u00e1ria, das 9h \u00e0s [&hellip;]<\/p>\n","protected":false},"author":2,"featured_media":32297,"comment_status":"open","ping_status":"open","sticky":false,"template":"","format":"standard","meta":{"amp_status":"","footnotes":""},"categories":[26],"tags":[91,31,3490,3491,44,189],"class_list":["post-32296","post","type-post","status-publish","format-standard","has-post-thumbnail","hentry","category-saude","tag-alimentacao","tag-canoas","tag-dia-mundial-da-alimentacao","tag-nutricao","tag-prefeitura-de-canoas","tag-saude"],"yoast_head":"<!-- This site is optimized with the Yoast SEO plugin v20.5 - https:\/\/yoast.com\/wordpress\/plugins\/seo\/ -->\n<title>Dia Mundial da Alimenta\u00e7\u00e3o ter\u00e1 oficina de educa\u00e7\u00e3o alimentar e distribui\u00e7\u00e3o de mudas e hortali\u00e7as na Esta\u00e7\u00e3o La Salle\/Canoas - O Timoneiro Jornal Canoas RS<\/title>\n<meta name=\"description\" content=\"Para marcar o Dia Mundial da Alimenta\u00e7\u00e3o a Prefeitura de Canoas, por meio do Conselho de Seguran\u00e7a Alimentar e Nutricional, promove oficinas\" \/>\n<meta name=\"robots\" content=\"index, follow, max-snippet:-1, max-image-preview:large, max-video-preview:-1\" \/>\n<link rel=\"canonical\" href=\"https:\/\/jornaltimoneiro.com.br\/index.php\/2024\/10\/14\/dia-mundial-da-alimentacao-tera-oficina-de-educacao-alimentar-e-distribuicao-de-mudas-e-hortalicas-na-estacao-la-salle-canoas\/\" \/>\n<meta property=\"og:locale\" content=\"pt_BR\" \/>\n<meta property=\"og:type\" content=\"article\" \/>\n<meta property=\"og:title\" content=\"Dia Mundial da Alimenta\u00e7\u00e3o ter\u00e1 oficina de educa\u00e7\u00e3o alimentar e distribui\u00e7\u00e3o de mudas e hortali\u00e7as na Esta\u00e7\u00e3o La Salle\/Canoas - O Timoneiro Jornal Canoas RS\" \/>\n<meta property=\"og:description\" content=\"Para marcar o Dia Mundial da Alimenta\u00e7\u00e3o a Prefeitura de Canoas, por meio do Conselho de Seguran\u00e7a Alimentar e Nutricional, promove oficinas\" \/>\n<meta property=\"og:url\" content=\"https:\/\/jornaltimoneiro.com.br\/index.php\/2024\/10\/14\/dia-mundial-da-alimentacao-tera-oficina-de-educacao-alimentar-e-distribuicao-de-mudas-e-hortalicas-na-estacao-la-salle-canoas\/\" \/>\n<meta property=\"og:site_name\" content=\"O Timoneiro Jornal Canoas RS\" \/>\n<meta property=\"article:publisher\" content=\"https:\/\/www.facebook.com\/jornaltimoneiro\" \/>\n<meta property=\"article:published_time\" content=\"2024-10-14T20:56:52+00:00\" \/>\n<meta property=\"og:image\" content=\"https:\/\/jornaltimoneiro.com.br\/wp-content\/uploads\/2024\/10\/Dia-Mundial-da-Alimentacao-tera-oficina-de-educacao-alimentar-e-distribuicao-de-mudas-e-hortalicas-na-Estacao-La-SalleCanoas.jpeg\" \/>\n\t<meta property=\"og:image:width\" content=\"1080\" \/>\n\t<meta property=\"og:image:height\" content=\"719\" \/>\n\t<meta property=\"og:image:type\" content=\"image\/jpeg\" \/>\n<meta name=\"author\" content=\"Reda\u00e7\u00e3o\" \/>\n<meta name=\"twitter:card\" content=\"summary_large_image\" \/>\n<meta name=\"twitter:creator\" content=\"@_OTimoneiro\" \/>\n<meta name=\"twitter:site\" content=\"@_OTimoneiro\" \/>\n<meta name=\"twitter:label1\" content=\"Escrito por\" \/>\n\t<meta name=\"twitter:data1\" content=\"Reda\u00e7\u00e3o\" \/>\n\t<meta name=\"twitter:label2\" content=\"Est. tempo de leitura\" \/>\n\t<meta name=\"twitter:data2\" content=\"1 minuto\" \/>\n<script type=\"application\/ld+json\" class=\"yoast-schema-graph\">{\"@context\":\"https:\/\/schema.org\",\"@graph\":[{\"@type\":\"Article\",\"@id\":\"https:\/\/jornaltimoneiro.com.br\/index.php\/2024\/10\/14\/dia-mundial-da-alimentacao-tera-oficina-de-educacao-alimentar-e-distribuicao-de-mudas-e-hortalicas-na-estacao-la-salle-canoas\/#article\",\"isPartOf\":{\"@id\":\"https:\/\/jornaltimoneiro.com.br\/index.php\/2024\/10\/14\/dia-mundial-da-alimentacao-tera-oficina-de-educacao-alimentar-e-distribuicao-de-mudas-e-hortalicas-na-estacao-la-salle-canoas\/\"},\"author\":{\"name\":\"Reda\u00e7\u00e3o\",\"@id\":\"https:\/\/jornaltimoneiro.com.br\/#\/schema\/person\/f63482f1a02b1a9592707865e509ab40\"},\"headline\":\"Dia Mundial da Alimenta\u00e7\u00e3o ter\u00e1 oficina de educa\u00e7\u00e3o alimentar e distribui\u00e7\u00e3o de mudas e hortali\u00e7as na Esta\u00e7\u00e3o La Salle\/Canoas\",\"datePublished\":\"2024-10-14T20:56:52+00:00\",\"dateModified\":\"2024-10-14T20:56:52+00:00\",\"mainEntityOfPage\":{\"@id\":\"https:\/\/jornaltimoneiro.com.br\/index.php\/2024\/10\/14\/dia-mundial-da-alimentacao-tera-oficina-de-educacao-alimentar-e-distribuicao-de-mudas-e-hortalicas-na-estacao-la-salle-canoas\/\"},\"wordCount\":171,\"commentCount\":0,\"publisher\":{\"@id\":\"https:\/\/jornaltimoneiro.com.br\/#organization\"},\"keywords\":[\"alimenta\u00e7\u00e3o\",\"canoas\",\"dia mundial da alimenta\u00e7\u00e3o\",\"nutri\u00e7\u00e3o\",\"Prefeitura de Canoas\",\"sa\u00fade\"],\"articleSection\":[\"Sa\u00fade\"],\"inLanguage\":\"pt-BR\",\"potentialAction\":[{\"@type\":\"CommentAction\",\"name\":\"Comment\",\"target\":[\"https:\/\/jornaltimoneiro.com.br\/index.php\/2024\/10\/14\/dia-mundial-da-alimentacao-tera-oficina-de-educacao-alimentar-e-distribuicao-de-mudas-e-hortalicas-na-estacao-la-salle-canoas\/#respond\"]}]},{\"@type\":\"WebPage\",\"@id\":\"https:\/\/jornaltimoneiro.com.br\/index.php\/2024\/10\/14\/dia-mundial-da-alimentacao-tera-oficina-de-educacao-alimentar-e-distribuicao-de-mudas-e-hortalicas-na-estacao-la-salle-canoas\/\",\"url\":\"https:\/\/jornaltimoneiro.com.br\/index.php\/2024\/10\/14\/dia-mundial-da-alimentacao-tera-oficina-de-educacao-alimentar-e-distribuicao-de-mudas-e-hortalicas-na-estacao-la-salle-canoas\/\",\"name\":\"Dia Mundial da Alimenta\u00e7\u00e3o ter\u00e1 oficina de educa\u00e7\u00e3o alimentar e distribui\u00e7\u00e3o de mudas e hortali\u00e7as na Esta\u00e7\u00e3o La Salle\/Canoas - O Timoneiro Jornal Canoas RS\",\"isPartOf\":{\"@id\":\"https:\/\/jornaltimoneiro.com.br\/#website\"},\"datePublished\":\"2024-10-14T20:56:52+00:00\",\"dateModified\":\"2024-10-14T20:56:52+00:00\",\"description\":\"Para marcar o Dia Mundial da Alimenta\u00e7\u00e3o a Prefeitura de Canoas, por meio do Conselho de Seguran\u00e7a Alimentar e Nutricional, promove oficinas\",\"breadcrumb\":{\"@id\":\"https:\/\/jornaltimoneiro.com.br\/index.php\/2024\/10\/14\/dia-mundial-da-alimentacao-tera-oficina-de-educacao-alimentar-e-distribuicao-de-mudas-e-hortalicas-na-estacao-la-salle-canoas\/#breadcrumb\"},\"inLanguage\":\"pt-BR\",\"potentialAction\":[{\"@type\":\"ReadAction\",\"target\":[\"https:\/\/jornaltimoneiro.com.br\/index.php\/2024\/10\/14\/dia-mundial-da-alimentacao-tera-oficina-de-educacao-alimentar-e-distribuicao-de-mudas-e-hortalicas-na-estacao-la-salle-canoas\/\"]}]},{\"@type\":\"BreadcrumbList\",\"@id\":\"https:\/\/jornaltimoneiro.com.br\/index.php\/2024\/10\/14\/dia-mundial-da-alimentacao-tera-oficina-de-educacao-alimentar-e-distribuicao-de-mudas-e-hortalicas-na-estacao-la-salle-canoas\/#breadcrumb\",\"itemListElement\":[{\"@type\":\"ListItem\",\"position\":1,\"name\":\"In\u00edcio\",\"item\":\"https:\/\/jornaltimoneiro.com.br\/\"},{\"@type\":\"ListItem\",\"position\":2,\"name\":\"Dia Mundial da Alimenta\u00e7\u00e3o ter\u00e1 oficina de educa\u00e7\u00e3o alimentar e distribui\u00e7\u00e3o de mudas e hortali\u00e7as na Esta\u00e7\u00e3o La Salle\/Canoas\"}]},{\"@type\":\"WebSite\",\"@id\":\"https:\/\/jornaltimoneiro.com.br\/#website\",\"url\":\"https:\/\/jornaltimoneiro.com.br\/\",\"name\":\"Jornal Timoneiro Canoas RS\",\"description\":\"Jornal O Timoneiro, o verdadeiro jornal de Canoas\",\"publisher\":{\"@id\":\"https:\/\/jornaltimoneiro.com.br\/#organization\"},\"potentialAction\":[{\"@type\":\"SearchAction\",\"target\":{\"@type\":\"EntryPoint\",\"urlTemplate\":\"https:\/\/jornaltimoneiro.com.br\/?s={search_term_string}\"},\"query-input\":\"required name=search_term_string\"}],\"inLanguage\":\"pt-BR\"},{\"@type\":\"Organization\",\"@id\":\"https:\/\/jornaltimoneiro.com.br\/#organization\",\"name\":\"Jornal Timoneiro Canoas RS\",\"url\":\"https:\/\/jornaltimoneiro.com.br\/\",\"logo\":{\"@type\":\"ImageObject\",\"inLanguage\":\"pt-BR\",\"@id\":\"https:\/\/jornaltimoneiro.com.br\/#\/schema\/logo\/image\/\",\"url\":\"https:\/\/jornaltimoneiro.com.br\/wp-content\/uploads\/2023\/03\/logonovo.png\",\"contentUrl\":\"https:\/\/jornaltimoneiro.com.br\/wp-content\/uploads\/2023\/03\/logonovo.png\",\"width\":\"469\",\"height\":\"171\",\"caption\":\"Jornal Timoneiro Canoas RS\"},\"image\":{\"@id\":\"https:\/\/jornaltimoneiro.com.br\/#\/schema\/logo\/image\/\"},\"sameAs\":[\"https:\/\/www.facebook.com\/jornaltimoneiro\",\"https:\/\/twitter.com\/_OTimoneiro\",\"https:\/\/www.instagram.com\/jornaltimoneirocanoas\/\",\"https:\/\/www.youtube.com\/@jornalotimoneiro7927\"]},{\"@type\":\"Person\",\"@id\":\"https:\/\/jornaltimoneiro.com.br\/#\/schema\/person\/f63482f1a02b1a9592707865e509ab40\",\"name\":\"Reda\u00e7\u00e3o\",\"image\":{\"@type\":\"ImageObject\",\"inLanguage\":\"pt-BR\",\"@id\":\"https:\/\/jornaltimoneiro.com.br\/#\/schema\/person\/image\/\",\"url\":\"https:\/\/jornaltimoneiro.com.br\/wp-content\/uploads\/2023\/03\/download.jpeg\",\"contentUrl\":\"https:\/\/jornaltimoneiro.com.br\/wp-content\/uploads\/2023\/03\/download.jpeg\",\"caption\":\"Reda\u00e7\u00e3o\"},\"url\":\"https:\/\/jornaltimoneiro.com.br\/index.php\/author\/simone-dutra\/\"}]}<\/script>\n<!-- \/ Yoast SEO plugin. -->","yoast_head_json":{"title":"Dia Mundial da Alimenta\u00e7\u00e3o ter\u00e1 oficina de educa\u00e7\u00e3o alimentar e distribui\u00e7\u00e3o de mudas e hortali\u00e7as na Esta\u00e7\u00e3o La Salle\/Canoas - O Timoneiro Jornal Canoas RS","description":"Para marcar o Dia Mundial da Alimenta\u00e7\u00e3o a Prefeitura de Canoas, por meio do Conselho de Seguran\u00e7a Alimentar e Nutricional, promove oficinas","robots":{"index":"index","follow":"follow","max-snippet":"max-snippet:-1","max-image-preview":"max-image-preview:large","max-video-preview":"max-video-preview:-1"},"canonical":"https:\/\/jornaltimoneiro.com.br\/index.php\/2024\/10\/14\/dia-mundial-da-alimentacao-tera-oficina-de-educacao-alimentar-e-distribuicao-de-mudas-e-hortalicas-na-estacao-la-salle-canoas\/","og_locale":"pt_BR","og_type":"article","og_title":"Dia Mundial da Alimenta\u00e7\u00e3o ter\u00e1 oficina de educa\u00e7\u00e3o alimentar e distribui\u00e7\u00e3o de mudas e hortali\u00e7as na Esta\u00e7\u00e3o La Salle\/Canoas - O Timoneiro Jornal Canoas RS","og_description":"Para marcar o Dia Mundial da Alimenta\u00e7\u00e3o a Prefeitura de Canoas, por meio do Conselho de Seguran\u00e7a Alimentar e Nutricional, promove oficinas","og_url":"https:\/\/jornaltimoneiro.com.br\/index.php\/2024\/10\/14\/dia-mundial-da-alimentacao-tera-oficina-de-educacao-alimentar-e-distribuicao-de-mudas-e-hortalicas-na-estacao-la-salle-canoas\/","og_site_name":"O Timoneiro Jornal Canoas RS","article_publisher":"https:\/\/www.facebook.com\/jornaltimoneiro","article_published_time":"2024-10-14T20:56:52+00:00","og_image":[{"width":"1080","height":"719","url":"https:\/\/jornaltimoneiro.com.br\/wp-content\/uploads\/2024\/10\/Dia-Mundial-da-Alimentacao-tera-oficina-de-educacao-alimentar-e-distribuicao-de-mudas-e-hortalicas-na-Estacao-La-SalleCanoas.jpeg","type":"image\/jpeg"}],"author":"Reda\u00e7\u00e3o","twitter_card":"summary_large_image","twitter_creator":"@_OTimoneiro","twitter_site":"@_OTimoneiro","twitter_misc":{"Escrito por":"Reda\u00e7\u00e3o","Est. tempo de leitura":"1 minuto"},"schema":{"@context":"https:\/\/schema.org","@graph":[{"@type":"Article","@id":"https:\/\/jornaltimoneiro.com.br\/index.php\/2024\/10\/14\/dia-mundial-da-alimentacao-tera-oficina-de-educacao-alimentar-e-distribuicao-de-mudas-e-hortalicas-na-estacao-la-salle-canoas\/#article","isPartOf":{"@id":"https:\/\/jornaltimoneiro.com.br\/index.php\/2024\/10\/14\/dia-mundial-da-alimentacao-tera-oficina-de-educacao-alimentar-e-distribuicao-de-mudas-e-hortalicas-na-estacao-la-salle-canoas\/"},"author":{"name":"Reda\u00e7\u00e3o","@id":"https:\/\/jornaltimoneiro.com.br\/#\/schema\/person\/f63482f1a02b1a9592707865e509ab40"},"headline":"Dia Mundial da Alimenta\u00e7\u00e3o ter\u00e1 oficina de educa\u00e7\u00e3o alimentar e distribui\u00e7\u00e3o de mudas e hortali\u00e7as na Esta\u00e7\u00e3o La Salle\/Canoas","datePublished":"2024-10-14T20:56:52+00:00","dateModified":"2024-10-14T20:56:52+00:00","mainEntityOfPage":{"@id":"https:\/\/jornaltimoneiro.com.br\/index.php\/2024\/10\/14\/dia-mundial-da-alimentacao-tera-oficina-de-educacao-alimentar-e-distribuicao-de-mudas-e-hortalicas-na-estacao-la-salle-canoas\/"},"wordCount":171,"commentCount":0,"publisher":{"@id":"https:\/\/jornaltimoneiro.com.br\/#organization"},"keywords":["alimenta\u00e7\u00e3o","canoas","dia mundial da alimenta\u00e7\u00e3o","nutri\u00e7\u00e3o","Prefeitura de Canoas","sa\u00fade"],"articleSection":["Sa\u00fade"],"inLanguage":"pt-BR","potentialAction":[{"@type":"CommentAction","name":"Comment","target":["https:\/\/jornaltimoneiro.com.br\/index.php\/2024\/10\/14\/dia-mundial-da-alimentacao-tera-oficina-de-educacao-alimentar-e-distribuicao-de-mudas-e-hortalicas-na-estacao-la-salle-canoas\/#respond"]}]},{"@type":"WebPage","@id":"https:\/\/jornaltimoneiro.com.br\/index.php\/2024\/10\/14\/dia-mundial-da-alimentacao-tera-oficina-de-educacao-alimentar-e-distribuicao-de-mudas-e-hortalicas-na-estacao-la-salle-canoas\/","url":"https:\/\/jornaltimoneiro.com.br\/index.php\/2024\/10\/14\/dia-mundial-da-alimentacao-tera-oficina-de-educacao-alimentar-e-distribuicao-de-mudas-e-hortalicas-na-estacao-la-salle-canoas\/","name":"Dia Mundial da Alimenta\u00e7\u00e3o ter\u00e1 oficina de educa\u00e7\u00e3o alimentar e distribui\u00e7\u00e3o de mudas e hortali\u00e7as na Esta\u00e7\u00e3o La Salle\/Canoas - O Timoneiro Jornal Canoas RS","isPartOf":{"@id":"https:\/\/jornaltimoneiro.com.br\/#website"},"datePublished":"2024-10-14T20:56:52+00:00","dateModified":"2024-10-14T20:56:52+00:00","description":"Para marcar o Dia Mundial da Alimenta\u00e7\u00e3o a Prefeitura de Canoas, por meio do Conselho de Seguran\u00e7a Alimentar e Nutricional, promove oficinas","breadcrumb":{"@id":"https:\/\/jornaltimoneiro.com.br\/index.php\/2024\/10\/14\/dia-mundial-da-alimentacao-tera-oficina-de-educacao-alimentar-e-distribuicao-de-mudas-e-hortalicas-na-estacao-la-salle-canoas\/#breadcrumb"},"inLanguage":"pt-BR","potentialAction":[{"@type":"ReadAction","target":["https:\/\/jornaltimoneiro.com.br\/index.php\/2024\/10\/14\/dia-mundial-da-alimentacao-tera-oficina-de-educacao-alimentar-e-distribuicao-de-mudas-e-hortalicas-na-estacao-la-salle-canoas\/"]}]},{"@type":"BreadcrumbList","@id":"https:\/\/jornaltimoneiro.com.br\/index.php\/2024\/10\/14\/dia-mundial-da-alimentacao-tera-oficina-de-educacao-alimentar-e-distribuicao-de-mudas-e-hortalicas-na-estacao-la-salle-canoas\/#breadcrumb","itemListElement":[{"@type":"ListItem","position":1,"name":"In\u00edcio","item":"https:\/\/jornaltimoneiro.com.br\/"},{"@type":"ListItem","position":2,"name":"Dia Mundial da Alimenta\u00e7\u00e3o ter\u00e1 oficina de educa\u00e7\u00e3o alimentar e distribui\u00e7\u00e3o de mudas e hortali\u00e7as na Esta\u00e7\u00e3o La Salle\/Canoas"}]},{"@type":"WebSite","@id":"https:\/\/jornaltimoneiro.com.br\/#website","url":"https:\/\/jornaltimoneiro.com.br\/","name":"Jornal Timoneiro Canoas RS","description":"Jornal O Timoneiro, o verdadeiro jornal de Canoas","publisher":{"@id":"https:\/\/jornaltimoneiro.com.br\/#organization"},"potentialAction":[{"@type":"SearchAction","target":{"@type":"EntryPoint","urlTemplate":"https:\/\/jornaltimoneiro.com.br\/?s={search_term_string}"},"query-input":"required name=search_term_string"}],"inLanguage":"pt-BR"},{"@type":"Organization","@id":"https:\/\/jornaltimoneiro.com.br\/#organization","name":"Jornal Timoneiro Canoas RS","url":"https:\/\/jornaltimoneiro.com.br\/","logo":{"@type":"ImageObject","inLanguage":"pt-BR","@id":"https:\/\/jornaltimoneiro.com.br\/#\/schema\/logo\/image\/","url":"https:\/\/jornaltimoneiro.com.br\/wp-content\/uploads\/2023\/03\/logonovo.png","contentUrl":"https:\/\/jornaltimoneiro.com.br\/wp-content\/uploads\/2023\/03\/logonovo.png","width":"469","height":"171","caption":"Jornal Timoneiro Canoas RS"},"image":{"@id":"https:\/\/jornaltimoneiro.com.br\/#\/schema\/logo\/image\/"},"sameAs":["https:\/\/www.facebook.com\/jornaltimoneiro","https:\/\/twitter.com\/_OTimoneiro","https:\/\/www.instagram.com\/jornaltimoneirocanoas\/","https:\/\/www.youtube.com\/@jornalotimoneiro7927"]},{"@type":"Person","@id":"https:\/\/jornaltimoneiro.com.br\/#\/schema\/person\/f63482f1a02b1a9592707865e509ab40","name":"Reda\u00e7\u00e3o","image":{"@type":"ImageObject","inLanguage":"pt-BR","@id":"https:\/\/jornaltimoneiro.com.br\/#\/schema\/person\/image\/","url":"https:\/\/jornaltimoneiro.com.br\/wp-content\/uploads\/2023\/03\/download.jpeg","contentUrl":"https:\/\/jornaltimoneiro.com.br\/wp-content\/uploads\/2023\/03\/download.jpeg","caption":"Reda\u00e7\u00e3o"},"url":"https:\/\/jornaltimoneiro.com.br\/index.php\/author\/simone-dutra\/"}]}},"_links":{"self":[{"href":"https:\/\/jornaltimoneiro.com.br\/index.php\/wp-json\/wp\/v2\/posts\/32296"}],"collection":[{"href":"https:\/\/jornaltimoneiro.com.br\/index.php\/wp-json\/wp\/v2\/posts"}],"about":[{"href":"https:\/\/jornaltimoneiro.com.br\/index.php\/wp-json\/wp\/v2\/types\/post"}],"author":[{"embeddable":true,"href":"https:\/\/jornaltimoneiro.com.br\/index.php\/wp-json\/wp\/v2\/users\/2"}],"replies":[{"embeddable":true,"href":"https:\/\/jornaltimoneiro.com.br\/index.php\/wp-json\/wp\/v2\/comments?post=32296"}],"version-history":[{"count":1,"href":"https:\/\/jornaltimoneiro.com.br\/index.php\/wp-json\/wp\/v2\/posts\/32296\/revisions"}],"predecessor-version":[{"id":32298,"href":"https:\/\/jornaltimoneiro.com.br\/index.php\/wp-json\/wp\/v2\/posts\/32296\/revisions\/32298"}],"wp:featuredmedia":[{"embeddable":true,"href":"https:\/\/jornaltimoneiro.com.br\/index.php\/wp-json\/wp\/v2\/media\/32297"}],"wp:attachment":[{"href":"https:\/\/jornaltimoneiro.com.br\/index.php\/wp-json\/wp\/v2\/media?parent=32296"}],"wp:term":[{"taxonomy":"category","embeddable":true,"href":"https:\/\/jornaltimoneiro.com.br\/index.php\/wp-json\/wp\/v2\/categories?post=32296"},{"taxonomy":"post_tag","embeddable":true,"href":"https:\/\/jornaltimoneiro.com.br\/index.php\/wp-json\/wp\/v2\/tags?post=32296"}],"curies":[{"name":"wp","href":"https:\/\/api.w.org\/{rel}","templated":true}]}}