{"id":32238,"date":"2024-10-09T17:00:46","date_gmt":"2024-10-09T20:00:46","guid":{"rendered":"https:\/\/jornaltimoneiro.com.br\/?p=32238"},"modified":"2024-10-09T17:00:46","modified_gmt":"2024-10-09T20:00:46","slug":"alunos-da-emei-pe-de-moleque-sao-agentes-por-um-dia-e-conscientizam-motoristas","status":"publish","type":"post","link":"https:\/\/jornaltimoneiro.com.br\/index.php\/2024\/10\/09\/alunos-da-emei-pe-de-moleque-sao-agentes-por-um-dia-e-conscientizam-motoristas\/","title":{"rendered":"Alunos da EMEI P\u00e9 de Moleque s\u00e3o agentes por um dia e conscientizam motoristas"},"content":{"rendered":"<p>Alunos da Escola Municipal de Educa\u00e7\u00e3o Infantil P\u00e9 de Moleque participaram de uma a\u00e7\u00e3o de educa\u00e7\u00e3o no tr\u00e2nsito, dentro do Projeto Ruas de Brincar, uma iniciativa da UniRitter com a Secretaria Municipal de Transportes e Mobilidade de Canoas.<\/p>\n<p>Na manh\u00e3 desta quarta-feira, 9, as crian\u00e7as foram conduzidas pelas m\u00e3os das professoras at\u00e9 a Rua Gildo de Freitas, onde cumpriram a tarefa de serem pequenos agentes durante um dia. Ao lado dos fiscais de tr\u00e2nsito, observavam todos os detalhes da abordagem e, inclusive, entregaram desenhos feitos por eles.<\/p>\n<div id=\"attachment_32239\" style=\"width: 710px\" class=\"wp-caption alignnone\"><img decoding=\"async\" aria-describedby=\"caption-attachment-32239\" class=\"size-full wp-image-32239\" src=\"https:\/\/jornaltimoneiro.com.br\/wp-content\/uploads\/2024\/10\/Alunos-da-EMEI-Pe-de-Moleque-sao-agentes-por-um-dia-e-conscientizam-motoristas.jpeg\" alt=\"Alunos da EMEI P\u00e9 de Moleque s\u00e3o agentes por um dia e conscientizam motoristas\" width=\"700\" height=\"525\" srcset=\"https:\/\/jornaltimoneiro.com.br\/wp-content\/uploads\/2024\/10\/Alunos-da-EMEI-Pe-de-Moleque-sao-agentes-por-um-dia-e-conscientizam-motoristas.jpeg 700w, https:\/\/jornaltimoneiro.com.br\/wp-content\/uploads\/2024\/10\/Alunos-da-EMEI-Pe-de-Moleque-sao-agentes-por-um-dia-e-conscientizam-motoristas-300x225.jpeg 300w\" sizes=\"(max-width: 700px) 100vw, 700px\" \/><p id=\"caption-attachment-32239\" class=\"wp-caption-text\">Divulga\u00e7\u00e3o<\/p><\/div>\n<blockquote><p>\u201cEssas a\u00e7\u00f5es contribuem para a constru\u00e7\u00e3o de uma cidade mais segura, acess\u00edvel e acolhedora para todos. A participa\u00e7\u00e3o ativa da comunidade \u00e9 essencial para garantir que as interven\u00e7\u00f5es urbanas realmente atendam \u00e0s demandas locais, promovendo um ambiente mais saud\u00e1vel e inclusivo\u201d, disse a engenheira de Tr\u00e1fego da SMTM, Marcelle Ribeiro.<\/p><\/blockquote>\n<h4>Sobre o projeto<\/h4>\n<p>O Projeto Ruas de Brincar \u00e9 uma iniciativa da extens\u00e3o universit\u00e1ria do Escrit\u00f3rio Modelo de Arquitetura e Urbanismo da UniRitter, em parceria com a Secretaria Municipal de Transportes e Mobilidade (SMTM) da Prefeitura de Canoas, Global Designing Cities Initiative e a Urban95.<\/p>\n<p>As a\u00e7\u00f5es de educa\u00e7\u00e3o no tr\u00e2nsito englobam os esfor\u00e7os da Pol\u00edtica Municipal pela Primeira Inf\u00e2ncia, institu\u00edda pela Lei Municipal 6691\/2023.<\/p>\n","protected":false},"excerpt":{"rendered":"<p>Alunos da Escola Municipal de Educa\u00e7\u00e3o Infantil P\u00e9 de Moleque participaram de uma a\u00e7\u00e3o de educa\u00e7\u00e3o no tr\u00e2nsito, dentro do Projeto Ruas de Brincar, uma iniciativa da UniRitter com a Secretaria Municipal de Transportes e Mobilidade de Canoas. Na manh\u00e3 desta quarta-feira, 9, as crian\u00e7as foram conduzidas pelas m\u00e3os das professoras at\u00e9 a Rua Gildo [&hellip;]<\/p>\n","protected":false},"author":2,"featured_media":32240,"comment_status":"open","ping_status":"open","sticky":false,"template":"","format":"standard","meta":{"amp_status":"","footnotes":""},"categories":[2210],"tags":[3460,1261,31,1925,64,1035,3459,127],"class_list":["post-32238","post","type-post","status-publish","format-standard","has-post-thumbnail","hentry","category-educacao","tag-agente-de-transito","tag-alunos","tag-canoas","tag-conscientizacao","tag-educacao","tag-escola","tag-pe-de-moleque","tag-transito"],"yoast_head":"<!-- This site is optimized with the Yoast SEO plugin v20.5 - https:\/\/yoast.com\/wordpress\/plugins\/seo\/ -->\n<title>Alunos da EMEI P\u00e9 de Moleque s\u00e3o agentes por um dia e conscientizam motoristas - O Timoneiro Jornal Canoas RS<\/title>\n<meta name=\"description\" content=\"Alunos da Escola P\u00e9 de Moleque participaram de uma a\u00e7\u00e3o de educa\u00e7\u00e3o no tr\u00e2nsito, dentro do Projeto Ruas de Brincar\" \/>\n<meta name=\"robots\" content=\"index, follow, max-snippet:-1, max-image-preview:large, max-video-preview:-1\" \/>\n<link rel=\"canonical\" href=\"https:\/\/jornaltimoneiro.com.br\/index.php\/2024\/10\/09\/alunos-da-emei-pe-de-moleque-sao-agentes-por-um-dia-e-conscientizam-motoristas\/\" \/>\n<meta property=\"og:locale\" content=\"pt_BR\" \/>\n<meta property=\"og:type\" content=\"article\" \/>\n<meta property=\"og:title\" content=\"Alunos da EMEI P\u00e9 de Moleque s\u00e3o agentes por um dia e conscientizam motoristas - O Timoneiro Jornal Canoas RS\" \/>\n<meta property=\"og:description\" content=\"Alunos da Escola P\u00e9 de Moleque participaram de uma a\u00e7\u00e3o de educa\u00e7\u00e3o no tr\u00e2nsito, dentro do Projeto Ruas de Brincar\" \/>\n<meta property=\"og:url\" content=\"https:\/\/jornaltimoneiro.com.br\/index.php\/2024\/10\/09\/alunos-da-emei-pe-de-moleque-sao-agentes-por-um-dia-e-conscientizam-motoristas\/\" \/>\n<meta property=\"og:site_name\" content=\"O Timoneiro Jornal Canoas RS\" \/>\n<meta property=\"article:publisher\" content=\"https:\/\/www.facebook.com\/jornaltimoneiro\" \/>\n<meta property=\"article:published_time\" content=\"2024-10-09T20:00:46+00:00\" \/>\n<meta property=\"og:image\" content=\"https:\/\/jornaltimoneiro.com.br\/wp-content\/uploads\/2024\/10\/WhatsApp-Image-2024-10-09-at-16.51.53-scaled.jpeg\" \/>\n\t<meta property=\"og:image:width\" content=\"2560\" \/>\n\t<meta property=\"og:image:height\" content=\"1920\" \/>\n\t<meta property=\"og:image:type\" content=\"image\/jpeg\" \/>\n<meta name=\"author\" content=\"Reda\u00e7\u00e3o\" \/>\n<meta name=\"twitter:card\" content=\"summary_large_image\" \/>\n<meta name=\"twitter:creator\" content=\"@_OTimoneiro\" \/>\n<meta name=\"twitter:site\" content=\"@_OTimoneiro\" \/>\n<meta name=\"twitter:label1\" content=\"Escrito por\" \/>\n\t<meta name=\"twitter:data1\" content=\"Reda\u00e7\u00e3o\" \/>\n\t<meta name=\"twitter:label2\" content=\"Est. tempo de leitura\" \/>\n\t<meta name=\"twitter:data2\" content=\"2 minutos\" \/>\n<script type=\"application\/ld+json\" class=\"yoast-schema-graph\">{\"@context\":\"https:\/\/schema.org\",\"@graph\":[{\"@type\":\"Article\",\"@id\":\"https:\/\/jornaltimoneiro.com.br\/index.php\/2024\/10\/09\/alunos-da-emei-pe-de-moleque-sao-agentes-por-um-dia-e-conscientizam-motoristas\/#article\",\"isPartOf\":{\"@id\":\"https:\/\/jornaltimoneiro.com.br\/index.php\/2024\/10\/09\/alunos-da-emei-pe-de-moleque-sao-agentes-por-um-dia-e-conscientizam-motoristas\/\"},\"author\":{\"name\":\"Reda\u00e7\u00e3o\",\"@id\":\"https:\/\/jornaltimoneiro.com.br\/#\/schema\/person\/f63482f1a02b1a9592707865e509ab40\"},\"headline\":\"Alunos da EMEI P\u00e9 de Moleque s\u00e3o agentes por um dia e conscientizam motoristas\",\"datePublished\":\"2024-10-09T20:00:46+00:00\",\"dateModified\":\"2024-10-09T20:00:46+00:00\",\"mainEntityOfPage\":{\"@id\":\"https:\/\/jornaltimoneiro.com.br\/index.php\/2024\/10\/09\/alunos-da-emei-pe-de-moleque-sao-agentes-por-um-dia-e-conscientizam-motoristas\/\"},\"wordCount\":246,\"commentCount\":0,\"publisher\":{\"@id\":\"https:\/\/jornaltimoneiro.com.br\/#organization\"},\"keywords\":[\"agente de tr\u00e2nsito\",\"alunos\",\"canoas\",\"conscientiza\u00e7\u00e3o\",\"Educa\u00e7\u00e3o\",\"escola\",\"p\u00e9 de moleque\",\"Tr\u00e2nsito\"],\"articleSection\":[\"Educa\u00e7\u00e3o\"],\"inLanguage\":\"pt-BR\",\"potentialAction\":[{\"@type\":\"CommentAction\",\"name\":\"Comment\",\"target\":[\"https:\/\/jornaltimoneiro.com.br\/index.php\/2024\/10\/09\/alunos-da-emei-pe-de-moleque-sao-agentes-por-um-dia-e-conscientizam-motoristas\/#respond\"]}]},{\"@type\":\"WebPage\",\"@id\":\"https:\/\/jornaltimoneiro.com.br\/index.php\/2024\/10\/09\/alunos-da-emei-pe-de-moleque-sao-agentes-por-um-dia-e-conscientizam-motoristas\/\",\"url\":\"https:\/\/jornaltimoneiro.com.br\/index.php\/2024\/10\/09\/alunos-da-emei-pe-de-moleque-sao-agentes-por-um-dia-e-conscientizam-motoristas\/\",\"name\":\"Alunos da EMEI P\u00e9 de Moleque s\u00e3o agentes por um dia e conscientizam motoristas - O Timoneiro Jornal Canoas RS\",\"isPartOf\":{\"@id\":\"https:\/\/jornaltimoneiro.com.br\/#website\"},\"datePublished\":\"2024-10-09T20:00:46+00:00\",\"dateModified\":\"2024-10-09T20:00:46+00:00\",\"description\":\"Alunos da Escola P\u00e9 de Moleque participaram de uma a\u00e7\u00e3o de educa\u00e7\u00e3o no tr\u00e2nsito, dentro do Projeto Ruas de Brincar\",\"breadcrumb\":{\"@id\":\"https:\/\/jornaltimoneiro.com.br\/index.php\/2024\/10\/09\/alunos-da-emei-pe-de-moleque-sao-agentes-por-um-dia-e-conscientizam-motoristas\/#breadcrumb\"},\"inLanguage\":\"pt-BR\",\"potentialAction\":[{\"@type\":\"ReadAction\",\"target\":[\"https:\/\/jornaltimoneiro.com.br\/index.php\/2024\/10\/09\/alunos-da-emei-pe-de-moleque-sao-agentes-por-um-dia-e-conscientizam-motoristas\/\"]}]},{\"@type\":\"BreadcrumbList\",\"@id\":\"https:\/\/jornaltimoneiro.com.br\/index.php\/2024\/10\/09\/alunos-da-emei-pe-de-moleque-sao-agentes-por-um-dia-e-conscientizam-motoristas\/#breadcrumb\",\"itemListElement\":[{\"@type\":\"ListItem\",\"position\":1,\"name\":\"In\u00edcio\",\"item\":\"https:\/\/jornaltimoneiro.com.br\/\"},{\"@type\":\"ListItem\",\"position\":2,\"name\":\"Alunos da EMEI P\u00e9 de Moleque s\u00e3o agentes por um dia e conscientizam motoristas\"}]},{\"@type\":\"WebSite\",\"@id\":\"https:\/\/jornaltimoneiro.com.br\/#website\",\"url\":\"https:\/\/jornaltimoneiro.com.br\/\",\"name\":\"Jornal Timoneiro Canoas RS\",\"description\":\"Jornal O Timoneiro, o verdadeiro jornal de Canoas\",\"publisher\":{\"@id\":\"https:\/\/jornaltimoneiro.com.br\/#organization\"},\"potentialAction\":[{\"@type\":\"SearchAction\",\"target\":{\"@type\":\"EntryPoint\",\"urlTemplate\":\"https:\/\/jornaltimoneiro.com.br\/?s={search_term_string}\"},\"query-input\":\"required name=search_term_string\"}],\"inLanguage\":\"pt-BR\"},{\"@type\":\"Organization\",\"@id\":\"https:\/\/jornaltimoneiro.com.br\/#organization\",\"name\":\"Jornal Timoneiro Canoas RS\",\"url\":\"https:\/\/jornaltimoneiro.com.br\/\",\"logo\":{\"@type\":\"ImageObject\",\"inLanguage\":\"pt-BR\",\"@id\":\"https:\/\/jornaltimoneiro.com.br\/#\/schema\/logo\/image\/\",\"url\":\"https:\/\/jornaltimoneiro.com.br\/wp-content\/uploads\/2023\/03\/logonovo.png\",\"contentUrl\":\"https:\/\/jornaltimoneiro.com.br\/wp-content\/uploads\/2023\/03\/logonovo.png\",\"width\":\"469\",\"height\":\"171\",\"caption\":\"Jornal Timoneiro Canoas RS\"},\"image\":{\"@id\":\"https:\/\/jornaltimoneiro.com.br\/#\/schema\/logo\/image\/\"},\"sameAs\":[\"https:\/\/www.facebook.com\/jornaltimoneiro\",\"https:\/\/twitter.com\/_OTimoneiro\",\"https:\/\/www.instagram.com\/jornaltimoneirocanoas\/\",\"https:\/\/www.youtube.com\/@jornalotimoneiro7927\"]},{\"@type\":\"Person\",\"@id\":\"https:\/\/jornaltimoneiro.com.br\/#\/schema\/person\/f63482f1a02b1a9592707865e509ab40\",\"name\":\"Reda\u00e7\u00e3o\",\"image\":{\"@type\":\"ImageObject\",\"inLanguage\":\"pt-BR\",\"@id\":\"https:\/\/jornaltimoneiro.com.br\/#\/schema\/person\/image\/\",\"url\":\"https:\/\/jornaltimoneiro.com.br\/wp-content\/uploads\/2023\/03\/download.jpeg\",\"contentUrl\":\"https:\/\/jornaltimoneiro.com.br\/wp-content\/uploads\/2023\/03\/download.jpeg\",\"caption\":\"Reda\u00e7\u00e3o\"},\"url\":\"https:\/\/jornaltimoneiro.com.br\/index.php\/author\/simone-dutra\/\"}]}<\/script>\n<!-- \/ Yoast SEO plugin. -->","yoast_head_json":{"title":"Alunos da EMEI P\u00e9 de Moleque s\u00e3o agentes por um dia e conscientizam motoristas - O Timoneiro Jornal Canoas RS","description":"Alunos da Escola P\u00e9 de Moleque participaram de uma a\u00e7\u00e3o de educa\u00e7\u00e3o no tr\u00e2nsito, dentro do Projeto Ruas de Brincar","robots":{"index":"index","follow":"follow","max-snippet":"max-snippet:-1","max-image-preview":"max-image-preview:large","max-video-preview":"max-video-preview:-1"},"canonical":"https:\/\/jornaltimoneiro.com.br\/index.php\/2024\/10\/09\/alunos-da-emei-pe-de-moleque-sao-agentes-por-um-dia-e-conscientizam-motoristas\/","og_locale":"pt_BR","og_type":"article","og_title":"Alunos da EMEI P\u00e9 de Moleque s\u00e3o agentes por um dia e conscientizam motoristas - O Timoneiro Jornal Canoas RS","og_description":"Alunos da Escola P\u00e9 de Moleque participaram de uma a\u00e7\u00e3o de educa\u00e7\u00e3o no tr\u00e2nsito, dentro do Projeto Ruas de Brincar","og_url":"https:\/\/jornaltimoneiro.com.br\/index.php\/2024\/10\/09\/alunos-da-emei-pe-de-moleque-sao-agentes-por-um-dia-e-conscientizam-motoristas\/","og_site_name":"O Timoneiro Jornal Canoas RS","article_publisher":"https:\/\/www.facebook.com\/jornaltimoneiro","article_published_time":"2024-10-09T20:00:46+00:00","og_image":[{"width":2560,"height":1920,"url":"https:\/\/jornaltimoneiro.com.br\/wp-content\/uploads\/2024\/10\/WhatsApp-Image-2024-10-09-at-16.51.53-scaled.jpeg","type":"image\/jpeg"}],"author":"Reda\u00e7\u00e3o","twitter_card":"summary_large_image","twitter_creator":"@_OTimoneiro","twitter_site":"@_OTimoneiro","twitter_misc":{"Escrito por":"Reda\u00e7\u00e3o","Est. tempo de leitura":"2 minutos"},"schema":{"@context":"https:\/\/schema.org","@graph":[{"@type":"Article","@id":"https:\/\/jornaltimoneiro.com.br\/index.php\/2024\/10\/09\/alunos-da-emei-pe-de-moleque-sao-agentes-por-um-dia-e-conscientizam-motoristas\/#article","isPartOf":{"@id":"https:\/\/jornaltimoneiro.com.br\/index.php\/2024\/10\/09\/alunos-da-emei-pe-de-moleque-sao-agentes-por-um-dia-e-conscientizam-motoristas\/"},"author":{"name":"Reda\u00e7\u00e3o","@id":"https:\/\/jornaltimoneiro.com.br\/#\/schema\/person\/f63482f1a02b1a9592707865e509ab40"},"headline":"Alunos da EMEI P\u00e9 de Moleque s\u00e3o agentes por um dia e conscientizam motoristas","datePublished":"2024-10-09T20:00:46+00:00","dateModified":"2024-10-09T20:00:46+00:00","mainEntityOfPage":{"@id":"https:\/\/jornaltimoneiro.com.br\/index.php\/2024\/10\/09\/alunos-da-emei-pe-de-moleque-sao-agentes-por-um-dia-e-conscientizam-motoristas\/"},"wordCount":246,"commentCount":0,"publisher":{"@id":"https:\/\/jornaltimoneiro.com.br\/#organization"},"keywords":["agente de tr\u00e2nsito","alunos","canoas","conscientiza\u00e7\u00e3o","Educa\u00e7\u00e3o","escola","p\u00e9 de moleque","Tr\u00e2nsito"],"articleSection":["Educa\u00e7\u00e3o"],"inLanguage":"pt-BR","potentialAction":[{"@type":"CommentAction","name":"Comment","target":["https:\/\/jornaltimoneiro.com.br\/index.php\/2024\/10\/09\/alunos-da-emei-pe-de-moleque-sao-agentes-por-um-dia-e-conscientizam-motoristas\/#respond"]}]},{"@type":"WebPage","@id":"https:\/\/jornaltimoneiro.com.br\/index.php\/2024\/10\/09\/alunos-da-emei-pe-de-moleque-sao-agentes-por-um-dia-e-conscientizam-motoristas\/","url":"https:\/\/jornaltimoneiro.com.br\/index.php\/2024\/10\/09\/alunos-da-emei-pe-de-moleque-sao-agentes-por-um-dia-e-conscientizam-motoristas\/","name":"Alunos da EMEI P\u00e9 de Moleque s\u00e3o agentes por um dia e conscientizam motoristas - O Timoneiro Jornal Canoas RS","isPartOf":{"@id":"https:\/\/jornaltimoneiro.com.br\/#website"},"datePublished":"2024-10-09T20:00:46+00:00","dateModified":"2024-10-09T20:00:46+00:00","description":"Alunos da Escola P\u00e9 de Moleque participaram de uma a\u00e7\u00e3o de educa\u00e7\u00e3o no tr\u00e2nsito, dentro do Projeto Ruas de Brincar","breadcrumb":{"@id":"https:\/\/jornaltimoneiro.com.br\/index.php\/2024\/10\/09\/alunos-da-emei-pe-de-moleque-sao-agentes-por-um-dia-e-conscientizam-motoristas\/#breadcrumb"},"inLanguage":"pt-BR","potentialAction":[{"@type":"ReadAction","target":["https:\/\/jornaltimoneiro.com.br\/index.php\/2024\/10\/09\/alunos-da-emei-pe-de-moleque-sao-agentes-por-um-dia-e-conscientizam-motoristas\/"]}]},{"@type":"BreadcrumbList","@id":"https:\/\/jornaltimoneiro.com.br\/index.php\/2024\/10\/09\/alunos-da-emei-pe-de-moleque-sao-agentes-por-um-dia-e-conscientizam-motoristas\/#breadcrumb","itemListElement":[{"@type":"ListItem","position":1,"name":"In\u00edcio","item":"https:\/\/jornaltimoneiro.com.br\/"},{"@type":"ListItem","position":2,"name":"Alunos da EMEI P\u00e9 de Moleque s\u00e3o agentes por um dia e conscientizam motoristas"}]},{"@type":"WebSite","@id":"https:\/\/jornaltimoneiro.com.br\/#website","url":"https:\/\/jornaltimoneiro.com.br\/","name":"Jornal Timoneiro Canoas RS","description":"Jornal O Timoneiro, o verdadeiro jornal de Canoas","publisher":{"@id":"https:\/\/jornaltimoneiro.com.br\/#organization"},"potentialAction":[{"@type":"SearchAction","target":{"@type":"EntryPoint","urlTemplate":"https:\/\/jornaltimoneiro.com.br\/?s={search_term_string}"},"query-input":"required name=search_term_string"}],"inLanguage":"pt-BR"},{"@type":"Organization","@id":"https:\/\/jornaltimoneiro.com.br\/#organization","name":"Jornal Timoneiro Canoas RS","url":"https:\/\/jornaltimoneiro.com.br\/","logo":{"@type":"ImageObject","inLanguage":"pt-BR","@id":"https:\/\/jornaltimoneiro.com.br\/#\/schema\/logo\/image\/","url":"https:\/\/jornaltimoneiro.com.br\/wp-content\/uploads\/2023\/03\/logonovo.png","contentUrl":"https:\/\/jornaltimoneiro.com.br\/wp-content\/uploads\/2023\/03\/logonovo.png","width":"469","height":"171","caption":"Jornal Timoneiro Canoas RS"},"image":{"@id":"https:\/\/jornaltimoneiro.com.br\/#\/schema\/logo\/image\/"},"sameAs":["https:\/\/www.facebook.com\/jornaltimoneiro","https:\/\/twitter.com\/_OTimoneiro","https:\/\/www.instagram.com\/jornaltimoneirocanoas\/","https:\/\/www.youtube.com\/@jornalotimoneiro7927"]},{"@type":"Person","@id":"https:\/\/jornaltimoneiro.com.br\/#\/schema\/person\/f63482f1a02b1a9592707865e509ab40","name":"Reda\u00e7\u00e3o","image":{"@type":"ImageObject","inLanguage":"pt-BR","@id":"https:\/\/jornaltimoneiro.com.br\/#\/schema\/person\/image\/","url":"https:\/\/jornaltimoneiro.com.br\/wp-content\/uploads\/2023\/03\/download.jpeg","contentUrl":"https:\/\/jornaltimoneiro.com.br\/wp-content\/uploads\/2023\/03\/download.jpeg","caption":"Reda\u00e7\u00e3o"},"url":"https:\/\/jornaltimoneiro.com.br\/index.php\/author\/simone-dutra\/"}]}},"_links":{"self":[{"href":"https:\/\/jornaltimoneiro.com.br\/index.php\/wp-json\/wp\/v2\/posts\/32238"}],"collection":[{"href":"https:\/\/jornaltimoneiro.com.br\/index.php\/wp-json\/wp\/v2\/posts"}],"about":[{"href":"https:\/\/jornaltimoneiro.com.br\/index.php\/wp-json\/wp\/v2\/types\/post"}],"author":[{"embeddable":true,"href":"https:\/\/jornaltimoneiro.com.br\/index.php\/wp-json\/wp\/v2\/users\/2"}],"replies":[{"embeddable":true,"href":"https:\/\/jornaltimoneiro.com.br\/index.php\/wp-json\/wp\/v2\/comments?post=32238"}],"version-history":[{"count":1,"href":"https:\/\/jornaltimoneiro.com.br\/index.php\/wp-json\/wp\/v2\/posts\/32238\/revisions"}],"predecessor-version":[{"id":32241,"href":"https:\/\/jornaltimoneiro.com.br\/index.php\/wp-json\/wp\/v2\/posts\/32238\/revisions\/32241"}],"wp:featuredmedia":[{"embeddable":true,"href":"https:\/\/jornaltimoneiro.com.br\/index.php\/wp-json\/wp\/v2\/media\/32240"}],"wp:attachment":[{"href":"https:\/\/jornaltimoneiro.com.br\/index.php\/wp-json\/wp\/v2\/media?parent=32238"}],"wp:term":[{"taxonomy":"category","embeddable":true,"href":"https:\/\/jornaltimoneiro.com.br\/index.php\/wp-json\/wp\/v2\/categories?post=32238"},{"taxonomy":"post_tag","embeddable":true,"href":"https:\/\/jornaltimoneiro.com.br\/index.php\/wp-json\/wp\/v2\/tags?post=32238"}],"curies":[{"name":"wp","href":"https:\/\/api.w.org\/{rel}","templated":true}]}}