{"id":32197,"date":"2024-10-07T18:15:01","date_gmt":"2024-10-07T21:15:01","guid":{"rendered":"https:\/\/jornaltimoneiro.com.br\/?p=32197"},"modified":"2024-10-07T18:20:31","modified_gmt":"2024-10-07T21:20:31","slug":"nova-santa-rita-ponte-do-arroio-caju-esta-interditada-em-ambos-sentidos","status":"publish","type":"post","link":"https:\/\/jornaltimoneiro.com.br\/index.php\/2024\/10\/07\/nova-santa-rita-ponte-do-arroio-caju-esta-interditada-em-ambos-sentidos\/","title":{"rendered":"Nova Santa Rita: Ponte do Arroio Caju est\u00e1 interditada em ambos sentidos"},"content":{"rendered":"<p>O Departamento de Tr\u00e2nsito da Prefeitura Municipal de Nova Santa Rita informa que o tr\u00e1fego sobre a ponte do Arroio Caju, no bairro Caju, est\u00e1 interditado em ambos os sentidos a partir desta segunda-feira, 7.<\/p>\n<p>A informa\u00e7\u00e3o foi confirmada ap\u00f3s a reuni\u00e3o entre a equipe de engenharia da Secretaria de Desenvolvimento Urbano e o Departamento de Tr\u00e2nsito.<\/p>\n<p>Parte da ponte, no sentido interior, j\u00e1 est\u00e1 interditada por ter sua estrutura danificada com as fortes chuvas recentes. A Secretaria de Servi\u00e7os P\u00fablicos chegou a colocar pedras para amenizar os danos, mas a correnteza danificou a estrutura evidenciando a fragilidade e o risco de queda.<\/p>\n<p>A rota alternativa para qualquer tipo de ve\u00edculo que precisa acessar a estrada do Luizinho ou o outro lado da ponte, \u00e9 seguindo pela Estrada dos Pires, e, em seguida acessando a Estrada Z\u00e9 Maria.<\/p>\n<p><img decoding=\"async\" class=\"alignnone size-full wp-image-32200\" src=\"https:\/\/jornaltimoneiro.com.br\/wp-content\/uploads\/2024\/10\/WhatsApp-Image-2024-10-07-at-18.09.47.jpeg\" alt=\"\" width=\"963\" height=\"814\" srcset=\"https:\/\/jornaltimoneiro.com.br\/wp-content\/uploads\/2024\/10\/WhatsApp-Image-2024-10-07-at-18.09.47.jpeg 963w, https:\/\/jornaltimoneiro.com.br\/wp-content\/uploads\/2024\/10\/WhatsApp-Image-2024-10-07-at-18.09.47-300x254.jpeg 300w, https:\/\/jornaltimoneiro.com.br\/wp-content\/uploads\/2024\/10\/WhatsApp-Image-2024-10-07-at-18.09.47-768x649.jpeg 768w\" sizes=\"(max-width: 963px) 100vw, 963px\" \/><\/p>\n<p>De acordo com o Secret\u00e1rio de Desenvolvimento Urbano, Juliano Furquim, a equipe t\u00e9cnica est\u00e1 em processo de contrata\u00e7\u00e3o de uma empresa para a reconstru\u00e7\u00e3o da \u00e1rea danificada, complementando um projeto de licita\u00e7\u00e3o j\u00e1 existente para o alargamento e constru\u00e7\u00e3o de uma nova via no mesmo local.<\/p>\n","protected":false},"excerpt":{"rendered":"<p>O Departamento de Tr\u00e2nsito da Prefeitura Municipal de Nova Santa Rita informa que o tr\u00e1fego sobre a ponte do Arroio Caju, no bairro Caju, est\u00e1 interditado em ambos os sentidos a partir desta segunda-feira, 7. A informa\u00e7\u00e3o foi confirmada ap\u00f3s a reuni\u00e3o entre a equipe de engenharia da Secretaria de Desenvolvimento Urbano e o Departamento [&hellip;]<\/p>\n","protected":false},"author":2,"featured_media":32198,"comment_status":"open","ping_status":"open","sticky":false,"template":"","format":"standard","meta":{"amp_status":"","footnotes":""},"categories":[57],"tags":[780,262,3438,214,213,80,127],"class_list":["post-32197","post","type-post","status-publish","format-standard","has-post-thumbnail","hentry","category-transito","tag-bloqueio","tag-nova-santa-rita","tag-ponte-do-arroio-caju","tag-regiao-metropolitana","tag-rio-grande-do-sul","tag-rs","tag-transito"],"yoast_head":"<!-- This site is optimized with the Yoast SEO plugin v20.5 - https:\/\/yoast.com\/wordpress\/plugins\/seo\/ -->\n<title>Nova Santa Rita: Ponte do Arroio Caju est\u00e1 interditada em ambos sentidos - O Timoneiro Jornal Canoas RS<\/title>\n<meta name=\"description\" content=\"O tr\u00e1fego sobre a ponte do Arroio Caju, no bairro Caju, est\u00e1 interditado em ambos os sentidos a partir desta segunda\" \/>\n<meta name=\"robots\" content=\"index, follow, max-snippet:-1, max-image-preview:large, max-video-preview:-1\" \/>\n<link rel=\"canonical\" href=\"https:\/\/jornaltimoneiro.com.br\/index.php\/2024\/10\/07\/nova-santa-rita-ponte-do-arroio-caju-esta-interditada-em-ambos-sentidos\/\" \/>\n<meta property=\"og:locale\" content=\"pt_BR\" \/>\n<meta property=\"og:type\" content=\"article\" \/>\n<meta property=\"og:title\" content=\"Nova Santa Rita: Ponte do Arroio Caju est\u00e1 interditada em ambos sentidos - O Timoneiro Jornal Canoas RS\" \/>\n<meta property=\"og:description\" content=\"O tr\u00e1fego sobre a ponte do Arroio Caju, no bairro Caju, est\u00e1 interditado em ambos os sentidos a partir desta segunda\" \/>\n<meta property=\"og:url\" content=\"https:\/\/jornaltimoneiro.com.br\/index.php\/2024\/10\/07\/nova-santa-rita-ponte-do-arroio-caju-esta-interditada-em-ambos-sentidos\/\" \/>\n<meta property=\"og:site_name\" content=\"O Timoneiro Jornal Canoas RS\" \/>\n<meta property=\"article:publisher\" content=\"https:\/\/www.facebook.com\/jornaltimoneiro\" \/>\n<meta property=\"article:published_time\" content=\"2024-10-07T21:15:01+00:00\" \/>\n<meta property=\"article:modified_time\" content=\"2024-10-07T21:20:31+00:00\" \/>\n<meta property=\"og:image\" content=\"https:\/\/jornaltimoneiro.com.br\/wp-content\/uploads\/2024\/10\/Nova-Santa-Rita-Ponte-do-Arroio-Caju-esta-interditada-em-ambos-sentidos.jpeg\" \/>\n\t<meta property=\"og:image:width\" content=\"1080\" \/>\n\t<meta property=\"og:image:height\" content=\"810\" \/>\n\t<meta property=\"og:image:type\" content=\"image\/jpeg\" \/>\n<meta name=\"author\" content=\"Reda\u00e7\u00e3o\" \/>\n<meta name=\"twitter:card\" content=\"summary_large_image\" \/>\n<meta name=\"twitter:creator\" content=\"@_OTimoneiro\" \/>\n<meta name=\"twitter:site\" content=\"@_OTimoneiro\" \/>\n<meta name=\"twitter:label1\" content=\"Escrito por\" \/>\n\t<meta name=\"twitter:data1\" content=\"Reda\u00e7\u00e3o\" \/>\n\t<meta name=\"twitter:label2\" content=\"Est. tempo de leitura\" \/>\n\t<meta name=\"twitter:data2\" content=\"2 minutos\" \/>\n<script type=\"application\/ld+json\" class=\"yoast-schema-graph\">{\"@context\":\"https:\/\/schema.org\",\"@graph\":[{\"@type\":\"Article\",\"@id\":\"https:\/\/jornaltimoneiro.com.br\/index.php\/2024\/10\/07\/nova-santa-rita-ponte-do-arroio-caju-esta-interditada-em-ambos-sentidos\/#article\",\"isPartOf\":{\"@id\":\"https:\/\/jornaltimoneiro.com.br\/index.php\/2024\/10\/07\/nova-santa-rita-ponte-do-arroio-caju-esta-interditada-em-ambos-sentidos\/\"},\"author\":{\"name\":\"Reda\u00e7\u00e3o\",\"@id\":\"https:\/\/jornaltimoneiro.com.br\/#\/schema\/person\/f63482f1a02b1a9592707865e509ab40\"},\"headline\":\"Nova Santa Rita: Ponte do Arroio Caju est\u00e1 interditada em ambos sentidos\",\"datePublished\":\"2024-10-07T21:15:01+00:00\",\"dateModified\":\"2024-10-07T21:20:31+00:00\",\"mainEntityOfPage\":{\"@id\":\"https:\/\/jornaltimoneiro.com.br\/index.php\/2024\/10\/07\/nova-santa-rita-ponte-do-arroio-caju-esta-interditada-em-ambos-sentidos\/\"},\"wordCount\":209,\"commentCount\":0,\"publisher\":{\"@id\":\"https:\/\/jornaltimoneiro.com.br\/#organization\"},\"keywords\":[\"bloqueio\",\"nova santa rita\",\"ponte do arroio caju\",\"regi\u00e3o metropolitana\",\"rio grande do sul\",\"RS\",\"Tr\u00e2nsito\"],\"articleSection\":[\"Tr\u00e2nsito\"],\"inLanguage\":\"pt-BR\",\"potentialAction\":[{\"@type\":\"CommentAction\",\"name\":\"Comment\",\"target\":[\"https:\/\/jornaltimoneiro.com.br\/index.php\/2024\/10\/07\/nova-santa-rita-ponte-do-arroio-caju-esta-interditada-em-ambos-sentidos\/#respond\"]}]},{\"@type\":\"WebPage\",\"@id\":\"https:\/\/jornaltimoneiro.com.br\/index.php\/2024\/10\/07\/nova-santa-rita-ponte-do-arroio-caju-esta-interditada-em-ambos-sentidos\/\",\"url\":\"https:\/\/jornaltimoneiro.com.br\/index.php\/2024\/10\/07\/nova-santa-rita-ponte-do-arroio-caju-esta-interditada-em-ambos-sentidos\/\",\"name\":\"Nova Santa Rita: Ponte do Arroio Caju est\u00e1 interditada em ambos sentidos - O Timoneiro Jornal Canoas RS\",\"isPartOf\":{\"@id\":\"https:\/\/jornaltimoneiro.com.br\/#website\"},\"datePublished\":\"2024-10-07T21:15:01+00:00\",\"dateModified\":\"2024-10-07T21:20:31+00:00\",\"description\":\"O tr\u00e1fego sobre a ponte do Arroio Caju, no bairro Caju, est\u00e1 interditado em ambos os sentidos a partir desta segunda\",\"breadcrumb\":{\"@id\":\"https:\/\/jornaltimoneiro.com.br\/index.php\/2024\/10\/07\/nova-santa-rita-ponte-do-arroio-caju-esta-interditada-em-ambos-sentidos\/#breadcrumb\"},\"inLanguage\":\"pt-BR\",\"potentialAction\":[{\"@type\":\"ReadAction\",\"target\":[\"https:\/\/jornaltimoneiro.com.br\/index.php\/2024\/10\/07\/nova-santa-rita-ponte-do-arroio-caju-esta-interditada-em-ambos-sentidos\/\"]}]},{\"@type\":\"BreadcrumbList\",\"@id\":\"https:\/\/jornaltimoneiro.com.br\/index.php\/2024\/10\/07\/nova-santa-rita-ponte-do-arroio-caju-esta-interditada-em-ambos-sentidos\/#breadcrumb\",\"itemListElement\":[{\"@type\":\"ListItem\",\"position\":1,\"name\":\"In\u00edcio\",\"item\":\"https:\/\/jornaltimoneiro.com.br\/\"},{\"@type\":\"ListItem\",\"position\":2,\"name\":\"Nova Santa Rita: Ponte do Arroio Caju est\u00e1 interditada em ambos sentidos\"}]},{\"@type\":\"WebSite\",\"@id\":\"https:\/\/jornaltimoneiro.com.br\/#website\",\"url\":\"https:\/\/jornaltimoneiro.com.br\/\",\"name\":\"Jornal Timoneiro Canoas RS\",\"description\":\"Jornal O Timoneiro, o verdadeiro jornal de Canoas\",\"publisher\":{\"@id\":\"https:\/\/jornaltimoneiro.com.br\/#organization\"},\"potentialAction\":[{\"@type\":\"SearchAction\",\"target\":{\"@type\":\"EntryPoint\",\"urlTemplate\":\"https:\/\/jornaltimoneiro.com.br\/?s={search_term_string}\"},\"query-input\":\"required name=search_term_string\"}],\"inLanguage\":\"pt-BR\"},{\"@type\":\"Organization\",\"@id\":\"https:\/\/jornaltimoneiro.com.br\/#organization\",\"name\":\"Jornal Timoneiro Canoas RS\",\"url\":\"https:\/\/jornaltimoneiro.com.br\/\",\"logo\":{\"@type\":\"ImageObject\",\"inLanguage\":\"pt-BR\",\"@id\":\"https:\/\/jornaltimoneiro.com.br\/#\/schema\/logo\/image\/\",\"url\":\"https:\/\/jornaltimoneiro.com.br\/wp-content\/uploads\/2023\/03\/logonovo.png\",\"contentUrl\":\"https:\/\/jornaltimoneiro.com.br\/wp-content\/uploads\/2023\/03\/logonovo.png\",\"width\":\"469\",\"height\":\"171\",\"caption\":\"Jornal Timoneiro Canoas RS\"},\"image\":{\"@id\":\"https:\/\/jornaltimoneiro.com.br\/#\/schema\/logo\/image\/\"},\"sameAs\":[\"https:\/\/www.facebook.com\/jornaltimoneiro\",\"https:\/\/twitter.com\/_OTimoneiro\",\"https:\/\/www.instagram.com\/jornaltimoneirocanoas\/\",\"https:\/\/www.youtube.com\/@jornalotimoneiro7927\"]},{\"@type\":\"Person\",\"@id\":\"https:\/\/jornaltimoneiro.com.br\/#\/schema\/person\/f63482f1a02b1a9592707865e509ab40\",\"name\":\"Reda\u00e7\u00e3o\",\"image\":{\"@type\":\"ImageObject\",\"inLanguage\":\"pt-BR\",\"@id\":\"https:\/\/jornaltimoneiro.com.br\/#\/schema\/person\/image\/\",\"url\":\"https:\/\/jornaltimoneiro.com.br\/wp-content\/uploads\/2023\/03\/download.jpeg\",\"contentUrl\":\"https:\/\/jornaltimoneiro.com.br\/wp-content\/uploads\/2023\/03\/download.jpeg\",\"caption\":\"Reda\u00e7\u00e3o\"},\"url\":\"https:\/\/jornaltimoneiro.com.br\/index.php\/author\/simone-dutra\/\"}]}<\/script>\n<!-- \/ Yoast SEO plugin. -->","yoast_head_json":{"title":"Nova Santa Rita: Ponte do Arroio Caju est\u00e1 interditada em ambos sentidos - O Timoneiro Jornal Canoas RS","description":"O tr\u00e1fego sobre a ponte do Arroio Caju, no bairro Caju, est\u00e1 interditado em ambos os sentidos a partir desta segunda","robots":{"index":"index","follow":"follow","max-snippet":"max-snippet:-1","max-image-preview":"max-image-preview:large","max-video-preview":"max-video-preview:-1"},"canonical":"https:\/\/jornaltimoneiro.com.br\/index.php\/2024\/10\/07\/nova-santa-rita-ponte-do-arroio-caju-esta-interditada-em-ambos-sentidos\/","og_locale":"pt_BR","og_type":"article","og_title":"Nova Santa Rita: Ponte do Arroio Caju est\u00e1 interditada em ambos sentidos - O Timoneiro Jornal Canoas RS","og_description":"O tr\u00e1fego sobre a ponte do Arroio Caju, no bairro Caju, est\u00e1 interditado em ambos os sentidos a partir desta segunda","og_url":"https:\/\/jornaltimoneiro.com.br\/index.php\/2024\/10\/07\/nova-santa-rita-ponte-do-arroio-caju-esta-interditada-em-ambos-sentidos\/","og_site_name":"O Timoneiro Jornal Canoas RS","article_publisher":"https:\/\/www.facebook.com\/jornaltimoneiro","article_published_time":"2024-10-07T21:15:01+00:00","article_modified_time":"2024-10-07T21:20:31+00:00","og_image":[{"width":"1080","height":"810","url":"https:\/\/jornaltimoneiro.com.br\/wp-content\/uploads\/2024\/10\/Nova-Santa-Rita-Ponte-do-Arroio-Caju-esta-interditada-em-ambos-sentidos.jpeg","type":"image\/jpeg"}],"author":"Reda\u00e7\u00e3o","twitter_card":"summary_large_image","twitter_creator":"@_OTimoneiro","twitter_site":"@_OTimoneiro","twitter_misc":{"Escrito por":"Reda\u00e7\u00e3o","Est. tempo de leitura":"2 minutos"},"schema":{"@context":"https:\/\/schema.org","@graph":[{"@type":"Article","@id":"https:\/\/jornaltimoneiro.com.br\/index.php\/2024\/10\/07\/nova-santa-rita-ponte-do-arroio-caju-esta-interditada-em-ambos-sentidos\/#article","isPartOf":{"@id":"https:\/\/jornaltimoneiro.com.br\/index.php\/2024\/10\/07\/nova-santa-rita-ponte-do-arroio-caju-esta-interditada-em-ambos-sentidos\/"},"author":{"name":"Reda\u00e7\u00e3o","@id":"https:\/\/jornaltimoneiro.com.br\/#\/schema\/person\/f63482f1a02b1a9592707865e509ab40"},"headline":"Nova Santa Rita: Ponte do Arroio Caju est\u00e1 interditada em ambos sentidos","datePublished":"2024-10-07T21:15:01+00:00","dateModified":"2024-10-07T21:20:31+00:00","mainEntityOfPage":{"@id":"https:\/\/jornaltimoneiro.com.br\/index.php\/2024\/10\/07\/nova-santa-rita-ponte-do-arroio-caju-esta-interditada-em-ambos-sentidos\/"},"wordCount":209,"commentCount":0,"publisher":{"@id":"https:\/\/jornaltimoneiro.com.br\/#organization"},"keywords":["bloqueio","nova santa rita","ponte do arroio caju","regi\u00e3o metropolitana","rio grande do sul","RS","Tr\u00e2nsito"],"articleSection":["Tr\u00e2nsito"],"inLanguage":"pt-BR","potentialAction":[{"@type":"CommentAction","name":"Comment","target":["https:\/\/jornaltimoneiro.com.br\/index.php\/2024\/10\/07\/nova-santa-rita-ponte-do-arroio-caju-esta-interditada-em-ambos-sentidos\/#respond"]}]},{"@type":"WebPage","@id":"https:\/\/jornaltimoneiro.com.br\/index.php\/2024\/10\/07\/nova-santa-rita-ponte-do-arroio-caju-esta-interditada-em-ambos-sentidos\/","url":"https:\/\/jornaltimoneiro.com.br\/index.php\/2024\/10\/07\/nova-santa-rita-ponte-do-arroio-caju-esta-interditada-em-ambos-sentidos\/","name":"Nova Santa Rita: Ponte do Arroio Caju est\u00e1 interditada em ambos sentidos - O Timoneiro Jornal Canoas RS","isPartOf":{"@id":"https:\/\/jornaltimoneiro.com.br\/#website"},"datePublished":"2024-10-07T21:15:01+00:00","dateModified":"2024-10-07T21:20:31+00:00","description":"O tr\u00e1fego sobre a ponte do Arroio Caju, no bairro Caju, est\u00e1 interditado em ambos os sentidos a partir desta segunda","breadcrumb":{"@id":"https:\/\/jornaltimoneiro.com.br\/index.php\/2024\/10\/07\/nova-santa-rita-ponte-do-arroio-caju-esta-interditada-em-ambos-sentidos\/#breadcrumb"},"inLanguage":"pt-BR","potentialAction":[{"@type":"ReadAction","target":["https:\/\/jornaltimoneiro.com.br\/index.php\/2024\/10\/07\/nova-santa-rita-ponte-do-arroio-caju-esta-interditada-em-ambos-sentidos\/"]}]},{"@type":"BreadcrumbList","@id":"https:\/\/jornaltimoneiro.com.br\/index.php\/2024\/10\/07\/nova-santa-rita-ponte-do-arroio-caju-esta-interditada-em-ambos-sentidos\/#breadcrumb","itemListElement":[{"@type":"ListItem","position":1,"name":"In\u00edcio","item":"https:\/\/jornaltimoneiro.com.br\/"},{"@type":"ListItem","position":2,"name":"Nova Santa Rita: Ponte do Arroio Caju est\u00e1 interditada em ambos sentidos"}]},{"@type":"WebSite","@id":"https:\/\/jornaltimoneiro.com.br\/#website","url":"https:\/\/jornaltimoneiro.com.br\/","name":"Jornal Timoneiro Canoas RS","description":"Jornal O Timoneiro, o verdadeiro jornal de Canoas","publisher":{"@id":"https:\/\/jornaltimoneiro.com.br\/#organization"},"potentialAction":[{"@type":"SearchAction","target":{"@type":"EntryPoint","urlTemplate":"https:\/\/jornaltimoneiro.com.br\/?s={search_term_string}"},"query-input":"required name=search_term_string"}],"inLanguage":"pt-BR"},{"@type":"Organization","@id":"https:\/\/jornaltimoneiro.com.br\/#organization","name":"Jornal Timoneiro Canoas RS","url":"https:\/\/jornaltimoneiro.com.br\/","logo":{"@type":"ImageObject","inLanguage":"pt-BR","@id":"https:\/\/jornaltimoneiro.com.br\/#\/schema\/logo\/image\/","url":"https:\/\/jornaltimoneiro.com.br\/wp-content\/uploads\/2023\/03\/logonovo.png","contentUrl":"https:\/\/jornaltimoneiro.com.br\/wp-content\/uploads\/2023\/03\/logonovo.png","width":"469","height":"171","caption":"Jornal Timoneiro Canoas RS"},"image":{"@id":"https:\/\/jornaltimoneiro.com.br\/#\/schema\/logo\/image\/"},"sameAs":["https:\/\/www.facebook.com\/jornaltimoneiro","https:\/\/twitter.com\/_OTimoneiro","https:\/\/www.instagram.com\/jornaltimoneirocanoas\/","https:\/\/www.youtube.com\/@jornalotimoneiro7927"]},{"@type":"Person","@id":"https:\/\/jornaltimoneiro.com.br\/#\/schema\/person\/f63482f1a02b1a9592707865e509ab40","name":"Reda\u00e7\u00e3o","image":{"@type":"ImageObject","inLanguage":"pt-BR","@id":"https:\/\/jornaltimoneiro.com.br\/#\/schema\/person\/image\/","url":"https:\/\/jornaltimoneiro.com.br\/wp-content\/uploads\/2023\/03\/download.jpeg","contentUrl":"https:\/\/jornaltimoneiro.com.br\/wp-content\/uploads\/2023\/03\/download.jpeg","caption":"Reda\u00e7\u00e3o"},"url":"https:\/\/jornaltimoneiro.com.br\/index.php\/author\/simone-dutra\/"}]}},"_links":{"self":[{"href":"https:\/\/jornaltimoneiro.com.br\/index.php\/wp-json\/wp\/v2\/posts\/32197"}],"collection":[{"href":"https:\/\/jornaltimoneiro.com.br\/index.php\/wp-json\/wp\/v2\/posts"}],"about":[{"href":"https:\/\/jornaltimoneiro.com.br\/index.php\/wp-json\/wp\/v2\/types\/post"}],"author":[{"embeddable":true,"href":"https:\/\/jornaltimoneiro.com.br\/index.php\/wp-json\/wp\/v2\/users\/2"}],"replies":[{"embeddable":true,"href":"https:\/\/jornaltimoneiro.com.br\/index.php\/wp-json\/wp\/v2\/comments?post=32197"}],"version-history":[{"count":3,"href":"https:\/\/jornaltimoneiro.com.br\/index.php\/wp-json\/wp\/v2\/posts\/32197\/revisions"}],"predecessor-version":[{"id":32202,"href":"https:\/\/jornaltimoneiro.com.br\/index.php\/wp-json\/wp\/v2\/posts\/32197\/revisions\/32202"}],"wp:featuredmedia":[{"embeddable":true,"href":"https:\/\/jornaltimoneiro.com.br\/index.php\/wp-json\/wp\/v2\/media\/32198"}],"wp:attachment":[{"href":"https:\/\/jornaltimoneiro.com.br\/index.php\/wp-json\/wp\/v2\/media?parent=32197"}],"wp:term":[{"taxonomy":"category","embeddable":true,"href":"https:\/\/jornaltimoneiro.com.br\/index.php\/wp-json\/wp\/v2\/categories?post=32197"},{"taxonomy":"post_tag","embeddable":true,"href":"https:\/\/jornaltimoneiro.com.br\/index.php\/wp-json\/wp\/v2\/tags?post=32197"}],"curies":[{"name":"wp","href":"https:\/\/api.w.org\/{rel}","templated":true}]}}