{"id":32189,"date":"2024-10-07T14:59:59","date_gmt":"2024-10-07T17:59:59","guid":{"rendered":"https:\/\/jornaltimoneiro.com.br\/?p=32189"},"modified":"2024-10-07T17:04:00","modified_gmt":"2024-10-07T20:04:00","slug":"mercopar-em-caxias-do-sul-tem-ingressos-e-onibus-gratuitos-para-quem-quiser-participar","status":"publish","type":"post","link":"https:\/\/jornaltimoneiro.com.br\/index.php\/2024\/10\/07\/mercopar-em-caxias-do-sul-tem-ingressos-e-onibus-gratuitos-para-quem-quiser-participar\/","title":{"rendered":"Sebrae vai levar empres\u00e1rios canoenses \u00e0 Mercopar"},"content":{"rendered":"<p>No dia 18 de outubro, o Sebrae promove uma miss\u00e3o empresarial \u00e0 Mercopar 2024, com transporte gratuito de ida e volta e subs\u00eddio total para a participa\u00e7\u00e3o de um dia de feira.<\/p>\n<p>Em Canoas, a sa\u00edda ocorre \u00e0s 11h na sede do Sebrae (Rua Dr. Barcelos, 1073), com paradas posteriores em Esteio, Sapucaia do Sul e S\u00e3o Leopoldo.<\/p>\n<p>A previs\u00e3o de chegada ao evento, em Caxias do Sul, \u00e9 13h30, e o retorno ocorrer\u00e1 \u00e0s 20h, seguindo o mesmo itiner\u00e1rio da ida.<\/p>\n<p>Empres\u00e1rios e profissionais dos setores industrial e de inova\u00e7\u00e3o t\u00eam a oportunidade de integrar essa miss\u00e3o empresarial, que visa promover networking, troca de experi\u00eancias e gera\u00e7\u00e3o de neg\u00f3cios.<\/p>\n<p>Interessados em participar podem se inscrever at\u00e9 o dia 14 de outubro, ou enquanto houver vagas dispon\u00edveis no transporte, no link (https:\/\/forms.gle\/iFki4fYun6HvtKtE7) ou pelo WhatsApp: ( 51) 3427-4368.<\/p>\n<h4>Mercopar 2024<\/h4>\n<p>A Mercopar, considerada a maior feira de inova\u00e7\u00e3o industrial da Am\u00e9rica Latina, chega \u00e0 sua 33\u00aa edi\u00e7\u00e3o, de 15 a 18 de outubro, no Centro de Feiras e Eventos Festa da Uva, em Caxias do Sul.<\/p>\n<p>Organizada pelo Sebrae RS em parceria com a Fiergs, a edi\u00e7\u00e3o de 2023 reuniu 39,5 mil visitantes, 625 expositores e gerou R$ 563 milh\u00f5es em neg\u00f3cios.<\/p>\n<p>A edi\u00e7\u00e3o de 2024 promete oferecer ainda mais oportunidades para o desenvolvimento do setor industrial e de inova\u00e7\u00e3o no Brasil. Para mais informa\u00e7\u00f5es, acesse https:\/\/feira.mercopar.com.br\/24 e siga @mercopar nas redes sociais.<\/p>\n","protected":false},"excerpt":{"rendered":"<p>No dia 18 de outubro, o Sebrae promove uma miss\u00e3o empresarial \u00e0 Mercopar 2024, com transporte gratuito de ida e volta e subs\u00eddio total para a participa\u00e7\u00e3o de um dia de feira. Em Canoas, a sa\u00edda ocorre \u00e0s 11h na sede do Sebrae (Rua Dr. Barcelos, 1073), com paradas posteriores em Esteio, Sapucaia do Sul [&hellip;]<\/p>\n","protected":false},"author":2,"featured_media":32190,"comment_status":"open","ping_status":"open","sticky":false,"template":"","format":"standard","meta":{"amp_status":"","footnotes":""},"categories":[23],"tags":[31,1539,268,1183,2720,3435,253,688],"class_list":["post-32189","post","type-post","status-publish","format-standard","has-post-thumbnail","hentry","category-geral","tag-canoas","tag-caxias-do-sul","tag-evento","tag-inovacao","tag-mercado","tag-mercopar","tag-sao-leopoldo","tag-transporte"],"yoast_head":"<!-- This site is optimized with the Yoast SEO plugin v20.5 - https:\/\/yoast.com\/wordpress\/plugins\/seo\/ -->\n<title>Sebrae vai levar empres\u00e1rios canoenses \u00e0 Mercopar - O Timoneiro Jornal Canoas RS<\/title>\n<meta name=\"description\" content=\"Mercopar, em Caxias do Sul, evento voltado para setores industriais e de alimentos que buscam acesso a inova\u00e7\u00f5es\" \/>\n<meta name=\"robots\" content=\"index, follow, max-snippet:-1, max-image-preview:large, max-video-preview:-1\" \/>\n<link rel=\"canonical\" href=\"https:\/\/jornaltimoneiro.com.br\/index.php\/2024\/10\/07\/mercopar-em-caxias-do-sul-tem-ingressos-e-onibus-gratuitos-para-quem-quiser-participar\/\" \/>\n<meta property=\"og:locale\" content=\"pt_BR\" \/>\n<meta property=\"og:type\" content=\"article\" \/>\n<meta property=\"og:title\" content=\"Sebrae vai levar empres\u00e1rios canoenses \u00e0 Mercopar - O Timoneiro Jornal Canoas RS\" \/>\n<meta property=\"og:description\" content=\"Mercopar, em Caxias do Sul, evento voltado para setores industriais e de alimentos que buscam acesso a inova\u00e7\u00f5es\" \/>\n<meta property=\"og:url\" content=\"https:\/\/jornaltimoneiro.com.br\/index.php\/2024\/10\/07\/mercopar-em-caxias-do-sul-tem-ingressos-e-onibus-gratuitos-para-quem-quiser-participar\/\" \/>\n<meta property=\"og:site_name\" content=\"O Timoneiro Jornal Canoas RS\" \/>\n<meta property=\"article:publisher\" content=\"https:\/\/www.facebook.com\/jornaltimoneiro\" \/>\n<meta property=\"article:published_time\" content=\"2024-10-07T17:59:59+00:00\" \/>\n<meta property=\"article:modified_time\" content=\"2024-10-07T20:04:00+00:00\" \/>\n<meta property=\"og:image\" content=\"https:\/\/jornaltimoneiro.com.br\/wp-content\/uploads\/2024\/10\/Mercopar-em-Caxias-do-Sul-tem-ingressos-e-onibus-gratuitos-para-quem-quiser-participar.jpeg\" \/>\n\t<meta property=\"og:image:width\" content=\"1024\" \/>\n\t<meta property=\"og:image:height\" content=\"683\" \/>\n\t<meta property=\"og:image:type\" content=\"image\/jpeg\" \/>\n<meta name=\"author\" content=\"Reda\u00e7\u00e3o\" \/>\n<meta name=\"twitter:card\" content=\"summary_large_image\" \/>\n<meta name=\"twitter:creator\" content=\"@_OTimoneiro\" \/>\n<meta name=\"twitter:site\" content=\"@_OTimoneiro\" \/>\n<meta name=\"twitter:label1\" content=\"Escrito por\" \/>\n\t<meta name=\"twitter:data1\" content=\"Reda\u00e7\u00e3o\" \/>\n\t<meta name=\"twitter:label2\" content=\"Est. tempo de leitura\" \/>\n\t<meta name=\"twitter:data2\" content=\"2 minutos\" \/>\n<script type=\"application\/ld+json\" class=\"yoast-schema-graph\">{\"@context\":\"https:\/\/schema.org\",\"@graph\":[{\"@type\":\"Article\",\"@id\":\"https:\/\/jornaltimoneiro.com.br\/index.php\/2024\/10\/07\/mercopar-em-caxias-do-sul-tem-ingressos-e-onibus-gratuitos-para-quem-quiser-participar\/#article\",\"isPartOf\":{\"@id\":\"https:\/\/jornaltimoneiro.com.br\/index.php\/2024\/10\/07\/mercopar-em-caxias-do-sul-tem-ingressos-e-onibus-gratuitos-para-quem-quiser-participar\/\"},\"author\":{\"name\":\"Reda\u00e7\u00e3o\",\"@id\":\"https:\/\/jornaltimoneiro.com.br\/#\/schema\/person\/f63482f1a02b1a9592707865e509ab40\"},\"headline\":\"Sebrae vai levar empres\u00e1rios canoenses \u00e0 Mercopar\",\"datePublished\":\"2024-10-07T17:59:59+00:00\",\"dateModified\":\"2024-10-07T20:04:00+00:00\",\"mainEntityOfPage\":{\"@id\":\"https:\/\/jornaltimoneiro.com.br\/index.php\/2024\/10\/07\/mercopar-em-caxias-do-sul-tem-ingressos-e-onibus-gratuitos-para-quem-quiser-participar\/\"},\"wordCount\":255,\"commentCount\":0,\"publisher\":{\"@id\":\"https:\/\/jornaltimoneiro.com.br\/#organization\"},\"keywords\":[\"canoas\",\"Caxias do Sul\",\"evento\",\"Inova\u00e7\u00e3o\",\"mercado\",\"mercopar\",\"S\u00e3o Leopoldo\",\"transporte\"],\"articleSection\":[\"Geral\"],\"inLanguage\":\"pt-BR\",\"potentialAction\":[{\"@type\":\"CommentAction\",\"name\":\"Comment\",\"target\":[\"https:\/\/jornaltimoneiro.com.br\/index.php\/2024\/10\/07\/mercopar-em-caxias-do-sul-tem-ingressos-e-onibus-gratuitos-para-quem-quiser-participar\/#respond\"]}]},{\"@type\":\"WebPage\",\"@id\":\"https:\/\/jornaltimoneiro.com.br\/index.php\/2024\/10\/07\/mercopar-em-caxias-do-sul-tem-ingressos-e-onibus-gratuitos-para-quem-quiser-participar\/\",\"url\":\"https:\/\/jornaltimoneiro.com.br\/index.php\/2024\/10\/07\/mercopar-em-caxias-do-sul-tem-ingressos-e-onibus-gratuitos-para-quem-quiser-participar\/\",\"name\":\"Sebrae vai levar empres\u00e1rios canoenses \u00e0 Mercopar - O Timoneiro Jornal Canoas RS\",\"isPartOf\":{\"@id\":\"https:\/\/jornaltimoneiro.com.br\/#website\"},\"datePublished\":\"2024-10-07T17:59:59+00:00\",\"dateModified\":\"2024-10-07T20:04:00+00:00\",\"description\":\"Mercopar, em Caxias do Sul, evento voltado para setores industriais e de alimentos que buscam acesso a inova\u00e7\u00f5es\",\"breadcrumb\":{\"@id\":\"https:\/\/jornaltimoneiro.com.br\/index.php\/2024\/10\/07\/mercopar-em-caxias-do-sul-tem-ingressos-e-onibus-gratuitos-para-quem-quiser-participar\/#breadcrumb\"},\"inLanguage\":\"pt-BR\",\"potentialAction\":[{\"@type\":\"ReadAction\",\"target\":[\"https:\/\/jornaltimoneiro.com.br\/index.php\/2024\/10\/07\/mercopar-em-caxias-do-sul-tem-ingressos-e-onibus-gratuitos-para-quem-quiser-participar\/\"]}]},{\"@type\":\"BreadcrumbList\",\"@id\":\"https:\/\/jornaltimoneiro.com.br\/index.php\/2024\/10\/07\/mercopar-em-caxias-do-sul-tem-ingressos-e-onibus-gratuitos-para-quem-quiser-participar\/#breadcrumb\",\"itemListElement\":[{\"@type\":\"ListItem\",\"position\":1,\"name\":\"In\u00edcio\",\"item\":\"https:\/\/jornaltimoneiro.com.br\/\"},{\"@type\":\"ListItem\",\"position\":2,\"name\":\"Sebrae vai levar empres\u00e1rios canoenses \u00e0 Mercopar\"}]},{\"@type\":\"WebSite\",\"@id\":\"https:\/\/jornaltimoneiro.com.br\/#website\",\"url\":\"https:\/\/jornaltimoneiro.com.br\/\",\"name\":\"Jornal Timoneiro Canoas RS\",\"description\":\"Jornal O Timoneiro, o verdadeiro jornal de Canoas\",\"publisher\":{\"@id\":\"https:\/\/jornaltimoneiro.com.br\/#organization\"},\"potentialAction\":[{\"@type\":\"SearchAction\",\"target\":{\"@type\":\"EntryPoint\",\"urlTemplate\":\"https:\/\/jornaltimoneiro.com.br\/?s={search_term_string}\"},\"query-input\":\"required name=search_term_string\"}],\"inLanguage\":\"pt-BR\"},{\"@type\":\"Organization\",\"@id\":\"https:\/\/jornaltimoneiro.com.br\/#organization\",\"name\":\"Jornal Timoneiro Canoas RS\",\"url\":\"https:\/\/jornaltimoneiro.com.br\/\",\"logo\":{\"@type\":\"ImageObject\",\"inLanguage\":\"pt-BR\",\"@id\":\"https:\/\/jornaltimoneiro.com.br\/#\/schema\/logo\/image\/\",\"url\":\"https:\/\/jornaltimoneiro.com.br\/wp-content\/uploads\/2023\/03\/logonovo.png\",\"contentUrl\":\"https:\/\/jornaltimoneiro.com.br\/wp-content\/uploads\/2023\/03\/logonovo.png\",\"width\":\"469\",\"height\":\"171\",\"caption\":\"Jornal Timoneiro Canoas RS\"},\"image\":{\"@id\":\"https:\/\/jornaltimoneiro.com.br\/#\/schema\/logo\/image\/\"},\"sameAs\":[\"https:\/\/www.facebook.com\/jornaltimoneiro\",\"https:\/\/twitter.com\/_OTimoneiro\",\"https:\/\/www.instagram.com\/jornaltimoneirocanoas\/\",\"https:\/\/www.youtube.com\/@jornalotimoneiro7927\"]},{\"@type\":\"Person\",\"@id\":\"https:\/\/jornaltimoneiro.com.br\/#\/schema\/person\/f63482f1a02b1a9592707865e509ab40\",\"name\":\"Reda\u00e7\u00e3o\",\"image\":{\"@type\":\"ImageObject\",\"inLanguage\":\"pt-BR\",\"@id\":\"https:\/\/jornaltimoneiro.com.br\/#\/schema\/person\/image\/\",\"url\":\"https:\/\/jornaltimoneiro.com.br\/wp-content\/uploads\/2023\/03\/download.jpeg\",\"contentUrl\":\"https:\/\/jornaltimoneiro.com.br\/wp-content\/uploads\/2023\/03\/download.jpeg\",\"caption\":\"Reda\u00e7\u00e3o\"},\"url\":\"https:\/\/jornaltimoneiro.com.br\/index.php\/author\/simone-dutra\/\"}]}<\/script>\n<!-- \/ Yoast SEO plugin. -->","yoast_head_json":{"title":"Sebrae vai levar empres\u00e1rios canoenses \u00e0 Mercopar - O Timoneiro Jornal Canoas RS","description":"Mercopar, em Caxias do Sul, evento voltado para setores industriais e de alimentos que buscam acesso a inova\u00e7\u00f5es","robots":{"index":"index","follow":"follow","max-snippet":"max-snippet:-1","max-image-preview":"max-image-preview:large","max-video-preview":"max-video-preview:-1"},"canonical":"https:\/\/jornaltimoneiro.com.br\/index.php\/2024\/10\/07\/mercopar-em-caxias-do-sul-tem-ingressos-e-onibus-gratuitos-para-quem-quiser-participar\/","og_locale":"pt_BR","og_type":"article","og_title":"Sebrae vai levar empres\u00e1rios canoenses \u00e0 Mercopar - O Timoneiro Jornal Canoas RS","og_description":"Mercopar, em Caxias do Sul, evento voltado para setores industriais e de alimentos que buscam acesso a inova\u00e7\u00f5es","og_url":"https:\/\/jornaltimoneiro.com.br\/index.php\/2024\/10\/07\/mercopar-em-caxias-do-sul-tem-ingressos-e-onibus-gratuitos-para-quem-quiser-participar\/","og_site_name":"O Timoneiro Jornal Canoas RS","article_publisher":"https:\/\/www.facebook.com\/jornaltimoneiro","article_published_time":"2024-10-07T17:59:59+00:00","article_modified_time":"2024-10-07T20:04:00+00:00","og_image":[{"width":"1024","height":"683","url":"https:\/\/jornaltimoneiro.com.br\/wp-content\/uploads\/2024\/10\/Mercopar-em-Caxias-do-Sul-tem-ingressos-e-onibus-gratuitos-para-quem-quiser-participar.jpeg","type":"image\/jpeg"}],"author":"Reda\u00e7\u00e3o","twitter_card":"summary_large_image","twitter_creator":"@_OTimoneiro","twitter_site":"@_OTimoneiro","twitter_misc":{"Escrito por":"Reda\u00e7\u00e3o","Est. tempo de leitura":"2 minutos"},"schema":{"@context":"https:\/\/schema.org","@graph":[{"@type":"Article","@id":"https:\/\/jornaltimoneiro.com.br\/index.php\/2024\/10\/07\/mercopar-em-caxias-do-sul-tem-ingressos-e-onibus-gratuitos-para-quem-quiser-participar\/#article","isPartOf":{"@id":"https:\/\/jornaltimoneiro.com.br\/index.php\/2024\/10\/07\/mercopar-em-caxias-do-sul-tem-ingressos-e-onibus-gratuitos-para-quem-quiser-participar\/"},"author":{"name":"Reda\u00e7\u00e3o","@id":"https:\/\/jornaltimoneiro.com.br\/#\/schema\/person\/f63482f1a02b1a9592707865e509ab40"},"headline":"Sebrae vai levar empres\u00e1rios canoenses \u00e0 Mercopar","datePublished":"2024-10-07T17:59:59+00:00","dateModified":"2024-10-07T20:04:00+00:00","mainEntityOfPage":{"@id":"https:\/\/jornaltimoneiro.com.br\/index.php\/2024\/10\/07\/mercopar-em-caxias-do-sul-tem-ingressos-e-onibus-gratuitos-para-quem-quiser-participar\/"},"wordCount":255,"commentCount":0,"publisher":{"@id":"https:\/\/jornaltimoneiro.com.br\/#organization"},"keywords":["canoas","Caxias do Sul","evento","Inova\u00e7\u00e3o","mercado","mercopar","S\u00e3o Leopoldo","transporte"],"articleSection":["Geral"],"inLanguage":"pt-BR","potentialAction":[{"@type":"CommentAction","name":"Comment","target":["https:\/\/jornaltimoneiro.com.br\/index.php\/2024\/10\/07\/mercopar-em-caxias-do-sul-tem-ingressos-e-onibus-gratuitos-para-quem-quiser-participar\/#respond"]}]},{"@type":"WebPage","@id":"https:\/\/jornaltimoneiro.com.br\/index.php\/2024\/10\/07\/mercopar-em-caxias-do-sul-tem-ingressos-e-onibus-gratuitos-para-quem-quiser-participar\/","url":"https:\/\/jornaltimoneiro.com.br\/index.php\/2024\/10\/07\/mercopar-em-caxias-do-sul-tem-ingressos-e-onibus-gratuitos-para-quem-quiser-participar\/","name":"Sebrae vai levar empres\u00e1rios canoenses \u00e0 Mercopar - O Timoneiro Jornal Canoas RS","isPartOf":{"@id":"https:\/\/jornaltimoneiro.com.br\/#website"},"datePublished":"2024-10-07T17:59:59+00:00","dateModified":"2024-10-07T20:04:00+00:00","description":"Mercopar, em Caxias do Sul, evento voltado para setores industriais e de alimentos que buscam acesso a inova\u00e7\u00f5es","breadcrumb":{"@id":"https:\/\/jornaltimoneiro.com.br\/index.php\/2024\/10\/07\/mercopar-em-caxias-do-sul-tem-ingressos-e-onibus-gratuitos-para-quem-quiser-participar\/#breadcrumb"},"inLanguage":"pt-BR","potentialAction":[{"@type":"ReadAction","target":["https:\/\/jornaltimoneiro.com.br\/index.php\/2024\/10\/07\/mercopar-em-caxias-do-sul-tem-ingressos-e-onibus-gratuitos-para-quem-quiser-participar\/"]}]},{"@type":"BreadcrumbList","@id":"https:\/\/jornaltimoneiro.com.br\/index.php\/2024\/10\/07\/mercopar-em-caxias-do-sul-tem-ingressos-e-onibus-gratuitos-para-quem-quiser-participar\/#breadcrumb","itemListElement":[{"@type":"ListItem","position":1,"name":"In\u00edcio","item":"https:\/\/jornaltimoneiro.com.br\/"},{"@type":"ListItem","position":2,"name":"Sebrae vai levar empres\u00e1rios canoenses \u00e0 Mercopar"}]},{"@type":"WebSite","@id":"https:\/\/jornaltimoneiro.com.br\/#website","url":"https:\/\/jornaltimoneiro.com.br\/","name":"Jornal Timoneiro Canoas RS","description":"Jornal O Timoneiro, o verdadeiro jornal de Canoas","publisher":{"@id":"https:\/\/jornaltimoneiro.com.br\/#organization"},"potentialAction":[{"@type":"SearchAction","target":{"@type":"EntryPoint","urlTemplate":"https:\/\/jornaltimoneiro.com.br\/?s={search_term_string}"},"query-input":"required name=search_term_string"}],"inLanguage":"pt-BR"},{"@type":"Organization","@id":"https:\/\/jornaltimoneiro.com.br\/#organization","name":"Jornal Timoneiro Canoas RS","url":"https:\/\/jornaltimoneiro.com.br\/","logo":{"@type":"ImageObject","inLanguage":"pt-BR","@id":"https:\/\/jornaltimoneiro.com.br\/#\/schema\/logo\/image\/","url":"https:\/\/jornaltimoneiro.com.br\/wp-content\/uploads\/2023\/03\/logonovo.png","contentUrl":"https:\/\/jornaltimoneiro.com.br\/wp-content\/uploads\/2023\/03\/logonovo.png","width":"469","height":"171","caption":"Jornal Timoneiro Canoas RS"},"image":{"@id":"https:\/\/jornaltimoneiro.com.br\/#\/schema\/logo\/image\/"},"sameAs":["https:\/\/www.facebook.com\/jornaltimoneiro","https:\/\/twitter.com\/_OTimoneiro","https:\/\/www.instagram.com\/jornaltimoneirocanoas\/","https:\/\/www.youtube.com\/@jornalotimoneiro7927"]},{"@type":"Person","@id":"https:\/\/jornaltimoneiro.com.br\/#\/schema\/person\/f63482f1a02b1a9592707865e509ab40","name":"Reda\u00e7\u00e3o","image":{"@type":"ImageObject","inLanguage":"pt-BR","@id":"https:\/\/jornaltimoneiro.com.br\/#\/schema\/person\/image\/","url":"https:\/\/jornaltimoneiro.com.br\/wp-content\/uploads\/2023\/03\/download.jpeg","contentUrl":"https:\/\/jornaltimoneiro.com.br\/wp-content\/uploads\/2023\/03\/download.jpeg","caption":"Reda\u00e7\u00e3o"},"url":"https:\/\/jornaltimoneiro.com.br\/index.php\/author\/simone-dutra\/"}]}},"_links":{"self":[{"href":"https:\/\/jornaltimoneiro.com.br\/index.php\/wp-json\/wp\/v2\/posts\/32189"}],"collection":[{"href":"https:\/\/jornaltimoneiro.com.br\/index.php\/wp-json\/wp\/v2\/posts"}],"about":[{"href":"https:\/\/jornaltimoneiro.com.br\/index.php\/wp-json\/wp\/v2\/types\/post"}],"author":[{"embeddable":true,"href":"https:\/\/jornaltimoneiro.com.br\/index.php\/wp-json\/wp\/v2\/users\/2"}],"replies":[{"embeddable":true,"href":"https:\/\/jornaltimoneiro.com.br\/index.php\/wp-json\/wp\/v2\/comments?post=32189"}],"version-history":[{"count":3,"href":"https:\/\/jornaltimoneiro.com.br\/index.php\/wp-json\/wp\/v2\/posts\/32189\/revisions"}],"predecessor-version":[{"id":32193,"href":"https:\/\/jornaltimoneiro.com.br\/index.php\/wp-json\/wp\/v2\/posts\/32189\/revisions\/32193"}],"wp:featuredmedia":[{"embeddable":true,"href":"https:\/\/jornaltimoneiro.com.br\/index.php\/wp-json\/wp\/v2\/media\/32190"}],"wp:attachment":[{"href":"https:\/\/jornaltimoneiro.com.br\/index.php\/wp-json\/wp\/v2\/media?parent=32189"}],"wp:term":[{"taxonomy":"category","embeddable":true,"href":"https:\/\/jornaltimoneiro.com.br\/index.php\/wp-json\/wp\/v2\/categories?post=32189"},{"taxonomy":"post_tag","embeddable":true,"href":"https:\/\/jornaltimoneiro.com.br\/index.php\/wp-json\/wp\/v2\/tags?post=32189"}],"curies":[{"name":"wp","href":"https:\/\/api.w.org\/{rel}","templated":true}]}}