{"id":32091,"date":"2024-10-01T16:58:53","date_gmt":"2024-10-01T19:58:53","guid":{"rendered":"https:\/\/jornaltimoneiro.com.br\/?p=32091"},"modified":"2024-10-01T16:58:53","modified_gmt":"2024-10-01T19:58:53","slug":"ataques-no-oriente-medio-preocupam-o-mundo-entenda-o-conflito","status":"publish","type":"post","link":"https:\/\/jornaltimoneiro.com.br\/index.php\/2024\/10\/01\/ataques-no-oriente-medio-preocupam-o-mundo-entenda-o-conflito\/","title":{"rendered":"Ataques no Oriente M\u00e9dio preocupam o mundo; entenda o conflito"},"content":{"rendered":"<h6>Imagem: \u00a9 REUTERS\/Fadi Whadi<\/h6>\n<p>Pela primeira vez quase vinte anos ap\u00f3s guerra entre os dois pa\u00edses, as For\u00e7as de Defesa de Israel entraram no territ\u00f3rio do L\u00edbano por terra.<\/p>\n<p>Na segunda-feira, 30, Israel utilizou as redes sociais para explicar que a invas\u00e3o era localizada e o objetivo era acertar alvos do Hezbollah no sul do pa\u00eds.<\/p>\n<p>Isto porque um grupo extremista Hezbollah teria come\u00e7ado a atacar Israel no dia 7 de outubro de 2023, em apoio ao grupo terrorista Hamas, que atua na Faixa de Gaza.<\/p>\n<h4><strong>Hezbollah e morte de l\u00edder<\/strong><\/h4>\n<p>O Hezbollah \u00e9 um grupo paramilitar liban\u00eas formado em 1980 em meio aos conflitos do L\u00edbano com o pa\u00eds vizinho, que come\u00e7aram quando o Estado de Israel foi fundado, em 1947.<\/p>\n<p>Apesar de anos de tens\u00e3o e guerras, o clima esquentou na semana passada com ataques a\u00e9reos de Israel na regi\u00e3o de Beqaa, no sul do L\u00edbano, matando mais de 500 pessoas, al\u00e9m de Hassan Nasrallah, principal lideran\u00e7a do Hezbollah e o l\u00edder do Hamas, Fateh Sherif Abu el-Amin.<\/p>\n<p>Em um discurso transmitido pela televis\u00e3o, antes de morrer, Nasrallah afirmou que o grupo jamais deixaria de apoiar Gaza.<\/p>\n<blockquote><p>\u201cN\u00e3o importa os sacrif\u00edcios, consequ\u00eancias ou possibilidades futuras, a resist\u00eancia no L\u00edbano n\u00e3o deixar\u00e1 de apoiar Gaza\u201d, disse.<\/p><\/blockquote>\n<p>Na segunda-feira, 30, o grupo chegou a falar que estava preparado para caso Israel invadisse o territ\u00f3rio do L\u00edbano, e no mesmo dia, o primeiro-ministro israelense, Benjamin Netanyahu, disse que \u201cn\u00e3o h\u00e1 lugar no Oriente M\u00e9dio que Israel n\u00e3o possa alcan\u00e7ar\u201d para eliminar seus inimigos.<\/p>\n<h4><strong>Preocupa\u00e7\u00e3o mundial<\/strong><\/h4>\n<p>Os ataques no Oriente M\u00e9dio entre Ir\u00e3, Hezbollah e Israel\u00a0preocupam a comunidade internacional. Nesta ter\u00e7a-feira, 1\u00ba de outubro, o Ir\u00e3 \u2013 principal rival de Israel no Oriente M\u00e9dio, entrou no conflito e atacou o pa\u00eds de Benjamin Netanyahu.<\/p>\n<p>E, diante do risco de uma guerra total, as tens\u00f5es na regi\u00e3o tornaram-se no tema central da Assembleia Geral da ONU. O secret\u00e1rio-geral das Na\u00e7\u00f5es Unidas, Ant\u00f3nio Guterres, afirmou que o mundo n\u00e3o pode deixar que o L\u00edbano se torne uma nova Gaza.<\/p>\n<p>&nbsp;<\/p>\n","protected":false},"excerpt":{"rendered":"<p>Imagem: \u00a9 REUTERS\/Fadi Whadi Pela primeira vez quase vinte anos ap\u00f3s guerra entre os dois pa\u00edses, as For\u00e7as de Defesa de Israel entraram no territ\u00f3rio do L\u00edbano por terra. Na segunda-feira, 30, Israel utilizou as redes sociais para explicar que a invas\u00e3o era localizada e o objetivo era acertar alvos do Hezbollah no sul do [&hellip;]<\/p>\n","protected":false},"author":2,"featured_media":32092,"comment_status":"open","ping_status":"open","sticky":false,"template":"","format":"standard","meta":{"amp_status":"","footnotes":""},"categories":[3406],"tags":[3412,3407,3411,1497,1994,3410,1115,3409,425,1646,2992,3408],"class_list":["post-32091","post","type-post","status-publish","format-standard","has-post-thumbnail","hentry","category-mundo","tag-ataque","tag-conflito","tag-gaza","tag-guerra","tag-hamas","tag-ira","tag-israel","tag-libano","tag-morte","tag-mundo","tag-onu","tag-oriente-medio"],"yoast_head":"<!-- This site is optimized with the Yoast SEO plugin v20.5 - https:\/\/yoast.com\/wordpress\/plugins\/seo\/ -->\n<title>Ataques no Oriente M\u00e9dio preocupam o mundo; entenda o conflito - O Timoneiro Jornal Canoas RS<\/title>\n<meta name=\"description\" content=\"Pela primeira vez quase vinte anos ap\u00f3s guerra entre os dois pa\u00edses, as For\u00e7as de Defesa de Israel entraram no territ\u00f3rio do L\u00edbano por terra.\" \/>\n<meta name=\"robots\" content=\"index, follow, max-snippet:-1, max-image-preview:large, max-video-preview:-1\" \/>\n<link rel=\"canonical\" href=\"https:\/\/jornaltimoneiro.com.br\/index.php\/2024\/10\/01\/ataques-no-oriente-medio-preocupam-o-mundo-entenda-o-conflito\/\" \/>\n<meta property=\"og:locale\" content=\"pt_BR\" \/>\n<meta property=\"og:type\" content=\"article\" \/>\n<meta property=\"og:title\" content=\"Ataques no Oriente M\u00e9dio preocupam o mundo; entenda o conflito - O Timoneiro Jornal Canoas RS\" \/>\n<meta property=\"og:description\" content=\"Pela primeira vez quase vinte anos ap\u00f3s guerra entre os dois pa\u00edses, as For\u00e7as de Defesa de Israel entraram no territ\u00f3rio do L\u00edbano por terra.\" \/>\n<meta property=\"og:url\" content=\"https:\/\/jornaltimoneiro.com.br\/index.php\/2024\/10\/01\/ataques-no-oriente-medio-preocupam-o-mundo-entenda-o-conflito\/\" \/>\n<meta property=\"og:site_name\" content=\"O Timoneiro Jornal Canoas RS\" \/>\n<meta property=\"article:publisher\" content=\"https:\/\/www.facebook.com\/jornaltimoneiro\" \/>\n<meta property=\"article:published_time\" content=\"2024-10-01T19:58:53+00:00\" \/>\n<meta property=\"og:image\" content=\"https:\/\/jornaltimoneiro.com.br\/wp-content\/uploads\/2024\/10\/Ataques-no-Oriente-Medio-preocupam-o-mundo-entenda-o-conflito.jpeg\" \/>\n\t<meta property=\"og:image:width\" content=\"1080\" \/>\n\t<meta property=\"og:image:height\" content=\"646\" \/>\n\t<meta property=\"og:image:type\" content=\"image\/jpeg\" \/>\n<meta name=\"author\" content=\"Reda\u00e7\u00e3o\" \/>\n<meta name=\"twitter:card\" content=\"summary_large_image\" \/>\n<meta name=\"twitter:creator\" content=\"@_OTimoneiro\" \/>\n<meta name=\"twitter:site\" content=\"@_OTimoneiro\" \/>\n<meta name=\"twitter:label1\" content=\"Escrito por\" \/>\n\t<meta name=\"twitter:data1\" content=\"Reda\u00e7\u00e3o\" \/>\n\t<meta name=\"twitter:label2\" content=\"Est. tempo de leitura\" \/>\n\t<meta name=\"twitter:data2\" content=\"2 minutos\" \/>\n<script type=\"application\/ld+json\" class=\"yoast-schema-graph\">{\"@context\":\"https:\/\/schema.org\",\"@graph\":[{\"@type\":\"Article\",\"@id\":\"https:\/\/jornaltimoneiro.com.br\/index.php\/2024\/10\/01\/ataques-no-oriente-medio-preocupam-o-mundo-entenda-o-conflito\/#article\",\"isPartOf\":{\"@id\":\"https:\/\/jornaltimoneiro.com.br\/index.php\/2024\/10\/01\/ataques-no-oriente-medio-preocupam-o-mundo-entenda-o-conflito\/\"},\"author\":{\"name\":\"Reda\u00e7\u00e3o\",\"@id\":\"https:\/\/jornaltimoneiro.com.br\/#\/schema\/person\/f63482f1a02b1a9592707865e509ab40\"},\"headline\":\"Ataques no Oriente M\u00e9dio preocupam o mundo; entenda o conflito\",\"datePublished\":\"2024-10-01T19:58:53+00:00\",\"dateModified\":\"2024-10-01T19:58:53+00:00\",\"mainEntityOfPage\":{\"@id\":\"https:\/\/jornaltimoneiro.com.br\/index.php\/2024\/10\/01\/ataques-no-oriente-medio-preocupam-o-mundo-entenda-o-conflito\/\"},\"wordCount\":383,\"commentCount\":0,\"publisher\":{\"@id\":\"https:\/\/jornaltimoneiro.com.br\/#organization\"},\"keywords\":[\"ataque\",\"conflito\",\"gaza\",\"guerra\",\"hamas\",\"ir\u00e3\",\"Israel\",\"l\u00edbano\",\"morte\",\"mundo\",\"ONU\",\"oriente m\u00e9dio\"],\"articleSection\":[\"Mundo\"],\"inLanguage\":\"pt-BR\",\"potentialAction\":[{\"@type\":\"CommentAction\",\"name\":\"Comment\",\"target\":[\"https:\/\/jornaltimoneiro.com.br\/index.php\/2024\/10\/01\/ataques-no-oriente-medio-preocupam-o-mundo-entenda-o-conflito\/#respond\"]}]},{\"@type\":\"WebPage\",\"@id\":\"https:\/\/jornaltimoneiro.com.br\/index.php\/2024\/10\/01\/ataques-no-oriente-medio-preocupam-o-mundo-entenda-o-conflito\/\",\"url\":\"https:\/\/jornaltimoneiro.com.br\/index.php\/2024\/10\/01\/ataques-no-oriente-medio-preocupam-o-mundo-entenda-o-conflito\/\",\"name\":\"Ataques no Oriente M\u00e9dio preocupam o mundo; entenda o conflito - O Timoneiro Jornal Canoas RS\",\"isPartOf\":{\"@id\":\"https:\/\/jornaltimoneiro.com.br\/#website\"},\"datePublished\":\"2024-10-01T19:58:53+00:00\",\"dateModified\":\"2024-10-01T19:58:53+00:00\",\"description\":\"Pela primeira vez quase vinte anos ap\u00f3s guerra entre os dois pa\u00edses, as For\u00e7as de Defesa de Israel entraram no territ\u00f3rio do L\u00edbano por terra.\",\"breadcrumb\":{\"@id\":\"https:\/\/jornaltimoneiro.com.br\/index.php\/2024\/10\/01\/ataques-no-oriente-medio-preocupam-o-mundo-entenda-o-conflito\/#breadcrumb\"},\"inLanguage\":\"pt-BR\",\"potentialAction\":[{\"@type\":\"ReadAction\",\"target\":[\"https:\/\/jornaltimoneiro.com.br\/index.php\/2024\/10\/01\/ataques-no-oriente-medio-preocupam-o-mundo-entenda-o-conflito\/\"]}]},{\"@type\":\"BreadcrumbList\",\"@id\":\"https:\/\/jornaltimoneiro.com.br\/index.php\/2024\/10\/01\/ataques-no-oriente-medio-preocupam-o-mundo-entenda-o-conflito\/#breadcrumb\",\"itemListElement\":[{\"@type\":\"ListItem\",\"position\":1,\"name\":\"In\u00edcio\",\"item\":\"https:\/\/jornaltimoneiro.com.br\/\"},{\"@type\":\"ListItem\",\"position\":2,\"name\":\"Ataques no Oriente M\u00e9dio preocupam o mundo; entenda o conflito\"}]},{\"@type\":\"WebSite\",\"@id\":\"https:\/\/jornaltimoneiro.com.br\/#website\",\"url\":\"https:\/\/jornaltimoneiro.com.br\/\",\"name\":\"Jornal Timoneiro Canoas RS\",\"description\":\"Jornal O Timoneiro, o verdadeiro jornal de Canoas\",\"publisher\":{\"@id\":\"https:\/\/jornaltimoneiro.com.br\/#organization\"},\"potentialAction\":[{\"@type\":\"SearchAction\",\"target\":{\"@type\":\"EntryPoint\",\"urlTemplate\":\"https:\/\/jornaltimoneiro.com.br\/?s={search_term_string}\"},\"query-input\":\"required name=search_term_string\"}],\"inLanguage\":\"pt-BR\"},{\"@type\":\"Organization\",\"@id\":\"https:\/\/jornaltimoneiro.com.br\/#organization\",\"name\":\"Jornal Timoneiro Canoas RS\",\"url\":\"https:\/\/jornaltimoneiro.com.br\/\",\"logo\":{\"@type\":\"ImageObject\",\"inLanguage\":\"pt-BR\",\"@id\":\"https:\/\/jornaltimoneiro.com.br\/#\/schema\/logo\/image\/\",\"url\":\"https:\/\/jornaltimoneiro.com.br\/wp-content\/uploads\/2023\/03\/logonovo.png\",\"contentUrl\":\"https:\/\/jornaltimoneiro.com.br\/wp-content\/uploads\/2023\/03\/logonovo.png\",\"width\":\"469\",\"height\":\"171\",\"caption\":\"Jornal Timoneiro Canoas RS\"},\"image\":{\"@id\":\"https:\/\/jornaltimoneiro.com.br\/#\/schema\/logo\/image\/\"},\"sameAs\":[\"https:\/\/www.facebook.com\/jornaltimoneiro\",\"https:\/\/twitter.com\/_OTimoneiro\",\"https:\/\/www.instagram.com\/jornaltimoneirocanoas\/\",\"https:\/\/www.youtube.com\/@jornalotimoneiro7927\"]},{\"@type\":\"Person\",\"@id\":\"https:\/\/jornaltimoneiro.com.br\/#\/schema\/person\/f63482f1a02b1a9592707865e509ab40\",\"name\":\"Reda\u00e7\u00e3o\",\"image\":{\"@type\":\"ImageObject\",\"inLanguage\":\"pt-BR\",\"@id\":\"https:\/\/jornaltimoneiro.com.br\/#\/schema\/person\/image\/\",\"url\":\"https:\/\/jornaltimoneiro.com.br\/wp-content\/uploads\/2023\/03\/download.jpeg\",\"contentUrl\":\"https:\/\/jornaltimoneiro.com.br\/wp-content\/uploads\/2023\/03\/download.jpeg\",\"caption\":\"Reda\u00e7\u00e3o\"},\"url\":\"https:\/\/jornaltimoneiro.com.br\/index.php\/author\/simone-dutra\/\"}]}<\/script>\n<!-- \/ Yoast SEO plugin. -->","yoast_head_json":{"title":"Ataques no Oriente M\u00e9dio preocupam o mundo; entenda o conflito - O Timoneiro Jornal Canoas RS","description":"Pela primeira vez quase vinte anos ap\u00f3s guerra entre os dois pa\u00edses, as For\u00e7as de Defesa de Israel entraram no territ\u00f3rio do L\u00edbano por terra.","robots":{"index":"index","follow":"follow","max-snippet":"max-snippet:-1","max-image-preview":"max-image-preview:large","max-video-preview":"max-video-preview:-1"},"canonical":"https:\/\/jornaltimoneiro.com.br\/index.php\/2024\/10\/01\/ataques-no-oriente-medio-preocupam-o-mundo-entenda-o-conflito\/","og_locale":"pt_BR","og_type":"article","og_title":"Ataques no Oriente M\u00e9dio preocupam o mundo; entenda o conflito - O Timoneiro Jornal Canoas RS","og_description":"Pela primeira vez quase vinte anos ap\u00f3s guerra entre os dois pa\u00edses, as For\u00e7as de Defesa de Israel entraram no territ\u00f3rio do L\u00edbano por terra.","og_url":"https:\/\/jornaltimoneiro.com.br\/index.php\/2024\/10\/01\/ataques-no-oriente-medio-preocupam-o-mundo-entenda-o-conflito\/","og_site_name":"O Timoneiro Jornal Canoas RS","article_publisher":"https:\/\/www.facebook.com\/jornaltimoneiro","article_published_time":"2024-10-01T19:58:53+00:00","og_image":[{"width":"1080","height":"646","url":"https:\/\/jornaltimoneiro.com.br\/wp-content\/uploads\/2024\/10\/Ataques-no-Oriente-Medio-preocupam-o-mundo-entenda-o-conflito.jpeg","type":"image\/jpeg"}],"author":"Reda\u00e7\u00e3o","twitter_card":"summary_large_image","twitter_creator":"@_OTimoneiro","twitter_site":"@_OTimoneiro","twitter_misc":{"Escrito por":"Reda\u00e7\u00e3o","Est. tempo de leitura":"2 minutos"},"schema":{"@context":"https:\/\/schema.org","@graph":[{"@type":"Article","@id":"https:\/\/jornaltimoneiro.com.br\/index.php\/2024\/10\/01\/ataques-no-oriente-medio-preocupam-o-mundo-entenda-o-conflito\/#article","isPartOf":{"@id":"https:\/\/jornaltimoneiro.com.br\/index.php\/2024\/10\/01\/ataques-no-oriente-medio-preocupam-o-mundo-entenda-o-conflito\/"},"author":{"name":"Reda\u00e7\u00e3o","@id":"https:\/\/jornaltimoneiro.com.br\/#\/schema\/person\/f63482f1a02b1a9592707865e509ab40"},"headline":"Ataques no Oriente M\u00e9dio preocupam o mundo; entenda o conflito","datePublished":"2024-10-01T19:58:53+00:00","dateModified":"2024-10-01T19:58:53+00:00","mainEntityOfPage":{"@id":"https:\/\/jornaltimoneiro.com.br\/index.php\/2024\/10\/01\/ataques-no-oriente-medio-preocupam-o-mundo-entenda-o-conflito\/"},"wordCount":383,"commentCount":0,"publisher":{"@id":"https:\/\/jornaltimoneiro.com.br\/#organization"},"keywords":["ataque","conflito","gaza","guerra","hamas","ir\u00e3","Israel","l\u00edbano","morte","mundo","ONU","oriente m\u00e9dio"],"articleSection":["Mundo"],"inLanguage":"pt-BR","potentialAction":[{"@type":"CommentAction","name":"Comment","target":["https:\/\/jornaltimoneiro.com.br\/index.php\/2024\/10\/01\/ataques-no-oriente-medio-preocupam-o-mundo-entenda-o-conflito\/#respond"]}]},{"@type":"WebPage","@id":"https:\/\/jornaltimoneiro.com.br\/index.php\/2024\/10\/01\/ataques-no-oriente-medio-preocupam-o-mundo-entenda-o-conflito\/","url":"https:\/\/jornaltimoneiro.com.br\/index.php\/2024\/10\/01\/ataques-no-oriente-medio-preocupam-o-mundo-entenda-o-conflito\/","name":"Ataques no Oriente M\u00e9dio preocupam o mundo; entenda o conflito - O Timoneiro Jornal Canoas RS","isPartOf":{"@id":"https:\/\/jornaltimoneiro.com.br\/#website"},"datePublished":"2024-10-01T19:58:53+00:00","dateModified":"2024-10-01T19:58:53+00:00","description":"Pela primeira vez quase vinte anos ap\u00f3s guerra entre os dois pa\u00edses, as For\u00e7as de Defesa de Israel entraram no territ\u00f3rio do L\u00edbano por terra.","breadcrumb":{"@id":"https:\/\/jornaltimoneiro.com.br\/index.php\/2024\/10\/01\/ataques-no-oriente-medio-preocupam-o-mundo-entenda-o-conflito\/#breadcrumb"},"inLanguage":"pt-BR","potentialAction":[{"@type":"ReadAction","target":["https:\/\/jornaltimoneiro.com.br\/index.php\/2024\/10\/01\/ataques-no-oriente-medio-preocupam-o-mundo-entenda-o-conflito\/"]}]},{"@type":"BreadcrumbList","@id":"https:\/\/jornaltimoneiro.com.br\/index.php\/2024\/10\/01\/ataques-no-oriente-medio-preocupam-o-mundo-entenda-o-conflito\/#breadcrumb","itemListElement":[{"@type":"ListItem","position":1,"name":"In\u00edcio","item":"https:\/\/jornaltimoneiro.com.br\/"},{"@type":"ListItem","position":2,"name":"Ataques no Oriente M\u00e9dio preocupam o mundo; entenda o conflito"}]},{"@type":"WebSite","@id":"https:\/\/jornaltimoneiro.com.br\/#website","url":"https:\/\/jornaltimoneiro.com.br\/","name":"Jornal Timoneiro Canoas RS","description":"Jornal O Timoneiro, o verdadeiro jornal de Canoas","publisher":{"@id":"https:\/\/jornaltimoneiro.com.br\/#organization"},"potentialAction":[{"@type":"SearchAction","target":{"@type":"EntryPoint","urlTemplate":"https:\/\/jornaltimoneiro.com.br\/?s={search_term_string}"},"query-input":"required name=search_term_string"}],"inLanguage":"pt-BR"},{"@type":"Organization","@id":"https:\/\/jornaltimoneiro.com.br\/#organization","name":"Jornal Timoneiro Canoas RS","url":"https:\/\/jornaltimoneiro.com.br\/","logo":{"@type":"ImageObject","inLanguage":"pt-BR","@id":"https:\/\/jornaltimoneiro.com.br\/#\/schema\/logo\/image\/","url":"https:\/\/jornaltimoneiro.com.br\/wp-content\/uploads\/2023\/03\/logonovo.png","contentUrl":"https:\/\/jornaltimoneiro.com.br\/wp-content\/uploads\/2023\/03\/logonovo.png","width":"469","height":"171","caption":"Jornal Timoneiro Canoas RS"},"image":{"@id":"https:\/\/jornaltimoneiro.com.br\/#\/schema\/logo\/image\/"},"sameAs":["https:\/\/www.facebook.com\/jornaltimoneiro","https:\/\/twitter.com\/_OTimoneiro","https:\/\/www.instagram.com\/jornaltimoneirocanoas\/","https:\/\/www.youtube.com\/@jornalotimoneiro7927"]},{"@type":"Person","@id":"https:\/\/jornaltimoneiro.com.br\/#\/schema\/person\/f63482f1a02b1a9592707865e509ab40","name":"Reda\u00e7\u00e3o","image":{"@type":"ImageObject","inLanguage":"pt-BR","@id":"https:\/\/jornaltimoneiro.com.br\/#\/schema\/person\/image\/","url":"https:\/\/jornaltimoneiro.com.br\/wp-content\/uploads\/2023\/03\/download.jpeg","contentUrl":"https:\/\/jornaltimoneiro.com.br\/wp-content\/uploads\/2023\/03\/download.jpeg","caption":"Reda\u00e7\u00e3o"},"url":"https:\/\/jornaltimoneiro.com.br\/index.php\/author\/simone-dutra\/"}]}},"_links":{"self":[{"href":"https:\/\/jornaltimoneiro.com.br\/index.php\/wp-json\/wp\/v2\/posts\/32091"}],"collection":[{"href":"https:\/\/jornaltimoneiro.com.br\/index.php\/wp-json\/wp\/v2\/posts"}],"about":[{"href":"https:\/\/jornaltimoneiro.com.br\/index.php\/wp-json\/wp\/v2\/types\/post"}],"author":[{"embeddable":true,"href":"https:\/\/jornaltimoneiro.com.br\/index.php\/wp-json\/wp\/v2\/users\/2"}],"replies":[{"embeddable":true,"href":"https:\/\/jornaltimoneiro.com.br\/index.php\/wp-json\/wp\/v2\/comments?post=32091"}],"version-history":[{"count":1,"href":"https:\/\/jornaltimoneiro.com.br\/index.php\/wp-json\/wp\/v2\/posts\/32091\/revisions"}],"predecessor-version":[{"id":32093,"href":"https:\/\/jornaltimoneiro.com.br\/index.php\/wp-json\/wp\/v2\/posts\/32091\/revisions\/32093"}],"wp:featuredmedia":[{"embeddable":true,"href":"https:\/\/jornaltimoneiro.com.br\/index.php\/wp-json\/wp\/v2\/media\/32092"}],"wp:attachment":[{"href":"https:\/\/jornaltimoneiro.com.br\/index.php\/wp-json\/wp\/v2\/media?parent=32091"}],"wp:term":[{"taxonomy":"category","embeddable":true,"href":"https:\/\/jornaltimoneiro.com.br\/index.php\/wp-json\/wp\/v2\/categories?post=32091"},{"taxonomy":"post_tag","embeddable":true,"href":"https:\/\/jornaltimoneiro.com.br\/index.php\/wp-json\/wp\/v2\/tags?post=32091"}],"curies":[{"name":"wp","href":"https:\/\/api.w.org\/{rel}","templated":true}]}}