{"id":32084,"date":"2024-10-01T14:22:36","date_gmt":"2024-10-01T17:22:36","guid":{"rendered":"https:\/\/jornaltimoneiro.com.br\/?p=32084"},"modified":"2024-10-01T14:25:29","modified_gmt":"2024-10-01T17:25:29","slug":"nova-santa-rita-tera-passe-livre-nas-eleicoes","status":"publish","type":"post","link":"https:\/\/jornaltimoneiro.com.br\/index.php\/2024\/10\/01\/nova-santa-rita-tera-passe-livre-nas-eleicoes\/","title":{"rendered":"Nova Santa Rita ter\u00e1 passe livre nas elei\u00e7\u00f5es"},"content":{"rendered":"<p>Eleitores e eleitoras de Nova Santa Rita ter\u00e3o gratuidade no transporte coletivo da cidade durante o domingo das elei\u00e7\u00f5es municipais, que ocorre nesse fim de semana, dia 6 de outubro. O passe livre vale para todas as pessoas que necessitem do sistema, o que deve permitir acesso facilitado aos locais de vota\u00e7\u00e3o.<\/p>\n<p>Os tradicionais &#8220;vermelhinhos&#8221; operar\u00e3o com a tabela hor\u00e1ria dos dias \u00fateis. O servi\u00e7o estar\u00e1 dispon\u00edvel das 7h \u00e0s 18h, conforme determina\u00e7\u00e3o do Tribunal Superior Eleitoral (TSE), por meio da resolu\u00e7\u00e3o 23736\/2024.<\/p>\n<p>A vota\u00e7\u00e3o \u00e9 um direito e uma responsabilidade dos cidad\u00e3os (\u00e3s), sendo fundamental para o funcionamento da democracia. \u00c9 importante que os(as) eleitores(as) estejam preparados(as) para o ato de votar.<\/p>\n<p>Para isso, \u00e9 necess\u00e1rio levar um documento de identifica\u00e7\u00e3o, que pode ser o t\u00edtulo de eleitor, seja em formato f\u00edsico ou eletr\u00f4nico. \u00c9 fundamental que a pessoa fa\u00e7a, com anteced\u00eancia, a confer\u00eancia de seus dados no cadastro eleitoral, garantindo assim que o processo de vota\u00e7\u00e3o ocorra sem contratempos.<\/p>\n<h4>Sobre a vota\u00e7\u00e3o<\/h4>\n<p>No aplicativo da Justi\u00e7a Eleitoral, o e-T\u00edtulo, e o site do TSE \u00e9 poss\u00edvel verificar a zona e a se\u00e7\u00e3o eleitoral.<\/p>\n<p>O local de vota\u00e7\u00e3o j\u00e1 aparecer\u00e1 atualizado. Portanto, se foi feita uma solicita\u00e7\u00e3o de transfer\u00eancia tempor\u00e1ria da se\u00e7\u00e3o eleitoral dentro do mesmo munic\u00edpio, a pesquisa indicar\u00e1 o novo lugar a que o eleitor dever\u00e1 comparecer, com endere\u00e7o completo do local, zona e se\u00e7\u00e3o. .<\/p>\n<p>O voto \u00e9 obrigat\u00f3rio para maiores de 18 anos, at\u00e9 69 anos. \u00c9 facultativo a pessoas analfabetas, maiores de 70 anos e quem tem entre 16 e 18 anos.<\/p>\n","protected":false},"excerpt":{"rendered":"<p>Eleitores e eleitoras de Nova Santa Rita ter\u00e3o gratuidade no transporte coletivo da cidade durante o domingo das elei\u00e7\u00f5es municipais, que ocorre nesse fim de semana, dia 6 de outubro. O passe livre vale para todas as pessoas que necessitem do sistema, o que deve permitir acesso facilitado aos locais de vota\u00e7\u00e3o. Os tradicionais &#8220;vermelhinhos&#8221; [&hellip;]<\/p>\n","protected":false},"author":2,"featured_media":32089,"comment_status":"open","ping_status":"open","sticky":false,"template":"","format":"standard","meta":{"amp_status":"","footnotes":""},"categories":[3142],"tags":[3405,49,3404,262,214,213,80,58],"class_list":["post-32084","post","type-post","status-publish","format-standard","has-post-thumbnail","hentry","category-eleicoes-2024","tag-6-de-outubro","tag-eleicoes","tag-gratuidade","tag-nova-santa-rita","tag-regiao-metropolitana","tag-rio-grande-do-sul","tag-rs","tag-transporte-publico"],"yoast_head":"<!-- This site is optimized with the Yoast SEO plugin v20.5 - https:\/\/yoast.com\/wordpress\/plugins\/seo\/ -->\n<title>Nova Santa Rita ter\u00e1 passe livre nas elei\u00e7\u00f5es - O Timoneiro Jornal Canoas RS<\/title>\n<meta name=\"description\" content=\"Eleitores e eleitoras de Nova Santa Rita ter\u00e3o gratuidade no transporte coletivo da cidade durante o domingo das elei\u00e7\u00f5es municipais\" \/>\n<meta name=\"robots\" content=\"index, follow, max-snippet:-1, max-image-preview:large, max-video-preview:-1\" \/>\n<link rel=\"canonical\" href=\"https:\/\/jornaltimoneiro.com.br\/index.php\/2024\/10\/01\/nova-santa-rita-tera-passe-livre-nas-eleicoes\/\" \/>\n<meta property=\"og:locale\" content=\"pt_BR\" \/>\n<meta property=\"og:type\" content=\"article\" \/>\n<meta property=\"og:title\" content=\"Nova Santa Rita ter\u00e1 passe livre nas elei\u00e7\u00f5es - O Timoneiro Jornal Canoas RS\" \/>\n<meta property=\"og:description\" content=\"Eleitores e eleitoras de Nova Santa Rita ter\u00e3o gratuidade no transporte coletivo da cidade durante o domingo das elei\u00e7\u00f5es municipais\" \/>\n<meta property=\"og:url\" content=\"https:\/\/jornaltimoneiro.com.br\/index.php\/2024\/10\/01\/nova-santa-rita-tera-passe-livre-nas-eleicoes\/\" \/>\n<meta property=\"og:site_name\" content=\"O Timoneiro Jornal Canoas RS\" \/>\n<meta property=\"article:publisher\" content=\"https:\/\/www.facebook.com\/jornaltimoneiro\" \/>\n<meta property=\"article:published_time\" content=\"2024-10-01T17:22:36+00:00\" \/>\n<meta property=\"article:modified_time\" content=\"2024-10-01T17:25:29+00:00\" \/>\n<meta property=\"og:image\" content=\"https:\/\/jornaltimoneiro.com.br\/wp-content\/uploads\/2024\/10\/Eleicoes-Nova-Santa-Rita.jpeg\" \/>\n\t<meta property=\"og:image:width\" content=\"1080\" \/>\n\t<meta property=\"og:image:height\" content=\"607\" \/>\n\t<meta property=\"og:image:type\" content=\"image\/jpeg\" \/>\n<meta name=\"author\" content=\"Reda\u00e7\u00e3o\" \/>\n<meta name=\"twitter:card\" content=\"summary_large_image\" \/>\n<meta name=\"twitter:creator\" content=\"@_OTimoneiro\" \/>\n<meta name=\"twitter:site\" content=\"@_OTimoneiro\" \/>\n<meta name=\"twitter:label1\" content=\"Escrito por\" \/>\n\t<meta name=\"twitter:data1\" content=\"Reda\u00e7\u00e3o\" \/>\n\t<meta name=\"twitter:label2\" content=\"Est. tempo de leitura\" \/>\n\t<meta name=\"twitter:data2\" content=\"2 minutos\" \/>\n<script type=\"application\/ld+json\" class=\"yoast-schema-graph\">{\"@context\":\"https:\/\/schema.org\",\"@graph\":[{\"@type\":\"Article\",\"@id\":\"https:\/\/jornaltimoneiro.com.br\/index.php\/2024\/10\/01\/nova-santa-rita-tera-passe-livre-nas-eleicoes\/#article\",\"isPartOf\":{\"@id\":\"https:\/\/jornaltimoneiro.com.br\/index.php\/2024\/10\/01\/nova-santa-rita-tera-passe-livre-nas-eleicoes\/\"},\"author\":{\"name\":\"Reda\u00e7\u00e3o\",\"@id\":\"https:\/\/jornaltimoneiro.com.br\/#\/schema\/person\/f63482f1a02b1a9592707865e509ab40\"},\"headline\":\"Nova Santa Rita ter\u00e1 passe livre nas elei\u00e7\u00f5es\",\"datePublished\":\"2024-10-01T17:22:36+00:00\",\"dateModified\":\"2024-10-01T17:25:29+00:00\",\"mainEntityOfPage\":{\"@id\":\"https:\/\/jornaltimoneiro.com.br\/index.php\/2024\/10\/01\/nova-santa-rita-tera-passe-livre-nas-eleicoes\/\"},\"wordCount\":289,\"commentCount\":0,\"publisher\":{\"@id\":\"https:\/\/jornaltimoneiro.com.br\/#organization\"},\"keywords\":[\"6 de outubro\",\"elei\u00e7\u00f5es\",\"gratuidade\",\"nova santa rita\",\"regi\u00e3o metropolitana\",\"rio grande do sul\",\"RS\",\"transporte p\u00fablico\"],\"articleSection\":[\"Elei\u00e7\u00f5es 2024\"],\"inLanguage\":\"pt-BR\",\"potentialAction\":[{\"@type\":\"CommentAction\",\"name\":\"Comment\",\"target\":[\"https:\/\/jornaltimoneiro.com.br\/index.php\/2024\/10\/01\/nova-santa-rita-tera-passe-livre-nas-eleicoes\/#respond\"]}]},{\"@type\":\"WebPage\",\"@id\":\"https:\/\/jornaltimoneiro.com.br\/index.php\/2024\/10\/01\/nova-santa-rita-tera-passe-livre-nas-eleicoes\/\",\"url\":\"https:\/\/jornaltimoneiro.com.br\/index.php\/2024\/10\/01\/nova-santa-rita-tera-passe-livre-nas-eleicoes\/\",\"name\":\"Nova Santa Rita ter\u00e1 passe livre nas elei\u00e7\u00f5es - O Timoneiro Jornal Canoas RS\",\"isPartOf\":{\"@id\":\"https:\/\/jornaltimoneiro.com.br\/#website\"},\"datePublished\":\"2024-10-01T17:22:36+00:00\",\"dateModified\":\"2024-10-01T17:25:29+00:00\",\"description\":\"Eleitores e eleitoras de Nova Santa Rita ter\u00e3o gratuidade no transporte coletivo da cidade durante o domingo das elei\u00e7\u00f5es municipais\",\"breadcrumb\":{\"@id\":\"https:\/\/jornaltimoneiro.com.br\/index.php\/2024\/10\/01\/nova-santa-rita-tera-passe-livre-nas-eleicoes\/#breadcrumb\"},\"inLanguage\":\"pt-BR\",\"potentialAction\":[{\"@type\":\"ReadAction\",\"target\":[\"https:\/\/jornaltimoneiro.com.br\/index.php\/2024\/10\/01\/nova-santa-rita-tera-passe-livre-nas-eleicoes\/\"]}]},{\"@type\":\"BreadcrumbList\",\"@id\":\"https:\/\/jornaltimoneiro.com.br\/index.php\/2024\/10\/01\/nova-santa-rita-tera-passe-livre-nas-eleicoes\/#breadcrumb\",\"itemListElement\":[{\"@type\":\"ListItem\",\"position\":1,\"name\":\"In\u00edcio\",\"item\":\"https:\/\/jornaltimoneiro.com.br\/\"},{\"@type\":\"ListItem\",\"position\":2,\"name\":\"Nova Santa Rita ter\u00e1 passe livre nas elei\u00e7\u00f5es\"}]},{\"@type\":\"WebSite\",\"@id\":\"https:\/\/jornaltimoneiro.com.br\/#website\",\"url\":\"https:\/\/jornaltimoneiro.com.br\/\",\"name\":\"Jornal Timoneiro Canoas RS\",\"description\":\"Jornal O Timoneiro, o verdadeiro jornal de Canoas\",\"publisher\":{\"@id\":\"https:\/\/jornaltimoneiro.com.br\/#organization\"},\"potentialAction\":[{\"@type\":\"SearchAction\",\"target\":{\"@type\":\"EntryPoint\",\"urlTemplate\":\"https:\/\/jornaltimoneiro.com.br\/?s={search_term_string}\"},\"query-input\":\"required name=search_term_string\"}],\"inLanguage\":\"pt-BR\"},{\"@type\":\"Organization\",\"@id\":\"https:\/\/jornaltimoneiro.com.br\/#organization\",\"name\":\"Jornal Timoneiro Canoas RS\",\"url\":\"https:\/\/jornaltimoneiro.com.br\/\",\"logo\":{\"@type\":\"ImageObject\",\"inLanguage\":\"pt-BR\",\"@id\":\"https:\/\/jornaltimoneiro.com.br\/#\/schema\/logo\/image\/\",\"url\":\"https:\/\/jornaltimoneiro.com.br\/wp-content\/uploads\/2023\/03\/logonovo.png\",\"contentUrl\":\"https:\/\/jornaltimoneiro.com.br\/wp-content\/uploads\/2023\/03\/logonovo.png\",\"width\":\"469\",\"height\":\"171\",\"caption\":\"Jornal Timoneiro Canoas RS\"},\"image\":{\"@id\":\"https:\/\/jornaltimoneiro.com.br\/#\/schema\/logo\/image\/\"},\"sameAs\":[\"https:\/\/www.facebook.com\/jornaltimoneiro\",\"https:\/\/twitter.com\/_OTimoneiro\",\"https:\/\/www.instagram.com\/jornaltimoneirocanoas\/\",\"https:\/\/www.youtube.com\/@jornalotimoneiro7927\"]},{\"@type\":\"Person\",\"@id\":\"https:\/\/jornaltimoneiro.com.br\/#\/schema\/person\/f63482f1a02b1a9592707865e509ab40\",\"name\":\"Reda\u00e7\u00e3o\",\"image\":{\"@type\":\"ImageObject\",\"inLanguage\":\"pt-BR\",\"@id\":\"https:\/\/jornaltimoneiro.com.br\/#\/schema\/person\/image\/\",\"url\":\"https:\/\/jornaltimoneiro.com.br\/wp-content\/uploads\/2023\/03\/download.jpeg\",\"contentUrl\":\"https:\/\/jornaltimoneiro.com.br\/wp-content\/uploads\/2023\/03\/download.jpeg\",\"caption\":\"Reda\u00e7\u00e3o\"},\"url\":\"https:\/\/jornaltimoneiro.com.br\/index.php\/author\/simone-dutra\/\"}]}<\/script>\n<!-- \/ Yoast SEO plugin. -->","yoast_head_json":{"title":"Nova Santa Rita ter\u00e1 passe livre nas elei\u00e7\u00f5es - O Timoneiro Jornal Canoas RS","description":"Eleitores e eleitoras de Nova Santa Rita ter\u00e3o gratuidade no transporte coletivo da cidade durante o domingo das elei\u00e7\u00f5es municipais","robots":{"index":"index","follow":"follow","max-snippet":"max-snippet:-1","max-image-preview":"max-image-preview:large","max-video-preview":"max-video-preview:-1"},"canonical":"https:\/\/jornaltimoneiro.com.br\/index.php\/2024\/10\/01\/nova-santa-rita-tera-passe-livre-nas-eleicoes\/","og_locale":"pt_BR","og_type":"article","og_title":"Nova Santa Rita ter\u00e1 passe livre nas elei\u00e7\u00f5es - O Timoneiro Jornal Canoas RS","og_description":"Eleitores e eleitoras de Nova Santa Rita ter\u00e3o gratuidade no transporte coletivo da cidade durante o domingo das elei\u00e7\u00f5es municipais","og_url":"https:\/\/jornaltimoneiro.com.br\/index.php\/2024\/10\/01\/nova-santa-rita-tera-passe-livre-nas-eleicoes\/","og_site_name":"O Timoneiro Jornal Canoas RS","article_publisher":"https:\/\/www.facebook.com\/jornaltimoneiro","article_published_time":"2024-10-01T17:22:36+00:00","article_modified_time":"2024-10-01T17:25:29+00:00","og_image":[{"width":"1080","height":"607","url":"https:\/\/jornaltimoneiro.com.br\/wp-content\/uploads\/2024\/10\/Eleicoes-Nova-Santa-Rita.jpeg","type":"image\/jpeg"}],"author":"Reda\u00e7\u00e3o","twitter_card":"summary_large_image","twitter_creator":"@_OTimoneiro","twitter_site":"@_OTimoneiro","twitter_misc":{"Escrito por":"Reda\u00e7\u00e3o","Est. tempo de leitura":"2 minutos"},"schema":{"@context":"https:\/\/schema.org","@graph":[{"@type":"Article","@id":"https:\/\/jornaltimoneiro.com.br\/index.php\/2024\/10\/01\/nova-santa-rita-tera-passe-livre-nas-eleicoes\/#article","isPartOf":{"@id":"https:\/\/jornaltimoneiro.com.br\/index.php\/2024\/10\/01\/nova-santa-rita-tera-passe-livre-nas-eleicoes\/"},"author":{"name":"Reda\u00e7\u00e3o","@id":"https:\/\/jornaltimoneiro.com.br\/#\/schema\/person\/f63482f1a02b1a9592707865e509ab40"},"headline":"Nova Santa Rita ter\u00e1 passe livre nas elei\u00e7\u00f5es","datePublished":"2024-10-01T17:22:36+00:00","dateModified":"2024-10-01T17:25:29+00:00","mainEntityOfPage":{"@id":"https:\/\/jornaltimoneiro.com.br\/index.php\/2024\/10\/01\/nova-santa-rita-tera-passe-livre-nas-eleicoes\/"},"wordCount":289,"commentCount":0,"publisher":{"@id":"https:\/\/jornaltimoneiro.com.br\/#organization"},"keywords":["6 de outubro","elei\u00e7\u00f5es","gratuidade","nova santa rita","regi\u00e3o metropolitana","rio grande do sul","RS","transporte p\u00fablico"],"articleSection":["Elei\u00e7\u00f5es 2024"],"inLanguage":"pt-BR","potentialAction":[{"@type":"CommentAction","name":"Comment","target":["https:\/\/jornaltimoneiro.com.br\/index.php\/2024\/10\/01\/nova-santa-rita-tera-passe-livre-nas-eleicoes\/#respond"]}]},{"@type":"WebPage","@id":"https:\/\/jornaltimoneiro.com.br\/index.php\/2024\/10\/01\/nova-santa-rita-tera-passe-livre-nas-eleicoes\/","url":"https:\/\/jornaltimoneiro.com.br\/index.php\/2024\/10\/01\/nova-santa-rita-tera-passe-livre-nas-eleicoes\/","name":"Nova Santa Rita ter\u00e1 passe livre nas elei\u00e7\u00f5es - O Timoneiro Jornal Canoas RS","isPartOf":{"@id":"https:\/\/jornaltimoneiro.com.br\/#website"},"datePublished":"2024-10-01T17:22:36+00:00","dateModified":"2024-10-01T17:25:29+00:00","description":"Eleitores e eleitoras de Nova Santa Rita ter\u00e3o gratuidade no transporte coletivo da cidade durante o domingo das elei\u00e7\u00f5es municipais","breadcrumb":{"@id":"https:\/\/jornaltimoneiro.com.br\/index.php\/2024\/10\/01\/nova-santa-rita-tera-passe-livre-nas-eleicoes\/#breadcrumb"},"inLanguage":"pt-BR","potentialAction":[{"@type":"ReadAction","target":["https:\/\/jornaltimoneiro.com.br\/index.php\/2024\/10\/01\/nova-santa-rita-tera-passe-livre-nas-eleicoes\/"]}]},{"@type":"BreadcrumbList","@id":"https:\/\/jornaltimoneiro.com.br\/index.php\/2024\/10\/01\/nova-santa-rita-tera-passe-livre-nas-eleicoes\/#breadcrumb","itemListElement":[{"@type":"ListItem","position":1,"name":"In\u00edcio","item":"https:\/\/jornaltimoneiro.com.br\/"},{"@type":"ListItem","position":2,"name":"Nova Santa Rita ter\u00e1 passe livre nas elei\u00e7\u00f5es"}]},{"@type":"WebSite","@id":"https:\/\/jornaltimoneiro.com.br\/#website","url":"https:\/\/jornaltimoneiro.com.br\/","name":"Jornal Timoneiro Canoas RS","description":"Jornal O Timoneiro, o verdadeiro jornal de Canoas","publisher":{"@id":"https:\/\/jornaltimoneiro.com.br\/#organization"},"potentialAction":[{"@type":"SearchAction","target":{"@type":"EntryPoint","urlTemplate":"https:\/\/jornaltimoneiro.com.br\/?s={search_term_string}"},"query-input":"required name=search_term_string"}],"inLanguage":"pt-BR"},{"@type":"Organization","@id":"https:\/\/jornaltimoneiro.com.br\/#organization","name":"Jornal Timoneiro Canoas RS","url":"https:\/\/jornaltimoneiro.com.br\/","logo":{"@type":"ImageObject","inLanguage":"pt-BR","@id":"https:\/\/jornaltimoneiro.com.br\/#\/schema\/logo\/image\/","url":"https:\/\/jornaltimoneiro.com.br\/wp-content\/uploads\/2023\/03\/logonovo.png","contentUrl":"https:\/\/jornaltimoneiro.com.br\/wp-content\/uploads\/2023\/03\/logonovo.png","width":"469","height":"171","caption":"Jornal Timoneiro Canoas RS"},"image":{"@id":"https:\/\/jornaltimoneiro.com.br\/#\/schema\/logo\/image\/"},"sameAs":["https:\/\/www.facebook.com\/jornaltimoneiro","https:\/\/twitter.com\/_OTimoneiro","https:\/\/www.instagram.com\/jornaltimoneirocanoas\/","https:\/\/www.youtube.com\/@jornalotimoneiro7927"]},{"@type":"Person","@id":"https:\/\/jornaltimoneiro.com.br\/#\/schema\/person\/f63482f1a02b1a9592707865e509ab40","name":"Reda\u00e7\u00e3o","image":{"@type":"ImageObject","inLanguage":"pt-BR","@id":"https:\/\/jornaltimoneiro.com.br\/#\/schema\/person\/image\/","url":"https:\/\/jornaltimoneiro.com.br\/wp-content\/uploads\/2023\/03\/download.jpeg","contentUrl":"https:\/\/jornaltimoneiro.com.br\/wp-content\/uploads\/2023\/03\/download.jpeg","caption":"Reda\u00e7\u00e3o"},"url":"https:\/\/jornaltimoneiro.com.br\/index.php\/author\/simone-dutra\/"}]}},"_links":{"self":[{"href":"https:\/\/jornaltimoneiro.com.br\/index.php\/wp-json\/wp\/v2\/posts\/32084"}],"collection":[{"href":"https:\/\/jornaltimoneiro.com.br\/index.php\/wp-json\/wp\/v2\/posts"}],"about":[{"href":"https:\/\/jornaltimoneiro.com.br\/index.php\/wp-json\/wp\/v2\/types\/post"}],"author":[{"embeddable":true,"href":"https:\/\/jornaltimoneiro.com.br\/index.php\/wp-json\/wp\/v2\/users\/2"}],"replies":[{"embeddable":true,"href":"https:\/\/jornaltimoneiro.com.br\/index.php\/wp-json\/wp\/v2\/comments?post=32084"}],"version-history":[{"count":3,"href":"https:\/\/jornaltimoneiro.com.br\/index.php\/wp-json\/wp\/v2\/posts\/32084\/revisions"}],"predecessor-version":[{"id":32090,"href":"https:\/\/jornaltimoneiro.com.br\/index.php\/wp-json\/wp\/v2\/posts\/32084\/revisions\/32090"}],"wp:featuredmedia":[{"embeddable":true,"href":"https:\/\/jornaltimoneiro.com.br\/index.php\/wp-json\/wp\/v2\/media\/32089"}],"wp:attachment":[{"href":"https:\/\/jornaltimoneiro.com.br\/index.php\/wp-json\/wp\/v2\/media?parent=32084"}],"wp:term":[{"taxonomy":"category","embeddable":true,"href":"https:\/\/jornaltimoneiro.com.br\/index.php\/wp-json\/wp\/v2\/categories?post=32084"},{"taxonomy":"post_tag","embeddable":true,"href":"https:\/\/jornaltimoneiro.com.br\/index.php\/wp-json\/wp\/v2\/tags?post=32084"}],"curies":[{"name":"wp","href":"https:\/\/api.w.org\/{rel}","templated":true}]}}